{"id":65,"date":"2009-04-14T03:48:12","date_gmt":"2009-04-14T08:48:12","guid":{"rendered":"http:\/\/akunq.net\/tr\/?p=65"},"modified":"2009-04-14T03:48:12","modified_gmt":"2009-04-14T08:48:12","slug":"1942-varlik-vergisinden-2002nin-turkiyesine","status":"publish","type":"post","link":"https:\/\/akunq.net\/turkish\/2009\/04\/14\/1942-varlik-vergisinden-2002nin-turkiyesine\/","title":{"rendered":"1942 Varl\u0131k Vergisi\u2019nden 2002\u2019nin T\u00fcrkiye\u2019sine"},"content":{"rendered":"<p style=\"text-align: justify\"><strong>\u00a0<\/strong><strong>Varl\u0131k Vergisi; &#8216;Halkin, b\u0131kt\u0131rmak, din, mezhep, farkl\u0131l\u0131\u011f\u0131 g\u00f6zetilerek vergilendirilmesi&#8217;<\/strong><\/p>\n<p style=\"text-align: justify\">5 A\u011fustos 1942 de zaman\u0131n Ba\u015fbakan\u0131 \u015e\u00fckr\u00fc Sara\u00e7o\u011flu TBMM &#8216;de \u015f\u00f6yle konu\u015fur. &#8220;Biz T\u00fcrk\u00fcz, T\u00fcrk\u00e7\u00fcy\u00fcz ve T\u00fcrk\u00e7\u00fc kalaca\u011f\u0131z etraf\u0131nda d\u00f6nmez. Bizim Click T\u00fcrk\u00e7\u00fcl\u00fck B\u0130R kan meselesi oldugu kadar, Bir vicdan ve K\u00fclt\u00fcr meselesidir. Biz azalan T\u00fcrk\u00e7\u00fc Aliyormusun \u00e7o\u011falan ve \u00e7o\u011faltan T\u00fcrk\u00e7\u00fcy\u00fcz onun Vakit met istikamette \u00e7al\u0131\u015faca\u011f\u0131z ve. &#8220;Sara\u00e7o\u011flu&#8217;nun met konu\u015fmas\u0131n\u0131n ve hedefledi\u011fi&#8221; ne anlama geldi\u011fini T\u00fcrkiye Az\u0131nl\u0131klar\u0131 biliyorlard\u0131 \u0130stikamet &#8220;i\u00e7inde. Devlet g\u00f6revlerinden uzakla\u015ft\u0131r\u0131ld\u0131klar\u0131 Click biliyorlard\u0131. Trakya olaylar\u0131ndan biliyorlard\u0131. Ermeni&#8217;si, Rum&#8217;u, Yahudi&#8217;si, &#8216;Yirmi kura naf\u0131a askerli\u011fi&#8217; denilen baban\u0131n o\u011fulla s\u00f6zde askerlik yapt\u0131\u011f\u0131 \u00c7ALI\u015eMA kamplar\u0131ndan Yeni d\u00f6nd\u00fckleri Click biliyorlard\u0131 &#8230; Yukar\u0131daki konu\u015fmadan, takriben \u00dc\u00e7 Ay Gale 12. Kas\u0131m. 1942 Tarihinde, \u0130MKB &#8220;met istikametin&#8221; ne anlama geldi\u011fi B\u0130R Kere daha \u00f6\u011frenildi. Hedefte yine Az\u0131nl\u0131klar Vardi. Adi, tarihe ve ansiklopedilere &#8216;Varl\u0131k Vergisi&#8217; olarak ge\u00e7iyordu.<\/p>\n<p style=\"text-align: justify\"><strong>Varl\u0131k Vergisi neydi?<\/strong><\/p>\n<p style=\"text-align: justify\">Varl\u0131k Vergisi, &#8216;demokratik Hukuk devleti&#8217; tan\u0131m\u0131yla \u00f6rt\u00fc\u015fmeyen, &#8216;antidemokratik Vergi&#8217; uygulamalar\u0131na \u00d6rnek g\u00f6sterilen ay\u0131pl\u0131 B\u0130R Vergi uygulamayd\u0131. Yukar\u0131daki konu\u015fma metninin ruhuna Uygun olarak ger\u00e7ekle\u015ftirilen T\u00fcrkle\u015ftirme politikalar\u0131n\u0131n B\u0130R halkas\u0131yd\u0131. Piyasan\u0131n ve T\u00fcrkiye&#8217;de Yeni, Yeni olu\u015fmaya ba\u015flayan sanayiin, Az\u0131nl\u0131klardan T\u00fcrklere ge\u00e7mesinin \u00f6n\u00fcn\u00fcn a\u00e7\u0131lmas\u0131yd\u0131. B\u0130R \u00fclke vatanda\u015flar\u0131n\u0131n can\u0131n\u0131 s\u0131kmak, din, mezhep ve \u0130nan\u00e7 fark\u0131 g\u00f6zetilerek b\u00f6l\u00fcn\u00fcp, Ayri, Ayri oranlarda vergilendirilmesiydi. Vergi m\u00fckelleflerinin kez \u0130sl\u00e2m (M), Gayrim\u00fcslim (G), D\u00f6nme (D) ve Ecnebi (E) olarak \u015fifrelenip, s\u0131n\u0131fland\u0131r\u0131lmas\u0131, Gale da Gayrim\u00fcslimlerin kendi aralar\u0131nda Ermeni, Rum ve Yahudi olarak grupland\u0131r\u0131lmas\u0131yd\u0131. Daha Gale da, onun \u015feylerini satt\u0131klar\u0131 halde vergisini \u00f6deyemeyenlerden Yalniz Gayrim\u00fcslimlerin \u00c7ALI\u015eMA kamplar\u0131na g\u00f6nderilmesiydi. Tarihsel onu Olaya, d\u00f6neminin \u00f6zellikleriyle bakmak gerekir. Az\u0131nl\u0131klar, ulus devletin OLMA yolundaki B\u0130R \u00fclkede &#8216;\u00f6tekiler&#8217;di. Ayr\u0131ca, 1940 lar \u0131rk\u00e7\u0131l\u0131\u011f\u0131n doru\u011fa \u00e7\u0131kt\u0131\u011f\u0131 ve Avrupa&#8217;dan itibaren Etki alan\u0131n\u0131 geni\u015fletti\u011fi y\u0131llard\u0131. Attila \u0130lhan, o D\u00f6nemi ** \u015f\u00f6yle tan\u0131mlar. &#8220;Kemal Pa\u015fa&#8217;n\u0131n \u00f6l\u00fcm\u00fcnden itibaren tutum de\u011fi\u015fmi\u015f, \u0130n\u00f6n\u00fc diktas\u0131, Se\u00e7kin ayd\u0131nlarla, e\u015fraftanm\u0131\u015f ve b\u00fcrokrasi \u00fc\u00e7genine dayanan, Sava\u015f vurguncular\u0131yla el alt\u0131ndan i\u015fbirli\u011fi Yapan merkeziyet\u00e7i B\u0130R Dikta olarak olu\u015fmu\u015ftur. Attila \u0130lhan, y\u00f6netimde Egemen olan d\u00fc\u015f\u00fcnce yap\u0131s\u0131n\u0131 imkb ** \u015f\u00f6yle anlat\u0131r. &#8220;Avrupa&#8217;da etkisini \u015fiddetle art\u0131ran nazili\u011fin ve fa\u015fistli\u011fin, \u0130n\u00f6n\u00fc D\u00f6nemi CHP&#8217;sini etkiledi\u011fi, Sara\u00e7o\u011flu&#8217;ndan ba\u015flayarak da y\u00fczeysel bat\u0131c\u0131 fa\u015fizan B\u0130R Dikta uygulamas\u0131na ge\u00e7ildi\u011fi meydandad\u0131r&#8221;. (&#8230;) &#8220;&#8216;Milliyet\u00e7ilik&#8217; Bir &#8216;s\u0131kmak&#8217; sorunu Aliyormusun, Bir &#8216;yurt&#8217; sorunudur&#8221; der,<\/p>\n<p style=\"text-align: justify\"><strong>Varl\u0131k Vergisi sonras\u0131<\/strong><\/p>\n<p style=\"text-align: justify\">Varl\u0131k Vergisi uygulamas\u0131, amac\u0131na ula\u015fm\u0131\u015ft\u0131. Hem, Ekonomi el de\u011fi\u015ftirmi\u015f hem de, Anadolu&#8217;dan Gale \u0130stanbul&#8217;daki Gayrim\u00fcslimlerin de yan\u0131ma \u00fclkeyle Ya\u015fam ba\u011flar\u0131n\u0131n gev\u015femesine, kopmas\u0131na dolays\u0131yla g\u00f6\u00e7lere neden olu\u015fturmu\u015ftu. Varl\u0131k Vergisi&#8217;nden g\u00fcn\u00fcm\u00fcze Do\u011fru bakt\u0131\u011f\u0131m\u0131z da, T\u00fcrkiye&#8217;nin demokratik, ekonomik ve Sosyal y\u00f6nlerden Karli \u00e7\u0131kt\u0131\u011f\u0131n\u0131 s\u00f6yleyebilir miyiz.? \u0130kinci D\u00fcnya Sava\u015f\u0131&#8217;ndan Gale, Sava\u015f yorgunu AVRUPA \u00fclkeleri basta Olmak \u00fczere ekonomik b\u00fcy\u00fcmeye ge\u00e7tiler. Kom\u015fumuz, Yunanistan&#8217;da met grupta yerini Aldi. Bunda, T\u00fcrkiye&#8217;den giden Rumlar\u0131n pay\u0131 fade seri m\u00fcd\u00fcr?. 1942&#8217;lerin, D\u00fcnya ve T\u00fcrkiye \u015fartlar\u0131nda, y\u00f6netimlerin Gayrim\u00fcslimlere y\u00f6nelik, ayr\u0131mc\u0131 politikalar\u0131, Varl\u0131k Vergisi uygulamas\u0131na neden olmu\u015ftu. Aradan bunca Y\u0131l ge\u00e7ti. 1942 den 2002 ye. D\u00fcnya ve T\u00fcrkiye&#8217;de cok Sey de\u011fi\u015fti. Demokratikle\u015fme ve insan haklar\u0131nda, az\u0131nl\u0131k haklar\u0131nda. T\u00fcrkiye&#8217;de &#8216;e\u015fitlik ilkesiyle&#8217; \u00f6rt\u00fc\u015ft\u00fcremedi\u011fimiz Uygulamalar &#8216;artik fade&#8217; diyebilir miyiz? Alt kimlikleri &#8216;farkl\u0131&#8217; vatanda\u015flar\u0131n\u0131n ilgili komisyonun Uygun buldu\u011fu oranda, haklarla yetinmesi hangi &#8216;Hukuk devleti&#8217;nde var?<\/p>\n<p style=\"text-align: justify\"><em>Yervant \u00d6zuzun <\/em>Tarih: 10.11.2002 <a href=\"http:\/\/www.hyetert.com\/yazi3.asp?Id=111&amp;DilId=1\">http:\/\/www.hyetert.com\/yazi3.asp?Id=111&amp;DilId=1<\/a><\/p>\n","protected":false},"excerpt":{"rendered":"<p>\u00a0Varl\u0131k Vergisi; &#8216;Halkin, b\u0131kt\u0131rmak, din, mezhep, farkl\u0131l\u0131\u011f\u0131 g\u00f6zetilerek vergilendirilmesi&#8217; 5 A\u011fustos 1942 de zaman\u0131n Ba\u015fbakan\u0131 \u015e\u00fckr\u00fc Sara\u00e7o\u011flu TBMM &#8216;de \u015f\u00f6yle konu\u015fur. &#8220;Biz T\u00fcrk\u00fcz, T\u00fcrk\u00e7\u00fcy\u00fcz ve T\u00fcrk\u00e7\u00fc kalaca\u011f\u0131z etraf\u0131nda d\u00f6nmez. Bizim Click T\u00fcrk\u00e7\u00fcl\u00fck B\u0130R kan meselesi oldugu kadar, Bir vicdan ve K\u00fclt\u00fcr meselesidir. Biz azalan T\u00fcrk\u00e7\u00fc Aliyormusun \u00e7o\u011falan ve \u00e7o\u011faltan T\u00fcrk\u00e7\u00fcy\u00fcz onun Vakit met istikamette \u00e7al\u0131\u015faca\u011f\u0131z [&hellip;]<\/p>\n","protected":false},"author":3,"featured_media":0,"comment_status":"closed","ping_status":"open","sticky":false,"template":"","format":"standard","meta":{"footnotes":""},"categories":[15],"tags":[],"class_list":["post-65","post","type-post","status-publish","format-standard","hentry","category-haklarimiz"],"yoast_head":"<!-- This site is optimized with the Yoast SEO plugin v26.6 - https:\/\/yoast.com\/wordpress\/plugins\/seo\/ -->\n<title>1942 Varl\u0131k Vergisi\u2019nden 2002\u2019nin T\u00fcrkiye\u2019sine - Bati Ermenistan Ve Bati Ermenileri Sorunlari Ara\u015ftirmalar Merkezi<\/title>\n<meta name=\"robots\" content=\"index, follow, max-snippet:-1, max-image-preview:large, max-video-preview:-1\" \/>\n<link rel=\"canonical\" href=\"https:\/\/akunq.net\/turkish\/2009\/04\/14\/1942-varlik-vergisinden-2002nin-turkiyesine\/\" \/>\n<meta property=\"og:locale\" content=\"en_US\" \/>\n<meta property=\"og:type\" content=\"article\" \/>\n<meta property=\"og:title\" content=\"1942 Varl\u0131k Vergisi\u2019nden 2002\u2019nin T\u00fcrkiye\u2019sine - Bati Ermenistan Ve Bati Ermenileri Sorunlari Ara\u015ftirmalar Merkezi\" \/>\n<meta property=\"og:description\" content=\"\u00a0Varl\u0131k Vergisi; &#8216;Halkin, b\u0131kt\u0131rmak, din, mezhep, farkl\u0131l\u0131\u011f\u0131 g\u00f6zetilerek vergilendirilmesi&#8217; 5 A\u011fustos 1942 de zaman\u0131n Ba\u015fbakan\u0131 \u015e\u00fckr\u00fc Sara\u00e7o\u011flu TBMM &#8216;de \u015f\u00f6yle konu\u015fur. &#8220;Biz T\u00fcrk\u00fcz, T\u00fcrk\u00e7\u00fcy\u00fcz ve T\u00fcrk\u00e7\u00fc kalaca\u011f\u0131z etraf\u0131nda d\u00f6nmez. Bizim Click T\u00fcrk\u00e7\u00fcl\u00fck B\u0130R kan meselesi oldugu kadar, Bir vicdan ve K\u00fclt\u00fcr meselesidir. Biz azalan T\u00fcrk\u00e7\u00fc Aliyormusun \u00e7o\u011falan ve \u00e7o\u011faltan T\u00fcrk\u00e7\u00fcy\u00fcz onun Vakit met istikamette \u00e7al\u0131\u015faca\u011f\u0131z [&hellip;]\" \/>\n<meta property=\"og:url\" content=\"https:\/\/akunq.net\/turkish\/2009\/04\/14\/1942-varlik-vergisinden-2002nin-turkiyesine\/\" \/>\n<meta property=\"og:site_name\" content=\"Bati Ermenistan Ve Bati Ermenileri Sorunlari Ara\u015ftirmalar Merkezi\" \/>\n<meta property=\"article:published_time\" content=\"2009-04-14T08:48:12+00:00\" \/>\n<meta name=\"author\" content=\"kalem\" \/>\n<meta name=\"twitter:card\" content=\"summary_large_image\" \/>\n<meta name=\"twitter:label1\" content=\"Written by\" \/>\n\t<meta name=\"twitter:data1\" content=\"kalem\" \/>\n\t<meta name=\"twitter:label2\" content=\"Est. reading time\" \/>\n\t<meta name=\"twitter:data2\" content=\"4 minutes\" \/>\n<script type=\"application\/ld+json\" class=\"yoast-schema-graph\">{\"@context\":\"https:\/\/schema.org\",\"@graph\":[{\"@type\":\"WebPage\",\"@id\":\"https:\/\/akunq.net\/turkish\/2009\/04\/14\/1942-varlik-vergisinden-2002nin-turkiyesine\/\",\"url\":\"https:\/\/akunq.net\/turkish\/2009\/04\/14\/1942-varlik-vergisinden-2002nin-turkiyesine\/\",\"name\":\"1942 Varl\u0131k Vergisi\u2019nden 2002\u2019nin T\u00fcrkiye\u2019sine - Bati Ermenistan Ve Bati Ermenileri Sorunlari Ara\u015ftirmalar Merkezi\",\"isPartOf\":{\"@id\":\"https:\/\/akunq.net\/turkish\/#website\"},\"datePublished\":\"2009-04-14T08:48:12+00:00\",\"author\":{\"@id\":\"https:\/\/akunq.net\/turkish\/#\/schema\/person\/135e7923d1aeb8887890799619969a6c\"},\"breadcrumb\":{\"@id\":\"https:\/\/akunq.net\/turkish\/2009\/04\/14\/1942-varlik-vergisinden-2002nin-turkiyesine\/#breadcrumb\"},\"inLanguage\":\"en-US\",\"potentialAction\":[{\"@type\":\"ReadAction\",\"target\":[\"https:\/\/akunq.net\/turkish\/2009\/04\/14\/1942-varlik-vergisinden-2002nin-turkiyesine\/\"]}]},{\"@type\":\"BreadcrumbList\",\"@id\":\"https:\/\/akunq.net\/turkish\/2009\/04\/14\/1942-varlik-vergisinden-2002nin-turkiyesine\/#breadcrumb\",\"itemListElement\":[{\"@type\":\"ListItem\",\"position\":1,\"name\":\"Home\",\"item\":\"https:\/\/akunq.net\/turkish\/\"},{\"@type\":\"ListItem\",\"position\":2,\"name\":\"1942 Varl\u0131k Vergisi\u2019nden 2002\u2019nin T\u00fcrkiye\u2019sine\"}]},{\"@type\":\"WebSite\",\"@id\":\"https:\/\/akunq.net\/turkish\/#website\",\"url\":\"https:\/\/akunq.net\/turkish\/\",\"name\":\"Bati Ermenistan Ve Bati Ermenileri Sorunlari Ara\u015ftirmalar Merkezi\",\"description\":\"\",\"potentialAction\":[{\"@type\":\"SearchAction\",\"target\":{\"@type\":\"EntryPoint\",\"urlTemplate\":\"https:\/\/akunq.net\/turkish\/?s={search_term_string}\"},\"query-input\":{\"@type\":\"PropertyValueSpecification\",\"valueRequired\":true,\"valueName\":\"search_term_string\"}}],\"inLanguage\":\"en-US\"},{\"@type\":\"Person\",\"@id\":\"https:\/\/akunq.net\/turkish\/#\/schema\/person\/135e7923d1aeb8887890799619969a6c\",\"name\":\"kalem\",\"image\":{\"@type\":\"ImageObject\",\"inLanguage\":\"en-US\",\"@id\":\"https:\/\/akunq.net\/turkish\/#\/schema\/person\/image\/\",\"url\":\"https:\/\/secure.gravatar.com\/avatar\/a06875e4b25feb5674296adf8e8a7ae1e587cebce2493fe63c456109967e27d3?s=96&d=mm&r=g\",\"contentUrl\":\"https:\/\/secure.gravatar.com\/avatar\/a06875e4b25feb5674296adf8e8a7ae1e587cebce2493fe63c456109967e27d3?s=96&d=mm&r=g\",\"caption\":\"kalem\"},\"url\":\"https:\/\/akunq.net\/turkish\/author\/kalem\/\"}]}<\/script>\n<!-- \/ Yoast SEO plugin. -->","yoast_head_json":{"title":"1942 Varl\u0131k Vergisi\u2019nden 2002\u2019nin T\u00fcrkiye\u2019sine - Bati Ermenistan Ve Bati Ermenileri Sorunlari Ara\u015ftirmalar Merkezi","robots":{"index":"index","follow":"follow","max-snippet":"max-snippet:-1","max-image-preview":"max-image-preview:large","max-video-preview":"max-video-preview:-1"},"canonical":"https:\/\/akunq.net\/turkish\/2009\/04\/14\/1942-varlik-vergisinden-2002nin-turkiyesine\/","og_locale":"en_US","og_type":"article","og_title":"1942 Varl\u0131k Vergisi\u2019nden 2002\u2019nin T\u00fcrkiye\u2019sine - Bati Ermenistan Ve Bati Ermenileri Sorunlari Ara\u015ftirmalar Merkezi","og_description":"\u00a0Varl\u0131k Vergisi; &#8216;Halkin, b\u0131kt\u0131rmak, din, mezhep, farkl\u0131l\u0131\u011f\u0131 g\u00f6zetilerek vergilendirilmesi&#8217; 5 A\u011fustos 1942 de zaman\u0131n Ba\u015fbakan\u0131 \u015e\u00fckr\u00fc Sara\u00e7o\u011flu TBMM &#8216;de \u015f\u00f6yle konu\u015fur. &#8220;Biz T\u00fcrk\u00fcz, T\u00fcrk\u00e7\u00fcy\u00fcz ve T\u00fcrk\u00e7\u00fc kalaca\u011f\u0131z etraf\u0131nda d\u00f6nmez. Bizim Click T\u00fcrk\u00e7\u00fcl\u00fck B\u0130R kan meselesi oldugu kadar, Bir vicdan ve K\u00fclt\u00fcr meselesidir. Biz azalan T\u00fcrk\u00e7\u00fc Aliyormusun \u00e7o\u011falan ve \u00e7o\u011faltan T\u00fcrk\u00e7\u00fcy\u00fcz onun Vakit met istikamette \u00e7al\u0131\u015faca\u011f\u0131z [&hellip;]","og_url":"https:\/\/akunq.net\/turkish\/2009\/04\/14\/1942-varlik-vergisinden-2002nin-turkiyesine\/","og_site_name":"Bati Ermenistan Ve Bati Ermenileri Sorunlari Ara\u015ftirmalar Merkezi","article_published_time":"2009-04-14T08:48:12+00:00","author":"kalem","twitter_card":"summary_large_image","twitter_misc":{"Written by":"kalem","Est. reading time":"4 minutes"},"schema":{"@context":"https:\/\/schema.org","@graph":[{"@type":"WebPage","@id":"https:\/\/akunq.net\/turkish\/2009\/04\/14\/1942-varlik-vergisinden-2002nin-turkiyesine\/","url":"https:\/\/akunq.net\/turkish\/2009\/04\/14\/1942-varlik-vergisinden-2002nin-turkiyesine\/","name":"1942 Varl\u0131k Vergisi\u2019nden 2002\u2019nin T\u00fcrkiye\u2019sine - Bati Ermenistan Ve Bati Ermenileri Sorunlari Ara\u015ftirmalar Merkezi","isPartOf":{"@id":"https:\/\/akunq.net\/turkish\/#website"},"datePublished":"2009-04-14T08:48:12+00:00","author":{"@id":"https:\/\/akunq.net\/turkish\/#\/schema\/person\/135e7923d1aeb8887890799619969a6c"},"breadcrumb":{"@id":"https:\/\/akunq.net\/turkish\/2009\/04\/14\/1942-varlik-vergisinden-2002nin-turkiyesine\/#breadcrumb"},"inLanguage":"en-US","potentialAction":[{"@type":"ReadAction","target":["https:\/\/akunq.net\/turkish\/2009\/04\/14\/1942-varlik-vergisinden-2002nin-turkiyesine\/"]}]},{"@type":"BreadcrumbList","@id":"https:\/\/akunq.net\/turkish\/2009\/04\/14\/1942-varlik-vergisinden-2002nin-turkiyesine\/#breadcrumb","itemListElement":[{"@type":"ListItem","position":1,"name":"Home","item":"https:\/\/akunq.net\/turkish\/"},{"@type":"ListItem","position":2,"name":"1942 Varl\u0131k Vergisi\u2019nden 2002\u2019nin T\u00fcrkiye\u2019sine"}]},{"@type":"WebSite","@id":"https:\/\/akunq.net\/turkish\/#website","url":"https:\/\/akunq.net\/turkish\/","name":"Bati Ermenistan Ve Bati Ermenileri Sorunlari Ara\u015ftirmalar Merkezi","description":"","potentialAction":[{"@type":"SearchAction","target":{"@type":"EntryPoint","urlTemplate":"https:\/\/akunq.net\/turkish\/?s={search_term_string}"},"query-input":{"@type":"PropertyValueSpecification","valueRequired":true,"valueName":"search_term_string"}}],"inLanguage":"en-US"},{"@type":"Person","@id":"https:\/\/akunq.net\/turkish\/#\/schema\/person\/135e7923d1aeb8887890799619969a6c","name":"kalem","image":{"@type":"ImageObject","inLanguage":"en-US","@id":"https:\/\/akunq.net\/turkish\/#\/schema\/person\/image\/","url":"https:\/\/secure.gravatar.com\/avatar\/a06875e4b25feb5674296adf8e8a7ae1e587cebce2493fe63c456109967e27d3?s=96&d=mm&r=g","contentUrl":"https:\/\/secure.gravatar.com\/avatar\/a06875e4b25feb5674296adf8e8a7ae1e587cebce2493fe63c456109967e27d3?s=96&d=mm&r=g","caption":"kalem"},"url":"https:\/\/akunq.net\/turkish\/author\/kalem\/"}]}},"_links":{"self":[{"href":"https:\/\/akunq.net\/turkish\/wp-json\/wp\/v2\/posts\/65","targetHints":{"allow":["GET"]}}],"collection":[{"href":"https:\/\/akunq.net\/turkish\/wp-json\/wp\/v2\/posts"}],"about":[{"href":"https:\/\/akunq.net\/turkish\/wp-json\/wp\/v2\/types\/post"}],"author":[{"embeddable":true,"href":"https:\/\/akunq.net\/turkish\/wp-json\/wp\/v2\/users\/3"}],"replies":[{"embeddable":true,"href":"https:\/\/akunq.net\/turkish\/wp-json\/wp\/v2\/comments?post=65"}],"version-history":[{"count":0,"href":"https:\/\/akunq.net\/turkish\/wp-json\/wp\/v2\/posts\/65\/revisions"}],"wp:attachment":[{"href":"https:\/\/akunq.net\/turkish\/wp-json\/wp\/v2\/media?parent=65"}],"wp:term":[{"taxonomy":"category","embeddable":true,"href":"https:\/\/akunq.net\/turkish\/wp-json\/wp\/v2\/categories?post=65"},{"taxonomy":"post_tag","embeddable":true,"href":"https:\/\/akunq.net\/turkish\/wp-json\/wp\/v2\/tags?post=65"}],"curies":[{"name":"wp","href":"https:\/\/api.w.org\/{rel}","templated":true}]}}