{"id":6489,"date":"2011-06-25T06:34:03","date_gmt":"2011-06-25T11:34:03","guid":{"rendered":"http:\/\/akunq.net\/tr\/?p=6489"},"modified":"2011-06-25T06:34:03","modified_gmt":"2011-06-25T11:34:03","slug":"vardo","status":"publish","type":"post","link":"https:\/\/akunq.net\/turkish\/2011\/06\/25\/vardo\/","title":{"rendered":"Vardo"},"content":{"rendered":"<p style=\"text-align: justify\"><strong>Vardo, <\/strong><em>Vardov<\/em>: Bitlis Eyaleti\u2019nin kazas\u0131. Turuberan Eyaleti\u2019ndeki Ar\u015farunik B\u00f6lgesi\u2019nin do\u011fu k\u0131sm\u0131na denk d\u00fc\u015fmektedir. Bazkan veya B\u00fcrak\u0131n Nehri (a\u015fa\u011f\u0131 k\u0131s\u0131mda \u00c7arbuhar), Vardo b\u00f6lgesinden akmaktad\u0131r. B\u00f6lge kuru ve sa\u011fl\u0131kl\u0131 iklime sahip olup so\u011fuk da\u011f p\u0131narlar\u0131 ve maden sular\u0131 (\u201cLalezar\u201d\u0131n kapl\u0131calar\u0131 me\u015fhurdur) a\u00e7\u0131s\u0131ndan zengin, \u00e7i\u00e7ekli ve g\u00fcr \u00e7imenli \u00e7ay\u0131rlar\u0131yla tan\u0131nm\u0131\u015ft\u0131r. B\u00f6lge halk\u0131 tah\u0131l ve sebze \u00fcretimi, t\u00fct\u00fcnc\u00fcl\u00fck, ba\u011fc\u0131l\u0131k, hayvanc\u0131l\u0131k ve ar\u0131c\u0131l\u0131kla u\u011fra\u015fmaktayd\u0131.<\/p>\n<p style=\"text-align: justify\">Vardo B\u00f6lgesi 1555 y\u0131l\u0131nda, Osmanl\u0131-\u0130ran aras\u0131nda yap\u0131lan Amasia (Amasya) Antla\u015fmas\u0131\u2019yla Osmanl\u0131 Devleti\u2019ne ge\u00e7mi\u015f, XIX. y\u00fczy\u0131l ortalar\u0131nda ise iki b\u00f6l\u00fcme ayr\u0131lm\u0131\u015ft\u0131. Merkezin ismiyle an\u0131lan kuzey b\u00f6l\u00fcm\u00fc Erzrum (Erzurum) Pa\u015fal\u0131\u011f\u0131\u2019n\u0131n Kh\u0131nus (H\u0131n\u0131s) Sanca\u011f\u0131 beylerine tabi olmu\u015f, g\u00fcney b\u00f6l\u00fcm\u00fc ise (\u00c7arbuhar yerle\u015fim yeri b\u00f6lgesi) Mu\u015f Sanca\u011f\u0131na ba\u011flanm\u0131\u015ft\u0131r. Kaza, Varduk Kasabas\u0131\u2019n\u0131n ad\u0131na uygun olarak (kal\u0131nt\u0131lar\u0131 Surb\/Aziz Karabet Manast\u0131r\u0131\u2019n\u0131n kuzeyinde bulunmaktad\u0131r) Vardo olarak an\u0131lm\u0131\u015ft\u0131r.<\/p>\n<p style=\"text-align: justify\">Vardo, XIX. y\u00fczy\u0131l\u0131n ikinci yar\u0131s\u0131nda Erzrum\u2019un, daha sonra ise Bitlis Vilayeti\u2019nin Mu\u015f Sanca\u011f\u0131 b\u00fcnyesinde bulunmaktayd\u0131. XX. y\u00fczy\u0131l ba\u015flar\u0131nda K\u00fcrtler ve 1870\u2019li y\u0131llarda ise Kafkasya\u2019dan gelen da\u011fl\u0131 kavimler (\u00c7erkesler) b\u00f6lgeye yerle\u015fmi\u015flerdir.<\/p>\n<p style=\"text-align: justify\">Ermeniler genel olarak Bazkan Nehri\u2019nin yukar\u0131 k\u0131sm\u0131nda, Gundemir K\u00f6y toplulu\u011funda yerle\u015fik olmu\u015flard\u0131r. Bu k\u00f6y toplulu\u011funun merkezi durumundaki Gundemir K\u00f6y\u00fc sadece Ermenilerle mesk\u00fbn olup XIX. y\u00fczy\u0131l sonunda 200 ev n\u00fcfusa sahip olmu\u015ftur. Vardo Kazas\u0131\u2019n\u0131n merkezi olan G\u00fcmg\u00fcm k\u00f6y\u00fcnde 60 ev Ermeni ya\u015famaktayd\u0131.<\/p>\n<p style=\"text-align: justify\">XX. y\u00fczy\u0131l ba\u015f\u0131nda Vardo\u2019da genel olarak 3 bin Ermeni ya\u015famaktayd\u0131. Bu insanlar\u0131n b\u00fcy\u00fck bir k\u0131sm\u0131 soyk\u0131r\u0131m kurban\u0131 olmu\u015flar, kurtulabilen az say\u0131da ki\u015fi genelde Do\u011fu Ermenistan\u2019a s\u0131\u011f\u0131nm\u0131\u015flard\u0131r. Vardo, g\u00fcn\u00fcm\u00fczde T\u00fcrkiye\u2019nin Mu\u015f ili s\u0131n\u0131rlar\u0131 i\u00e7indedir.<\/p>\n<p style=\"text-align: justify\"><strong>K\u00fc\u00e7\u00fck Ermeni Ansiklopedisi, 4. Cilt, Yerevan, 2003.<\/strong><\/p>\n","protected":false},"excerpt":{"rendered":"<p>Vardo, Vardov: Bitlis Eyaleti\u2019nin kazas\u0131. Turuberan Eyaleti\u2019ndeki Ar\u015farunik B\u00f6lgesi\u2019nin do\u011fu k\u0131sm\u0131na denk d\u00fc\u015fmektedir. Bazkan veya B\u00fcrak\u0131n Nehri (a\u015fa\u011f\u0131 k\u0131s\u0131mda \u00c7arbuhar), Vardo b\u00f6lgesinden akmaktad\u0131r. B\u00f6lge kuru ve sa\u011fl\u0131kl\u0131 iklime sahip olup so\u011fuk da\u011f p\u0131narlar\u0131 ve maden sular\u0131 (\u201cLalezar\u201d\u0131n kapl\u0131calar\u0131 me\u015fhurdur) a\u00e7\u0131s\u0131ndan zengin, \u00e7i\u00e7ekli ve g\u00fcr \u00e7imenli \u00e7ay\u0131rlar\u0131yla tan\u0131nm\u0131\u015ft\u0131r. B\u00f6lge halk\u0131 tah\u0131l ve sebze \u00fcretimi, t\u00fct\u00fcnc\u00fcl\u00fck, ba\u011fc\u0131l\u0131k, [&hellip;]<\/p>\n","protected":false},"author":3,"featured_media":0,"comment_status":"open","ping_status":"open","sticky":false,"template":"","format":"standard","meta":{"footnotes":""},"categories":[47],"tags":[],"class_list":["post-6489","post","type-post","status-publish","format-standard","hentry","category-bati-ermenistanin-ilceleri"],"yoast_head":"<!-- This site is optimized with the Yoast SEO plugin v27.4 - https:\/\/yoast.com\/product\/yoast-seo-wordpress\/ -->\n<title>Vardo - Bati Ermenistan Ve Bati Ermenileri Sorunlari Ara\u015ftirmalar Merkezi<\/title>\n<meta name=\"robots\" content=\"index, follow, max-snippet:-1, max-image-preview:large, max-video-preview:-1\" \/>\n<link rel=\"canonical\" href=\"https:\/\/akunq.net\/turkish\/2011\/06\/25\/vardo\/\" \/>\n<meta property=\"og:locale\" content=\"en_US\" \/>\n<meta property=\"og:type\" content=\"article\" \/>\n<meta property=\"og:title\" content=\"Vardo - Bati Ermenistan Ve Bati Ermenileri Sorunlari Ara\u015ftirmalar Merkezi\" \/>\n<meta property=\"og:description\" content=\"Vardo, Vardov: Bitlis Eyaleti\u2019nin kazas\u0131. Turuberan Eyaleti\u2019ndeki Ar\u015farunik B\u00f6lgesi\u2019nin do\u011fu k\u0131sm\u0131na denk d\u00fc\u015fmektedir. Bazkan veya B\u00fcrak\u0131n Nehri (a\u015fa\u011f\u0131 k\u0131s\u0131mda \u00c7arbuhar), Vardo b\u00f6lgesinden akmaktad\u0131r. B\u00f6lge kuru ve sa\u011fl\u0131kl\u0131 iklime sahip olup so\u011fuk da\u011f p\u0131narlar\u0131 ve maden sular\u0131 (\u201cLalezar\u201d\u0131n kapl\u0131calar\u0131 me\u015fhurdur) a\u00e7\u0131s\u0131ndan zengin, \u00e7i\u00e7ekli ve g\u00fcr \u00e7imenli \u00e7ay\u0131rlar\u0131yla tan\u0131nm\u0131\u015ft\u0131r. B\u00f6lge halk\u0131 tah\u0131l ve sebze \u00fcretimi, t\u00fct\u00fcnc\u00fcl\u00fck, ba\u011fc\u0131l\u0131k, [&hellip;]\" \/>\n<meta property=\"og:url\" content=\"https:\/\/akunq.net\/turkish\/2011\/06\/25\/vardo\/\" \/>\n<meta property=\"og:site_name\" content=\"Bati Ermenistan Ve Bati Ermenileri Sorunlari Ara\u015ftirmalar Merkezi\" \/>\n<meta property=\"article:published_time\" content=\"2011-06-25T11:34:03+00:00\" \/>\n<meta name=\"author\" content=\"kalem\" \/>\n<meta name=\"twitter:card\" content=\"summary_large_image\" \/>\n<meta name=\"twitter:label1\" content=\"Written by\" \/>\n\t<meta name=\"twitter:data1\" content=\"kalem\" \/>\n\t<meta name=\"twitter:label2\" content=\"Est. reading time\" \/>\n\t<meta name=\"twitter:data2\" content=\"2 minutes\" \/>\n<script type=\"application\/ld+json\" class=\"yoast-schema-graph\">{\"@context\":\"https:\\\/\\\/schema.org\",\"@graph\":[{\"@type\":\"Article\",\"@id\":\"https:\\\/\\\/akunq.net\\\/turkish\\\/2011\\\/06\\\/25\\\/vardo\\\/#article\",\"isPartOf\":{\"@id\":\"https:\\\/\\\/akunq.net\\\/turkish\\\/2011\\\/06\\\/25\\\/vardo\\\/\"},\"author\":{\"name\":\"kalem\",\"@id\":\"https:\\\/\\\/akunq.net\\\/turkish\\\/#\\\/schema\\\/person\\\/135e7923d1aeb8887890799619969a6c\"},\"headline\":\"Vardo\",\"datePublished\":\"2011-06-25T11:34:03+00:00\",\"mainEntityOfPage\":{\"@id\":\"https:\\\/\\\/akunq.net\\\/turkish\\\/2011\\\/06\\\/25\\\/vardo\\\/\"},\"wordCount\":392,\"commentCount\":0,\"articleSection\":[\"Bat\u0131 Ermenistan\u2019\u0131n \u0130l\u00e7eleri\"],\"inLanguage\":\"en-US\",\"potentialAction\":[{\"@type\":\"CommentAction\",\"name\":\"Comment\",\"target\":[\"https:\\\/\\\/akunq.net\\\/turkish\\\/2011\\\/06\\\/25\\\/vardo\\\/#respond\"]}]},{\"@type\":\"WebPage\",\"@id\":\"https:\\\/\\\/akunq.net\\\/turkish\\\/2011\\\/06\\\/25\\\/vardo\\\/\",\"url\":\"https:\\\/\\\/akunq.net\\\/turkish\\\/2011\\\/06\\\/25\\\/vardo\\\/\",\"name\":\"Vardo - Bati Ermenistan Ve Bati Ermenileri Sorunlari Ara\u015ftirmalar Merkezi\",\"isPartOf\":{\"@id\":\"https:\\\/\\\/akunq.net\\\/turkish\\\/#website\"},\"datePublished\":\"2011-06-25T11:34:03+00:00\",\"author\":{\"@id\":\"https:\\\/\\\/akunq.net\\\/turkish\\\/#\\\/schema\\\/person\\\/135e7923d1aeb8887890799619969a6c\"},\"breadcrumb\":{\"@id\":\"https:\\\/\\\/akunq.net\\\/turkish\\\/2011\\\/06\\\/25\\\/vardo\\\/#breadcrumb\"},\"inLanguage\":\"en-US\",\"potentialAction\":[{\"@type\":\"ReadAction\",\"target\":[\"https:\\\/\\\/akunq.net\\\/turkish\\\/2011\\\/06\\\/25\\\/vardo\\\/\"]}]},{\"@type\":\"BreadcrumbList\",\"@id\":\"https:\\\/\\\/akunq.net\\\/turkish\\\/2011\\\/06\\\/25\\\/vardo\\\/#breadcrumb\",\"itemListElement\":[{\"@type\":\"ListItem\",\"position\":1,\"name\":\"Home\",\"item\":\"https:\\\/\\\/akunq.net\\\/turkish\\\/\"},{\"@type\":\"ListItem\",\"position\":2,\"name\":\"Vardo\"}]},{\"@type\":\"WebSite\",\"@id\":\"https:\\\/\\\/akunq.net\\\/turkish\\\/#website\",\"url\":\"https:\\\/\\\/akunq.net\\\/turkish\\\/\",\"name\":\"Bati Ermenistan Ve Bati Ermenileri Sorunlari Ara\u015ftirmalar Merkezi\",\"description\":\"\",\"potentialAction\":[{\"@type\":\"SearchAction\",\"target\":{\"@type\":\"EntryPoint\",\"urlTemplate\":\"https:\\\/\\\/akunq.net\\\/turkish\\\/?s={search_term_string}\"},\"query-input\":{\"@type\":\"PropertyValueSpecification\",\"valueRequired\":true,\"valueName\":\"search_term_string\"}}],\"inLanguage\":\"en-US\"},{\"@type\":\"Person\",\"@id\":\"https:\\\/\\\/akunq.net\\\/turkish\\\/#\\\/schema\\\/person\\\/135e7923d1aeb8887890799619969a6c\",\"name\":\"kalem\",\"image\":{\"@type\":\"ImageObject\",\"inLanguage\":\"en-US\",\"@id\":\"https:\\\/\\\/secure.gravatar.com\\\/avatar\\\/a06875e4b25feb5674296adf8e8a7ae1e587cebce2493fe63c456109967e27d3?s=96&d=mm&r=g\",\"url\":\"https:\\\/\\\/secure.gravatar.com\\\/avatar\\\/a06875e4b25feb5674296adf8e8a7ae1e587cebce2493fe63c456109967e27d3?s=96&d=mm&r=g\",\"contentUrl\":\"https:\\\/\\\/secure.gravatar.com\\\/avatar\\\/a06875e4b25feb5674296adf8e8a7ae1e587cebce2493fe63c456109967e27d3?s=96&d=mm&r=g\",\"caption\":\"kalem\"},\"url\":\"https:\\\/\\\/akunq.net\\\/turkish\\\/author\\\/kalem\\\/\"}]}<\/script>\n<!-- \/ Yoast SEO plugin. -->","yoast_head_json":{"title":"Vardo - Bati Ermenistan Ve Bati Ermenileri Sorunlari Ara\u015ftirmalar Merkezi","robots":{"index":"index","follow":"follow","max-snippet":"max-snippet:-1","max-image-preview":"max-image-preview:large","max-video-preview":"max-video-preview:-1"},"canonical":"https:\/\/akunq.net\/turkish\/2011\/06\/25\/vardo\/","og_locale":"en_US","og_type":"article","og_title":"Vardo - Bati Ermenistan Ve Bati Ermenileri Sorunlari Ara\u015ftirmalar Merkezi","og_description":"Vardo, Vardov: Bitlis Eyaleti\u2019nin kazas\u0131. Turuberan Eyaleti\u2019ndeki Ar\u015farunik B\u00f6lgesi\u2019nin do\u011fu k\u0131sm\u0131na denk d\u00fc\u015fmektedir. Bazkan veya B\u00fcrak\u0131n Nehri (a\u015fa\u011f\u0131 k\u0131s\u0131mda \u00c7arbuhar), Vardo b\u00f6lgesinden akmaktad\u0131r. B\u00f6lge kuru ve sa\u011fl\u0131kl\u0131 iklime sahip olup so\u011fuk da\u011f p\u0131narlar\u0131 ve maden sular\u0131 (\u201cLalezar\u201d\u0131n kapl\u0131calar\u0131 me\u015fhurdur) a\u00e7\u0131s\u0131ndan zengin, \u00e7i\u00e7ekli ve g\u00fcr \u00e7imenli \u00e7ay\u0131rlar\u0131yla tan\u0131nm\u0131\u015ft\u0131r. B\u00f6lge halk\u0131 tah\u0131l ve sebze \u00fcretimi, t\u00fct\u00fcnc\u00fcl\u00fck, ba\u011fc\u0131l\u0131k, [&hellip;]","og_url":"https:\/\/akunq.net\/turkish\/2011\/06\/25\/vardo\/","og_site_name":"Bati Ermenistan Ve Bati Ermenileri Sorunlari Ara\u015ftirmalar Merkezi","article_published_time":"2011-06-25T11:34:03+00:00","author":"kalem","twitter_card":"summary_large_image","twitter_misc":{"Written by":"kalem","Est. reading time":"2 minutes"},"schema":{"@context":"https:\/\/schema.org","@graph":[{"@type":"Article","@id":"https:\/\/akunq.net\/turkish\/2011\/06\/25\/vardo\/#article","isPartOf":{"@id":"https:\/\/akunq.net\/turkish\/2011\/06\/25\/vardo\/"},"author":{"name":"kalem","@id":"https:\/\/akunq.net\/turkish\/#\/schema\/person\/135e7923d1aeb8887890799619969a6c"},"headline":"Vardo","datePublished":"2011-06-25T11:34:03+00:00","mainEntityOfPage":{"@id":"https:\/\/akunq.net\/turkish\/2011\/06\/25\/vardo\/"},"wordCount":392,"commentCount":0,"articleSection":["Bat\u0131 Ermenistan\u2019\u0131n \u0130l\u00e7eleri"],"inLanguage":"en-US","potentialAction":[{"@type":"CommentAction","name":"Comment","target":["https:\/\/akunq.net\/turkish\/2011\/06\/25\/vardo\/#respond"]}]},{"@type":"WebPage","@id":"https:\/\/akunq.net\/turkish\/2011\/06\/25\/vardo\/","url":"https:\/\/akunq.net\/turkish\/2011\/06\/25\/vardo\/","name":"Vardo - Bati Ermenistan Ve Bati Ermenileri Sorunlari Ara\u015ftirmalar Merkezi","isPartOf":{"@id":"https:\/\/akunq.net\/turkish\/#website"},"datePublished":"2011-06-25T11:34:03+00:00","author":{"@id":"https:\/\/akunq.net\/turkish\/#\/schema\/person\/135e7923d1aeb8887890799619969a6c"},"breadcrumb":{"@id":"https:\/\/akunq.net\/turkish\/2011\/06\/25\/vardo\/#breadcrumb"},"inLanguage":"en-US","potentialAction":[{"@type":"ReadAction","target":["https:\/\/akunq.net\/turkish\/2011\/06\/25\/vardo\/"]}]},{"@type":"BreadcrumbList","@id":"https:\/\/akunq.net\/turkish\/2011\/06\/25\/vardo\/#breadcrumb","itemListElement":[{"@type":"ListItem","position":1,"name":"Home","item":"https:\/\/akunq.net\/turkish\/"},{"@type":"ListItem","position":2,"name":"Vardo"}]},{"@type":"WebSite","@id":"https:\/\/akunq.net\/turkish\/#website","url":"https:\/\/akunq.net\/turkish\/","name":"Bati Ermenistan Ve Bati Ermenileri Sorunlari Ara\u015ftirmalar Merkezi","description":"","potentialAction":[{"@type":"SearchAction","target":{"@type":"EntryPoint","urlTemplate":"https:\/\/akunq.net\/turkish\/?s={search_term_string}"},"query-input":{"@type":"PropertyValueSpecification","valueRequired":true,"valueName":"search_term_string"}}],"inLanguage":"en-US"},{"@type":"Person","@id":"https:\/\/akunq.net\/turkish\/#\/schema\/person\/135e7923d1aeb8887890799619969a6c","name":"kalem","image":{"@type":"ImageObject","inLanguage":"en-US","@id":"https:\/\/secure.gravatar.com\/avatar\/a06875e4b25feb5674296adf8e8a7ae1e587cebce2493fe63c456109967e27d3?s=96&d=mm&r=g","url":"https:\/\/secure.gravatar.com\/avatar\/a06875e4b25feb5674296adf8e8a7ae1e587cebce2493fe63c456109967e27d3?s=96&d=mm&r=g","contentUrl":"https:\/\/secure.gravatar.com\/avatar\/a06875e4b25feb5674296adf8e8a7ae1e587cebce2493fe63c456109967e27d3?s=96&d=mm&r=g","caption":"kalem"},"url":"https:\/\/akunq.net\/turkish\/author\/kalem\/"}]}},"_links":{"self":[{"href":"https:\/\/akunq.net\/turkish\/wp-json\/wp\/v2\/posts\/6489","targetHints":{"allow":["GET"]}}],"collection":[{"href":"https:\/\/akunq.net\/turkish\/wp-json\/wp\/v2\/posts"}],"about":[{"href":"https:\/\/akunq.net\/turkish\/wp-json\/wp\/v2\/types\/post"}],"author":[{"embeddable":true,"href":"https:\/\/akunq.net\/turkish\/wp-json\/wp\/v2\/users\/3"}],"replies":[{"embeddable":true,"href":"https:\/\/akunq.net\/turkish\/wp-json\/wp\/v2\/comments?post=6489"}],"version-history":[{"count":0,"href":"https:\/\/akunq.net\/turkish\/wp-json\/wp\/v2\/posts\/6489\/revisions"}],"wp:attachment":[{"href":"https:\/\/akunq.net\/turkish\/wp-json\/wp\/v2\/media?parent=6489"}],"wp:term":[{"taxonomy":"category","embeddable":true,"href":"https:\/\/akunq.net\/turkish\/wp-json\/wp\/v2\/categories?post=6489"},{"taxonomy":"post_tag","embeddable":true,"href":"https:\/\/akunq.net\/turkish\/wp-json\/wp\/v2\/tags?post=6489"}],"curies":[{"name":"wp","href":"https:\/\/api.w.org\/{rel}","templated":true}]}}