{"id":629,"date":"2010-02-22T02:41:03","date_gmt":"2010-02-22T07:41:03","guid":{"rendered":"http:\/\/akunq.net\/tr\/?p=629"},"modified":"2010-02-22T02:41:03","modified_gmt":"2010-02-22T07:41:03","slug":"vaspurakan","status":"publish","type":"post","link":"https:\/\/akunq.net\/turkish\/2010\/02\/22\/vaspurakan\/","title":{"rendered":"Vaspurakan"},"content":{"rendered":"<p style=\"text-align: justify\"><a rel=\"attachment wp-att-630\" href=\"http:\/\/akunq.net\/tr\/2010\/02\/22\/vaspurakan\/%d5%be%d5%a1%d5%bd%d5%ba%d5%b8%d6%82%d6%80%d5%a1%d5%af%d5%a1%d5%b6\/\"><img loading=\"lazy\" decoding=\"async\" class=\"alignnone size-full wp-image-630\" title=\"\u054e\u0561\u057d\u057a\u0578\u0582\u0580\u0561\u056f\u0561\u0576\" src=\"http:\/\/akunq.net\/tr\/wp-content\/uploads\/2010\/04\/\u054e\u0561\u057d\u057a\u0578\u0582\u0580\u0561\u056f\u0561\u0576.jpg\" alt=\"\" width=\"549\" height=\"185\" srcset=\"https:\/\/akunq.net\/turkish\/wp-content\/uploads\/sites\/5\/2010\/04\/\u054e\u0561\u057d\u057a\u0578\u0582\u0580\u0561\u056f\u0561\u0576.jpg 549w, https:\/\/akunq.net\/turkish\/wp-content\/uploads\/sites\/5\/2010\/04\/\u054e\u0561\u057d\u057a\u0578\u0582\u0580\u0561\u056f\u0561\u0576-300x101.jpg 300w\" sizes=\"auto, (max-width: 549px) 100vw, 549px\" \/><\/a>\u00a0<\/p>\n<p style=\"text-align: justify\">Vaspurakan, B\u00fcy\u00fck Hayk\u2019\u0131n eyaletlerindendir. Kuzeyden Ayrarat, kuzeydo\u011fudan S\u00fcnik, do\u011fudan Paytakaran ve Parskahayk, g\u00fcneyden Kor\u00e7ayk, Mok ve A\u011fdznik, bat\u0131dan Turuberan vilayetleriyle s\u0131n\u0131rda\u015ft\u0131. Vaspurakan vilayetinin 35 il\u00e7esi bulunmaktayd\u0131.<\/p>\n<p style=\"text-align: justify\">M.\u00d6. IX. y\u00fczy\u0131ldan itibaren Vaspurakan b\u00f6lgesi Urartu Devleti\u2019ne dahil olmu\u015f, zanaat ve tar\u0131mda ileri bir d\u00fczeyde bulunuyordu. M.\u00d6. VI. y\u00fczy\u0131lda t\u00fcm Vaspurakan b\u00f6lgesi Ermeni Yervanduni, M.\u00d6.II. y\u00fczy\u0131ldan M.\u00d6. IV. y\u00fczy\u0131l\u0131 sonlar\u0131na kadar ise Ermeni Arta\u015fesyan, daha sonra da Ermeni Ar\u015fakuni k\u0131rall\u0131klar\u0131 b\u00fcnyesinde bulunmu\u015ftur.<\/p>\n<p style=\"text-align: justify\">VII. y\u00fczy\u0131ldan itibaren Vaspurakan b\u00f6lgesi Arap-Bizans \u00e7at\u0131\u015fmalar\u0131na sahne olmu\u015ftur. Vaspurakan beyleri, Teodoros R\u0131\u015ftuni \u00f6nderli\u011finde s\u00fcrd\u00fcr\u00fclen kurtulu\u015f hareketine destek vererek ba\u011f\u0131ms\u0131zl\u0131klar\u0131n\u0131 koruyabilmi\u015flerdir. Vaspurakan beyleri, Arap Halifeli\u011fi\u2019ne kar\u015f\u0131 tak\u0131nd\u0131klar\u0131 muhalif tutumlar\u0131ndan dolay\u0131 sonuncular\u0131n korkun\u00e7 intikamlar\u0131na maruz kalm\u0131\u015flard\u0131r. Meydana gelen a\u011f\u0131r \u015fartlardan dolay\u0131 Vaspurakan beylikleri g\u00fc\u00e7l\u00fc Ardzruni beyli\u011fi etraf\u0131nda toplan\u0131p 774-775 y\u0131llar\u0131nda Ardzruniler \u00f6nderli\u011finde Arap Halifeli\u011fi\u2019nin \u00fcst\u00fcn say\u0131daki ordular\u0131na kar\u015f\u0131 sava\u015fm\u0131\u015f, u\u011frad\u0131klar\u0131 yenilgi ile verdikleri a\u011f\u0131r kay\u0131plara ra\u011fmen Vaspurakan Vilayeti varl\u0131\u011f\u0131n\u0131 korumaya muvaffak olmu\u015ftur. Ermeni Bagratuni Krall\u0131\u011f\u0131\u2019n\u0131n \u00fcst\u00fcnl\u00fc\u011f\u00fcn\u00fc tan\u0131yan Vaspurakan beyleri siyasi a\u00e7\u0131dan Araplar\u2019a y\u00f6nelmi\u015flerdir. IX. y\u00fczy\u0131l ortalar\u0131nda Arap Halifeli\u011fi, Vaspurakan y\u00f6netimine son vermek isteyerek vilayetin b\u00fcy\u00fck bir b\u00f6l\u00fcm\u00fcn\u00fc ge\u00e7ici olarak i\u015fgal ederek \u00e7ok say\u0131da beyleri s\u00fcrg\u00fcn etmi\u015f, fakat i\u015fgalciler k\u0131sa s\u00fcre i\u00e7inde yerel Ermeni ordular\u0131 taraf\u0131ndan a\u011f\u0131r bir yenilgiye u\u011fray\u0131p geri \u00e7ekilmi\u015flerdir.<\/p>\n<p style=\"text-align: justify\"><a rel=\"attachment wp-att-631\" href=\"http:\/\/akunq.net\/tr\/2010\/02\/22\/vaspurakan\/%d5%be%d5%a1%d5%bd%d5%ba%d5%b8%d6%82%d6%80%d5%a1%d5%af%d5%a1%d5%b6-2\/\"><img loading=\"lazy\" decoding=\"async\" class=\"alignleft size-full wp-image-631\" title=\"\u054e\u0561\u057d\u057a\u0578\u0582\u0580\u0561\u056f\u0561\u0576\" src=\"http:\/\/akunq.net\/tr\/wp-content\/uploads\/2010\/04\/\u054e\u0561\u057d\u057a\u0578\u0582\u0580\u0561\u056f\u0561\u05761.jpg\" alt=\"\" width=\"340\" height=\"193\" \/><\/a>1071 y\u0131l\u0131nda, Malazgirt Meydan Muharebesi sonucunda Sel\u00e7uklular, Bizans ordular\u0131n\u0131 a\u011f\u0131r bir yenilgiye u\u011fratarak b\u00f6lgeyi y\u00f6netimleri alt\u0131na alm\u0131\u015flard\u0131r. Vaspurakan\u2019\u0131n baz\u0131 k\u0131s\u0131mlar\u0131nda Ardzruni hanedan\u0131n\u0131n halefleri yar\u0131 ba\u011f\u0131ms\u0131z s\u00fcregelmi\u015flerdir. Bu s\u00fcre zarf\u0131nda, Vaspurakan ismi sadece Van G\u00f6l\u00fc \u00e7evresi ve vilayetin Ermenilerin yo\u011fun oldu\u011fu b\u00f6lgelerde kullan\u0131lmaktayd\u0131.<\/p>\n<p style=\"text-align: justify\">XVI. y\u00fczy\u0131lda b\u00f6lge \u0130ran-Osmanl\u0131 sava\u015flar\u0131na sahne olmu\u015ftur. 1639 y\u0131l\u0131nda Safevi \u0130ran ve Osmanl\u0131 Devleti aras\u0131nda imzalanan antla\u015fmayla Vaspurakan Vilayeti\u2019nin b\u00fcy\u00fck bir k\u0131sm\u0131 Osmanl\u0131 \u0130mparatorlu\u011fu\u2019na ge\u00e7mi\u015ftir. XVI.-XIX. y\u00fczy\u0131llar\u0131nda Vaspurakan b\u00f6lgesinde Ermeni, K\u00fcrt ve Asuri halklar\u0131na ait \u00f6zerk y\u00f6netim birimleri ve toplumlar\u0131 var olmu\u015flard\u0131r. Bu \u00fc\u00e7 halk topluluklar\u0131 s\u0131k-s\u0131k birle\u015fip \u0130ranl\u0131 ve Osmanl\u0131 i\u015fgalcilerine kar\u015f\u0131 m\u00fccadele vermi\u015flerdir. Yabanc\u0131 i\u015fgal g\u00fc\u00e7leri taraf\u0131ndan y\u00fcr\u00fct\u00fclen t\u00fcm engellemelere ra\u011fmen Vaspurakan\u2019da tar\u0131m, zanaat ve ticaret geli\u015fmi\u015ftir.<\/p>\n<p style=\"text-align: justify\">1915 soyk\u0131r\u0131m\u0131nda, Vaspurakan\u2019\u0131n Ermeni n\u00fcfusunun b\u00fcy\u00fck bir b\u00f6l\u00fcm\u00fc Rus Ordusu\u2019yla birlikte Do\u011fu Ermenistan\u2019a g\u00f6\u00e7m\u00fc\u015ft\u00fcr.<\/p>\n","protected":false},"excerpt":{"rendered":"<p>\u00a0 Vaspurakan, B\u00fcy\u00fck Hayk\u2019\u0131n eyaletlerindendir. Kuzeyden Ayrarat, kuzeydo\u011fudan S\u00fcnik, do\u011fudan Paytakaran ve Parskahayk, g\u00fcneyden Kor\u00e7ayk, Mok ve A\u011fdznik, bat\u0131dan Turuberan vilayetleriyle s\u0131n\u0131rda\u015ft\u0131. Vaspurakan vilayetinin 35 il\u00e7esi bulunmaktayd\u0131. M.\u00d6. IX. y\u00fczy\u0131ldan itibaren Vaspurakan b\u00f6lgesi Urartu Devleti\u2019ne dahil olmu\u015f, zanaat ve tar\u0131mda ileri bir d\u00fczeyde bulunuyordu. M.\u00d6. VI. y\u00fczy\u0131lda t\u00fcm Vaspurakan b\u00f6lgesi Ermeni Yervanduni, M.\u00d6.II. y\u00fczy\u0131ldan M.\u00d6. [&hellip;]<\/p>\n","protected":false},"author":3,"featured_media":0,"comment_status":"closed","ping_status":"open","sticky":false,"template":"","format":"standard","meta":{"footnotes":""},"categories":[55],"tags":[],"class_list":["post-629","post","type-post","status-publish","format-standard","hentry","category-buyuk-haykin-illeri"],"yoast_head":"<!-- This site is optimized with the Yoast SEO plugin v27.4 - https:\/\/yoast.com\/product\/yoast-seo-wordpress\/ -->\n<title>Vaspurakan - Bati Ermenistan Ve Bati Ermenileri Sorunlari Ara\u015ftirmalar Merkezi<\/title>\n<meta name=\"robots\" content=\"index, follow, max-snippet:-1, max-image-preview:large, max-video-preview:-1\" \/>\n<link rel=\"canonical\" href=\"https:\/\/akunq.net\/turkish\/2010\/02\/22\/vaspurakan\/\" \/>\n<meta property=\"og:locale\" content=\"en_US\" \/>\n<meta property=\"og:type\" content=\"article\" \/>\n<meta property=\"og:title\" content=\"Vaspurakan - Bati Ermenistan Ve Bati Ermenileri Sorunlari Ara\u015ftirmalar Merkezi\" \/>\n<meta property=\"og:description\" content=\"\u00a0 Vaspurakan, B\u00fcy\u00fck Hayk\u2019\u0131n eyaletlerindendir. Kuzeyden Ayrarat, kuzeydo\u011fudan S\u00fcnik, do\u011fudan Paytakaran ve Parskahayk, g\u00fcneyden Kor\u00e7ayk, Mok ve A\u011fdznik, bat\u0131dan Turuberan vilayetleriyle s\u0131n\u0131rda\u015ft\u0131. Vaspurakan vilayetinin 35 il\u00e7esi bulunmaktayd\u0131. M.\u00d6. IX. y\u00fczy\u0131ldan itibaren Vaspurakan b\u00f6lgesi Urartu Devleti\u2019ne dahil olmu\u015f, zanaat ve tar\u0131mda ileri bir d\u00fczeyde bulunuyordu. M.\u00d6. VI. y\u00fczy\u0131lda t\u00fcm Vaspurakan b\u00f6lgesi Ermeni Yervanduni, M.\u00d6.II. y\u00fczy\u0131ldan M.\u00d6. [&hellip;]\" \/>\n<meta property=\"og:url\" content=\"https:\/\/akunq.net\/turkish\/2010\/02\/22\/vaspurakan\/\" \/>\n<meta property=\"og:site_name\" content=\"Bati Ermenistan Ve Bati Ermenileri Sorunlari Ara\u015ftirmalar Merkezi\" \/>\n<meta property=\"article:published_time\" content=\"2010-02-22T07:41:03+00:00\" \/>\n<meta name=\"author\" content=\"kalem\" \/>\n<meta name=\"twitter:card\" content=\"summary_large_image\" \/>\n<meta name=\"twitter:label1\" content=\"Written by\" \/>\n\t<meta name=\"twitter:data1\" content=\"kalem\" \/>\n\t<meta name=\"twitter:label2\" content=\"Est. reading time\" \/>\n\t<meta name=\"twitter:data2\" content=\"3 minutes\" \/>\n<script type=\"application\/ld+json\" class=\"yoast-schema-graph\">{\"@context\":\"https:\\\/\\\/schema.org\",\"@graph\":[{\"@type\":\"Article\",\"@id\":\"https:\\\/\\\/akunq.net\\\/turkish\\\/2010\\\/02\\\/22\\\/vaspurakan\\\/#article\",\"isPartOf\":{\"@id\":\"https:\\\/\\\/akunq.net\\\/turkish\\\/2010\\\/02\\\/22\\\/vaspurakan\\\/\"},\"author\":{\"name\":\"kalem\",\"@id\":\"https:\\\/\\\/akunq.net\\\/turkish\\\/#\\\/schema\\\/person\\\/135e7923d1aeb8887890799619969a6c\"},\"headline\":\"Vaspurakan\",\"datePublished\":\"2010-02-22T07:41:03+00:00\",\"mainEntityOfPage\":{\"@id\":\"https:\\\/\\\/akunq.net\\\/turkish\\\/2010\\\/02\\\/22\\\/vaspurakan\\\/\"},\"wordCount\":514,\"articleSection\":[\"B\u00fcy\u00fck Hayk\u2019\u0131n \u0130lleri\"],\"inLanguage\":\"en-US\"},{\"@type\":\"WebPage\",\"@id\":\"https:\\\/\\\/akunq.net\\\/turkish\\\/2010\\\/02\\\/22\\\/vaspurakan\\\/\",\"url\":\"https:\\\/\\\/akunq.net\\\/turkish\\\/2010\\\/02\\\/22\\\/vaspurakan\\\/\",\"name\":\"Vaspurakan - Bati Ermenistan Ve Bati Ermenileri Sorunlari Ara\u015ftirmalar Merkezi\",\"isPartOf\":{\"@id\":\"https:\\\/\\\/akunq.net\\\/turkish\\\/#website\"},\"datePublished\":\"2010-02-22T07:41:03+00:00\",\"author\":{\"@id\":\"https:\\\/\\\/akunq.net\\\/turkish\\\/#\\\/schema\\\/person\\\/135e7923d1aeb8887890799619969a6c\"},\"breadcrumb\":{\"@id\":\"https:\\\/\\\/akunq.net\\\/turkish\\\/2010\\\/02\\\/22\\\/vaspurakan\\\/#breadcrumb\"},\"inLanguage\":\"en-US\",\"potentialAction\":[{\"@type\":\"ReadAction\",\"target\":[\"https:\\\/\\\/akunq.net\\\/turkish\\\/2010\\\/02\\\/22\\\/vaspurakan\\\/\"]}]},{\"@type\":\"BreadcrumbList\",\"@id\":\"https:\\\/\\\/akunq.net\\\/turkish\\\/2010\\\/02\\\/22\\\/vaspurakan\\\/#breadcrumb\",\"itemListElement\":[{\"@type\":\"ListItem\",\"position\":1,\"name\":\"Home\",\"item\":\"https:\\\/\\\/akunq.net\\\/turkish\\\/\"},{\"@type\":\"ListItem\",\"position\":2,\"name\":\"Vaspurakan\"}]},{\"@type\":\"WebSite\",\"@id\":\"https:\\\/\\\/akunq.net\\\/turkish\\\/#website\",\"url\":\"https:\\\/\\\/akunq.net\\\/turkish\\\/\",\"name\":\"Bati Ermenistan Ve Bati Ermenileri Sorunlari Ara\u015ftirmalar Merkezi\",\"description\":\"\",\"potentialAction\":[{\"@type\":\"SearchAction\",\"target\":{\"@type\":\"EntryPoint\",\"urlTemplate\":\"https:\\\/\\\/akunq.net\\\/turkish\\\/?s={search_term_string}\"},\"query-input\":{\"@type\":\"PropertyValueSpecification\",\"valueRequired\":true,\"valueName\":\"search_term_string\"}}],\"inLanguage\":\"en-US\"},{\"@type\":\"Person\",\"@id\":\"https:\\\/\\\/akunq.net\\\/turkish\\\/#\\\/schema\\\/person\\\/135e7923d1aeb8887890799619969a6c\",\"name\":\"kalem\",\"image\":{\"@type\":\"ImageObject\",\"inLanguage\":\"en-US\",\"@id\":\"https:\\\/\\\/secure.gravatar.com\\\/avatar\\\/a06875e4b25feb5674296adf8e8a7ae1e587cebce2493fe63c456109967e27d3?s=96&d=mm&r=g\",\"url\":\"https:\\\/\\\/secure.gravatar.com\\\/avatar\\\/a06875e4b25feb5674296adf8e8a7ae1e587cebce2493fe63c456109967e27d3?s=96&d=mm&r=g\",\"contentUrl\":\"https:\\\/\\\/secure.gravatar.com\\\/avatar\\\/a06875e4b25feb5674296adf8e8a7ae1e587cebce2493fe63c456109967e27d3?s=96&d=mm&r=g\",\"caption\":\"kalem\"},\"url\":\"https:\\\/\\\/akunq.net\\\/turkish\\\/author\\\/kalem\\\/\"}]}<\/script>\n<!-- \/ Yoast SEO plugin. -->","yoast_head_json":{"title":"Vaspurakan - Bati Ermenistan Ve Bati Ermenileri Sorunlari Ara\u015ftirmalar Merkezi","robots":{"index":"index","follow":"follow","max-snippet":"max-snippet:-1","max-image-preview":"max-image-preview:large","max-video-preview":"max-video-preview:-1"},"canonical":"https:\/\/akunq.net\/turkish\/2010\/02\/22\/vaspurakan\/","og_locale":"en_US","og_type":"article","og_title":"Vaspurakan - Bati Ermenistan Ve Bati Ermenileri Sorunlari Ara\u015ftirmalar Merkezi","og_description":"\u00a0 Vaspurakan, B\u00fcy\u00fck Hayk\u2019\u0131n eyaletlerindendir. Kuzeyden Ayrarat, kuzeydo\u011fudan S\u00fcnik, do\u011fudan Paytakaran ve Parskahayk, g\u00fcneyden Kor\u00e7ayk, Mok ve A\u011fdznik, bat\u0131dan Turuberan vilayetleriyle s\u0131n\u0131rda\u015ft\u0131. Vaspurakan vilayetinin 35 il\u00e7esi bulunmaktayd\u0131. M.\u00d6. IX. y\u00fczy\u0131ldan itibaren Vaspurakan b\u00f6lgesi Urartu Devleti\u2019ne dahil olmu\u015f, zanaat ve tar\u0131mda ileri bir d\u00fczeyde bulunuyordu. M.\u00d6. VI. y\u00fczy\u0131lda t\u00fcm Vaspurakan b\u00f6lgesi Ermeni Yervanduni, M.\u00d6.II. y\u00fczy\u0131ldan M.\u00d6. [&hellip;]","og_url":"https:\/\/akunq.net\/turkish\/2010\/02\/22\/vaspurakan\/","og_site_name":"Bati Ermenistan Ve Bati Ermenileri Sorunlari Ara\u015ftirmalar Merkezi","article_published_time":"2010-02-22T07:41:03+00:00","author":"kalem","twitter_card":"summary_large_image","twitter_misc":{"Written by":"kalem","Est. reading time":"3 minutes"},"schema":{"@context":"https:\/\/schema.org","@graph":[{"@type":"Article","@id":"https:\/\/akunq.net\/turkish\/2010\/02\/22\/vaspurakan\/#article","isPartOf":{"@id":"https:\/\/akunq.net\/turkish\/2010\/02\/22\/vaspurakan\/"},"author":{"name":"kalem","@id":"https:\/\/akunq.net\/turkish\/#\/schema\/person\/135e7923d1aeb8887890799619969a6c"},"headline":"Vaspurakan","datePublished":"2010-02-22T07:41:03+00:00","mainEntityOfPage":{"@id":"https:\/\/akunq.net\/turkish\/2010\/02\/22\/vaspurakan\/"},"wordCount":514,"articleSection":["B\u00fcy\u00fck Hayk\u2019\u0131n \u0130lleri"],"inLanguage":"en-US"},{"@type":"WebPage","@id":"https:\/\/akunq.net\/turkish\/2010\/02\/22\/vaspurakan\/","url":"https:\/\/akunq.net\/turkish\/2010\/02\/22\/vaspurakan\/","name":"Vaspurakan - Bati Ermenistan Ve Bati Ermenileri Sorunlari Ara\u015ftirmalar Merkezi","isPartOf":{"@id":"https:\/\/akunq.net\/turkish\/#website"},"datePublished":"2010-02-22T07:41:03+00:00","author":{"@id":"https:\/\/akunq.net\/turkish\/#\/schema\/person\/135e7923d1aeb8887890799619969a6c"},"breadcrumb":{"@id":"https:\/\/akunq.net\/turkish\/2010\/02\/22\/vaspurakan\/#breadcrumb"},"inLanguage":"en-US","potentialAction":[{"@type":"ReadAction","target":["https:\/\/akunq.net\/turkish\/2010\/02\/22\/vaspurakan\/"]}]},{"@type":"BreadcrumbList","@id":"https:\/\/akunq.net\/turkish\/2010\/02\/22\/vaspurakan\/#breadcrumb","itemListElement":[{"@type":"ListItem","position":1,"name":"Home","item":"https:\/\/akunq.net\/turkish\/"},{"@type":"ListItem","position":2,"name":"Vaspurakan"}]},{"@type":"WebSite","@id":"https:\/\/akunq.net\/turkish\/#website","url":"https:\/\/akunq.net\/turkish\/","name":"Bati Ermenistan Ve Bati Ermenileri Sorunlari Ara\u015ftirmalar Merkezi","description":"","potentialAction":[{"@type":"SearchAction","target":{"@type":"EntryPoint","urlTemplate":"https:\/\/akunq.net\/turkish\/?s={search_term_string}"},"query-input":{"@type":"PropertyValueSpecification","valueRequired":true,"valueName":"search_term_string"}}],"inLanguage":"en-US"},{"@type":"Person","@id":"https:\/\/akunq.net\/turkish\/#\/schema\/person\/135e7923d1aeb8887890799619969a6c","name":"kalem","image":{"@type":"ImageObject","inLanguage":"en-US","@id":"https:\/\/secure.gravatar.com\/avatar\/a06875e4b25feb5674296adf8e8a7ae1e587cebce2493fe63c456109967e27d3?s=96&d=mm&r=g","url":"https:\/\/secure.gravatar.com\/avatar\/a06875e4b25feb5674296adf8e8a7ae1e587cebce2493fe63c456109967e27d3?s=96&d=mm&r=g","contentUrl":"https:\/\/secure.gravatar.com\/avatar\/a06875e4b25feb5674296adf8e8a7ae1e587cebce2493fe63c456109967e27d3?s=96&d=mm&r=g","caption":"kalem"},"url":"https:\/\/akunq.net\/turkish\/author\/kalem\/"}]}},"_links":{"self":[{"href":"https:\/\/akunq.net\/turkish\/wp-json\/wp\/v2\/posts\/629","targetHints":{"allow":["GET"]}}],"collection":[{"href":"https:\/\/akunq.net\/turkish\/wp-json\/wp\/v2\/posts"}],"about":[{"href":"https:\/\/akunq.net\/turkish\/wp-json\/wp\/v2\/types\/post"}],"author":[{"embeddable":true,"href":"https:\/\/akunq.net\/turkish\/wp-json\/wp\/v2\/users\/3"}],"replies":[{"embeddable":true,"href":"https:\/\/akunq.net\/turkish\/wp-json\/wp\/v2\/comments?post=629"}],"version-history":[{"count":0,"href":"https:\/\/akunq.net\/turkish\/wp-json\/wp\/v2\/posts\/629\/revisions"}],"wp:attachment":[{"href":"https:\/\/akunq.net\/turkish\/wp-json\/wp\/v2\/media?parent=629"}],"wp:term":[{"taxonomy":"category","embeddable":true,"href":"https:\/\/akunq.net\/turkish\/wp-json\/wp\/v2\/categories?post=629"},{"taxonomy":"post_tag","embeddable":true,"href":"https:\/\/akunq.net\/turkish\/wp-json\/wp\/v2\/tags?post=629"}],"curies":[{"name":"wp","href":"https:\/\/api.w.org\/{rel}","templated":true}]}}