{"id":627,"date":"2010-04-28T02:38:47","date_gmt":"2010-04-28T07:38:47","guid":{"rendered":"http:\/\/akunq.net\/tr\/?p=627"},"modified":"2010-04-28T02:38:47","modified_gmt":"2010-04-28T07:38:47","slug":"ihdye-yuzlerce-tehdit","status":"publish","type":"post","link":"https:\/\/akunq.net\/turkish\/2010\/04\/28\/ihdye-yuzlerce-tehdit\/","title":{"rendered":"\u0130HD&#8217;ye &#8216;y\u00fczlerce&#8217; tehdit"},"content":{"rendered":"<p style=\"text-align: justify\">T\u00fcrkiye\u2019nin en \u00f6nemli insan haklar\u0131 savunucusu olan \u0130nsan Haklar\u0131 Derne\u011fi (\u0130HD) 95. y\u0131l\u0131nda Ermeni soyk\u0131r\u0131m\u0131n\u0131 protesto etmek ve hayat\u0131n\u0131 kaybedenleri anmak i\u00e7in d\u00fczenledi\u011fi eylemin ard\u0131ndan tehditlere hedef oldu. Derne\u011fin mail adresine gelen y\u00fczlerce mail ve telefonlarla y\u00f6neticiler tehdit ediliyor. \u0130HD y\u00f6neticileri mahkemeye vermeye haz\u0131rlan\u0131yor.<\/p>\n<p style=\"text-align: justify\">\u0130HD\u2019nin 95. y\u0131l\u0131nda Ermeni ayd\u0131nlar\u0131n\u0131n terene bindirilerek s\u00fcrg\u00fcne g\u00f6nderilerek \u00f6ld\u00fcr\u00fclmesini protesto etmek ve hayat\u0131n\u0131 kaybedenleri anmak i\u00e7in Haydarpa\u015fa Gar\u0131\u2019nda d\u00fczenledi\u011fi eylemin ard\u0131ndan fa\u015fist kimselerden tehdit \u00fczerine tehdit ald\u0131\u011f\u0131 ortaya \u00e7\u0131kt\u0131. \u0130stanbul \u015fubenin mail adresine ve b\u00fcro telefonuna intikam ve \u00f6l\u00fcm tehdidi ya\u011fd\u0131.<\/p>\n<p style=\"text-align: justify\">24 Nisan\u2019da d\u00fczenlenen bas\u0131n a\u00e7\u0131klamas\u0131 s\u0131ras\u0131nda Edip Ba\u015fer\u2019in provokasyon giri\u015fiminin ard\u0131ndan farkl\u0131 isimlerle dernek mailine a\u015fa\u011f\u0131lay\u0131c\u0131, hakaret dolu ve tehdit i\u00e7erikli mailler at\u0131l\u0131rken, gelen telefonlarla da derne\u011fin eski ve yeni y\u00f6neticileri \u00f6l\u00fcmle tehdit ediliyor.<\/p>\n<p style=\"text-align: justify\">BASKIN ORAN\u2019LI TEHD\u0130T<\/p>\n<p style=\"text-align: justify\">Bir k\u0131sm\u0131, rdn0653@hotmail.com, alpaksoyccff@yahoo.com, kaplansuleyman@gmail.com, suleymankaplana@gmail.com, baskinoran@gmail.com, cengiz.algan@gmail.com, kb@turkishforum.com.tr gibi niclerle g\u00f6nderilen maillerde dernek ve y\u00f6neticileri ermeni \u2018u\u015fakl\u0131\u011f\u0131\u2019, \u2018b\u00f6l\u00fcc\u00fc\u2019 ve \u2018PKK\u2019li\u2019 olmakla su\u00e7lan\u0131rken, kimi maillerde de dernek y\u00f6neticileri tarih bilmemekle, tarihi \u00e7arp\u0131tmakla ve halk\u0131n duygular\u0131yla oynamakla su\u00e7lan\u0131yor. Gelen maillerden birinin Bask\u0131n Oran ismi kullan\u0131larak g\u00f6nderilmesi ise dikkat \u00e7ekti.<\/p>\n<p style=\"text-align: justify\">Konuya ili\u015fkin ANF\u2019ye de\u011ferlendirmede bulunan \u0130HD \u0130stanbul \u015eube Sekreteri Baki Bo\u011fa, maillerin Edip Ba\u015fer\u2019in ba\u015f\u0131n\u0131 \u00e7ekti\u011fi bir grubun Haydarpa\u015fa\u2019daki provokasyon giri\u015fimiyle birlikte gelmeye ba\u015flad\u0131\u011f\u0131n\u0131 ve konuyu yarg\u0131ya ta\u015f\u0131yacaklar\u0131n\u0131 s\u00f6yledi.<\/p>\n<p style=\"text-align: justify\">Daha \u00f6nce de defalarca benzer tehditler ald\u0131klar\u0131n\u0131 ancak konunun bu sene bas\u0131nda kapsaml\u0131ca ele al\u0131nmas\u0131n\u0131n ard\u0131ndan tehditlerinin dozaj\u0131n\u0131n da artt\u0131\u011f\u0131n\u0131 kaydeden Bo\u011fa, \u201cge\u00e7en y\u0131l da biz soyk\u0131r\u0131ma ili\u015fkin a\u00e7\u0131klama yapt\u0131\u011f\u0131m\u0131zda b\u00f6yle tehditler geldi. Ama bu kadar yo\u011fun de\u011fildi. Bas\u0131nda yo\u011fun i\u015flenmesi fa\u015fist gruplar\u0131n daha fazla ilgisini \u00e7ekti ve bu konuda a\u011f\u0131r tehditler geldi. Bu al\u0131\u015fk\u0131n oldu\u011fumuz bir durum. Ak\u0131n Birdal\u2019a sald\u0131r\u0131 ve \u0130stanbul \u015fubemize silahla girerek arkada\u015flar\u0131m\u0131z rehin alan Zeki Gen\u00e7 olay\u0131 vard\u0131. Daha \u00f6nce yine \u015farbonlu zarflar g\u00f6nderilmi\u015fti. Yine T\u0130T imzal\u0131 4 mektup g\u00f6nderilmi\u015fti. Yapt\u0131\u011f\u0131m\u0131z do\u011fru i\u015flere kar\u015f\u0131, stat\u00fckodan beslenen fa\u015fist kesimlerin, insan haklar\u0131ndan nasibini almam\u0131\u015f, halklar\u0131n karde\u015fli\u011fine inanmayan, tam da Mahmut Esat Bozkurt\u2019un zihniyetinden gelen bir durum s\u00f6z konusu\u201d diye konu\u015ftu.<\/p>\n<p style=\"text-align: justify\">SU\u00c7 DUYURUSU YAPILACAK<\/p>\n<p style=\"text-align: justify\">Konuya ili\u015fkin su\u00e7 duyurusunda bulunacaklar\u0131n\u0131 dile getiren Bo\u011fa, \u201cKaynak konusunda ara\u015ft\u0131rma yapmad\u0131k. Ama d\u00fc\u015f\u00fcnsel anlamda Bozkurt zihniyeti ile ayn\u0131 noktadan beslendikleri kesin. Soyk\u0131r\u0131mda bir milyondan fazla insan \u00f6ld\u00fcr\u00fcld\u00fc, hunharca katledildi. bunun K\u00fcrtler T\u00fcrkler eliyle yap\u0131lm\u0131\u015f olmas\u0131n\u0131n bir \u00f6nemi yok. Devlet taraf\u0131ndan bir fermanla yap\u0131lm\u0131\u015f olmas\u0131 \u00f6nemli. T\u00fcrkiye yeni kurulmu\u015f bir devlet olmas\u0131n ra\u011fmen o d\u00f6nemdeki bir s\u0131k\u0131nt\u0131y\u0131 kabul etmemesi o sistemin devam\u0131 niteli\u011finde bur durumdur bizim a\u00e7\u0131m\u0131zdan\u201d dedi.<\/p>\n<p style=\"text-align: justify\">ANF NEWS AGENCY<\/p>\n","protected":false},"excerpt":{"rendered":"<p>T\u00fcrkiye\u2019nin en \u00f6nemli insan haklar\u0131 savunucusu olan \u0130nsan Haklar\u0131 Derne\u011fi (\u0130HD) 95. y\u0131l\u0131nda Ermeni soyk\u0131r\u0131m\u0131n\u0131 protesto etmek ve hayat\u0131n\u0131 kaybedenleri anmak i\u00e7in d\u00fczenledi\u011fi eylemin ard\u0131ndan tehditlere hedef oldu. Derne\u011fin mail adresine gelen y\u00fczlerce mail ve telefonlarla y\u00f6neticiler tehdit ediliyor. \u0130HD y\u00f6neticileri mahkemeye vermeye haz\u0131rlan\u0131yor. \u0130HD\u2019nin 95. y\u0131l\u0131nda Ermeni ayd\u0131nlar\u0131n\u0131n terene bindirilerek s\u00fcrg\u00fcne g\u00f6nderilerek \u00f6ld\u00fcr\u00fclmesini protesto [&hellip;]<\/p>\n","protected":false},"author":3,"featured_media":0,"comment_status":"closed","ping_status":"open","sticky":false,"template":"","format":"standard","meta":{"footnotes":""},"categories":[14],"tags":[],"class_list":["post-627","post","type-post","status-publish","format-standard","hentry","category-haberler"],"yoast_head":"<!-- This site is optimized with the Yoast SEO plugin v27.4 - https:\/\/yoast.com\/product\/yoast-seo-wordpress\/ -->\n<title>\u0130HD&#039;ye &#039;y\u00fczlerce&#039; tehdit - Bati Ermenistan Ve Bati Ermenileri Sorunlari Ara\u015ftirmalar Merkezi<\/title>\n<meta name=\"robots\" content=\"index, follow, max-snippet:-1, max-image-preview:large, max-video-preview:-1\" \/>\n<link rel=\"canonical\" href=\"https:\/\/akunq.net\/turkish\/2010\/04\/28\/ihdye-yuzlerce-tehdit\/\" \/>\n<meta property=\"og:locale\" content=\"en_US\" \/>\n<meta property=\"og:type\" content=\"article\" \/>\n<meta property=\"og:title\" content=\"\u0130HD&#039;ye &#039;y\u00fczlerce&#039; tehdit - Bati Ermenistan Ve Bati Ermenileri Sorunlari Ara\u015ftirmalar Merkezi\" \/>\n<meta property=\"og:description\" content=\"T\u00fcrkiye\u2019nin en \u00f6nemli insan haklar\u0131 savunucusu olan \u0130nsan Haklar\u0131 Derne\u011fi (\u0130HD) 95. y\u0131l\u0131nda Ermeni soyk\u0131r\u0131m\u0131n\u0131 protesto etmek ve hayat\u0131n\u0131 kaybedenleri anmak i\u00e7in d\u00fczenledi\u011fi eylemin ard\u0131ndan tehditlere hedef oldu. Derne\u011fin mail adresine gelen y\u00fczlerce mail ve telefonlarla y\u00f6neticiler tehdit ediliyor. \u0130HD y\u00f6neticileri mahkemeye vermeye haz\u0131rlan\u0131yor. \u0130HD\u2019nin 95. y\u0131l\u0131nda Ermeni ayd\u0131nlar\u0131n\u0131n terene bindirilerek s\u00fcrg\u00fcne g\u00f6nderilerek \u00f6ld\u00fcr\u00fclmesini protesto [&hellip;]\" \/>\n<meta property=\"og:url\" content=\"https:\/\/akunq.net\/turkish\/2010\/04\/28\/ihdye-yuzlerce-tehdit\/\" \/>\n<meta property=\"og:site_name\" content=\"Bati Ermenistan Ve Bati Ermenileri Sorunlari Ara\u015ftirmalar Merkezi\" \/>\n<meta property=\"article:published_time\" content=\"2010-04-28T07:38:47+00:00\" \/>\n<meta name=\"author\" content=\"kalem\" \/>\n<meta name=\"twitter:card\" content=\"summary_large_image\" \/>\n<meta name=\"twitter:label1\" content=\"Written by\" \/>\n\t<meta name=\"twitter:data1\" content=\"kalem\" \/>\n\t<meta name=\"twitter:label2\" content=\"Est. reading time\" \/>\n\t<meta name=\"twitter:data2\" content=\"3 minutes\" \/>\n<script type=\"application\/ld+json\" class=\"yoast-schema-graph\">{\"@context\":\"https:\\\/\\\/schema.org\",\"@graph\":[{\"@type\":\"Article\",\"@id\":\"https:\\\/\\\/akunq.net\\\/turkish\\\/2010\\\/04\\\/28\\\/ihdye-yuzlerce-tehdit\\\/#article\",\"isPartOf\":{\"@id\":\"https:\\\/\\\/akunq.net\\\/turkish\\\/2010\\\/04\\\/28\\\/ihdye-yuzlerce-tehdit\\\/\"},\"author\":{\"name\":\"kalem\",\"@id\":\"https:\\\/\\\/akunq.net\\\/turkish\\\/#\\\/schema\\\/person\\\/135e7923d1aeb8887890799619969a6c\"},\"headline\":\"\u0130HD&#8217;ye &#8216;y\u00fczlerce&#8217; tehdit\",\"datePublished\":\"2010-04-28T07:38:47+00:00\",\"mainEntityOfPage\":{\"@id\":\"https:\\\/\\\/akunq.net\\\/turkish\\\/2010\\\/04\\\/28\\\/ihdye-yuzlerce-tehdit\\\/\"},\"wordCount\":584,\"articleSection\":[\"Haberler\"],\"inLanguage\":\"en-US\"},{\"@type\":\"WebPage\",\"@id\":\"https:\\\/\\\/akunq.net\\\/turkish\\\/2010\\\/04\\\/28\\\/ihdye-yuzlerce-tehdit\\\/\",\"url\":\"https:\\\/\\\/akunq.net\\\/turkish\\\/2010\\\/04\\\/28\\\/ihdye-yuzlerce-tehdit\\\/\",\"name\":\"\u0130HD'ye 'y\u00fczlerce' tehdit - Bati Ermenistan Ve Bati Ermenileri Sorunlari Ara\u015ftirmalar Merkezi\",\"isPartOf\":{\"@id\":\"https:\\\/\\\/akunq.net\\\/turkish\\\/#website\"},\"datePublished\":\"2010-04-28T07:38:47+00:00\",\"author\":{\"@id\":\"https:\\\/\\\/akunq.net\\\/turkish\\\/#\\\/schema\\\/person\\\/135e7923d1aeb8887890799619969a6c\"},\"breadcrumb\":{\"@id\":\"https:\\\/\\\/akunq.net\\\/turkish\\\/2010\\\/04\\\/28\\\/ihdye-yuzlerce-tehdit\\\/#breadcrumb\"},\"inLanguage\":\"en-US\",\"potentialAction\":[{\"@type\":\"ReadAction\",\"target\":[\"https:\\\/\\\/akunq.net\\\/turkish\\\/2010\\\/04\\\/28\\\/ihdye-yuzlerce-tehdit\\\/\"]}]},{\"@type\":\"BreadcrumbList\",\"@id\":\"https:\\\/\\\/akunq.net\\\/turkish\\\/2010\\\/04\\\/28\\\/ihdye-yuzlerce-tehdit\\\/#breadcrumb\",\"itemListElement\":[{\"@type\":\"ListItem\",\"position\":1,\"name\":\"Home\",\"item\":\"https:\\\/\\\/akunq.net\\\/turkish\\\/\"},{\"@type\":\"ListItem\",\"position\":2,\"name\":\"\u0130HD&#8217;ye &#8216;y\u00fczlerce&#8217; tehdit\"}]},{\"@type\":\"WebSite\",\"@id\":\"https:\\\/\\\/akunq.net\\\/turkish\\\/#website\",\"url\":\"https:\\\/\\\/akunq.net\\\/turkish\\\/\",\"name\":\"Bati Ermenistan Ve Bati Ermenileri Sorunlari Ara\u015ftirmalar Merkezi\",\"description\":\"\",\"potentialAction\":[{\"@type\":\"SearchAction\",\"target\":{\"@type\":\"EntryPoint\",\"urlTemplate\":\"https:\\\/\\\/akunq.net\\\/turkish\\\/?s={search_term_string}\"},\"query-input\":{\"@type\":\"PropertyValueSpecification\",\"valueRequired\":true,\"valueName\":\"search_term_string\"}}],\"inLanguage\":\"en-US\"},{\"@type\":\"Person\",\"@id\":\"https:\\\/\\\/akunq.net\\\/turkish\\\/#\\\/schema\\\/person\\\/135e7923d1aeb8887890799619969a6c\",\"name\":\"kalem\",\"image\":{\"@type\":\"ImageObject\",\"inLanguage\":\"en-US\",\"@id\":\"https:\\\/\\\/secure.gravatar.com\\\/avatar\\\/a06875e4b25feb5674296adf8e8a7ae1e587cebce2493fe63c456109967e27d3?s=96&d=mm&r=g\",\"url\":\"https:\\\/\\\/secure.gravatar.com\\\/avatar\\\/a06875e4b25feb5674296adf8e8a7ae1e587cebce2493fe63c456109967e27d3?s=96&d=mm&r=g\",\"contentUrl\":\"https:\\\/\\\/secure.gravatar.com\\\/avatar\\\/a06875e4b25feb5674296adf8e8a7ae1e587cebce2493fe63c456109967e27d3?s=96&d=mm&r=g\",\"caption\":\"kalem\"},\"url\":\"https:\\\/\\\/akunq.net\\\/turkish\\\/author\\\/kalem\\\/\"}]}<\/script>\n<!-- \/ Yoast SEO plugin. -->","yoast_head_json":{"title":"\u0130HD'ye 'y\u00fczlerce' tehdit - Bati Ermenistan Ve Bati Ermenileri Sorunlari Ara\u015ftirmalar Merkezi","robots":{"index":"index","follow":"follow","max-snippet":"max-snippet:-1","max-image-preview":"max-image-preview:large","max-video-preview":"max-video-preview:-1"},"canonical":"https:\/\/akunq.net\/turkish\/2010\/04\/28\/ihdye-yuzlerce-tehdit\/","og_locale":"en_US","og_type":"article","og_title":"\u0130HD'ye 'y\u00fczlerce' tehdit - Bati Ermenistan Ve Bati Ermenileri Sorunlari Ara\u015ftirmalar Merkezi","og_description":"T\u00fcrkiye\u2019nin en \u00f6nemli insan haklar\u0131 savunucusu olan \u0130nsan Haklar\u0131 Derne\u011fi (\u0130HD) 95. y\u0131l\u0131nda Ermeni soyk\u0131r\u0131m\u0131n\u0131 protesto etmek ve hayat\u0131n\u0131 kaybedenleri anmak i\u00e7in d\u00fczenledi\u011fi eylemin ard\u0131ndan tehditlere hedef oldu. Derne\u011fin mail adresine gelen y\u00fczlerce mail ve telefonlarla y\u00f6neticiler tehdit ediliyor. \u0130HD y\u00f6neticileri mahkemeye vermeye haz\u0131rlan\u0131yor. \u0130HD\u2019nin 95. y\u0131l\u0131nda Ermeni ayd\u0131nlar\u0131n\u0131n terene bindirilerek s\u00fcrg\u00fcne g\u00f6nderilerek \u00f6ld\u00fcr\u00fclmesini protesto [&hellip;]","og_url":"https:\/\/akunq.net\/turkish\/2010\/04\/28\/ihdye-yuzlerce-tehdit\/","og_site_name":"Bati Ermenistan Ve Bati Ermenileri Sorunlari Ara\u015ftirmalar Merkezi","article_published_time":"2010-04-28T07:38:47+00:00","author":"kalem","twitter_card":"summary_large_image","twitter_misc":{"Written by":"kalem","Est. reading time":"3 minutes"},"schema":{"@context":"https:\/\/schema.org","@graph":[{"@type":"Article","@id":"https:\/\/akunq.net\/turkish\/2010\/04\/28\/ihdye-yuzlerce-tehdit\/#article","isPartOf":{"@id":"https:\/\/akunq.net\/turkish\/2010\/04\/28\/ihdye-yuzlerce-tehdit\/"},"author":{"name":"kalem","@id":"https:\/\/akunq.net\/turkish\/#\/schema\/person\/135e7923d1aeb8887890799619969a6c"},"headline":"\u0130HD&#8217;ye &#8216;y\u00fczlerce&#8217; tehdit","datePublished":"2010-04-28T07:38:47+00:00","mainEntityOfPage":{"@id":"https:\/\/akunq.net\/turkish\/2010\/04\/28\/ihdye-yuzlerce-tehdit\/"},"wordCount":584,"articleSection":["Haberler"],"inLanguage":"en-US"},{"@type":"WebPage","@id":"https:\/\/akunq.net\/turkish\/2010\/04\/28\/ihdye-yuzlerce-tehdit\/","url":"https:\/\/akunq.net\/turkish\/2010\/04\/28\/ihdye-yuzlerce-tehdit\/","name":"\u0130HD'ye 'y\u00fczlerce' tehdit - Bati Ermenistan Ve Bati Ermenileri Sorunlari Ara\u015ftirmalar Merkezi","isPartOf":{"@id":"https:\/\/akunq.net\/turkish\/#website"},"datePublished":"2010-04-28T07:38:47+00:00","author":{"@id":"https:\/\/akunq.net\/turkish\/#\/schema\/person\/135e7923d1aeb8887890799619969a6c"},"breadcrumb":{"@id":"https:\/\/akunq.net\/turkish\/2010\/04\/28\/ihdye-yuzlerce-tehdit\/#breadcrumb"},"inLanguage":"en-US","potentialAction":[{"@type":"ReadAction","target":["https:\/\/akunq.net\/turkish\/2010\/04\/28\/ihdye-yuzlerce-tehdit\/"]}]},{"@type":"BreadcrumbList","@id":"https:\/\/akunq.net\/turkish\/2010\/04\/28\/ihdye-yuzlerce-tehdit\/#breadcrumb","itemListElement":[{"@type":"ListItem","position":1,"name":"Home","item":"https:\/\/akunq.net\/turkish\/"},{"@type":"ListItem","position":2,"name":"\u0130HD&#8217;ye &#8216;y\u00fczlerce&#8217; tehdit"}]},{"@type":"WebSite","@id":"https:\/\/akunq.net\/turkish\/#website","url":"https:\/\/akunq.net\/turkish\/","name":"Bati Ermenistan Ve Bati Ermenileri Sorunlari Ara\u015ftirmalar Merkezi","description":"","potentialAction":[{"@type":"SearchAction","target":{"@type":"EntryPoint","urlTemplate":"https:\/\/akunq.net\/turkish\/?s={search_term_string}"},"query-input":{"@type":"PropertyValueSpecification","valueRequired":true,"valueName":"search_term_string"}}],"inLanguage":"en-US"},{"@type":"Person","@id":"https:\/\/akunq.net\/turkish\/#\/schema\/person\/135e7923d1aeb8887890799619969a6c","name":"kalem","image":{"@type":"ImageObject","inLanguage":"en-US","@id":"https:\/\/secure.gravatar.com\/avatar\/a06875e4b25feb5674296adf8e8a7ae1e587cebce2493fe63c456109967e27d3?s=96&d=mm&r=g","url":"https:\/\/secure.gravatar.com\/avatar\/a06875e4b25feb5674296adf8e8a7ae1e587cebce2493fe63c456109967e27d3?s=96&d=mm&r=g","contentUrl":"https:\/\/secure.gravatar.com\/avatar\/a06875e4b25feb5674296adf8e8a7ae1e587cebce2493fe63c456109967e27d3?s=96&d=mm&r=g","caption":"kalem"},"url":"https:\/\/akunq.net\/turkish\/author\/kalem\/"}]}},"_links":{"self":[{"href":"https:\/\/akunq.net\/turkish\/wp-json\/wp\/v2\/posts\/627","targetHints":{"allow":["GET"]}}],"collection":[{"href":"https:\/\/akunq.net\/turkish\/wp-json\/wp\/v2\/posts"}],"about":[{"href":"https:\/\/akunq.net\/turkish\/wp-json\/wp\/v2\/types\/post"}],"author":[{"embeddable":true,"href":"https:\/\/akunq.net\/turkish\/wp-json\/wp\/v2\/users\/3"}],"replies":[{"embeddable":true,"href":"https:\/\/akunq.net\/turkish\/wp-json\/wp\/v2\/comments?post=627"}],"version-history":[{"count":0,"href":"https:\/\/akunq.net\/turkish\/wp-json\/wp\/v2\/posts\/627\/revisions"}],"wp:attachment":[{"href":"https:\/\/akunq.net\/turkish\/wp-json\/wp\/v2\/media?parent=627"}],"wp:term":[{"taxonomy":"category","embeddable":true,"href":"https:\/\/akunq.net\/turkish\/wp-json\/wp\/v2\/categories?post=627"},{"taxonomy":"post_tag","embeddable":true,"href":"https:\/\/akunq.net\/turkish\/wp-json\/wp\/v2\/tags?post=627"}],"curies":[{"name":"wp","href":"https:\/\/api.w.org\/{rel}","templated":true}]}}