{"id":624,"date":"2010-04-28T02:06:52","date_gmt":"2010-04-28T07:06:52","guid":{"rendered":"http:\/\/akunq.net\/tr\/?p=624"},"modified":"2010-04-28T02:06:52","modified_gmt":"2010-04-28T07:06:52","slug":"suriye-colunun-ortasinda-bir-24-nisan-cengiz-candar","status":"publish","type":"post","link":"https:\/\/akunq.net\/turkish\/2010\/04\/28\/suriye-colunun-ortasinda-bir-24-nisan-cengiz-candar\/","title":{"rendered":"Suriye \u00e7\u00f6l\u00fcn\u00fcn ortas\u0131nda bir 24 Nisan&#8230; Cengiz \u00c7andar"},"content":{"rendered":"<p style=\"text-align: justify\">Bu sat\u0131rlar\u0131 Suriye \u00e7\u00f6l\u00fcn\u00fcn ortalar\u0131nda bir yerde yaz\u0131yorum. \u0130stanbul\u2019da ilk kez T\u00fcrklerin \u201824 Nisan anmas\u0131\u2019n\u0131n nas\u0131l sonu\u00e7lanaca\u011f\u0131na ya da sonu\u00e7lanm\u0131\u015f olaca\u011f\u0131na- ili\u015fkin hi\u00e7bir bilgim yok. Taksim Meydan\u0131\u2019ndaki toplant\u0131 saat 19:00\u2019da ba\u015flayacakt\u0131. Haydarpa\u015fa Gar\u0131\u2019nda \u00f6\u011fle saatlerindeki toplant\u0131n\u0131n nisbeten \u2018vukuats\u0131z\u2019 ge\u00e7ti\u011fini \u00f6\u011frenmi\u015ftim.<\/p>\n<p style=\"text-align: justify\">Obama\u2019n\u0131n ne dedi\u011finden de haberim yok. Onunla me\u015fgul de de\u011filim.<\/p>\n<p style=\"text-align: justify\">Suriye \u00c7\u00f6l\u00fc\u2019nde yol al\u0131rken, \u0130stanbul\u2019daki bir Ermeni karde\u015fime yaz\u0131l\u0131 mesaj g\u00f6nderdim ve \u2018\u015eu anda \u00e7\u00f6lde Der Zor civar\u0131nda yol al\u0131yoruz\u2019 diye haber vermi\u015ftim. \u2018Haydarpa\u015fa\u2019da yola koyulduklar\u0131 yerden son dura\u011fa selam\u2019 diye cevap geldi.<\/p>\n<p style=\"text-align: justify\">Der Zor, daha do\u011fru ger\u00e7ek ad\u0131yla Deir ez-Zor, Suriye\u2019nin orta do\u011fu y\u00f6n\u00fcnde genellikle \u00e7\u00f6ll\u00fck bir arazideki vilayetin ad\u0131. F\u0131rat nehri ve Irak y\u00f6n\u00fcnde uzan\u0131yor. 1915\u2019teki \u2018Tehcir\u2019, Osmanl\u0131 Ermenilerini bulunduklar\u0131 yerlerden, evlerinden barklar\u0131ndan \u2018sava\u015f durumu\u2019 ve \u2018askeri gerek\u00e7eler\u2019le iddias\u0131yla kald\u0131rarak, Deir ez-Zor\u2019a nakledilme karar\u0131yd\u0131.<\/p>\n<p style=\"text-align: justify\">24 Nisan 1915\u2019te aralar\u0131nda Meclis \u00fcyesi, milletvekili olanlar\u0131n da dahil oldu\u011fu, \u0130stanbul\u2019un ileri gelen Ermeni ayd\u0131nlar\u0131 ve \u015fahsiyetleri Haydarpa\u015fa Gar\u0131\u2019ndan yola \u00e7\u0131kar\u0131ld\u0131lar. 220 ki\u015fiydiler. 139\u2019unun ak\u0131betini daha sonra kimse \u00f6\u011frenemedi.<\/p>\n<p style=\"text-align: justify\">27 May\u0131s 1915 tarihinde ise \u2018Tehcir\u2019 karar\u0131 \u00e7\u0131kt\u0131. Anadolu\u2019nun her yan\u0131ndan, evet her yan\u0131ndan, sadece \u2018cephe\u2019 kabul edilen ve yo\u011fun ya\u015fad\u0131klar\u0131 Do\u011fu Anadolu\u2019dan de\u011fil, Trakya\u2019dan, Bat\u0131 Anadolu\u2019dan ve Orta Anadolu\u2019dan 1 milyona yak\u0131n -\u2019Tehcir\u2019 karar\u0131n\u0131n bir numaral\u0131 sorumlusu Talat Pa\u015fa\u2019n\u0131n defterlerine g\u00f6re 924 bin k\u00fcsur ki\u015fi- Deir ez-Zor\u2019a (Der Zor) kayd\u0131r\u0131lmak \u00fczere, s\u00fcr\u00fcld\u00fcler.<br \/>\n\u2018Yola koyulduklar\u0131 yerden (Haydarpa\u015fa) son duraka selam\u2019dan kas\u0131t i\u015fte bu. \u2018Son durak\u2019a yak\u0131n bir yerde oturmu\u015f ben bu yaz\u0131y\u0131 yaz\u0131yorum.<\/p>\n<p style=\"text-align: justify\">*** Halep\u2019ten Tedmur\u2019a (Palmyra) gitmek \u00fczere, \u015eam y\u00f6n\u00fcnde hareket ederken mesafelere bakt\u0131m. Halep-Tedmur aras\u0131, 335 kilometre. \u0130stanbul-Ankara aras\u0131na yak\u0131n say\u0131labilecek bir mesafe. Halep-\u015eam yar\u0131 yolu Homs \u015fehri. Homs\u2019ta yol g\u00fcneye, \u015eam\u2019a do\u011fru devam ediyor veya do\u011fu y\u00f6n\u00fcne k\u0131vr\u0131l\u0131yorsunuz. D\u00fcmd\u00fcz 800 kilometre sonra Ba\u011fdat. Tedmur ve Deir ez-Zor bu yol \u00fczerinde. Homs kav\u015fa\u011f\u0131ndan do\u011fu y\u00f6n\u00fcne d\u00f6nd\u00fckten onbe\u015f-yirmi dakika sonra ekili alanlar\u0131n son kal\u0131nt\u0131lar\u0131, topo\u011frafyadan siliniyor. \u00c7\u00f6l ba\u015fl\u0131yor. Kimi yerde ince kum, genellikle kat\u0131, sert topra\u011f\u0131n \u00fczerinde seyrek dikenlerden ba\u015fka bir \u015fey g\u00f6z\u00fckmeyen, g\u00f6z ufkunda uzan\u0131p giden bir \u00e7\u00f6l. G\u00fcne\u015f tepede. Nisan ay\u0131nda bile yak\u0131yor. Bu topraklarda y\u00fcr\u00fcmek, akrepler, \u00e7\u0131yanlarla, y\u0131lanlarla ha\u015f\u0131r ne\u015fir olmak olmal\u0131 d\u00fc\u015f\u00fcncesi zihnimi yal\u0131yor \u015fu 2010\u2019un 24 Nisan\u2019\u0131nda. Ayn\u0131 anda ister istemez 1915\u2019in Nisan-May\u0131s-Haziran-Temmuz \u015fartlar\u0131n\u0131 d\u00fc\u015f\u00fcn\u00fcyorum. Yol ald\u0131k\u00e7a, yol levhalar\u0131 da seyreliyor. Giderek iki yere ili\u015fkin y\u00f6n levhalar\u0131 var. \u00dcstte Deir ez-Zor, altta Palmyra yaz\u0131yor. Daha Deir ez-Zor \u015fehrine 200 k\u00fcsur kilometre daha var. \u00dczerinde ot bitmeyen, s\u0131cakla \u00e7atlayan \u00e7\u00f6l topra\u011f\u0131na bak\u0131yorum, \u015fof\u00f6re \u2018Deir ez-Zor \u00e7evresi buraya benziyor mu?\u2019 diye soruyorum; \u2018\u00c7ok benzer\u2019 diyor, \u2018a\u015fa\u011f\u0131 yukar\u0131 buran\u0131n ayn\u0131s\u0131.\u2019<\/p>\n<p style=\"text-align: justify\">Zaten Palmyra vahas\u0131n\u0131n d\u0131\u015f\u0131nda onlarca kilometre bu topra\u011f\u0131n bir s\u00fcrpriz yapmas\u0131na imkan yok. \u00c7\u00f6l i\u015fte. \u00c7\u00f6l. Tekrar 24 Nisan ve 1915\u2019i akl\u0131mdan ge\u00e7iyorum, \u00e7\u00f6l\u00fc seyrederken. Bana bin cilt belge okutsalar, buralar\u0131 bug\u00fcn g\u00f6rd\u00fckten sonra fikrimi de\u011fi\u015ftiremezler art\u0131k.<\/p>\n<p style=\"text-align: justify\">O tarihte, 1915 yaz\u0131nda insanlar\u0131 y\u00fczlerce kilometre \u00f6teden kald\u0131r\u0131p, \u00e7oluk \u00e7ocuk, ya\u015fl\u0131 ve kad\u0131nlarla buraya g\u00f6ndermenin hi\u00e7bir \u2018askeri \u00f6nlem\u2019le a\u00e7\u0131klanmas\u0131 s\u00f6z konusu m\u00fcmk\u00fcn de\u011fildir. Bunun tek a\u00e7\u0131klamas\u0131 olabilir: G\u00f6nderilen insanlar\u0131 imha etmek!<\/p>\n<p style=\"text-align: justify\">Bug\u00fcn bile kafileler halinde, \u00fcstelik Haziran-Temmuz ay\u0131nda bile de\u011fil, Nisan ay\u0131nda onbinlerce insan\u0131 buralarda y\u00fcr\u00fctmeye kalk\u0131\u015fmak, imha edilmelerini istemek demektir.<\/p>\n<p style=\"text-align: justify\">Bunu Deir ez-Zor\u2019u g\u00f6rmeden anlayamazs\u0131n\u0131z. Ya da Der Zor m\u0131nt\u0131kas\u0131n\u0131 g\u00f6r\u00fcnce gayet iyi anlars\u0131n\u0131z&#8230;<\/p>\n<p style=\"text-align: justify\">*** \u0130nsanlar\u0131n o y\u0131llar\u0131n ac\u0131mas\u0131z \u015fartlar\u0131nda yollarda susuzluktan, a\u00e7l\u0131ktan \u00f6lmeleri ya da kimi \u00e7etelerin sald\u0131r\u0131lar\u0131na maruz kalarak \u00f6ld\u00fcr\u00fclmeleri \u015fayet \u2018bir \u015feyin olmad\u0131\u011f\u0131n\u0131n\u2019 ispat\u0131 i\u00e7in ileri s\u00fcr\u00fcl\u00fcyorsa, bu kadar dil d\u00f6kmeye gerek yok. Buralar\u0131 g\u00f6r\u00fcnce, buralara vard\u0131klar\u0131 takdirde de zaten \u2018\u00f6lmeye g\u00f6nderildiklerini\u2019 anlayabilmek i\u00e7in fazla gayret gerekmiyor.<\/p>\n<p style=\"text-align: justify\">Peki, kurtulanlar olmad\u0131 m\u0131? Her\u015feye ra\u011fmen olmu\u015f. Deir ez-Zor\u2019a gelenler, sa\u011fa sola da\u011f\u0131lm\u0131\u015flar. Bug\u00fcn \u2018Diaspora\u2019 denilenlerden zaten bu \u2018k\u0131l\u0131\u00e7 art\u0131klar\u0131\u2019n\u0131n devam\u0131. Bir g\u00fcn \u00f6nce Halep\u2019in eski \u015fehrinde a\u00e7\u0131k olan d\u00fckkanlarda Halep Ermenileriyle yo\u011fun ve sevecen T\u00fcrk\u00e7e sohbetlere koyulmu\u015ftum. Halep Ermenilerin \u00e7o\u011funlu\u011fu Mara\u015fl\u0131, Kilisli, Antepli, \u00c7ukuroval\u0131. Der Zor\u2019a vard\u0131ktan sonra Halep\u2019e yerle\u015fenler. Halep\u2019de T\u00fcrkiye\u2019de bug\u00fcnk\u00fc toplam Ermeni n\u00fcfusunun \u00fc\u00e7 mislinden fazla Ermeni ya\u015f\u0131yor ve T\u00fcrkiye d\u0131\u015f\u0131ndaki Ermenilerin T\u00fcrkiye\u2019ye tart\u0131\u015fmas\u0131z sevecen duygular ifade eden en b\u00fcy\u00fck ve galiba tek kesimi.<\/p>\n<p style=\"text-align: justify\">Gece, \u015fehrin en iyi mutfaklar\u0131ndan birinde Kantara\u2019da yemek yerken, Halep Ermenilerinden biri T\u00fcrk\u00e7e \u015fark\u0131lar seslendiriyor. \u0130flah olmaz bir Zeki M\u00fcren hayran\u0131. 23 Nisan\u2019\u0131 24 Nisan\u2019a ba\u011flayan gece, ertesi g\u00fcne, 24 Nisan\u2019a ili\u015fkin hi\u00e7bir imada bulunulmayan, karde\u015f\u00e7e bir ortam payla\u015f\u0131yoruz. Ertesi g\u00fcn yani 24 Nisan\u2019da Halep Ermenileri sadece d\u00fckkanlar\u0131n\u0131 kapamakla, kul\u00fcplerinde, derneklerinde toplanarak 24 Nisan an\u0131lar\u0131n\u0131 ayakta tutmakla vakur bi\u00e7imde ac\u0131lar\u0131n\u0131 kendi aralar\u0131nda payla\u015f\u0131yorlar. Her y\u0131l b\u00f6yle yap\u0131l\u0131rm\u0131\u015f. Ve ben bir 24 Nisan g\u00fcn\u00fc, bunalt\u0131c\u0131 bir s\u0131cakta Suriye \u00e7\u00f6l\u00fcn\u00fcn ortalar\u0131nda, Der Zor yak\u0131nlar\u0131nda yaz\u0131 yaz\u0131yorum.<\/p>\n<p style=\"text-align: justify\">***G\u00f6rerek \u00f6\u011frendim. Ve bildi\u011fim bir \u015feyi bir kez daha g\u00fc\u00e7l\u00fc bir inan\u00e7la tekrarlamak ihtiyac\u0131 duyuyorum: T\u00fcrkler ile Ermeniler, M\u00fcsl\u00fcmanlar ile Hristiyanlar mutlaka 24 Nisan \u00fczerinden bar\u0131\u015fman\u0131n, \u2018ebedi bar\u0131\u015f\u2019a ula\u015fman\u0131n bir yolunu bulmak zorundalar.<\/p>\n<p style=\"text-align: justify\">Dedi\u011fim gibi, bunu zaten biliyordum ve bunun i\u00e7in bir 24 Nisan\u2019da Der Zor civar\u0131nda bulunmak gerekmezdi. Ama bu inan\u00e7 da, Deir ez-Zor yak\u0131nlar\u0131nda bir 24 Nisan g\u00fcn\u00fcnden gayr\u0131 hi\u00e7bir vakit bu kadar g\u00fc\u00e7l\u00fc hissedilmeyebilir&#8230;<\/p>\n<p style=\"text-align: justify\"><strong>Cengiz \u00c7andar<\/strong><strong> \u00a0<\/strong>radikal.com.tr \u00a025.4.2010<\/p>\n","protected":false},"excerpt":{"rendered":"<p>Bu sat\u0131rlar\u0131 Suriye \u00e7\u00f6l\u00fcn\u00fcn ortalar\u0131nda bir yerde yaz\u0131yorum. \u0130stanbul\u2019da ilk kez T\u00fcrklerin \u201824 Nisan anmas\u0131\u2019n\u0131n nas\u0131l sonu\u00e7lanaca\u011f\u0131na ya da sonu\u00e7lanm\u0131\u015f olaca\u011f\u0131na- ili\u015fkin hi\u00e7bir bilgim yok. Taksim Meydan\u0131\u2019ndaki toplant\u0131 saat 19:00\u2019da ba\u015flayacakt\u0131. Haydarpa\u015fa Gar\u0131\u2019nda \u00f6\u011fle saatlerindeki toplant\u0131n\u0131n nisbeten \u2018vukuats\u0131z\u2019 ge\u00e7ti\u011fini \u00f6\u011frenmi\u015ftim. Obama\u2019n\u0131n ne dedi\u011finden de haberim yok. Onunla me\u015fgul de de\u011filim. Suriye \u00c7\u00f6l\u00fc\u2019nde yol al\u0131rken, \u0130stanbul\u2019daki [&hellip;]<\/p>\n","protected":false},"author":3,"featured_media":0,"comment_status":"closed","ping_status":"open","sticky":false,"template":"","format":"standard","meta":{"footnotes":""},"categories":[6,14],"tags":[],"class_list":["post-624","post","type-post","status-publish","format-standard","hentry","category-ermeni-soykirimi","category-haberler"],"yoast_head":"<!-- This site is optimized with the Yoast SEO plugin v27.4 - https:\/\/yoast.com\/product\/yoast-seo-wordpress\/ -->\n<title>Suriye \u00e7\u00f6l\u00fcn\u00fcn ortas\u0131nda bir 24 Nisan... Cengiz \u00c7andar - Bati Ermenistan Ve Bati Ermenileri Sorunlari Ara\u015ftirmalar Merkezi<\/title>\n<meta name=\"robots\" content=\"index, follow, max-snippet:-1, max-image-preview:large, max-video-preview:-1\" \/>\n<link rel=\"canonical\" href=\"https:\/\/akunq.net\/turkish\/2010\/04\/28\/suriye-colunun-ortasinda-bir-24-nisan-cengiz-candar\/\" \/>\n<meta property=\"og:locale\" content=\"en_US\" \/>\n<meta property=\"og:type\" content=\"article\" \/>\n<meta property=\"og:title\" content=\"Suriye \u00e7\u00f6l\u00fcn\u00fcn ortas\u0131nda bir 24 Nisan... Cengiz \u00c7andar - Bati Ermenistan Ve Bati Ermenileri Sorunlari Ara\u015ftirmalar Merkezi\" \/>\n<meta property=\"og:description\" content=\"Bu sat\u0131rlar\u0131 Suriye \u00e7\u00f6l\u00fcn\u00fcn ortalar\u0131nda bir yerde yaz\u0131yorum. \u0130stanbul\u2019da ilk kez T\u00fcrklerin \u201824 Nisan anmas\u0131\u2019n\u0131n nas\u0131l sonu\u00e7lanaca\u011f\u0131na ya da sonu\u00e7lanm\u0131\u015f olaca\u011f\u0131na- ili\u015fkin hi\u00e7bir bilgim yok. Taksim Meydan\u0131\u2019ndaki toplant\u0131 saat 19:00\u2019da ba\u015flayacakt\u0131. Haydarpa\u015fa Gar\u0131\u2019nda \u00f6\u011fle saatlerindeki toplant\u0131n\u0131n nisbeten \u2018vukuats\u0131z\u2019 ge\u00e7ti\u011fini \u00f6\u011frenmi\u015ftim. Obama\u2019n\u0131n ne dedi\u011finden de haberim yok. Onunla me\u015fgul de de\u011filim. Suriye \u00c7\u00f6l\u00fc\u2019nde yol al\u0131rken, \u0130stanbul\u2019daki [&hellip;]\" \/>\n<meta property=\"og:url\" content=\"https:\/\/akunq.net\/turkish\/2010\/04\/28\/suriye-colunun-ortasinda-bir-24-nisan-cengiz-candar\/\" \/>\n<meta property=\"og:site_name\" content=\"Bati Ermenistan Ve Bati Ermenileri Sorunlari Ara\u015ftirmalar Merkezi\" \/>\n<meta property=\"article:published_time\" content=\"2010-04-28T07:06:52+00:00\" \/>\n<meta name=\"author\" content=\"kalem\" \/>\n<meta name=\"twitter:card\" content=\"summary_large_image\" \/>\n<meta name=\"twitter:label1\" content=\"Written by\" \/>\n\t<meta name=\"twitter:data1\" content=\"kalem\" \/>\n\t<meta name=\"twitter:label2\" content=\"Est. reading time\" \/>\n\t<meta name=\"twitter:data2\" content=\"6 minutes\" \/>\n<script type=\"application\/ld+json\" class=\"yoast-schema-graph\">{\"@context\":\"https:\\\/\\\/schema.org\",\"@graph\":[{\"@type\":\"Article\",\"@id\":\"https:\\\/\\\/akunq.net\\\/turkish\\\/2010\\\/04\\\/28\\\/suriye-colunun-ortasinda-bir-24-nisan-cengiz-candar\\\/#article\",\"isPartOf\":{\"@id\":\"https:\\\/\\\/akunq.net\\\/turkish\\\/2010\\\/04\\\/28\\\/suriye-colunun-ortasinda-bir-24-nisan-cengiz-candar\\\/\"},\"author\":{\"name\":\"kalem\",\"@id\":\"https:\\\/\\\/akunq.net\\\/turkish\\\/#\\\/schema\\\/person\\\/135e7923d1aeb8887890799619969a6c\"},\"headline\":\"Suriye \u00e7\u00f6l\u00fcn\u00fcn ortas\u0131nda bir 24 Nisan&#8230; Cengiz \u00c7andar\",\"datePublished\":\"2010-04-28T07:06:52+00:00\",\"mainEntityOfPage\":{\"@id\":\"https:\\\/\\\/akunq.net\\\/turkish\\\/2010\\\/04\\\/28\\\/suriye-colunun-ortasinda-bir-24-nisan-cengiz-candar\\\/\"},\"wordCount\":1122,\"articleSection\":[\"Ermeni Soyk\u0131r\u0131m\u0131\",\"Haberler\"],\"inLanguage\":\"en-US\"},{\"@type\":\"WebPage\",\"@id\":\"https:\\\/\\\/akunq.net\\\/turkish\\\/2010\\\/04\\\/28\\\/suriye-colunun-ortasinda-bir-24-nisan-cengiz-candar\\\/\",\"url\":\"https:\\\/\\\/akunq.net\\\/turkish\\\/2010\\\/04\\\/28\\\/suriye-colunun-ortasinda-bir-24-nisan-cengiz-candar\\\/\",\"name\":\"Suriye \u00e7\u00f6l\u00fcn\u00fcn ortas\u0131nda bir 24 Nisan... Cengiz \u00c7andar - Bati Ermenistan Ve Bati Ermenileri Sorunlari Ara\u015ftirmalar Merkezi\",\"isPartOf\":{\"@id\":\"https:\\\/\\\/akunq.net\\\/turkish\\\/#website\"},\"datePublished\":\"2010-04-28T07:06:52+00:00\",\"author\":{\"@id\":\"https:\\\/\\\/akunq.net\\\/turkish\\\/#\\\/schema\\\/person\\\/135e7923d1aeb8887890799619969a6c\"},\"breadcrumb\":{\"@id\":\"https:\\\/\\\/akunq.net\\\/turkish\\\/2010\\\/04\\\/28\\\/suriye-colunun-ortasinda-bir-24-nisan-cengiz-candar\\\/#breadcrumb\"},\"inLanguage\":\"en-US\",\"potentialAction\":[{\"@type\":\"ReadAction\",\"target\":[\"https:\\\/\\\/akunq.net\\\/turkish\\\/2010\\\/04\\\/28\\\/suriye-colunun-ortasinda-bir-24-nisan-cengiz-candar\\\/\"]}]},{\"@type\":\"BreadcrumbList\",\"@id\":\"https:\\\/\\\/akunq.net\\\/turkish\\\/2010\\\/04\\\/28\\\/suriye-colunun-ortasinda-bir-24-nisan-cengiz-candar\\\/#breadcrumb\",\"itemListElement\":[{\"@type\":\"ListItem\",\"position\":1,\"name\":\"Home\",\"item\":\"https:\\\/\\\/akunq.net\\\/turkish\\\/\"},{\"@type\":\"ListItem\",\"position\":2,\"name\":\"Suriye \u00e7\u00f6l\u00fcn\u00fcn ortas\u0131nda bir 24 Nisan&#8230; Cengiz \u00c7andar\"}]},{\"@type\":\"WebSite\",\"@id\":\"https:\\\/\\\/akunq.net\\\/turkish\\\/#website\",\"url\":\"https:\\\/\\\/akunq.net\\\/turkish\\\/\",\"name\":\"Bati Ermenistan Ve Bati Ermenileri Sorunlari Ara\u015ftirmalar Merkezi\",\"description\":\"\",\"potentialAction\":[{\"@type\":\"SearchAction\",\"target\":{\"@type\":\"EntryPoint\",\"urlTemplate\":\"https:\\\/\\\/akunq.net\\\/turkish\\\/?s={search_term_string}\"},\"query-input\":{\"@type\":\"PropertyValueSpecification\",\"valueRequired\":true,\"valueName\":\"search_term_string\"}}],\"inLanguage\":\"en-US\"},{\"@type\":\"Person\",\"@id\":\"https:\\\/\\\/akunq.net\\\/turkish\\\/#\\\/schema\\\/person\\\/135e7923d1aeb8887890799619969a6c\",\"name\":\"kalem\",\"image\":{\"@type\":\"ImageObject\",\"inLanguage\":\"en-US\",\"@id\":\"https:\\\/\\\/secure.gravatar.com\\\/avatar\\\/a06875e4b25feb5674296adf8e8a7ae1e587cebce2493fe63c456109967e27d3?s=96&d=mm&r=g\",\"url\":\"https:\\\/\\\/secure.gravatar.com\\\/avatar\\\/a06875e4b25feb5674296adf8e8a7ae1e587cebce2493fe63c456109967e27d3?s=96&d=mm&r=g\",\"contentUrl\":\"https:\\\/\\\/secure.gravatar.com\\\/avatar\\\/a06875e4b25feb5674296adf8e8a7ae1e587cebce2493fe63c456109967e27d3?s=96&d=mm&r=g\",\"caption\":\"kalem\"},\"url\":\"https:\\\/\\\/akunq.net\\\/turkish\\\/author\\\/kalem\\\/\"}]}<\/script>\n<!-- \/ Yoast SEO plugin. -->","yoast_head_json":{"title":"Suriye \u00e7\u00f6l\u00fcn\u00fcn ortas\u0131nda bir 24 Nisan... Cengiz \u00c7andar - Bati Ermenistan Ve Bati Ermenileri Sorunlari Ara\u015ftirmalar Merkezi","robots":{"index":"index","follow":"follow","max-snippet":"max-snippet:-1","max-image-preview":"max-image-preview:large","max-video-preview":"max-video-preview:-1"},"canonical":"https:\/\/akunq.net\/turkish\/2010\/04\/28\/suriye-colunun-ortasinda-bir-24-nisan-cengiz-candar\/","og_locale":"en_US","og_type":"article","og_title":"Suriye \u00e7\u00f6l\u00fcn\u00fcn ortas\u0131nda bir 24 Nisan... Cengiz \u00c7andar - Bati Ermenistan Ve Bati Ermenileri Sorunlari Ara\u015ftirmalar Merkezi","og_description":"Bu sat\u0131rlar\u0131 Suriye \u00e7\u00f6l\u00fcn\u00fcn ortalar\u0131nda bir yerde yaz\u0131yorum. \u0130stanbul\u2019da ilk kez T\u00fcrklerin \u201824 Nisan anmas\u0131\u2019n\u0131n nas\u0131l sonu\u00e7lanaca\u011f\u0131na ya da sonu\u00e7lanm\u0131\u015f olaca\u011f\u0131na- ili\u015fkin hi\u00e7bir bilgim yok. Taksim Meydan\u0131\u2019ndaki toplant\u0131 saat 19:00\u2019da ba\u015flayacakt\u0131. Haydarpa\u015fa Gar\u0131\u2019nda \u00f6\u011fle saatlerindeki toplant\u0131n\u0131n nisbeten \u2018vukuats\u0131z\u2019 ge\u00e7ti\u011fini \u00f6\u011frenmi\u015ftim. Obama\u2019n\u0131n ne dedi\u011finden de haberim yok. Onunla me\u015fgul de de\u011filim. Suriye \u00c7\u00f6l\u00fc\u2019nde yol al\u0131rken, \u0130stanbul\u2019daki [&hellip;]","og_url":"https:\/\/akunq.net\/turkish\/2010\/04\/28\/suriye-colunun-ortasinda-bir-24-nisan-cengiz-candar\/","og_site_name":"Bati Ermenistan Ve Bati Ermenileri Sorunlari Ara\u015ftirmalar Merkezi","article_published_time":"2010-04-28T07:06:52+00:00","author":"kalem","twitter_card":"summary_large_image","twitter_misc":{"Written by":"kalem","Est. reading time":"6 minutes"},"schema":{"@context":"https:\/\/schema.org","@graph":[{"@type":"Article","@id":"https:\/\/akunq.net\/turkish\/2010\/04\/28\/suriye-colunun-ortasinda-bir-24-nisan-cengiz-candar\/#article","isPartOf":{"@id":"https:\/\/akunq.net\/turkish\/2010\/04\/28\/suriye-colunun-ortasinda-bir-24-nisan-cengiz-candar\/"},"author":{"name":"kalem","@id":"https:\/\/akunq.net\/turkish\/#\/schema\/person\/135e7923d1aeb8887890799619969a6c"},"headline":"Suriye \u00e7\u00f6l\u00fcn\u00fcn ortas\u0131nda bir 24 Nisan&#8230; Cengiz \u00c7andar","datePublished":"2010-04-28T07:06:52+00:00","mainEntityOfPage":{"@id":"https:\/\/akunq.net\/turkish\/2010\/04\/28\/suriye-colunun-ortasinda-bir-24-nisan-cengiz-candar\/"},"wordCount":1122,"articleSection":["Ermeni Soyk\u0131r\u0131m\u0131","Haberler"],"inLanguage":"en-US"},{"@type":"WebPage","@id":"https:\/\/akunq.net\/turkish\/2010\/04\/28\/suriye-colunun-ortasinda-bir-24-nisan-cengiz-candar\/","url":"https:\/\/akunq.net\/turkish\/2010\/04\/28\/suriye-colunun-ortasinda-bir-24-nisan-cengiz-candar\/","name":"Suriye \u00e7\u00f6l\u00fcn\u00fcn ortas\u0131nda bir 24 Nisan... Cengiz \u00c7andar - Bati Ermenistan Ve Bati Ermenileri Sorunlari Ara\u015ftirmalar Merkezi","isPartOf":{"@id":"https:\/\/akunq.net\/turkish\/#website"},"datePublished":"2010-04-28T07:06:52+00:00","author":{"@id":"https:\/\/akunq.net\/turkish\/#\/schema\/person\/135e7923d1aeb8887890799619969a6c"},"breadcrumb":{"@id":"https:\/\/akunq.net\/turkish\/2010\/04\/28\/suriye-colunun-ortasinda-bir-24-nisan-cengiz-candar\/#breadcrumb"},"inLanguage":"en-US","potentialAction":[{"@type":"ReadAction","target":["https:\/\/akunq.net\/turkish\/2010\/04\/28\/suriye-colunun-ortasinda-bir-24-nisan-cengiz-candar\/"]}]},{"@type":"BreadcrumbList","@id":"https:\/\/akunq.net\/turkish\/2010\/04\/28\/suriye-colunun-ortasinda-bir-24-nisan-cengiz-candar\/#breadcrumb","itemListElement":[{"@type":"ListItem","position":1,"name":"Home","item":"https:\/\/akunq.net\/turkish\/"},{"@type":"ListItem","position":2,"name":"Suriye \u00e7\u00f6l\u00fcn\u00fcn ortas\u0131nda bir 24 Nisan&#8230; Cengiz \u00c7andar"}]},{"@type":"WebSite","@id":"https:\/\/akunq.net\/turkish\/#website","url":"https:\/\/akunq.net\/turkish\/","name":"Bati Ermenistan Ve Bati Ermenileri Sorunlari Ara\u015ftirmalar Merkezi","description":"","potentialAction":[{"@type":"SearchAction","target":{"@type":"EntryPoint","urlTemplate":"https:\/\/akunq.net\/turkish\/?s={search_term_string}"},"query-input":{"@type":"PropertyValueSpecification","valueRequired":true,"valueName":"search_term_string"}}],"inLanguage":"en-US"},{"@type":"Person","@id":"https:\/\/akunq.net\/turkish\/#\/schema\/person\/135e7923d1aeb8887890799619969a6c","name":"kalem","image":{"@type":"ImageObject","inLanguage":"en-US","@id":"https:\/\/secure.gravatar.com\/avatar\/a06875e4b25feb5674296adf8e8a7ae1e587cebce2493fe63c456109967e27d3?s=96&d=mm&r=g","url":"https:\/\/secure.gravatar.com\/avatar\/a06875e4b25feb5674296adf8e8a7ae1e587cebce2493fe63c456109967e27d3?s=96&d=mm&r=g","contentUrl":"https:\/\/secure.gravatar.com\/avatar\/a06875e4b25feb5674296adf8e8a7ae1e587cebce2493fe63c456109967e27d3?s=96&d=mm&r=g","caption":"kalem"},"url":"https:\/\/akunq.net\/turkish\/author\/kalem\/"}]}},"_links":{"self":[{"href":"https:\/\/akunq.net\/turkish\/wp-json\/wp\/v2\/posts\/624","targetHints":{"allow":["GET"]}}],"collection":[{"href":"https:\/\/akunq.net\/turkish\/wp-json\/wp\/v2\/posts"}],"about":[{"href":"https:\/\/akunq.net\/turkish\/wp-json\/wp\/v2\/types\/post"}],"author":[{"embeddable":true,"href":"https:\/\/akunq.net\/turkish\/wp-json\/wp\/v2\/users\/3"}],"replies":[{"embeddable":true,"href":"https:\/\/akunq.net\/turkish\/wp-json\/wp\/v2\/comments?post=624"}],"version-history":[{"count":0,"href":"https:\/\/akunq.net\/turkish\/wp-json\/wp\/v2\/posts\/624\/revisions"}],"wp:attachment":[{"href":"https:\/\/akunq.net\/turkish\/wp-json\/wp\/v2\/media?parent=624"}],"wp:term":[{"taxonomy":"category","embeddable":true,"href":"https:\/\/akunq.net\/turkish\/wp-json\/wp\/v2\/categories?post=624"},{"taxonomy":"post_tag","embeddable":true,"href":"https:\/\/akunq.net\/turkish\/wp-json\/wp\/v2\/tags?post=624"}],"curies":[{"name":"wp","href":"https:\/\/api.w.org\/{rel}","templated":true}]}}