{"id":616,"date":"2010-02-25T09:01:06","date_gmt":"2010-02-25T14:01:06","guid":{"rendered":"http:\/\/akunq.net\/tr\/?p=616"},"modified":"2010-02-25T09:01:06","modified_gmt":"2010-02-25T14:01:06","slug":"buyuk-hayk","status":"publish","type":"post","link":"https:\/\/akunq.net\/turkish\/2010\/02\/25\/buyuk-hayk\/","title":{"rendered":"B\u00fcy\u00fck Hayk"},"content":{"rendered":"<p style=\"text-align: justify\"><a rel=\"attachment wp-att-617\" href=\"http:\/\/akunq.net\/tr\/2010\/02\/25\/buyuk-hayk\/%d5%b4%d5%a5%d5%ae-%d5%b0%d5%a1%d5%b5%d6%84-greater-armenia\/\"><img loading=\"lazy\" decoding=\"async\" class=\"alignnone size-full wp-image-617\" title=\"\u0544\u0565\u056e \u0540\u0561\u0575\u0584 Greater Armenia\" src=\"http:\/\/akunq.net\/tr\/wp-content\/uploads\/2010\/04\/\u0544\u0565\u056e-\u0540\u0561\u0575\u0584-Greater-Armenia.gif\" alt=\"\" width=\"551\" height=\"359\" \/><\/a><\/p>\n<p style=\"text-align: justify\">Bir ulusun tarihi, o ulusun, do\u011fumundan ba\u015flay\u0131p g\u00fcn\u00fcm\u00fcze kadar ula\u015fan biyografisidir. \u00d6l\u00fcmleriyle birlikte tarihleri de son bulmu\u015f olan, tarih sahnesinden uzakla\u015fm\u0131\u015f halklar da vard\u0131r<\/p>\n<p style=\"text-align: justify\">Tarih, devaml\u0131 canl\u0131 tutulmas\u0131 gereken, ulusun toplu haf\u0131zas\u0131d\u0131r.<\/p>\n<p style=\"text-align: justify\">Ermeniler d\u00fcnyan\u0131n en eski halklar\u0131ndan biridir. Tarihin ilk d\u00f6nemlerinden beri kom\u015fuluk yapt\u0131klar\u0131 S\u00fcmerler, Asur-Babilliler (Akatlar) ve Hititler yok olmu\u015flar, G\u00fcrc\u00fcler, Yunanl\u0131lar, Persler, Araplar gibi di\u011fer kom\u015fular\u0131 ise varl\u0131klar\u0131n\u0131 s\u00fcrd\u00fcrmektedirler.<\/p>\n<p style=\"text-align: justify\">Bir halk\u0131n do\u011fu\u015f tarihini belirlemek i\u00e7in o d\u00f6nemlerde ya\u015fam\u0131\u015f olan kom\u015fular\u0131n\u0131n tarihini, kaz\u0131lar esnas\u0131nda bulunmu\u015f olan malzemeleri ve an\u0131tlar\u0131n \u00fczerine kaz\u0131lm\u0131\u015f olan yaz\u0131tlar\u0131 incelemek gerekir.<\/p>\n<p style=\"text-align: justify\">Ermeni Y\u00fcksek Platosu (B\u00fcy\u00fck Hayk olarak da an\u0131lmaktad\u0131r), Ge\u00e7 Ta\u015f Devri\u2019nden (Paleolitik \u00e7a\u011f) beri insan neslinin yerle\u015fim yerlerinden biri olmu\u015ftur. Ermenistan B\u00f6lgesi\u2019nde, Ge\u00e7 Ta\u015f Devri ba\u015flang\u0131\u00e7 d\u00f6nemine ait, yakla\u015f\u0131k 800 000 y\u0131ll\u0131k ta\u015f aletler bulunmu\u015ftur.<\/p>\n<p style=\"text-align: justify\">Ekonomik ve k\u00fclt\u00fcrel ba\u011flar ve ortak d\u00fc\u015fmana birlikte kar\u015f\u0131 koyma gereksinimi, soy birliklerin do\u011fmas\u0131na yol a\u00e7m\u0131\u015ft\u0131r. Daha ileriki d\u00f6nemlerde ise, bu soy birliklerinin kayna\u015fmas\u0131yla, kendine \u00f6zg\u00fc dili ve b\u00f6lgesiyle uluslar \u015fekillenmi\u015ftir.<\/p>\n<p style=\"text-align: justify\">Ermeni dili sadece Ermenilere \u00f6zg\u00fc olup Hint-Avrupa ana dil ailesinin bir koludur. Yunan, Fars, Hint, Arnavut, Slav, Romen ve Alman dilleri de ayn\u0131 dil ailesine mensuptur.<\/p>\n<p style=\"text-align: justify\">Baz\u0131 dilbilimcilere g\u00f6re Hint-Avrupa dillerinin anavatan\u0131, merkezi K\u00fc\u00e7\u00fck Asya ve Ermeni Platosu\u2019nu i\u00e7ine alan b\u00f6lgedir. Bilim adamlar\u0131n\u0131n bir k\u0131sm\u0131 ise bu b\u00f6lgenin Pers topraklar\u0131n\u0131 ve hatta Hindistan\u2019\u0131 da i\u00e7ine ald\u0131\u011f\u0131n\u0131 d\u00fc\u015f\u00fcnmektedir.<\/p>\n<p style=\"text-align: justify\">Dillerin incelenmesi, kom\u015fu halklar aras\u0131ndaki s\u00f6zc\u00fck al\u0131\u015fveri\u015fi ve etkilenmelerini ortaya \u00e7\u0131karmaktad\u0131r. An\u0131tlar \u00fczerine kay\u0131tl\u0131 olan yaz\u0131tlar\u0131n incelenmesi de halklar\u0131n birbirleriyle olan ili\u015fkilerini bize g\u00f6stermektedir.<\/p>\n<p style=\"text-align: justify\">S\u00fcmerler, Mezopotamya\u2019da ya\u015fad\u0131ktan sonra M.\u00d6.3. y\u00fczy\u0131lda di\u011fer halklara kar\u0131\u015f\u0131p tarih sahnesinden \u00e7ekilmi\u015f bir soydur.<\/p>\n<p style=\"text-align: justify\">S\u00fcmerler, \u00e7ivi yaz\u0131s\u0131 olarak adland\u0131rd\u0131\u011f\u0131m\u0131z yaz\u0131n\u0131n mucitleridir. \u00c7ivi yaz\u0131lar\u0131, S\u00fcmerlerin haricinde Akat, Hitit, Elam ve Hurri dilinde yaz\u0131lm\u0131\u015f kay\u0131tlarda da kullan\u0131lm\u0131\u015ft\u0131r. G\u00fcn\u00fcm\u00fczde, farkl\u0131 dillerin yaz\u0131ya d\u00f6k\u00fclmesi niyetiyle Latin alfabesinin kullan\u0131ld\u0131\u011f\u0131 gibi. Fars\u00e7a ve Arap\u00e7a da farkl\u0131 diller olmalar\u0131na ra\u011fmen, ikisi de ayn\u0131 Arap alfabesini kullanmaktad\u0131rlar.<\/p>\n<p style=\"text-align: justify\">Ermenicede, S\u00fcmer dilinden al\u0131nm\u0131\u015f kelimelerin varl\u0131\u011f\u0131 tespit edilmi\u015ftir. Kar\u015f\u0131l\u0131kl\u0131 dil etkile\u015fimi ve s\u00f6zc\u00fcklerin bir dilden di\u011ferine ge\u00e7i\u015fi uzun s\u00fcreli kom\u015fuluk ili\u015fkileri sonucu ger\u00e7ekle\u015fmektedir. Bu y\u00fczden de Ermenilerin, S\u00fcmerler d\u00f6neminde var olduklar\u0131 ve onlarla kom\u015fuluk ili\u015fkileri i\u00e7inde bulunmu\u015f olduklar\u0131 ortaya \u00e7\u0131kmaktad\u0131r.<\/p>\n<p style=\"text-align: justify\">S\u00fcmer\u2019den \u00f6nce, M.\u00d6.24\u201323. y\u00fczy\u0131llar\u0131nda, Akat K\u0131rall\u0131\u011f\u0131 var olmu\u015ftur. B\u00fcy\u00fck Hayk B\u00f6lgesi\u2019nin g\u00fcney k\u0131smn\u0131nda bulunmu\u015f olan ve M.\u00d6.2270\u20132230 y\u0131llar\u0131na ait Akat yaz\u0131tlar\u0131nda, kendi \u00fclkelerinin kuzeyinde bulunan Armani (Armanum) \u00fclkesinden ve bu \u00fclkenin kral\u0131n\u0131n kendilerine kar\u015f\u0131 koydu\u011fundan bahsedilmektedir.<\/p>\n<p style=\"text-align: justify\">Hititler\u2019in (Hatlar) \u00e7ivi yaz\u0131l\u0131 kay\u0131tlar\u0131nda da Ermenilerden s\u00f6z edilmektedir. Farkl\u0131 tarihlerde kaydedilmi\u015f olan yaz\u0131tlara g\u00f6re (M.\u00d6.1400\u20131380, 1380\u20131340, 1275\u20131250) Hititler, Ermenistan\u2019a ak\u0131nlar ger\u00e7ekle\u015ftirmi\u015f ve antla\u015fmalar yapm\u0131\u015flard\u0131r. Hititler\u2019in anavatan\u0131, merkezi K\u00fc\u00e7\u00fck Asya ve B\u00fcy\u00fck Hayk\u2019\u0131n yani Ermenistan\u2019\u0131n bat\u0131 k\u0131sm\u0131 olmu\u015ftur. Bu yaz\u0131tlarda, Ermenistan\u2019\u0131 betimlemek i\u00e7in Hayassa ismi kullan\u0131lm\u0131\u015ft\u0131r. <em>Asa<\/em> eki, Hititler taraf\u0131ndan yer g\u00f6steren son tak\u0131 olarak kullan\u0131lm\u0131\u015ft\u0131r. Hitit kral\u0131 IV. Tuthalia (M.\u00d6.1250\u20131220) ve Asur kral\u0131 I. Tukulti-Ninurta (M.\u00d6.1243\u20131221) aras\u0131nda yap\u0131lan mektupla\u015fmalarda, Hitit kral\u0131 taraf\u0131ndan Ermenistan i\u00e7in Hayassa, cevabi mektubunda ise Asur kral\u0131 taraf\u0131ndan Nairi ismi kullan\u0131lm\u0131\u015ft\u0131r.<\/p>\n<p style=\"text-align: justify\">M.\u00d6.1275\u20131245 tarihli \u00e7ivi yaz\u0131l\u0131 Asur kay\u0131tlar\u0131nda da Urartular\u2019\u0131n isyan\u0131ndan bahs edilmektedir. M.\u00d6.1115\u20131077 y\u0131llar\u0131 kay\u0131tlar\u0131nda Nairi \u00fclkesinin 23 kral\u0131na kar\u015f\u0131 yap\u0131lan sava\u015flar hakk\u0131nda veriler vard\u0131r. Nairi kelimesi, Akat dilinde nehir veya nehirler \u00fclkesi anlam\u0131na gelmektedir. B\u00fcy\u00fck Hayk F\u0131rat, Dicle, Kur, Aras, Alis ve \u00c7oruh gibi b\u00fcy\u00fck nehirlere sahiptir.<\/p>\n<p style=\"text-align: justify\">T\u00fcm bu yaz\u0131tlardan, o tarihlerde Ermeni soyuna mensup farkl\u0131 boylar\u0131n B\u00fcy\u00fck Hayk B\u00f6lgesi\u2019nde ya\u015fay\u0131p hen\u00fcz ortak bir devlet kurmam\u0131\u015f olduklar\u0131 anla\u015f\u0131lmaktad\u0131r.<\/p>\n<p style=\"text-align: justify\">M.\u00d6.883\u2013859 yaz\u0131tlar\u0131nda da Ermenistan i\u00e7in Nairi ismi kullan\u0131lm\u0131\u015ft\u0131r. M.\u00d6.855 y\u0131l\u0131 kay\u0131tlar\u0131na g\u00f6re, Asur kral\u0131 \u201cNairi \u00fclkesinin denizine (Van G\u00f6l\u00fc)\u201d gitmektedir. Bu c\u00fcmlede Ermenistan, Nairi olarak adland\u0131r\u0131lmaktad\u0131r, fakat ayn\u0131 yaz\u0131ttaki \u201cUrartu\u2019lu Armau\u2019nun Artsza\u015fku Krall\u0131\u011f\u0131\u201dndan bahsedilirken, ilk defa olarak Urartu ad\u0131na rastlamaktay\u0131z. Ayn\u0131 yaz\u0131tta ve ayn\u0131 b\u00f6lgenin \u00fclkeleri olarak Alzi, Sukhm, Dayaeni, Enzi ve Aza isimleri de ge\u00e7mektedir. Bu yaz\u0131ttan, Aram\u2019\u0131n (Aramu) Ermeni boylar\u0131n\u0131 \u201cUrartu Devleti\u201d ad\u0131 alt\u0131nda birle\u015ftirmeye ba\u015flam\u0131\u015f oldu\u011fu sonucunu \u00e7\u0131karmaktay\u0131z. Di\u011fer isimler, hen\u00fcz bu birli\u011fe d\u00e2hil edilmemi\u015f \u015fehir-devletlerdir.<\/p>\n<p style=\"text-align: justify\">\u0130ran\u2019\u0131n Kirman\u015fah \u015fehrinin Behistun k\u00f6y\u00fc yak\u0131nlar\u0131nda bulunan Akemenik Krall\u0131\u011f\u0131\u2019na (M.\u00d6.550\u2013330) ait an\u0131tlardaki yaz\u0131tlarda, eski Fars\u00e7a, Akat\u00e7a ve Elam dilinde olmak \u00fczere \u00fc\u00e7 dilde kay\u0131tlara rastlamaktay\u0131z. Bu kay\u0131tlarda Ermenistan i\u00e7in, eski Fars diliyle Arminia, Akat\u00e7a Urartu (Ura\u015ftu) ve Elam diliyle de Harminuea isimleri kullan\u0131lm\u0131\u015ft\u0131r.<\/p>\n<p style=\"text-align: justify\">Eski Ahit\u2019in \u0130branice orijinalinin Ermenice, Yunanca ve Asurca terc\u00fcmelerinde de Ermenistan i\u00e7in iki ayr\u0131 isim kullan\u0131lm\u0131\u015ft\u0131r. Asur kral\u0131 Senekerim\u2019le (M.\u00d6.705\u2013681) ilgili olarak Ararat \u00dclkesi (IV Krallar XIX 36\u201337), peygamber Yeremia (M.\u00d6.610\u2013586) b\u00f6l\u00fcm\u00fcnde ise Ararat Krall\u0131\u011f\u0131 (Yeremia 51 27) olarak ge\u00e7mektedir. De\u011fi\u015fik zamanlarda farkl\u0131 isimler kullanan halklar var olmu\u015ftur ve bug\u00fcn de vard\u0131rlar. Ermeniler klasik Ermenicenin kullan\u0131ld\u0131\u011f\u0131 d\u00f6nemlerde G\u00fcrcistan\u2019\u0131 Virk adland\u0131rm\u0131\u015flard\u0131r. G\u00fcrc\u00fcler de Ermenileri Somekhi, Ermenistan\u2019\u0131 ise Somkheti olarak anmaktad\u0131rlar. Bu \u00fclke T\u00fcrk\u00e7ede G\u00fcrcistan, Almancada Georgien, di\u011fer dillerde de Corcia olarak an\u0131lmaktad\u0131r. Ermenicede Yegiptos olarak an\u0131lan \u00fclke \u0130ngilizce Ecipt, T\u00fcrk\u00e7ede ise M\u0131s\u0131r adland\u0131r\u0131l\u0131r. Hinditan\u2019a, \u0130ndia denmekte, Ermenicede Germania an\u0131lan \u00fclke \u0130ngilizce\u2019de Cerm\u0131ni, Almancada Doy\u00e7land, T\u00fcrk\u00e7ede ise Almanya olarak adland\u0131r\u0131lmaktad\u0131r. Frans\u0131zlar kendi \u00fclkelerini Frans olarak adland\u0131r\u0131rken, Ermeniler taraf\u0131ndan Ga\u011f\u011fia veya Fransa olarak an\u0131lmaktad\u0131r. Holanda, Hol\u0131nd ve Niderland, ayn\u0131 \u00fclke i\u00e7in kullan\u0131lan farkl\u0131 isimlerdir. B\u00f6ylece, Armani, Nairi, Urartu, Armina, Armenia, Armanstan, Ermenistan ve B\u00fcy\u00fck Hayk, ayn\u0131 co\u011frafya, yani Ermenilerin ya\u015fad\u0131\u011f\u0131 \u00fclke olan Ermenistan i\u00e7in kullan\u0131lan isimlerdir.<\/p>\n<p style=\"text-align: justify\"><strong><em>Bu yaz\u0131, Armen K\u00fcrk\u00e7\u00fcyan\u2019\u0131n \u201cDiasporal\u0131 Ermeni \u00f6\u011frenci\u201d kitab\u0131ndan bu web sayfas\u0131na aktar\u0131lm\u0131\u015ft\u0131r.<\/em><\/strong><\/p>\n<p style=\"text-align: justify\">http:\/\/www.ermeni.org\/ermenice\/mayraqaghaqner_uni.htm<\/p>\n","protected":false},"excerpt":{"rendered":"<p>Bir ulusun tarihi, o ulusun, do\u011fumundan ba\u015flay\u0131p g\u00fcn\u00fcm\u00fcze kadar ula\u015fan biyografisidir. \u00d6l\u00fcmleriyle birlikte tarihleri de son bulmu\u015f olan, tarih sahnesinden uzakla\u015fm\u0131\u015f halklar da vard\u0131r Tarih, devaml\u0131 canl\u0131 tutulmas\u0131 gereken, ulusun toplu haf\u0131zas\u0131d\u0131r. Ermeniler d\u00fcnyan\u0131n en eski halklar\u0131ndan biridir. Tarihin ilk d\u00f6nemlerinden beri kom\u015fuluk yapt\u0131klar\u0131 S\u00fcmerler, Asur-Babilliler (Akatlar) ve Hititler yok olmu\u015flar, G\u00fcrc\u00fcler, Yunanl\u0131lar, Persler, Araplar [&hellip;]<\/p>\n","protected":false},"author":3,"featured_media":0,"comment_status":"closed","ping_status":"open","sticky":false,"template":"","format":"standard","meta":{"footnotes":""},"categories":[55],"tags":[],"class_list":["post-616","post","type-post","status-publish","format-standard","hentry","category-buyuk-haykin-illeri"],"yoast_head":"<!-- This site is optimized with the Yoast SEO plugin v27.4 - https:\/\/yoast.com\/product\/yoast-seo-wordpress\/ -->\n<title>B\u00fcy\u00fck Hayk - Bati Ermenistan Ve Bati Ermenileri Sorunlari Ara\u015ftirmalar Merkezi<\/title>\n<meta name=\"robots\" content=\"index, follow, max-snippet:-1, max-image-preview:large, max-video-preview:-1\" \/>\n<link rel=\"canonical\" href=\"https:\/\/akunq.net\/turkish\/2010\/02\/25\/buyuk-hayk\/\" \/>\n<meta property=\"og:locale\" content=\"en_US\" \/>\n<meta property=\"og:type\" content=\"article\" \/>\n<meta property=\"og:title\" content=\"B\u00fcy\u00fck Hayk - Bati Ermenistan Ve Bati Ermenileri Sorunlari Ara\u015ftirmalar Merkezi\" \/>\n<meta property=\"og:description\" content=\"Bir ulusun tarihi, o ulusun, do\u011fumundan ba\u015flay\u0131p g\u00fcn\u00fcm\u00fcze kadar ula\u015fan biyografisidir. \u00d6l\u00fcmleriyle birlikte tarihleri de son bulmu\u015f olan, tarih sahnesinden uzakla\u015fm\u0131\u015f halklar da vard\u0131r Tarih, devaml\u0131 canl\u0131 tutulmas\u0131 gereken, ulusun toplu haf\u0131zas\u0131d\u0131r. Ermeniler d\u00fcnyan\u0131n en eski halklar\u0131ndan biridir. Tarihin ilk d\u00f6nemlerinden beri kom\u015fuluk yapt\u0131klar\u0131 S\u00fcmerler, Asur-Babilliler (Akatlar) ve Hititler yok olmu\u015flar, G\u00fcrc\u00fcler, Yunanl\u0131lar, Persler, Araplar [&hellip;]\" \/>\n<meta property=\"og:url\" content=\"https:\/\/akunq.net\/turkish\/2010\/02\/25\/buyuk-hayk\/\" \/>\n<meta property=\"og:site_name\" content=\"Bati Ermenistan Ve Bati Ermenileri Sorunlari Ara\u015ftirmalar Merkezi\" \/>\n<meta property=\"article:published_time\" content=\"2010-02-25T14:01:06+00:00\" \/>\n<meta name=\"author\" content=\"kalem\" \/>\n<meta name=\"twitter:card\" content=\"summary_large_image\" \/>\n<meta name=\"twitter:label1\" content=\"Written by\" \/>\n\t<meta name=\"twitter:data1\" content=\"kalem\" \/>\n\t<meta name=\"twitter:label2\" content=\"Est. reading time\" \/>\n\t<meta name=\"twitter:data2\" content=\"6 minutes\" \/>\n<script type=\"application\/ld+json\" class=\"yoast-schema-graph\">{\"@context\":\"https:\\\/\\\/schema.org\",\"@graph\":[{\"@type\":\"Article\",\"@id\":\"https:\\\/\\\/akunq.net\\\/turkish\\\/2010\\\/02\\\/25\\\/buyuk-hayk\\\/#article\",\"isPartOf\":{\"@id\":\"https:\\\/\\\/akunq.net\\\/turkish\\\/2010\\\/02\\\/25\\\/buyuk-hayk\\\/\"},\"author\":{\"name\":\"kalem\",\"@id\":\"https:\\\/\\\/akunq.net\\\/turkish\\\/#\\\/schema\\\/person\\\/135e7923d1aeb8887890799619969a6c\"},\"headline\":\"B\u00fcy\u00fck Hayk\",\"datePublished\":\"2010-02-25T14:01:06+00:00\",\"mainEntityOfPage\":{\"@id\":\"https:\\\/\\\/akunq.net\\\/turkish\\\/2010\\\/02\\\/25\\\/buyuk-hayk\\\/\"},\"wordCount\":1192,\"articleSection\":[\"B\u00fcy\u00fck Hayk\u2019\u0131n \u0130lleri\"],\"inLanguage\":\"en-US\"},{\"@type\":\"WebPage\",\"@id\":\"https:\\\/\\\/akunq.net\\\/turkish\\\/2010\\\/02\\\/25\\\/buyuk-hayk\\\/\",\"url\":\"https:\\\/\\\/akunq.net\\\/turkish\\\/2010\\\/02\\\/25\\\/buyuk-hayk\\\/\",\"name\":\"B\u00fcy\u00fck Hayk - Bati Ermenistan Ve Bati Ermenileri Sorunlari Ara\u015ftirmalar Merkezi\",\"isPartOf\":{\"@id\":\"https:\\\/\\\/akunq.net\\\/turkish\\\/#website\"},\"datePublished\":\"2010-02-25T14:01:06+00:00\",\"author\":{\"@id\":\"https:\\\/\\\/akunq.net\\\/turkish\\\/#\\\/schema\\\/person\\\/135e7923d1aeb8887890799619969a6c\"},\"breadcrumb\":{\"@id\":\"https:\\\/\\\/akunq.net\\\/turkish\\\/2010\\\/02\\\/25\\\/buyuk-hayk\\\/#breadcrumb\"},\"inLanguage\":\"en-US\",\"potentialAction\":[{\"@type\":\"ReadAction\",\"target\":[\"https:\\\/\\\/akunq.net\\\/turkish\\\/2010\\\/02\\\/25\\\/buyuk-hayk\\\/\"]}]},{\"@type\":\"BreadcrumbList\",\"@id\":\"https:\\\/\\\/akunq.net\\\/turkish\\\/2010\\\/02\\\/25\\\/buyuk-hayk\\\/#breadcrumb\",\"itemListElement\":[{\"@type\":\"ListItem\",\"position\":1,\"name\":\"Home\",\"item\":\"https:\\\/\\\/akunq.net\\\/turkish\\\/\"},{\"@type\":\"ListItem\",\"position\":2,\"name\":\"B\u00fcy\u00fck Hayk\"}]},{\"@type\":\"WebSite\",\"@id\":\"https:\\\/\\\/akunq.net\\\/turkish\\\/#website\",\"url\":\"https:\\\/\\\/akunq.net\\\/turkish\\\/\",\"name\":\"Bati Ermenistan Ve Bati Ermenileri Sorunlari Ara\u015ftirmalar Merkezi\",\"description\":\"\",\"potentialAction\":[{\"@type\":\"SearchAction\",\"target\":{\"@type\":\"EntryPoint\",\"urlTemplate\":\"https:\\\/\\\/akunq.net\\\/turkish\\\/?s={search_term_string}\"},\"query-input\":{\"@type\":\"PropertyValueSpecification\",\"valueRequired\":true,\"valueName\":\"search_term_string\"}}],\"inLanguage\":\"en-US\"},{\"@type\":\"Person\",\"@id\":\"https:\\\/\\\/akunq.net\\\/turkish\\\/#\\\/schema\\\/person\\\/135e7923d1aeb8887890799619969a6c\",\"name\":\"kalem\",\"image\":{\"@type\":\"ImageObject\",\"inLanguage\":\"en-US\",\"@id\":\"https:\\\/\\\/secure.gravatar.com\\\/avatar\\\/a06875e4b25feb5674296adf8e8a7ae1e587cebce2493fe63c456109967e27d3?s=96&d=mm&r=g\",\"url\":\"https:\\\/\\\/secure.gravatar.com\\\/avatar\\\/a06875e4b25feb5674296adf8e8a7ae1e587cebce2493fe63c456109967e27d3?s=96&d=mm&r=g\",\"contentUrl\":\"https:\\\/\\\/secure.gravatar.com\\\/avatar\\\/a06875e4b25feb5674296adf8e8a7ae1e587cebce2493fe63c456109967e27d3?s=96&d=mm&r=g\",\"caption\":\"kalem\"},\"url\":\"https:\\\/\\\/akunq.net\\\/turkish\\\/author\\\/kalem\\\/\"}]}<\/script>\n<!-- \/ Yoast SEO plugin. -->","yoast_head_json":{"title":"B\u00fcy\u00fck Hayk - Bati Ermenistan Ve Bati Ermenileri Sorunlari Ara\u015ftirmalar Merkezi","robots":{"index":"index","follow":"follow","max-snippet":"max-snippet:-1","max-image-preview":"max-image-preview:large","max-video-preview":"max-video-preview:-1"},"canonical":"https:\/\/akunq.net\/turkish\/2010\/02\/25\/buyuk-hayk\/","og_locale":"en_US","og_type":"article","og_title":"B\u00fcy\u00fck Hayk - Bati Ermenistan Ve Bati Ermenileri Sorunlari Ara\u015ftirmalar Merkezi","og_description":"Bir ulusun tarihi, o ulusun, do\u011fumundan ba\u015flay\u0131p g\u00fcn\u00fcm\u00fcze kadar ula\u015fan biyografisidir. \u00d6l\u00fcmleriyle birlikte tarihleri de son bulmu\u015f olan, tarih sahnesinden uzakla\u015fm\u0131\u015f halklar da vard\u0131r Tarih, devaml\u0131 canl\u0131 tutulmas\u0131 gereken, ulusun toplu haf\u0131zas\u0131d\u0131r. Ermeniler d\u00fcnyan\u0131n en eski halklar\u0131ndan biridir. Tarihin ilk d\u00f6nemlerinden beri kom\u015fuluk yapt\u0131klar\u0131 S\u00fcmerler, Asur-Babilliler (Akatlar) ve Hititler yok olmu\u015flar, G\u00fcrc\u00fcler, Yunanl\u0131lar, Persler, Araplar [&hellip;]","og_url":"https:\/\/akunq.net\/turkish\/2010\/02\/25\/buyuk-hayk\/","og_site_name":"Bati Ermenistan Ve Bati Ermenileri Sorunlari Ara\u015ftirmalar Merkezi","article_published_time":"2010-02-25T14:01:06+00:00","author":"kalem","twitter_card":"summary_large_image","twitter_misc":{"Written by":"kalem","Est. reading time":"6 minutes"},"schema":{"@context":"https:\/\/schema.org","@graph":[{"@type":"Article","@id":"https:\/\/akunq.net\/turkish\/2010\/02\/25\/buyuk-hayk\/#article","isPartOf":{"@id":"https:\/\/akunq.net\/turkish\/2010\/02\/25\/buyuk-hayk\/"},"author":{"name":"kalem","@id":"https:\/\/akunq.net\/turkish\/#\/schema\/person\/135e7923d1aeb8887890799619969a6c"},"headline":"B\u00fcy\u00fck Hayk","datePublished":"2010-02-25T14:01:06+00:00","mainEntityOfPage":{"@id":"https:\/\/akunq.net\/turkish\/2010\/02\/25\/buyuk-hayk\/"},"wordCount":1192,"articleSection":["B\u00fcy\u00fck Hayk\u2019\u0131n \u0130lleri"],"inLanguage":"en-US"},{"@type":"WebPage","@id":"https:\/\/akunq.net\/turkish\/2010\/02\/25\/buyuk-hayk\/","url":"https:\/\/akunq.net\/turkish\/2010\/02\/25\/buyuk-hayk\/","name":"B\u00fcy\u00fck Hayk - Bati Ermenistan Ve Bati Ermenileri Sorunlari Ara\u015ftirmalar Merkezi","isPartOf":{"@id":"https:\/\/akunq.net\/turkish\/#website"},"datePublished":"2010-02-25T14:01:06+00:00","author":{"@id":"https:\/\/akunq.net\/turkish\/#\/schema\/person\/135e7923d1aeb8887890799619969a6c"},"breadcrumb":{"@id":"https:\/\/akunq.net\/turkish\/2010\/02\/25\/buyuk-hayk\/#breadcrumb"},"inLanguage":"en-US","potentialAction":[{"@type":"ReadAction","target":["https:\/\/akunq.net\/turkish\/2010\/02\/25\/buyuk-hayk\/"]}]},{"@type":"BreadcrumbList","@id":"https:\/\/akunq.net\/turkish\/2010\/02\/25\/buyuk-hayk\/#breadcrumb","itemListElement":[{"@type":"ListItem","position":1,"name":"Home","item":"https:\/\/akunq.net\/turkish\/"},{"@type":"ListItem","position":2,"name":"B\u00fcy\u00fck Hayk"}]},{"@type":"WebSite","@id":"https:\/\/akunq.net\/turkish\/#website","url":"https:\/\/akunq.net\/turkish\/","name":"Bati Ermenistan Ve Bati Ermenileri Sorunlari Ara\u015ftirmalar Merkezi","description":"","potentialAction":[{"@type":"SearchAction","target":{"@type":"EntryPoint","urlTemplate":"https:\/\/akunq.net\/turkish\/?s={search_term_string}"},"query-input":{"@type":"PropertyValueSpecification","valueRequired":true,"valueName":"search_term_string"}}],"inLanguage":"en-US"},{"@type":"Person","@id":"https:\/\/akunq.net\/turkish\/#\/schema\/person\/135e7923d1aeb8887890799619969a6c","name":"kalem","image":{"@type":"ImageObject","inLanguage":"en-US","@id":"https:\/\/secure.gravatar.com\/avatar\/a06875e4b25feb5674296adf8e8a7ae1e587cebce2493fe63c456109967e27d3?s=96&d=mm&r=g","url":"https:\/\/secure.gravatar.com\/avatar\/a06875e4b25feb5674296adf8e8a7ae1e587cebce2493fe63c456109967e27d3?s=96&d=mm&r=g","contentUrl":"https:\/\/secure.gravatar.com\/avatar\/a06875e4b25feb5674296adf8e8a7ae1e587cebce2493fe63c456109967e27d3?s=96&d=mm&r=g","caption":"kalem"},"url":"https:\/\/akunq.net\/turkish\/author\/kalem\/"}]}},"_links":{"self":[{"href":"https:\/\/akunq.net\/turkish\/wp-json\/wp\/v2\/posts\/616","targetHints":{"allow":["GET"]}}],"collection":[{"href":"https:\/\/akunq.net\/turkish\/wp-json\/wp\/v2\/posts"}],"about":[{"href":"https:\/\/akunq.net\/turkish\/wp-json\/wp\/v2\/types\/post"}],"author":[{"embeddable":true,"href":"https:\/\/akunq.net\/turkish\/wp-json\/wp\/v2\/users\/3"}],"replies":[{"embeddable":true,"href":"https:\/\/akunq.net\/turkish\/wp-json\/wp\/v2\/comments?post=616"}],"version-history":[{"count":0,"href":"https:\/\/akunq.net\/turkish\/wp-json\/wp\/v2\/posts\/616\/revisions"}],"wp:attachment":[{"href":"https:\/\/akunq.net\/turkish\/wp-json\/wp\/v2\/media?parent=616"}],"wp:term":[{"taxonomy":"category","embeddable":true,"href":"https:\/\/akunq.net\/turkish\/wp-json\/wp\/v2\/categories?post=616"},{"taxonomy":"post_tag","embeddable":true,"href":"https:\/\/akunq.net\/turkish\/wp-json\/wp\/v2\/tags?post=616"}],"curies":[{"name":"wp","href":"https:\/\/api.w.org\/{rel}","templated":true}]}}