{"id":56,"date":"2010-01-14T03:30:32","date_gmt":"2010-01-14T08:30:32","guid":{"rendered":"http:\/\/akunq.net\/tr\/?p=56"},"modified":"2010-01-14T03:30:32","modified_gmt":"2010-01-14T08:30:32","slug":"basbugun-sozlerine-siradisi-cevap","status":"publish","type":"post","link":"https:\/\/akunq.net\/turkish\/2010\/01\/14\/basbugun-sozlerine-siradisi-cevap\/","title":{"rendered":"Ba\u015fbu\u011f`un s\u00f6zlerine s\u0131rad\u0131\u015f\u0131 cevap"},"content":{"rendered":"<p style=\"text-align: justify\">Yusuf Gezgin Org. Ba\u015fbu\u011f`un cemaatler \u00e7\u0131k\u0131\u015f\u0131na kendine has \u00fcslubuyla cevap verdi. \u0130lker Ba\u015fbu\u011f Harp <a href=\"http:\/\/www.tumgazeteler.com\/haberleri\/akademileri\/\">Akademileri<\/a> konu\u015fmas\u0131nda a\u00e7\u0131l\u0131m say\u0131labilecek \u015feyler s\u00f6yledi. \u00d6rne\u011fin; `T\u00fcrkiye halk\u0131` dedi. Bu ifade ulus devlet yakla\u015f\u0131m\u0131n\u0131n herkesi `T\u00fcrk` kabul eden g\u00f6r\u00fc\u015f\u00fcnden vazge\u00e7meyi ve etnik farkl\u0131l\u0131klar\u0131 kabul etmeyi gerektiriyordu. `M\u00fctedeyyin` insanlardan bahsetti, <a href=\"http:\/\/www.tumgazeteler.com\/haberleri\/tsk\/\">TSK<\/a>`nin `peygamber oca\u011f\u0131` olarak an\u0131ld\u0131\u011f\u0131na at\u0131fta bulundu. Bunlar laikli\u011fi ve ulus devleti kutsayan TSK yetkililerinden duymaya al\u0131\u015fk\u0131n olmad\u0131\u011f\u0131m\u0131z ifadelerdi. TSK`nin topluma ait baz\u0131 ger\u00e7ekleri art\u0131k g\u00f6rebildi\u011fine i\u015faret eden, sosyolojiye \u00f6nem veren, demokrasiyi \u00f6nemseyen geneli itibariyle -eskilerine nazaran- olumlu bir konu\u015fmayd\u0131. Bizim tarihimizde cemaatler ve tarikatlar sivil toplumun temel ta\u015flar\u0131n\u0131 olu\u015ftururlar. Vak\u0131flar, k\u00fclliyeler, camiler, tekkeler, sosyo-k\u00fclt\u00fcrel tesisler ve sosyal dayan\u0131\u015fma faaliyetleri cemaatler eliyle yap\u0131lm\u0131\u015f ve y\u00fcr\u00fct\u00fclm\u00fc\u015ft\u00fcr. \u00d6zellikle az\u0131nl\u0131klar\u0131n, cemaatler halinde \u00f6rg\u00fctlenmesine, cemaatler vas\u0131tas\u0131yla dini-i\u00e7timai organizasyonlar yapmalar\u0131na, temsil yetkisini kullanmalar\u0131na <a href=\"http:\/\/www.tumgazeteler.com\/haberleri\/osmanli\/\">Osmanl\u0131<\/a> d\u00f6neminde m\u00fcsaade edilmi\u015ftir. Osmanl\u0131 devleti ulus devletlerde oldu\u011fu gibi toplumu homojen kabul ederek dayatmalarda ve d\u00f6n\u00fc\u015ft\u00fcrmelerde bulunmam\u0131\u015f; cemaatlere, farkl\u0131 guruplara \u00f6rg\u00fctlenme imk\u00e2n\u0131 vermi\u015f ve bu \u00f6rg\u00fctleri me\u015fru muhataplar olarak kabul etmi\u015ftir. Osmanl\u0131 devletinde `cemaat` kavram\u0131ndan -bu g\u00fcn kullan\u0131lan anlam\u0131ndan farkl\u0131 olarak- az\u0131nl\u0131klara ait yar\u0131 \u00f6zerk yap\u0131lar anla\u015f\u0131lmaktayd\u0131. Bu \u00e7er\u00e7evede Osmanl\u0131 devletinde <a href=\"http:\/\/www.tumgazeteler.com\/haberleri\/ermeni\/\">Ermeni<\/a> cemaati, S\u00fcryani cemaati <a href=\"http:\/\/www.tumgazeteler.com\/haberleri\/yahudi-cemaati\/\">Yahudi Cemaati<\/a>, <a href=\"http:\/\/www.tumgazeteler.com\/haberleri\/rum-ortodoks-cemaati\/\">Rum Ortodoks Cemaati<\/a> vard\u0131. Daha sonralar\u0131 \u0130ngilizlerin etkisiyle Protestan <a href=\"http:\/\/www.tumgazeteler.com\/haberleri\/ermeni-cemaati\/\">Ermeni Cemaati<\/a> de tan\u0131nm\u0131\u015f ve cemaatlere verilen haklardan yararlanm\u0131\u015ft\u0131r. Toplumun \u00e7o\u011funlu\u011funu ve h\u00e2kim unsuru olu\u015fturan M\u00fcsl\u00fcmanlar ise etnik esasa g\u00f6re bir ayr\u0131ma tabi tutulmam\u0131\u015ft\u0131r. Genel olarak `M\u00fcsl\u00fcman` kimli\u011fi i\u00e7inde haklara sahip olmu\u015flar, ama din, dil ve k\u00fclt\u00fcrden kaynaklanan haklar\u0131n\u0131 her hangi bir s\u0131n\u0131rlamayla kar\u015f\u0131la\u015fmaks\u0131z\u0131n kullanabilmi\u015flerdir. \u00d6rne\u011fin bu g\u00fcn problemler ya\u015fayan K\u00fcrtler bir engelle kar\u015f\u0131la\u015fmadan <a href=\"http:\/\/www.tumgazeteler.com\/haberleri\/kurtce\/\">K\u00fcrt\u00e7e<\/a> e\u011fitim yapabilmi\u015f, K\u00fcrt\u00e7eyi istedi\u011fi gibi konu\u015fabilmi\u015f, kendi k\u00fclt\u00fcrlerini ya\u015fatabilmi\u015flerdir. M\u00fcsl\u00fcman unsurlar daha \u00e7ok dini aidiyetlerine ve \u0130slam dininin alt yorumlar\u0131 olan tarikatlara g\u00f6re -Kadiri, <a href=\"http:\/\/www.tumgazeteler.com\/haberleri\/naksi\/\">Nak\u015fi<\/a>, <a href=\"http:\/\/www.tumgazeteler.com\/haberleri\/bektasi\/\">Bekta\u015fi<\/a>, <a href=\"http:\/\/www.tumgazeteler.com\/haberleri\/mevlevi\/\">Mevlevi<\/a> vs- i\u00e7timai hayat\u0131n i\u00e7inde yer alm\u0131\u015flard\u0131r. Alt kimliklerini kullanmada, \u00f6rg\u00fctlenmede, m\u00fcessesele\u015fmede problem ya\u015famad\u0131klar\u0131 gibi; bu haklar\u0131 devletin g\u00fcvencesi alt\u0131na al\u0131nm\u0131\u015ft\u0131r. Asl\u0131nda bat\u0131da da sivil toplumun temeli dine ve dini mezheplere, tarikatlara dayanmaktad\u0131r. Demokrasinin be\u015fi\u011fi kabul edilen bat\u0131 \u00fclkelerinde en b\u00fcy\u00fck ve k\u00f6kl\u00fc <a href=\"http:\/\/www.tumgazeteler.com\/haberleri\/stk\/\">STK<\/a>`lar bu dini cemaatlerdir. \u00dcniversitelerin pek \u00e7o\u011funu kiliseler-mezhepler kurmu\u015ftur ve y\u00fcr\u00fctmektedir. Sonralar\u0131 sek\u00fcler, de\u011fi\u015fik ilgilere dayanan STK`lar ortaya \u00e7\u0131km\u0131\u015ft\u0131r. Ancak T\u00fcrkiye`de h\u00e2kim aristokratik kesim dini vak\u0131flar\u0131, cemaatleri, guruplar\u0131 bir `STK` olarak kabul etmez, hatta bunlar\u0131 sivil toplumun d\u00fc\u015fman\u0131 g\u00f6r\u00fcr. Zira bunlara g\u00f6re bir STK, din kar\u015f\u0131t\u0131 veya dine kay\u0131ts\u0131z oldu\u011funda `STK`d\u0131r. Osmanl\u0131`n\u0131n g\u00fc\u00e7l\u00fc oldu\u011fu d\u00f6nemlerde cemaatler, tarikatlar huzur ve uyum i\u00e7inde ya\u015f\u0131yorlar ve devlet taraf\u0131ndan e\u015fit muamele g\u00f6r\u00fcyorlard\u0131. Ama bir d\u00f6nem sonra `kendini gizleyen ve gizli emellere sahip olan bir cemaat` devleti ele ge\u00e7irmeyi hedefledi. M\u00fcsl\u00fcman olmayan, ama `ihtida etmi\u015f` rol\u00fcne b\u00fcr\u00fcnen bu cemaat, d\u0131\u015ftaki destek\u00e7ilerinin de katk\u0131s\u0131yla h\u0131zla \u00f6rg\u00fctlendi. Zay\u0131flayan <a href=\"http:\/\/www.tumgazeteler.com\/haberleri\/osmanli-devleti\/\">Osmanl\u0131 Devleti<\/a> bunlara hareket alan\u0131 a\u00e7maktayd\u0131. 19. y\u00fczy\u0131l\u0131n ba\u015f\u0131ndan itibaren planl\u0131 ve hedefli bir \u015fekilde her yere s\u0131zd\u0131lar, toplumu maniple etme ara\u00e7lar\u0131n\u0131 ellerine ge\u00e7irdiler. `<a href=\"http:\/\/www.tumgazeteler.com\/haberleri\/sebatayist\/\">Sebatayist<\/a>` de denen bu cemaat, 1908 y\u0131l\u0131nda di\u011fer b\u00fct\u00fcn tarikat ve cemaatlere galip gelerek devletin en \u00f6nemli noktalar\u0131n\u0131 ve orduyu ele ge\u00e7irdi. Bu tarihten itibaren di\u011fer cemaatler, \u00f6zellikle de M\u00fcsl\u00fcman cemaatler-tarikatlar d\u0131\u015fland\u0131, bask\u0131 alt\u0131na al\u0131nd\u0131 ve ezildi. Sistemi ve devletin organlar\u0131n\u0131 ele ge\u00e7iren bu cemaat, 1908`den g\u00fcn\u00fcm\u00fcze kadar devletin ve toplumun sinirlerine h\u00e2kimdir. \u00d6zellikle M\u00fcsl\u00fcman cemaatleri, guruplar\u0131 `irtica` ile `gericilikle` itham ederek devletin \u00f6nemli mevzilerinden uzak tutmay\u0131 ba\u015farmaktad\u0131r. <a href=\"http:\/\/www.tumgazeteler.com\/haberleri\/george-orwel\/\">George Orwel<\/a>`in `<a href=\"http:\/\/www.tumgazeteler.com\/haberleri\/hayvanlar-ciftligi\/\">Hayvanlar \u00c7iftli\u011fi<\/a>` roman\u0131nda b\u00fct\u00fcn hayvanlar e\u015fit, huzurlu bir \u015fekilde \u00e7iftlikte ya\u015f\u0131yorken baz\u0131 hayvanlar `daha e\u015fit` olur ve t\u00fcrl\u00fc oyunlarla \u00e7iftli\u011fin y\u00f6netimini ele ge\u00e7irerek, \u00e7iftli\u011fi di\u011fer hayvanlara ya\u015fanmaz hale getirirler. Bizde ya\u015fanan \u015fey bu romanda ya\u015fananlara epeyce benzerdir. Bir cemaat \u00fclkeyi ele ge\u00e7irmi\u015f ve zaman i\u00e7inde sisteme, g\u00fc\u00e7 odaklar\u0131na h\u00e2kim olarak kendi kurallar\u0131n\u0131 koymu\u015ftur. Di\u011fer kesimler, guruplar, cemaatler bu se\u00e7kin(! ) cemaatin m\u00fcsaade etti\u011fi kadar imk\u00e2na ve hareket alan\u0131na sahip olabilmi\u015flerdir. <a href=\"http:\/\/www.tumgazeteler.com\/haberleri\/ilker-basbug\/\">\u0130lker Ba\u015fbu\u011f<\/a> konu\u015fmas\u0131nda `m\u00fctedeyyin` insanlara dokunulmad\u0131\u011f\u0131n\u0131 s\u00f6yledi. Ama askerden at\u0131lan binlerce m\u00fctedeyyin insan\u0131n neden at\u0131ld\u0131\u011f\u0131 sorusu havada kald\u0131. TSK`de, subaylar\u0131n anas\u0131n\u0131n-e\u015finin \u00f6rt\u00fcs\u00fcnden, lojmanlarda izlenen TV kanallar\u0131na kadar neden m\u00fcdahale edildi\u011fine dair mant\u0131kl\u0131 bir a\u00e7\u0131klama yapmad\u0131. Daha iki sene \u00f6nce verdikleri E-muht\u0131rada Mevlit Kandilinden duyulan rahats\u0131zl\u0131k `demokrasiye ve dindar insanlara sayg\u0131l\u0131 ordu` ifadesini h\u00fck\u00fcms\u00fcz k\u0131l\u0131yordu. \u0130lker <a href=\"http:\/\/www.tumgazeteler.com\/haberleri\/pasa\/\">Pa\u015fa<\/a> daha \u00f6nceki pek \u00e7ok komutan gibi cemaatlerin, tarikatlar\u0131n tehdit ve tehlikeleri \u00fczerinde durdu. Ama biz bu \u00fclkede hi\u00e7bir komutandan, daha komplike ve sofistike cemaatler olan masonlar\u0131n, Rotaryanlar\u0131n tehlikesinden bahsedildi\u011fini duymad\u0131k! \u00dclkenin son 2 asr\u0131nda \u00e7ok etkin, gizli yap\u0131lanmalar i\u00e7inde olan, T\u00fcrkiye`nin en g\u00fc\u00e7l\u00fc cemaati `<a href=\"http:\/\/www.tumgazeteler.com\/haberleri\/sebataylar\/\">Sebataylar<\/a>`\u0131n tehdit ve tehlikeleri \u00fczerine brifingler verildi\u011fine \u015fahit olmad\u0131k! TSK`da y\u00fczlerce y\u0131ld\u0131r ve en tepelerde olduklar\u0131 halde Sebatayc\u0131l\u0131ktan at\u0131lan, ceza alan, soru\u015fturulan hi\u00e7 kimseyi i\u015fitmedik! Oysa <a href=\"http:\/\/www.tumgazeteler.com\/haberleri\/sebatay\/\">Sebatay<\/a> denen bu kesim (kendileri \u00fclkenin kurucular\u0131 olmakla \u00f6v\u00fcn\u00fcrler) s\u0131k\u0131 ili\u015fkilere, sa\u00e7ma rit\u00fcellere (mum s\u00f6nd\u00fc, kuzu bayram\u0131 vs) sahip kat\u0131 bir cemaattir. Bu \u00fclkede bir general, bir komutan de\u011fil; bir uzman \u00e7avu\u015f sar\u0131kl\u0131 bir foto\u011fraf \u00e7ektirmi\u015f olsa, `m\u00fctedeyyin kimselere tahamm\u00fcll\u00fc`, `peygamber oca\u011f\u0131` TSK`n\u0131n komutanlar\u0131 bu uzman \u00e7avu\u015fu atman\u0131n d\u0131\u015f\u0131nda bir \u00e7\u00f6z\u00fcm geli\u015ftirirler mi? Ama bu \u00fclkede Yahudilere ait bir ibadet mek\u00e2n\u0131nda bir Yahudi sar\u0131\u011f\u0131 olan `kippa` ile \u00fcst d\u00fczey bir komutan foto\u011fraf \u00e7ektirebiliyor ve bunu kimse sorgulam\u0131yor. Bir kuvvet komutan\u0131, <a href=\"http:\/\/www.tumgazeteler.com\/haberle\nri\/genelkurmay\/\">Genelkurmay<\/a> ba\u015fkan\u0131 askerlik mevzuat\u0131 a\u00e7\u0131k\u00e7a yasaklad\u0131\u011f\u0131 halde T\u00fcrkiye`nin en b\u00fcy\u00fck ve etkin mason kul\u00fcb\u00fc olan `B\u00fcy\u00fck Kul\u00fcp`e \u00fcye oluyor, bu ortaya \u00e7\u0131k\u0131yor; ama birileri bunu tehdit g\u00f6rm\u00fcyor, sorgulam\u0131yor. Dindar insanlarla problemi olmad\u0131\u011f\u0131n\u0131 kamuoyu deklere eden TSK ve komutanlar\u0131, herhangi bir r\u00fctbelinin \u0130slam`a ait ibadetleri yerine getirmesine sizce nas\u0131l bakarlar? Mesela <a href=\"http:\/\/www.tumgazeteler.com\/haberleri\/kudus\/\">Kud\u00fcs<\/a>`e de\u011fil de, bir orgeneral hacca gitmi\u015f ve <a href=\"http:\/\/www.tumgazeteler.com\/haberleri\/kabe\/\">K\u00e2be<\/a> duvar\u0131na yaslanm\u0131\u015f a\u011flarken g\u00f6r\u00fcnt\u00fclense ne olur? Bu \u00fclkede `ye\u015fil sermaye` diye bir s\u00fcr\u00fc \u015firket; `dindar` diye bir s\u00fcr\u00fc b\u00fcrokrat fi\u015flendi ve boykota u\u011frad\u0131. Peki, <a href=\"http:\/\/www.tumgazeteler.com\/haberleri\/masonik\/\">Masonik<\/a> \u015firketlerin, Rotaryanlar\u0131n, sebataylar\u0131n ayn\u0131 kesimlerce fi\u015flendi\u011fini duydunuz mu? Ermeni kaynaklar\u0131na g\u00f6re T\u00fcrkiye`de bir milyonu a\u015fk\u0131n gizli Ermeni vard\u0131r. Bu kripto Ermeniler \u00fcniversitelerden, yarg\u0131ya, TSK`ya, en milliyet\u00e7i partilere kadar her yerde etkin ve \u00f6rg\u00fctl\u00fcd\u00fcrler. Sistemin, hatta devletin istihbarat \u00f6rg\u00fctlerinin bu konuyu ara\u015ft\u0131rd\u0131\u011f\u0131n\u0131, \u00f6nemsedi\u011fini bileniniz var m\u0131? Benzer \u015feyler aristokratik elitlerin ve sisteme h\u00fckmedenlerin makbul\u00fc olan <a href=\"http:\/\/www.tumgazeteler.com\/haberleri\/bektasilik\/\">Bekta\u015filik<\/a> i\u00e7inde sorgulanabilir. Baz\u0131 mezheplere ait yerle\u015fimlerden \u00f6\u011frenciler dolmu\u015f dolmu\u015f askeri liselere sokulmu\u015ftur, sokulmaktad\u0131r. Her hangi bir Bekta\u015fi k\u00f6y\u00fcne bir bak\u0131n, ne kadar asker, h\u00e2kim savc\u0131 \u00e7\u0131kacak!<\/p>\n<p style=\"text-align: justify\">Siz hi\u00e7 <a href=\"http:\/\/www.tumgazeteler.com\/haberleri\/bektasilikten\/\">Bekta\u015filikten<\/a> dolay\u0131 at\u0131lan, yarg\u0131lanan sorgulanan duydunuz mu? Hi\u00e7 `Bekta\u015filerin baz\u0131 kurumlar\u0131 ele ge\u00e7irme hevesi` i\u00e7inde olduklar\u0131ndan bahsedildi\u011fine \u015fahit oldunuz mu? \u00dclkemizde bir cemaatler sava\u015f\u0131 ya\u015fan\u0131yor ve anla\u015f\u0131lan bu m\u00fccadele daha da k\u0131z\u0131\u015facak! Sisteme h\u00fckmeden cemaatler, sisteme girmeye \u00e7al\u0131\u015fan ba\u015fka cemaatleri d\u00f6vmeye haz\u0131rlan\u0131yor\u2026<\/p>\n<p style=\"text-align: justify\"><a href=\"http:\/\/www.ihlassondakika.com\/\">www.ihlassondakika.com<\/a> 2009-04-17<\/p>\n<p style=\"text-align: justify\">\u00a0<\/p>\n","protected":false},"excerpt":{"rendered":"<p>Yusuf Gezgin Org. Ba\u015fbu\u011f`un cemaatler \u00e7\u0131k\u0131\u015f\u0131na kendine has \u00fcslubuyla cevap verdi. \u0130lker Ba\u015fbu\u011f Harp Akademileri konu\u015fmas\u0131nda a\u00e7\u0131l\u0131m say\u0131labilecek \u015feyler s\u00f6yledi. \u00d6rne\u011fin; `T\u00fcrkiye halk\u0131` dedi. Bu ifade ulus devlet yakla\u015f\u0131m\u0131n\u0131n herkesi `T\u00fcrk` kabul eden g\u00f6r\u00fc\u015f\u00fcnden vazge\u00e7meyi ve etnik farkl\u0131l\u0131klar\u0131 kabul etmeyi gerektiriyordu. `M\u00fctedeyyin` insanlardan bahsetti, TSK`nin `peygamber oca\u011f\u0131` olarak an\u0131ld\u0131\u011f\u0131na at\u0131fta bulundu. Bunlar laikli\u011fi ve ulus [&hellip;]<\/p>\n","protected":false},"author":3,"featured_media":0,"comment_status":"closed","ping_status":"open","sticky":false,"template":"","format":"standard","meta":{"footnotes":""},"categories":[15],"tags":[],"class_list":["post-56","post","type-post","status-publish","format-standard","hentry","category-haklarimiz"],"yoast_head":"<!-- This site is optimized with the Yoast SEO plugin v26.6 - https:\/\/yoast.com\/wordpress\/plugins\/seo\/ -->\n<title>Ba\u015fbu\u011f`un s\u00f6zlerine s\u0131rad\u0131\u015f\u0131 cevap - Bati Ermenistan Ve Bati Ermenileri Sorunlari Ara\u015ftirmalar Merkezi<\/title>\n<meta name=\"robots\" content=\"index, follow, max-snippet:-1, max-image-preview:large, max-video-preview:-1\" \/>\n<link rel=\"canonical\" href=\"https:\/\/akunq.net\/turkish\/2010\/01\/14\/basbugun-sozlerine-siradisi-cevap\/\" \/>\n<meta property=\"og:locale\" content=\"en_US\" \/>\n<meta property=\"og:type\" content=\"article\" \/>\n<meta property=\"og:title\" content=\"Ba\u015fbu\u011f`un s\u00f6zlerine s\u0131rad\u0131\u015f\u0131 cevap - Bati Ermenistan Ve Bati Ermenileri Sorunlari Ara\u015ftirmalar Merkezi\" \/>\n<meta property=\"og:description\" content=\"Yusuf Gezgin Org. Ba\u015fbu\u011f`un cemaatler \u00e7\u0131k\u0131\u015f\u0131na kendine has \u00fcslubuyla cevap verdi. \u0130lker Ba\u015fbu\u011f Harp Akademileri konu\u015fmas\u0131nda a\u00e7\u0131l\u0131m say\u0131labilecek \u015feyler s\u00f6yledi. \u00d6rne\u011fin; `T\u00fcrkiye halk\u0131` dedi. Bu ifade ulus devlet yakla\u015f\u0131m\u0131n\u0131n herkesi `T\u00fcrk` kabul eden g\u00f6r\u00fc\u015f\u00fcnden vazge\u00e7meyi ve etnik farkl\u0131l\u0131klar\u0131 kabul etmeyi gerektiriyordu. `M\u00fctedeyyin` insanlardan bahsetti, TSK`nin `peygamber oca\u011f\u0131` olarak an\u0131ld\u0131\u011f\u0131na at\u0131fta bulundu. Bunlar laikli\u011fi ve ulus [&hellip;]\" \/>\n<meta property=\"og:url\" content=\"https:\/\/akunq.net\/turkish\/2010\/01\/14\/basbugun-sozlerine-siradisi-cevap\/\" \/>\n<meta property=\"og:site_name\" content=\"Bati Ermenistan Ve Bati Ermenileri Sorunlari Ara\u015ftirmalar Merkezi\" \/>\n<meta property=\"article:published_time\" content=\"2010-01-14T08:30:32+00:00\" \/>\n<meta name=\"author\" content=\"kalem\" \/>\n<meta name=\"twitter:card\" content=\"summary_large_image\" \/>\n<meta name=\"twitter:label1\" content=\"Written by\" \/>\n\t<meta name=\"twitter:data1\" content=\"kalem\" \/>\n\t<meta name=\"twitter:label2\" content=\"Est. reading time\" \/>\n\t<meta name=\"twitter:data2\" content=\"7 minutes\" \/>\n<script type=\"application\/ld+json\" class=\"yoast-schema-graph\">{\"@context\":\"https:\/\/schema.org\",\"@graph\":[{\"@type\":\"WebPage\",\"@id\":\"https:\/\/akunq.net\/turkish\/2010\/01\/14\/basbugun-sozlerine-siradisi-cevap\/\",\"url\":\"https:\/\/akunq.net\/turkish\/2010\/01\/14\/basbugun-sozlerine-siradisi-cevap\/\",\"name\":\"Ba\u015fbu\u011f`un s\u00f6zlerine s\u0131rad\u0131\u015f\u0131 cevap - Bati Ermenistan Ve Bati Ermenileri Sorunlari Ara\u015ftirmalar Merkezi\",\"isPartOf\":{\"@id\":\"https:\/\/akunq.net\/turkish\/#website\"},\"datePublished\":\"2010-01-14T08:30:32+00:00\",\"author\":{\"@id\":\"https:\/\/akunq.net\/turkish\/#\/schema\/person\/135e7923d1aeb8887890799619969a6c\"},\"breadcrumb\":{\"@id\":\"https:\/\/akunq.net\/turkish\/2010\/01\/14\/basbugun-sozlerine-siradisi-cevap\/#breadcrumb\"},\"inLanguage\":\"en-US\",\"potentialAction\":[{\"@type\":\"ReadAction\",\"target\":[\"https:\/\/akunq.net\/turkish\/2010\/01\/14\/basbugun-sozlerine-siradisi-cevap\/\"]}]},{\"@type\":\"BreadcrumbList\",\"@id\":\"https:\/\/akunq.net\/turkish\/2010\/01\/14\/basbugun-sozlerine-siradisi-cevap\/#breadcrumb\",\"itemListElement\":[{\"@type\":\"ListItem\",\"position\":1,\"name\":\"Home\",\"item\":\"https:\/\/akunq.net\/turkish\/\"},{\"@type\":\"ListItem\",\"position\":2,\"name\":\"Ba\u015fbu\u011f`un s\u00f6zlerine s\u0131rad\u0131\u015f\u0131 cevap\"}]},{\"@type\":\"WebSite\",\"@id\":\"https:\/\/akunq.net\/turkish\/#website\",\"url\":\"https:\/\/akunq.net\/turkish\/\",\"name\":\"Bati Ermenistan Ve Bati Ermenileri Sorunlari Ara\u015ftirmalar Merkezi\",\"description\":\"\",\"potentialAction\":[{\"@type\":\"SearchAction\",\"target\":{\"@type\":\"EntryPoint\",\"urlTemplate\":\"https:\/\/akunq.net\/turkish\/?s={search_term_string}\"},\"query-input\":{\"@type\":\"PropertyValueSpecification\",\"valueRequired\":true,\"valueName\":\"search_term_string\"}}],\"inLanguage\":\"en-US\"},{\"@type\":\"Person\",\"@id\":\"https:\/\/akunq.net\/turkish\/#\/schema\/person\/135e7923d1aeb8887890799619969a6c\",\"name\":\"kalem\",\"image\":{\"@type\":\"ImageObject\",\"inLanguage\":\"en-US\",\"@id\":\"https:\/\/akunq.net\/turkish\/#\/schema\/person\/image\/\",\"url\":\"https:\/\/secure.gravatar.com\/avatar\/a06875e4b25feb5674296adf8e8a7ae1e587cebce2493fe63c456109967e27d3?s=96&d=mm&r=g\",\"contentUrl\":\"https:\/\/secure.gravatar.com\/avatar\/a06875e4b25feb5674296adf8e8a7ae1e587cebce2493fe63c456109967e27d3?s=96&d=mm&r=g\",\"caption\":\"kalem\"},\"url\":\"https:\/\/akunq.net\/turkish\/author\/kalem\/\"}]}<\/script>\n<!-- \/ Yoast SEO plugin. -->","yoast_head_json":{"title":"Ba\u015fbu\u011f`un s\u00f6zlerine s\u0131rad\u0131\u015f\u0131 cevap - Bati Ermenistan Ve Bati Ermenileri Sorunlari Ara\u015ftirmalar Merkezi","robots":{"index":"index","follow":"follow","max-snippet":"max-snippet:-1","max-image-preview":"max-image-preview:large","max-video-preview":"max-video-preview:-1"},"canonical":"https:\/\/akunq.net\/turkish\/2010\/01\/14\/basbugun-sozlerine-siradisi-cevap\/","og_locale":"en_US","og_type":"article","og_title":"Ba\u015fbu\u011f`un s\u00f6zlerine s\u0131rad\u0131\u015f\u0131 cevap - Bati Ermenistan Ve Bati Ermenileri Sorunlari Ara\u015ftirmalar Merkezi","og_description":"Yusuf Gezgin Org. Ba\u015fbu\u011f`un cemaatler \u00e7\u0131k\u0131\u015f\u0131na kendine has \u00fcslubuyla cevap verdi. \u0130lker Ba\u015fbu\u011f Harp Akademileri konu\u015fmas\u0131nda a\u00e7\u0131l\u0131m say\u0131labilecek \u015feyler s\u00f6yledi. \u00d6rne\u011fin; `T\u00fcrkiye halk\u0131` dedi. Bu ifade ulus devlet yakla\u015f\u0131m\u0131n\u0131n herkesi `T\u00fcrk` kabul eden g\u00f6r\u00fc\u015f\u00fcnden vazge\u00e7meyi ve etnik farkl\u0131l\u0131klar\u0131 kabul etmeyi gerektiriyordu. `M\u00fctedeyyin` insanlardan bahsetti, TSK`nin `peygamber oca\u011f\u0131` olarak an\u0131ld\u0131\u011f\u0131na at\u0131fta bulundu. Bunlar laikli\u011fi ve ulus [&hellip;]","og_url":"https:\/\/akunq.net\/turkish\/2010\/01\/14\/basbugun-sozlerine-siradisi-cevap\/","og_site_name":"Bati Ermenistan Ve Bati Ermenileri Sorunlari Ara\u015ftirmalar Merkezi","article_published_time":"2010-01-14T08:30:32+00:00","author":"kalem","twitter_card":"summary_large_image","twitter_misc":{"Written by":"kalem","Est. reading time":"7 minutes"},"schema":{"@context":"https:\/\/schema.org","@graph":[{"@type":"WebPage","@id":"https:\/\/akunq.net\/turkish\/2010\/01\/14\/basbugun-sozlerine-siradisi-cevap\/","url":"https:\/\/akunq.net\/turkish\/2010\/01\/14\/basbugun-sozlerine-siradisi-cevap\/","name":"Ba\u015fbu\u011f`un s\u00f6zlerine s\u0131rad\u0131\u015f\u0131 cevap - Bati Ermenistan Ve Bati Ermenileri Sorunlari Ara\u015ftirmalar Merkezi","isPartOf":{"@id":"https:\/\/akunq.net\/turkish\/#website"},"datePublished":"2010-01-14T08:30:32+00:00","author":{"@id":"https:\/\/akunq.net\/turkish\/#\/schema\/person\/135e7923d1aeb8887890799619969a6c"},"breadcrumb":{"@id":"https:\/\/akunq.net\/turkish\/2010\/01\/14\/basbugun-sozlerine-siradisi-cevap\/#breadcrumb"},"inLanguage":"en-US","potentialAction":[{"@type":"ReadAction","target":["https:\/\/akunq.net\/turkish\/2010\/01\/14\/basbugun-sozlerine-siradisi-cevap\/"]}]},{"@type":"BreadcrumbList","@id":"https:\/\/akunq.net\/turkish\/2010\/01\/14\/basbugun-sozlerine-siradisi-cevap\/#breadcrumb","itemListElement":[{"@type":"ListItem","position":1,"name":"Home","item":"https:\/\/akunq.net\/turkish\/"},{"@type":"ListItem","position":2,"name":"Ba\u015fbu\u011f`un s\u00f6zlerine s\u0131rad\u0131\u015f\u0131 cevap"}]},{"@type":"WebSite","@id":"https:\/\/akunq.net\/turkish\/#website","url":"https:\/\/akunq.net\/turkish\/","name":"Bati Ermenistan Ve Bati Ermenileri Sorunlari Ara\u015ftirmalar Merkezi","description":"","potentialAction":[{"@type":"SearchAction","target":{"@type":"EntryPoint","urlTemplate":"https:\/\/akunq.net\/turkish\/?s={search_term_string}"},"query-input":{"@type":"PropertyValueSpecification","valueRequired":true,"valueName":"search_term_string"}}],"inLanguage":"en-US"},{"@type":"Person","@id":"https:\/\/akunq.net\/turkish\/#\/schema\/person\/135e7923d1aeb8887890799619969a6c","name":"kalem","image":{"@type":"ImageObject","inLanguage":"en-US","@id":"https:\/\/akunq.net\/turkish\/#\/schema\/person\/image\/","url":"https:\/\/secure.gravatar.com\/avatar\/a06875e4b25feb5674296adf8e8a7ae1e587cebce2493fe63c456109967e27d3?s=96&d=mm&r=g","contentUrl":"https:\/\/secure.gravatar.com\/avatar\/a06875e4b25feb5674296adf8e8a7ae1e587cebce2493fe63c456109967e27d3?s=96&d=mm&r=g","caption":"kalem"},"url":"https:\/\/akunq.net\/turkish\/author\/kalem\/"}]}},"_links":{"self":[{"href":"https:\/\/akunq.net\/turkish\/wp-json\/wp\/v2\/posts\/56","targetHints":{"allow":["GET"]}}],"collection":[{"href":"https:\/\/akunq.net\/turkish\/wp-json\/wp\/v2\/posts"}],"about":[{"href":"https:\/\/akunq.net\/turkish\/wp-json\/wp\/v2\/types\/post"}],"author":[{"embeddable":true,"href":"https:\/\/akunq.net\/turkish\/wp-json\/wp\/v2\/users\/3"}],"replies":[{"embeddable":true,"href":"https:\/\/akunq.net\/turkish\/wp-json\/wp\/v2\/comments?post=56"}],"version-history":[{"count":0,"href":"https:\/\/akunq.net\/turkish\/wp-json\/wp\/v2\/posts\/56\/revisions"}],"wp:attachment":[{"href":"https:\/\/akunq.net\/turkish\/wp-json\/wp\/v2\/media?parent=56"}],"wp:term":[{"taxonomy":"category","embeddable":true,"href":"https:\/\/akunq.net\/turkish\/wp-json\/wp\/v2\/categories?post=56"},{"taxonomy":"post_tag","embeddable":true,"href":"https:\/\/akunq.net\/turkish\/wp-json\/wp\/v2\/tags?post=56"}],"curies":[{"name":"wp","href":"https:\/\/api.w.org\/{rel}","templated":true}]}}