{"id":542,"date":"2010-04-26T08:22:17","date_gmt":"2010-04-26T13:22:17","guid":{"rendered":"http:\/\/akunq.net\/tr\/?p=542"},"modified":"2010-04-26T08:22:17","modified_gmt":"2010-04-26T13:22:17","slug":"provokasyonlar-yasandi","status":"publish","type":"post","link":"https:\/\/akunq.net\/turkish\/2010\/04\/26\/provokasyonlar-yasandi\/","title":{"rendered":"Provokasyonlar ya\u015fand\u0131"},"content":{"rendered":"<h3 style=\"text-align: justify\">Taksim&#8217;de gergin &#8216;soyk\u0131r\u0131m&#8217; anmas\u0131<\/h3>\n<p style=\"text-align: justify\">\u0130stanbul\u2019da g\u00fcn\u00fcn son Ermeni tehciri anmas\u0131 gergin ba\u015flad\u0131, gergin bitti. Polis, meydan\u0131 adeta ku\u015fatt\u0131. Ayd\u0131n ve sanat\u00e7\u0131lar, meydanda mumlar yakt\u0131, sessiz oturma eylemi yapt\u0131. Hemen kar\u015f\u0131s\u0131nda ise ba\u015fka g\u00f6steriler vard\u0131.<\/p>\n<p style=\"text-align: justify\">G\u00fcnlerdir gerginlik konusu olan, tehdit e-mailleriyle engellenmeye \u00e7al\u0131\u015f\u0131lan Taksim Meydan&#8217;ndaki Ermeni tehciri anmas\u0131 ak\u015fam saatlerinde ger\u00e7ekle\u015ftirildi. Ayd\u0131n ve sanat\u00e7\u0131lar\u0131n da aralar\u0131nda oldu\u011fu 500&#8217;e yak\u0131n ki\u015fi Taksim Meydan\u0131&#8217;nda mumlar yakt\u0131, sessiz oturma eylemi yapt\u0131. Polisin yo\u011fun g\u00fcvenlik \u00f6nlemlerini alt\u0131nda ger\u00e7ekle\u015fen eylemde, provokasyonlar da ya\u015fand\u0131.<\/p>\n<p style=\"text-align: justify\">Ayd\u0131n ve sanat\u00e7\u0131lar, &#8220;Bu ac\u0131 bizim ac\u0131m\u0131z\/ Bu yas hepimizin&#8221; yaz\u0131l\u0131 T\u00fcrk\u00e7e ve Ermenice pankart a\u00e7t\u0131. Siyahlar giyildi, mumlar yak\u0131ld\u0131, karanfiller b\u0131rak\u0131ld\u0131. Anmaya, sanat\u00e7\u0131 Zeynep Tanbay, Osman Kavala, \u00d6mer La\u00e7iner gibi isimler kat\u0131ld\u0131. A\u00e7\u0131klamay\u0131 sanat\u00e7\u0131 Zeynep Tanbay yapt\u0131. Tanbay, 1915&#8217;ta T\u00fcrkiye n\u00fcfusu 13 milyon iken, Trakya, Ege, Adana, Malatya, Van, Kars ile Istanbul Samatya, \u015ei\u015fli, Adalar ve Galata&#8217;da toplam 1,5- 2 milyon Ermeni&#8217;nin ya\u015fad\u0131\u011f\u0131n\u0131 kaydetti.<\/p>\n<p style=\"text-align: justify\">Tanbay, onlar i\u00e7in, &#8220;mahalle bakkal\u0131m\u0131z, terzimiz, kuyumcumuz, marangozumuz, kundurac\u0131m\u0131z, yan tarlada ren\u00e7berimiz, de\u011firmencimiz, s\u0131n\u0131f arkada\u015f\u0131m\u0131z, \u00f6\u011fretmenimiz, subay\u0131m\u0131z, emir erimiz, milletvekilimiz, tarih\u00e7imiz, bestekar\u0131m\u0131z&#8230; Arkada\u015flar\u0131m\u0131zd\u0131. Kap\u0131 kom\u015fumuzdu, dert orta\u011f\u0131m\u0131zd\u0131&#8221; dedi.<\/p>\n<p style=\"text-align: justify\">Tanbay, \u015f\u00f6yle devam etti: &#8220;24 Nisan 1915&#8217;te &#8216;g\u00f6nderilmeye&#8217; ba\u015fland\u0131lar. Onlar\u0131 kaybettik. Art\u0131k yoklar. \u00c7ok b\u00fcy\u00fck \u00e7o\u011funlu\u011fu aram\u0131zda yok. Mezarlar\u0131 bile yok. &#8216;B\u00fcy\u00fck felaketin&#8217; vicdan\u0131m\u0131za y\u00fckledi\u011fi &#8216;b\u00fcy\u00fck ac\u0131&#8217; ise olanca a\u011f\u0131rl\u0131\u011f\u0131yla var. 95 y\u0131ld\u0131r b\u00fcy\u00fcyor.&#8221;<\/p>\n<p style=\"text-align: justify\">Zeynep Tanbay, &#8216;b\u00fcy\u00fck ac\u0131&#8217;y\u0131 y\u00fcre\u011finde hisseden T\u00fcrkiyelileri 1915 kurbanlar\u0131 an\u0131s\u0131 \u00f6n\u00fcnde e\u011filmeye davet etti, &#8220;Siyahlar i\u00e7inde, sessizce. Ruhlar\u0131na yakaca\u011f\u0131m\u0131z mumlarla, \u00e7i\u00e7eklerle. \u00c7\u00fcnk\u00fc bu ac\u0131 bizim. Bu yas hepimizin&#8221; dedi.<\/p>\n<p style=\"text-align: justify\">Taksim Meydan\u0131&#8217;nda eylemin s\u00fcrd\u00fc\u011f\u00fc s\u0131ralarda provokasyon giri\u015fimleri de ya\u015fand\u0131. Meydan\u0131 ablukaya alan polis, gruplar\u0131n kar\u015f\u0131 kar\u0131\u015f\u0131ya gelmesine izin vermedi. \u00dclk\u00fcc\u00fc i\u015faretleri yapan grup, &#8220;Kahrolsun Ermeni diasporas\u0131&#8221;, &#8220;Buras\u0131 T\u00fcrkiye, ya sev ya terket&#8221; \u015feklinde sloganlar att\u0131.<\/p>\n<p style=\"text-align: justify\"><strong>\u0130stiklal&#8217;de y\u00fcr\u00fcy\u00fc\u015f <\/strong><\/p>\n<p style=\"text-align: justify\">Eylemlerin bitmesinin ard\u0131ndan polis, tehcir anmas\u0131na kat\u0131lanlar\u0131 \u0130stiklal y\u00f6n\u00fcne do\u011fru da\u011f\u0131lmas\u0131 i\u00e7in uyard\u0131. Cadde&#8217;ye ba\u015fka gruplar\u0131n girmesine izin verilmedi, barikat kurdu. Bu esnada y\u00fczlerce ki\u015fi, \u0130stiklal Caddesi&#8217;nde, &#8220;K\u00fcrt, T\u00fcrk, Ermeni ya\u015fas\u0131n halklar\u0131n karde\u015fli\u011fi&#8221;, &#8220;Fa\u015fizme kar\u015f\u0131 omuz omuza&#8221; sloganlar\u0131 atarak ilerledi. Slogan atanlara y\u00f6nelik bireysel \u00e7\u0131k\u0131\u015flar\u0131n ya\u015fand\u0131\u011f\u0131 y\u00fcr\u00fcy\u00fc\u015f k\u00fc\u00e7\u00fck gerginliklerle son buldu.<\/p>\n<p style=\"text-align: justify\"><strong>atilimhaber.org<\/strong>\u00a0 25.4.2010<\/p>\n","protected":false},"excerpt":{"rendered":"<p>Taksim&#8217;de gergin &#8216;soyk\u0131r\u0131m&#8217; anmas\u0131 \u0130stanbul\u2019da g\u00fcn\u00fcn son Ermeni tehciri anmas\u0131 gergin ba\u015flad\u0131, gergin bitti. Polis, meydan\u0131 adeta ku\u015fatt\u0131. Ayd\u0131n ve sanat\u00e7\u0131lar, meydanda mumlar yakt\u0131, sessiz oturma eylemi yapt\u0131. Hemen kar\u015f\u0131s\u0131nda ise ba\u015fka g\u00f6steriler vard\u0131. G\u00fcnlerdir gerginlik konusu olan, tehdit e-mailleriyle engellenmeye \u00e7al\u0131\u015f\u0131lan Taksim Meydan&#8217;ndaki Ermeni tehciri anmas\u0131 ak\u015fam saatlerinde ger\u00e7ekle\u015ftirildi. Ayd\u0131n ve sanat\u00e7\u0131lar\u0131n da aralar\u0131nda [&hellip;]<\/p>\n","protected":false},"author":3,"featured_media":0,"comment_status":"closed","ping_status":"open","sticky":false,"template":"","format":"standard","meta":{"footnotes":""},"categories":[14],"tags":[],"class_list":["post-542","post","type-post","status-publish","format-standard","hentry","category-haberler"],"yoast_head":"<!-- This site is optimized with the Yoast SEO plugin v27.4 - https:\/\/yoast.com\/product\/yoast-seo-wordpress\/ -->\n<title>Provokasyonlar ya\u015fand\u0131 - Bati Ermenistan Ve Bati Ermenileri Sorunlari Ara\u015ftirmalar Merkezi<\/title>\n<meta name=\"robots\" content=\"index, follow, max-snippet:-1, max-image-preview:large, max-video-preview:-1\" \/>\n<link rel=\"canonical\" href=\"https:\/\/akunq.net\/turkish\/2010\/04\/26\/provokasyonlar-yasandi\/\" \/>\n<meta property=\"og:locale\" content=\"en_US\" \/>\n<meta property=\"og:type\" content=\"article\" \/>\n<meta property=\"og:title\" content=\"Provokasyonlar ya\u015fand\u0131 - Bati Ermenistan Ve Bati Ermenileri Sorunlari Ara\u015ftirmalar Merkezi\" \/>\n<meta property=\"og:description\" content=\"Taksim&#8217;de gergin &#8216;soyk\u0131r\u0131m&#8217; anmas\u0131 \u0130stanbul\u2019da g\u00fcn\u00fcn son Ermeni tehciri anmas\u0131 gergin ba\u015flad\u0131, gergin bitti. Polis, meydan\u0131 adeta ku\u015fatt\u0131. Ayd\u0131n ve sanat\u00e7\u0131lar, meydanda mumlar yakt\u0131, sessiz oturma eylemi yapt\u0131. Hemen kar\u015f\u0131s\u0131nda ise ba\u015fka g\u00f6steriler vard\u0131. G\u00fcnlerdir gerginlik konusu olan, tehdit e-mailleriyle engellenmeye \u00e7al\u0131\u015f\u0131lan Taksim Meydan&#8217;ndaki Ermeni tehciri anmas\u0131 ak\u015fam saatlerinde ger\u00e7ekle\u015ftirildi. Ayd\u0131n ve sanat\u00e7\u0131lar\u0131n da aralar\u0131nda [&hellip;]\" \/>\n<meta property=\"og:url\" content=\"https:\/\/akunq.net\/turkish\/2010\/04\/26\/provokasyonlar-yasandi\/\" \/>\n<meta property=\"og:site_name\" content=\"Bati Ermenistan Ve Bati Ermenileri Sorunlari Ara\u015ftirmalar Merkezi\" \/>\n<meta property=\"article:published_time\" content=\"2010-04-26T13:22:17+00:00\" \/>\n<meta name=\"author\" content=\"kalem\" \/>\n<meta name=\"twitter:card\" content=\"summary_large_image\" \/>\n<meta name=\"twitter:label1\" content=\"Written by\" \/>\n\t<meta name=\"twitter:data1\" content=\"kalem\" \/>\n\t<meta name=\"twitter:label2\" content=\"Est. reading time\" \/>\n\t<meta name=\"twitter:data2\" content=\"2 minutes\" \/>\n<script type=\"application\/ld+json\" class=\"yoast-schema-graph\">{\"@context\":\"https:\\\/\\\/schema.org\",\"@graph\":[{\"@type\":\"Article\",\"@id\":\"https:\\\/\\\/akunq.net\\\/turkish\\\/2010\\\/04\\\/26\\\/provokasyonlar-yasandi\\\/#article\",\"isPartOf\":{\"@id\":\"https:\\\/\\\/akunq.net\\\/turkish\\\/2010\\\/04\\\/26\\\/provokasyonlar-yasandi\\\/\"},\"author\":{\"name\":\"kalem\",\"@id\":\"https:\\\/\\\/akunq.net\\\/turkish\\\/#\\\/schema\\\/person\\\/135e7923d1aeb8887890799619969a6c\"},\"headline\":\"Provokasyonlar ya\u015fand\u0131\",\"datePublished\":\"2010-04-26T13:22:17+00:00\",\"mainEntityOfPage\":{\"@id\":\"https:\\\/\\\/akunq.net\\\/turkish\\\/2010\\\/04\\\/26\\\/provokasyonlar-yasandi\\\/\"},\"wordCount\":471,\"articleSection\":[\"Haberler\"],\"inLanguage\":\"en-US\"},{\"@type\":\"WebPage\",\"@id\":\"https:\\\/\\\/akunq.net\\\/turkish\\\/2010\\\/04\\\/26\\\/provokasyonlar-yasandi\\\/\",\"url\":\"https:\\\/\\\/akunq.net\\\/turkish\\\/2010\\\/04\\\/26\\\/provokasyonlar-yasandi\\\/\",\"name\":\"Provokasyonlar ya\u015fand\u0131 - Bati Ermenistan Ve Bati Ermenileri Sorunlari Ara\u015ftirmalar Merkezi\",\"isPartOf\":{\"@id\":\"https:\\\/\\\/akunq.net\\\/turkish\\\/#website\"},\"datePublished\":\"2010-04-26T13:22:17+00:00\",\"author\":{\"@id\":\"https:\\\/\\\/akunq.net\\\/turkish\\\/#\\\/schema\\\/person\\\/135e7923d1aeb8887890799619969a6c\"},\"breadcrumb\":{\"@id\":\"https:\\\/\\\/akunq.net\\\/turkish\\\/2010\\\/04\\\/26\\\/provokasyonlar-yasandi\\\/#breadcrumb\"},\"inLanguage\":\"en-US\",\"potentialAction\":[{\"@type\":\"ReadAction\",\"target\":[\"https:\\\/\\\/akunq.net\\\/turkish\\\/2010\\\/04\\\/26\\\/provokasyonlar-yasandi\\\/\"]}]},{\"@type\":\"BreadcrumbList\",\"@id\":\"https:\\\/\\\/akunq.net\\\/turkish\\\/2010\\\/04\\\/26\\\/provokasyonlar-yasandi\\\/#breadcrumb\",\"itemListElement\":[{\"@type\":\"ListItem\",\"position\":1,\"name\":\"Home\",\"item\":\"https:\\\/\\\/akunq.net\\\/turkish\\\/\"},{\"@type\":\"ListItem\",\"position\":2,\"name\":\"Provokasyonlar ya\u015fand\u0131\"}]},{\"@type\":\"WebSite\",\"@id\":\"https:\\\/\\\/akunq.net\\\/turkish\\\/#website\",\"url\":\"https:\\\/\\\/akunq.net\\\/turkish\\\/\",\"name\":\"Bati Ermenistan Ve Bati Ermenileri Sorunlari Ara\u015ftirmalar Merkezi\",\"description\":\"\",\"potentialAction\":[{\"@type\":\"SearchAction\",\"target\":{\"@type\":\"EntryPoint\",\"urlTemplate\":\"https:\\\/\\\/akunq.net\\\/turkish\\\/?s={search_term_string}\"},\"query-input\":{\"@type\":\"PropertyValueSpecification\",\"valueRequired\":true,\"valueName\":\"search_term_string\"}}],\"inLanguage\":\"en-US\"},{\"@type\":\"Person\",\"@id\":\"https:\\\/\\\/akunq.net\\\/turkish\\\/#\\\/schema\\\/person\\\/135e7923d1aeb8887890799619969a6c\",\"name\":\"kalem\",\"image\":{\"@type\":\"ImageObject\",\"inLanguage\":\"en-US\",\"@id\":\"https:\\\/\\\/secure.gravatar.com\\\/avatar\\\/a06875e4b25feb5674296adf8e8a7ae1e587cebce2493fe63c456109967e27d3?s=96&d=mm&r=g\",\"url\":\"https:\\\/\\\/secure.gravatar.com\\\/avatar\\\/a06875e4b25feb5674296adf8e8a7ae1e587cebce2493fe63c456109967e27d3?s=96&d=mm&r=g\",\"contentUrl\":\"https:\\\/\\\/secure.gravatar.com\\\/avatar\\\/a06875e4b25feb5674296adf8e8a7ae1e587cebce2493fe63c456109967e27d3?s=96&d=mm&r=g\",\"caption\":\"kalem\"},\"url\":\"https:\\\/\\\/akunq.net\\\/turkish\\\/author\\\/kalem\\\/\"}]}<\/script>\n<!-- \/ Yoast SEO plugin. -->","yoast_head_json":{"title":"Provokasyonlar ya\u015fand\u0131 - Bati Ermenistan Ve Bati Ermenileri Sorunlari Ara\u015ftirmalar Merkezi","robots":{"index":"index","follow":"follow","max-snippet":"max-snippet:-1","max-image-preview":"max-image-preview:large","max-video-preview":"max-video-preview:-1"},"canonical":"https:\/\/akunq.net\/turkish\/2010\/04\/26\/provokasyonlar-yasandi\/","og_locale":"en_US","og_type":"article","og_title":"Provokasyonlar ya\u015fand\u0131 - Bati Ermenistan Ve Bati Ermenileri Sorunlari Ara\u015ftirmalar Merkezi","og_description":"Taksim&#8217;de gergin &#8216;soyk\u0131r\u0131m&#8217; anmas\u0131 \u0130stanbul\u2019da g\u00fcn\u00fcn son Ermeni tehciri anmas\u0131 gergin ba\u015flad\u0131, gergin bitti. Polis, meydan\u0131 adeta ku\u015fatt\u0131. Ayd\u0131n ve sanat\u00e7\u0131lar, meydanda mumlar yakt\u0131, sessiz oturma eylemi yapt\u0131. Hemen kar\u015f\u0131s\u0131nda ise ba\u015fka g\u00f6steriler vard\u0131. G\u00fcnlerdir gerginlik konusu olan, tehdit e-mailleriyle engellenmeye \u00e7al\u0131\u015f\u0131lan Taksim Meydan&#8217;ndaki Ermeni tehciri anmas\u0131 ak\u015fam saatlerinde ger\u00e7ekle\u015ftirildi. Ayd\u0131n ve sanat\u00e7\u0131lar\u0131n da aralar\u0131nda [&hellip;]","og_url":"https:\/\/akunq.net\/turkish\/2010\/04\/26\/provokasyonlar-yasandi\/","og_site_name":"Bati Ermenistan Ve Bati Ermenileri Sorunlari Ara\u015ftirmalar Merkezi","article_published_time":"2010-04-26T13:22:17+00:00","author":"kalem","twitter_card":"summary_large_image","twitter_misc":{"Written by":"kalem","Est. reading time":"2 minutes"},"schema":{"@context":"https:\/\/schema.org","@graph":[{"@type":"Article","@id":"https:\/\/akunq.net\/turkish\/2010\/04\/26\/provokasyonlar-yasandi\/#article","isPartOf":{"@id":"https:\/\/akunq.net\/turkish\/2010\/04\/26\/provokasyonlar-yasandi\/"},"author":{"name":"kalem","@id":"https:\/\/akunq.net\/turkish\/#\/schema\/person\/135e7923d1aeb8887890799619969a6c"},"headline":"Provokasyonlar ya\u015fand\u0131","datePublished":"2010-04-26T13:22:17+00:00","mainEntityOfPage":{"@id":"https:\/\/akunq.net\/turkish\/2010\/04\/26\/provokasyonlar-yasandi\/"},"wordCount":471,"articleSection":["Haberler"],"inLanguage":"en-US"},{"@type":"WebPage","@id":"https:\/\/akunq.net\/turkish\/2010\/04\/26\/provokasyonlar-yasandi\/","url":"https:\/\/akunq.net\/turkish\/2010\/04\/26\/provokasyonlar-yasandi\/","name":"Provokasyonlar ya\u015fand\u0131 - Bati Ermenistan Ve Bati Ermenileri Sorunlari Ara\u015ftirmalar Merkezi","isPartOf":{"@id":"https:\/\/akunq.net\/turkish\/#website"},"datePublished":"2010-04-26T13:22:17+00:00","author":{"@id":"https:\/\/akunq.net\/turkish\/#\/schema\/person\/135e7923d1aeb8887890799619969a6c"},"breadcrumb":{"@id":"https:\/\/akunq.net\/turkish\/2010\/04\/26\/provokasyonlar-yasandi\/#breadcrumb"},"inLanguage":"en-US","potentialAction":[{"@type":"ReadAction","target":["https:\/\/akunq.net\/turkish\/2010\/04\/26\/provokasyonlar-yasandi\/"]}]},{"@type":"BreadcrumbList","@id":"https:\/\/akunq.net\/turkish\/2010\/04\/26\/provokasyonlar-yasandi\/#breadcrumb","itemListElement":[{"@type":"ListItem","position":1,"name":"Home","item":"https:\/\/akunq.net\/turkish\/"},{"@type":"ListItem","position":2,"name":"Provokasyonlar ya\u015fand\u0131"}]},{"@type":"WebSite","@id":"https:\/\/akunq.net\/turkish\/#website","url":"https:\/\/akunq.net\/turkish\/","name":"Bati Ermenistan Ve Bati Ermenileri Sorunlari Ara\u015ftirmalar Merkezi","description":"","potentialAction":[{"@type":"SearchAction","target":{"@type":"EntryPoint","urlTemplate":"https:\/\/akunq.net\/turkish\/?s={search_term_string}"},"query-input":{"@type":"PropertyValueSpecification","valueRequired":true,"valueName":"search_term_string"}}],"inLanguage":"en-US"},{"@type":"Person","@id":"https:\/\/akunq.net\/turkish\/#\/schema\/person\/135e7923d1aeb8887890799619969a6c","name":"kalem","image":{"@type":"ImageObject","inLanguage":"en-US","@id":"https:\/\/secure.gravatar.com\/avatar\/a06875e4b25feb5674296adf8e8a7ae1e587cebce2493fe63c456109967e27d3?s=96&d=mm&r=g","url":"https:\/\/secure.gravatar.com\/avatar\/a06875e4b25feb5674296adf8e8a7ae1e587cebce2493fe63c456109967e27d3?s=96&d=mm&r=g","contentUrl":"https:\/\/secure.gravatar.com\/avatar\/a06875e4b25feb5674296adf8e8a7ae1e587cebce2493fe63c456109967e27d3?s=96&d=mm&r=g","caption":"kalem"},"url":"https:\/\/akunq.net\/turkish\/author\/kalem\/"}]}},"_links":{"self":[{"href":"https:\/\/akunq.net\/turkish\/wp-json\/wp\/v2\/posts\/542","targetHints":{"allow":["GET"]}}],"collection":[{"href":"https:\/\/akunq.net\/turkish\/wp-json\/wp\/v2\/posts"}],"about":[{"href":"https:\/\/akunq.net\/turkish\/wp-json\/wp\/v2\/types\/post"}],"author":[{"embeddable":true,"href":"https:\/\/akunq.net\/turkish\/wp-json\/wp\/v2\/users\/3"}],"replies":[{"embeddable":true,"href":"https:\/\/akunq.net\/turkish\/wp-json\/wp\/v2\/comments?post=542"}],"version-history":[{"count":0,"href":"https:\/\/akunq.net\/turkish\/wp-json\/wp\/v2\/posts\/542\/revisions"}],"wp:attachment":[{"href":"https:\/\/akunq.net\/turkish\/wp-json\/wp\/v2\/media?parent=542"}],"wp:term":[{"taxonomy":"category","embeddable":true,"href":"https:\/\/akunq.net\/turkish\/wp-json\/wp\/v2\/categories?post=542"},{"taxonomy":"post_tag","embeddable":true,"href":"https:\/\/akunq.net\/turkish\/wp-json\/wp\/v2\/tags?post=542"}],"curies":[{"name":"wp","href":"https:\/\/api.w.org\/{rel}","templated":true}]}}