{"id":540,"date":"2010-04-26T08:19:48","date_gmt":"2010-04-26T13:19:48","guid":{"rendered":"http:\/\/akunq.net\/tr\/?p=540"},"modified":"2010-04-26T08:19:48","modified_gmt":"2010-04-26T13:19:48","slug":"garda-soykirim-munazarasi","status":"publish","type":"post","link":"https:\/\/akunq.net\/turkish\/2010\/04\/26\/garda-soykirim-munazarasi\/","title":{"rendered":"Garda \u2018soyk\u0131r\u0131m\u2019 m\u00fcnazaras\u0131"},"content":{"rendered":"<h3 style=\"text-align: justify\">\n\u0130HD, \u20181915\u2019te 220 Ermeni ayd\u0131n katledildi\u2019 iddias\u0131nda bulundu. Emekli diplomatlar ile \u0130HD\u2019liler aras\u0131nda s\u00f6zl\u00fc at\u0131\u015fma ya\u015fand\u0131.<\/h3>\n<p style=\"text-align: justify\">\u0130nsan Haklar\u0131 Derne\u011fi (\u0130HD) \u00fcyesi bir grup, Haydarpa\u015fa Gar\u0131\u2019nda, 24 Nisan 1915\u2019te meydana geldi\u011fi iddia edilen olaylar\u0131 protesto etmek amac\u0131yla oturma eylemi yapt\u0131. Gar\u0131n giri\u015finde toplanan \u2018\u2019\u0130HD \u0130stanbul \u015eubesi Irk\u00e7\u0131l\u0131k ve Ayr\u0131mc\u0131l\u0131\u011fa Kar\u015f\u0131 Komisyon\u2019\u2019 \u00fcyesi grup, 24 Nisan 1915\u2019de g\u00f6zalt\u0131na al\u0131nd\u0131ktan sonra bir daha haber al\u0131namad\u0131\u011f\u0131 \u00f6ne s\u00fcr\u00fclen \u2018\u2019220 Ermeni ayd\u0131n\u2019\u2019\u0131n foto\u011fraf\u0131yla oturma eylemi yapt\u0131. Grup ad\u0131na konu\u015fan avukat Eren Keskin, Ermeniler\u2019in sadece canlar\u0131na kastedilmedi\u011fini, mallar\u0131na, m\u00fclklerine ve tarihlerine de el konuldu\u011funu iddia etti.<\/p>\n<p style=\"text-align: justify\">\u00d6te yandan, aralar\u0131nda emekli b\u00fcy\u00fckel\u00e7iler ve pa\u015falar\u0131n da bulundu\u011fu kar\u015f\u0131t bir grup ise eylemcileri protesto etti. Grup ad\u0131na a\u00e7\u0131klama yapan emekli Orgeneral Edip Ba\u015fer, soyk\u0131r\u0131m iddias\u0131n\u0131n yapay ve yalan bir iddia oldu\u011funu belirterek \u201cB\u00f6yle bir eylemin T\u00fcrkiye\u2019de yap\u0131lmas\u0131 bana g\u00f6re utan\u00e7 verici. T\u00fcrkiye\u2019de soyk\u0131r\u0131m\u0131 kabullenerek, \u2018Evet T\u00fcrkler soyk\u0131r\u0131m yapm\u0131\u015ft\u0131r\u2019 denilerek, bunun i\u00e7inde b\u00f6yle eylemlere giri\u015fmek bana g\u00f6re \u00e7ok yanl\u0131\u015f\u2019\u2019 diye konu\u015ftu.<\/p>\n<p style=\"text-align: justify\">\u00a0\u0130ki grubun kar\u015f\u0131l\u0131kl\u0131 s\u00f6zl\u00fc at\u0131\u015fmas\u0131 g\u00fcvenlik g\u00fc\u00e7lerinin araya girmesiyle son buldu. T\u00fcrkiye\u2019nin pek\u00e7ok yerinde de Ermeni soyk\u0131r\u0131m\u0131 iddialar\u0131 protesto edildi.<\/p>\n<p style=\"text-align: justify\"><strong>Arbedeyi polis \u00f6nledi<\/strong><\/p>\n<p style=\"text-align: justify\">\u0130HD \u00fcyeleri ile emekli pa\u015fa ve diplomatlar aras\u0131nda ba\u015flayan tart\u0131\u015fma sertle\u015fince araya \u00e7evik kuvvet ekipleri girdi. S\u00f6zl\u00fc tart\u0131\u015fma kavgaya d\u00f6n\u00fc\u015fmeden \u00f6nlendi.<\/p>\n<p style=\"text-align: justify\">stargazete.com 25.4.2010<\/p>\n","protected":false},"excerpt":{"rendered":"<p>\u0130HD, \u20181915\u2019te 220 Ermeni ayd\u0131n katledildi\u2019 iddias\u0131nda bulundu. Emekli diplomatlar ile \u0130HD\u2019liler aras\u0131nda s\u00f6zl\u00fc at\u0131\u015fma ya\u015fand\u0131. \u0130nsan Haklar\u0131 Derne\u011fi (\u0130HD) \u00fcyesi bir grup, Haydarpa\u015fa Gar\u0131\u2019nda, 24 Nisan 1915\u2019te meydana geldi\u011fi iddia edilen olaylar\u0131 protesto etmek amac\u0131yla oturma eylemi yapt\u0131. Gar\u0131n giri\u015finde toplanan \u2018\u2019\u0130HD \u0130stanbul \u015eubesi Irk\u00e7\u0131l\u0131k ve Ayr\u0131mc\u0131l\u0131\u011fa Kar\u015f\u0131 Komisyon\u2019\u2019 \u00fcyesi grup, 24 Nisan 1915\u2019de [&hellip;]<\/p>\n","protected":false},"author":3,"featured_media":0,"comment_status":"closed","ping_status":"open","sticky":false,"template":"","format":"standard","meta":{"footnotes":""},"categories":[14],"tags":[],"class_list":["post-540","post","type-post","status-publish","format-standard","hentry","category-haberler"],"yoast_head":"<!-- This site is optimized with the Yoast SEO plugin v27.4 - https:\/\/yoast.com\/product\/yoast-seo-wordpress\/ -->\n<title>Garda \u2018soyk\u0131r\u0131m\u2019 m\u00fcnazaras\u0131 - Bati Ermenistan Ve Bati Ermenileri Sorunlari Ara\u015ftirmalar Merkezi<\/title>\n<meta name=\"robots\" content=\"index, follow, max-snippet:-1, max-image-preview:large, max-video-preview:-1\" \/>\n<link rel=\"canonical\" href=\"https:\/\/akunq.net\/turkish\/2010\/04\/26\/garda-soykirim-munazarasi\/\" \/>\n<meta property=\"og:locale\" content=\"en_US\" \/>\n<meta property=\"og:type\" content=\"article\" \/>\n<meta property=\"og:title\" content=\"Garda \u2018soyk\u0131r\u0131m\u2019 m\u00fcnazaras\u0131 - Bati Ermenistan Ve Bati Ermenileri Sorunlari Ara\u015ftirmalar Merkezi\" \/>\n<meta property=\"og:description\" content=\"\u0130HD, \u20181915\u2019te 220 Ermeni ayd\u0131n katledildi\u2019 iddias\u0131nda bulundu. Emekli diplomatlar ile \u0130HD\u2019liler aras\u0131nda s\u00f6zl\u00fc at\u0131\u015fma ya\u015fand\u0131. \u0130nsan Haklar\u0131 Derne\u011fi (\u0130HD) \u00fcyesi bir grup, Haydarpa\u015fa Gar\u0131\u2019nda, 24 Nisan 1915\u2019te meydana geldi\u011fi iddia edilen olaylar\u0131 protesto etmek amac\u0131yla oturma eylemi yapt\u0131. Gar\u0131n giri\u015finde toplanan \u2018\u2019\u0130HD \u0130stanbul \u015eubesi Irk\u00e7\u0131l\u0131k ve Ayr\u0131mc\u0131l\u0131\u011fa Kar\u015f\u0131 Komisyon\u2019\u2019 \u00fcyesi grup, 24 Nisan 1915\u2019de [&hellip;]\" \/>\n<meta property=\"og:url\" content=\"https:\/\/akunq.net\/turkish\/2010\/04\/26\/garda-soykirim-munazarasi\/\" \/>\n<meta property=\"og:site_name\" content=\"Bati Ermenistan Ve Bati Ermenileri Sorunlari Ara\u015ftirmalar Merkezi\" \/>\n<meta property=\"article:published_time\" content=\"2010-04-26T13:19:48+00:00\" \/>\n<meta name=\"author\" content=\"kalem\" \/>\n<meta name=\"twitter:card\" content=\"summary_large_image\" \/>\n<meta name=\"twitter:label1\" content=\"Written by\" \/>\n\t<meta name=\"twitter:data1\" content=\"kalem\" \/>\n\t<meta name=\"twitter:label2\" content=\"Est. reading time\" \/>\n\t<meta name=\"twitter:data2\" content=\"1 minute\" \/>\n<script type=\"application\/ld+json\" class=\"yoast-schema-graph\">{\"@context\":\"https:\\\/\\\/schema.org\",\"@graph\":[{\"@type\":\"Article\",\"@id\":\"https:\\\/\\\/akunq.net\\\/turkish\\\/2010\\\/04\\\/26\\\/garda-soykirim-munazarasi\\\/#article\",\"isPartOf\":{\"@id\":\"https:\\\/\\\/akunq.net\\\/turkish\\\/2010\\\/04\\\/26\\\/garda-soykirim-munazarasi\\\/\"},\"author\":{\"name\":\"kalem\",\"@id\":\"https:\\\/\\\/akunq.net\\\/turkish\\\/#\\\/schema\\\/person\\\/135e7923d1aeb8887890799619969a6c\"},\"headline\":\"Garda \u2018soyk\u0131r\u0131m\u2019 m\u00fcnazaras\u0131\",\"datePublished\":\"2010-04-26T13:19:48+00:00\",\"mainEntityOfPage\":{\"@id\":\"https:\\\/\\\/akunq.net\\\/turkish\\\/2010\\\/04\\\/26\\\/garda-soykirim-munazarasi\\\/\"},\"wordCount\":292,\"articleSection\":[\"Haberler\"],\"inLanguage\":\"en-US\"},{\"@type\":\"WebPage\",\"@id\":\"https:\\\/\\\/akunq.net\\\/turkish\\\/2010\\\/04\\\/26\\\/garda-soykirim-munazarasi\\\/\",\"url\":\"https:\\\/\\\/akunq.net\\\/turkish\\\/2010\\\/04\\\/26\\\/garda-soykirim-munazarasi\\\/\",\"name\":\"Garda \u2018soyk\u0131r\u0131m\u2019 m\u00fcnazaras\u0131 - Bati Ermenistan Ve Bati Ermenileri Sorunlari Ara\u015ftirmalar Merkezi\",\"isPartOf\":{\"@id\":\"https:\\\/\\\/akunq.net\\\/turkish\\\/#website\"},\"datePublished\":\"2010-04-26T13:19:48+00:00\",\"author\":{\"@id\":\"https:\\\/\\\/akunq.net\\\/turkish\\\/#\\\/schema\\\/person\\\/135e7923d1aeb8887890799619969a6c\"},\"breadcrumb\":{\"@id\":\"https:\\\/\\\/akunq.net\\\/turkish\\\/2010\\\/04\\\/26\\\/garda-soykirim-munazarasi\\\/#breadcrumb\"},\"inLanguage\":\"en-US\",\"potentialAction\":[{\"@type\":\"ReadAction\",\"target\":[\"https:\\\/\\\/akunq.net\\\/turkish\\\/2010\\\/04\\\/26\\\/garda-soykirim-munazarasi\\\/\"]}]},{\"@type\":\"BreadcrumbList\",\"@id\":\"https:\\\/\\\/akunq.net\\\/turkish\\\/2010\\\/04\\\/26\\\/garda-soykirim-munazarasi\\\/#breadcrumb\",\"itemListElement\":[{\"@type\":\"ListItem\",\"position\":1,\"name\":\"Home\",\"item\":\"https:\\\/\\\/akunq.net\\\/turkish\\\/\"},{\"@type\":\"ListItem\",\"position\":2,\"name\":\"Garda \u2018soyk\u0131r\u0131m\u2019 m\u00fcnazaras\u0131\"}]},{\"@type\":\"WebSite\",\"@id\":\"https:\\\/\\\/akunq.net\\\/turkish\\\/#website\",\"url\":\"https:\\\/\\\/akunq.net\\\/turkish\\\/\",\"name\":\"Bati Ermenistan Ve Bati Ermenileri Sorunlari Ara\u015ftirmalar Merkezi\",\"description\":\"\",\"potentialAction\":[{\"@type\":\"SearchAction\",\"target\":{\"@type\":\"EntryPoint\",\"urlTemplate\":\"https:\\\/\\\/akunq.net\\\/turkish\\\/?s={search_term_string}\"},\"query-input\":{\"@type\":\"PropertyValueSpecification\",\"valueRequired\":true,\"valueName\":\"search_term_string\"}}],\"inLanguage\":\"en-US\"},{\"@type\":\"Person\",\"@id\":\"https:\\\/\\\/akunq.net\\\/turkish\\\/#\\\/schema\\\/person\\\/135e7923d1aeb8887890799619969a6c\",\"name\":\"kalem\",\"image\":{\"@type\":\"ImageObject\",\"inLanguage\":\"en-US\",\"@id\":\"https:\\\/\\\/secure.gravatar.com\\\/avatar\\\/a06875e4b25feb5674296adf8e8a7ae1e587cebce2493fe63c456109967e27d3?s=96&d=mm&r=g\",\"url\":\"https:\\\/\\\/secure.gravatar.com\\\/avatar\\\/a06875e4b25feb5674296adf8e8a7ae1e587cebce2493fe63c456109967e27d3?s=96&d=mm&r=g\",\"contentUrl\":\"https:\\\/\\\/secure.gravatar.com\\\/avatar\\\/a06875e4b25feb5674296adf8e8a7ae1e587cebce2493fe63c456109967e27d3?s=96&d=mm&r=g\",\"caption\":\"kalem\"},\"url\":\"https:\\\/\\\/akunq.net\\\/turkish\\\/author\\\/kalem\\\/\"}]}<\/script>\n<!-- \/ Yoast SEO plugin. -->","yoast_head_json":{"title":"Garda \u2018soyk\u0131r\u0131m\u2019 m\u00fcnazaras\u0131 - Bati Ermenistan Ve Bati Ermenileri Sorunlari Ara\u015ftirmalar Merkezi","robots":{"index":"index","follow":"follow","max-snippet":"max-snippet:-1","max-image-preview":"max-image-preview:large","max-video-preview":"max-video-preview:-1"},"canonical":"https:\/\/akunq.net\/turkish\/2010\/04\/26\/garda-soykirim-munazarasi\/","og_locale":"en_US","og_type":"article","og_title":"Garda \u2018soyk\u0131r\u0131m\u2019 m\u00fcnazaras\u0131 - Bati Ermenistan Ve Bati Ermenileri Sorunlari Ara\u015ftirmalar Merkezi","og_description":"\u0130HD, \u20181915\u2019te 220 Ermeni ayd\u0131n katledildi\u2019 iddias\u0131nda bulundu. Emekli diplomatlar ile \u0130HD\u2019liler aras\u0131nda s\u00f6zl\u00fc at\u0131\u015fma ya\u015fand\u0131. \u0130nsan Haklar\u0131 Derne\u011fi (\u0130HD) \u00fcyesi bir grup, Haydarpa\u015fa Gar\u0131\u2019nda, 24 Nisan 1915\u2019te meydana geldi\u011fi iddia edilen olaylar\u0131 protesto etmek amac\u0131yla oturma eylemi yapt\u0131. Gar\u0131n giri\u015finde toplanan \u2018\u2019\u0130HD \u0130stanbul \u015eubesi Irk\u00e7\u0131l\u0131k ve Ayr\u0131mc\u0131l\u0131\u011fa Kar\u015f\u0131 Komisyon\u2019\u2019 \u00fcyesi grup, 24 Nisan 1915\u2019de [&hellip;]","og_url":"https:\/\/akunq.net\/turkish\/2010\/04\/26\/garda-soykirim-munazarasi\/","og_site_name":"Bati Ermenistan Ve Bati Ermenileri Sorunlari Ara\u015ftirmalar Merkezi","article_published_time":"2010-04-26T13:19:48+00:00","author":"kalem","twitter_card":"summary_large_image","twitter_misc":{"Written by":"kalem","Est. reading time":"1 minute"},"schema":{"@context":"https:\/\/schema.org","@graph":[{"@type":"Article","@id":"https:\/\/akunq.net\/turkish\/2010\/04\/26\/garda-soykirim-munazarasi\/#article","isPartOf":{"@id":"https:\/\/akunq.net\/turkish\/2010\/04\/26\/garda-soykirim-munazarasi\/"},"author":{"name":"kalem","@id":"https:\/\/akunq.net\/turkish\/#\/schema\/person\/135e7923d1aeb8887890799619969a6c"},"headline":"Garda \u2018soyk\u0131r\u0131m\u2019 m\u00fcnazaras\u0131","datePublished":"2010-04-26T13:19:48+00:00","mainEntityOfPage":{"@id":"https:\/\/akunq.net\/turkish\/2010\/04\/26\/garda-soykirim-munazarasi\/"},"wordCount":292,"articleSection":["Haberler"],"inLanguage":"en-US"},{"@type":"WebPage","@id":"https:\/\/akunq.net\/turkish\/2010\/04\/26\/garda-soykirim-munazarasi\/","url":"https:\/\/akunq.net\/turkish\/2010\/04\/26\/garda-soykirim-munazarasi\/","name":"Garda \u2018soyk\u0131r\u0131m\u2019 m\u00fcnazaras\u0131 - Bati Ermenistan Ve Bati Ermenileri Sorunlari Ara\u015ftirmalar Merkezi","isPartOf":{"@id":"https:\/\/akunq.net\/turkish\/#website"},"datePublished":"2010-04-26T13:19:48+00:00","author":{"@id":"https:\/\/akunq.net\/turkish\/#\/schema\/person\/135e7923d1aeb8887890799619969a6c"},"breadcrumb":{"@id":"https:\/\/akunq.net\/turkish\/2010\/04\/26\/garda-soykirim-munazarasi\/#breadcrumb"},"inLanguage":"en-US","potentialAction":[{"@type":"ReadAction","target":["https:\/\/akunq.net\/turkish\/2010\/04\/26\/garda-soykirim-munazarasi\/"]}]},{"@type":"BreadcrumbList","@id":"https:\/\/akunq.net\/turkish\/2010\/04\/26\/garda-soykirim-munazarasi\/#breadcrumb","itemListElement":[{"@type":"ListItem","position":1,"name":"Home","item":"https:\/\/akunq.net\/turkish\/"},{"@type":"ListItem","position":2,"name":"Garda \u2018soyk\u0131r\u0131m\u2019 m\u00fcnazaras\u0131"}]},{"@type":"WebSite","@id":"https:\/\/akunq.net\/turkish\/#website","url":"https:\/\/akunq.net\/turkish\/","name":"Bati Ermenistan Ve Bati Ermenileri Sorunlari Ara\u015ftirmalar Merkezi","description":"","potentialAction":[{"@type":"SearchAction","target":{"@type":"EntryPoint","urlTemplate":"https:\/\/akunq.net\/turkish\/?s={search_term_string}"},"query-input":{"@type":"PropertyValueSpecification","valueRequired":true,"valueName":"search_term_string"}}],"inLanguage":"en-US"},{"@type":"Person","@id":"https:\/\/akunq.net\/turkish\/#\/schema\/person\/135e7923d1aeb8887890799619969a6c","name":"kalem","image":{"@type":"ImageObject","inLanguage":"en-US","@id":"https:\/\/secure.gravatar.com\/avatar\/a06875e4b25feb5674296adf8e8a7ae1e587cebce2493fe63c456109967e27d3?s=96&d=mm&r=g","url":"https:\/\/secure.gravatar.com\/avatar\/a06875e4b25feb5674296adf8e8a7ae1e587cebce2493fe63c456109967e27d3?s=96&d=mm&r=g","contentUrl":"https:\/\/secure.gravatar.com\/avatar\/a06875e4b25feb5674296adf8e8a7ae1e587cebce2493fe63c456109967e27d3?s=96&d=mm&r=g","caption":"kalem"},"url":"https:\/\/akunq.net\/turkish\/author\/kalem\/"}]}},"_links":{"self":[{"href":"https:\/\/akunq.net\/turkish\/wp-json\/wp\/v2\/posts\/540","targetHints":{"allow":["GET"]}}],"collection":[{"href":"https:\/\/akunq.net\/turkish\/wp-json\/wp\/v2\/posts"}],"about":[{"href":"https:\/\/akunq.net\/turkish\/wp-json\/wp\/v2\/types\/post"}],"author":[{"embeddable":true,"href":"https:\/\/akunq.net\/turkish\/wp-json\/wp\/v2\/users\/3"}],"replies":[{"embeddable":true,"href":"https:\/\/akunq.net\/turkish\/wp-json\/wp\/v2\/comments?post=540"}],"version-history":[{"count":0,"href":"https:\/\/akunq.net\/turkish\/wp-json\/wp\/v2\/posts\/540\/revisions"}],"wp:attachment":[{"href":"https:\/\/akunq.net\/turkish\/wp-json\/wp\/v2\/media?parent=540"}],"wp:term":[{"taxonomy":"category","embeddable":true,"href":"https:\/\/akunq.net\/turkish\/wp-json\/wp\/v2\/categories?post=540"},{"taxonomy":"post_tag","embeddable":true,"href":"https:\/\/akunq.net\/turkish\/wp-json\/wp\/v2\/tags?post=540"}],"curies":[{"name":"wp","href":"https:\/\/api.w.org\/{rel}","templated":true}]}}