{"id":538,"date":"2010-04-26T08:17:15","date_gmt":"2010-04-26T13:17:15","guid":{"rendered":"http:\/\/akunq.net\/tr\/?p=538"},"modified":"2010-04-26T08:17:15","modified_gmt":"2010-04-26T13:17:15","slug":"devlet-ermeni-kurt-ve-turklerden-ozur-dilemeli","status":"publish","type":"post","link":"https:\/\/akunq.net\/turkish\/2010\/04\/26\/devlet-ermeni-kurt-ve-turklerden-ozur-dilemeli\/","title":{"rendered":"&#8220;Devlet, Ermeni, K\u00fcrt ve T\u00fcrklerden \u00f6z\u00fcr dilemeli&#8221;"},"content":{"rendered":"<p style=\"text-align: justify\"><strong><em>Bar\u0131\u015f ve Demokrasi Partisi (BDP) Bitlis Milletvekili Nezir Karaba\u015f, 1915&#8217;te Ermenilerin katliama tabi tutuldu\u011funu ileri s\u00fcrerek, T\u00fcrkiye Cumhuriyeti Devleti&#8217;nin \u00f6z\u00fcr dilemesi gerekti\u011fini s\u00f6yledi. <\/em><\/strong><\/p>\n<p style=\"text-align: justify\">\u00a0BDP Denizli \u0130l Kongresi bug\u00fcn Ta\u00e7 D\u00fc\u011f\u00fcn Salonu&#8217;nda yap\u0131ld\u0131. Mehmet Ali Do\u011fan&#8217;\u0131n tek listeyle se\u00e7ime girdi\u011fi ve 67 delegenin oy kulland\u0131\u011f\u0131 kongrede, salonda BDP bayraklar\u0131 d\u0131\u015f\u0131nda hi\u00e7 bir bayrak as\u0131lmad\u0131. Divan ba\u015fkan\u0131 hem T\u00fcrk\u00e7e hem de K\u00fcrt\u00e7e yapt\u0131\u011f\u0131 konu\u015fmada, sayg\u0131 duru\u015funda bulunan kat\u0131l\u0131mc\u0131lar zafer i\u015fareti yapt\u0131. BDP Bitlis Milletvekili Nezir Karaba\u015f da konu\u015fmas\u0131n\u0131n ilk b\u00f6l\u00fcm\u00fcn\u00fc K\u00fcrt\u00e7e yapt\u0131. Konu\u015fmas\u0131 zaman zaman &#8216;\u00c7ocuklara uzanan eller k\u0131r\u0131ls\u0131n&#8217; sloganlar\u0131 ile kesilen Nezir Karaba\u015f, T\u00fcrkiye&#8217;nin \u00e7ocuklara \u015fiddet uygulanan \u00fclkelerden biri oldu\u011funu s\u00f6yledi.\u00a0 &#8216;Katil devlet hesap verecek sloganlar\u0131&#8217; da at\u0131lan kongrede, 1915 y\u0131l\u0131nda Ermenilere katliam yap\u0131ld\u0131\u011f\u0131n\u0131 ileri s\u00fcren BDP Bitlis Milletvekili Nezir Karaba\u015f, &#8220;1915 y\u0131l\u0131nda say\u0131s\u0131 \u00e7ok \u00f6nemli de\u011fil, Ermeniler ve bir \u00e7ok tarih\u00e7i 1.5 milyon, T\u00fcrkiye resmi anlamda 300-500 bin diyor. Sonu\u00e7ta milyonun \u00fczerinde Ermeni katliama tabi tutuldu. Yerinden, yurdundan s\u00f6k\u00fcld\u00fc. Kad\u0131n \u00e7oluk \u00e7ocuk denilmeden T\u00fcrkiye&#8217;nin her taraf\u0131ndan, \u00e7\u00fcnk\u00fc Ermeniler her ne kadar b\u00f6lgede Do\u011fu ve G\u00fcneydo\u011fu Anadolu&#8217;da ya\u015f\u0131yor olsa bile, T\u00fcrkiye&#8217;nin istisnas\u0131z her taraf\u0131nda ya\u015f\u0131yordu. T\u00fcrkiye&#8217;nin her taraf\u0131ndan milyon \u00fczerinden Ermeni yerinden yurdundan edilip, Suriye \u00e7\u00f6llerine s\u00fcr\u00fcld\u00fc. Bir \u00e7o\u011fu Te\u015fkilat-\u0131 Mahsusa katilleri taraf\u0131ndan katledildi. Bir \u00e7o\u011fu mal\u0131n\u0131 m\u00fclk\u00fcn\u00fc almak i\u00e7in \u00e7e\u015fitli kesimler taraf\u0131ndan \u00f6ld\u00fcr\u00fcld\u00fc, bir \u00e7o\u011fu yolda ya\u015fam\u0131n\u0131 yitirdi. T\u00fcrkiye, bu ger\u00e7ekleri kendi i\u00e7inde tart\u0131\u015f\u0131p, de\u011ferlendirip, d\u00fcnyan\u0131n bir \u00e7ok \u00e7a\u011fda\u015f \u00fclkesinin yapt\u0131\u011f\u0131 gibi, bu ger\u00e7ekleri g\u00fcn \u0131\u015f\u0131\u011f\u0131na \u00e7\u0131kart\u0131p \u00f6z\u00fcr dileme yerine, hala bu olay\u0131 ya\u015fanmam\u0131\u015f gibi yap\u0131yor. T\u00fcrkiye Cumhuriyeti Devleti&#8217;nin 3 halka \u00f6z\u00fcr borcu var. Ermeni halk\u0131na o katliam\u0131 ya\u015fatt\u0131\u011f\u0131 i\u00e7in, K\u00fcrt halk\u0131na baz\u0131 g\u00fcnahlarda ortak etti\u011fi i\u00e7in, T\u00fcrk halk\u0131na da 90 y\u0131ld\u0131r ger\u00e7ekleri ters y\u00fcz edip onlardan gizledi\u011fi i\u00e7in \u00f6z\u00fcr borcu var&#8221; dedi. <strong><em><\/em><\/strong><\/p>\n<p style=\"text-align: justify\">haberturk.com, 25.4.2010<\/p>\n","protected":false},"excerpt":{"rendered":"<p>Bar\u0131\u015f ve Demokrasi Partisi (BDP) Bitlis Milletvekili Nezir Karaba\u015f, 1915&#8217;te Ermenilerin katliama tabi tutuldu\u011funu ileri s\u00fcrerek, T\u00fcrkiye Cumhuriyeti Devleti&#8217;nin \u00f6z\u00fcr dilemesi gerekti\u011fini s\u00f6yledi. \u00a0BDP Denizli \u0130l Kongresi bug\u00fcn Ta\u00e7 D\u00fc\u011f\u00fcn Salonu&#8217;nda yap\u0131ld\u0131. Mehmet Ali Do\u011fan&#8217;\u0131n tek listeyle se\u00e7ime girdi\u011fi ve 67 delegenin oy kulland\u0131\u011f\u0131 kongrede, salonda BDP bayraklar\u0131 d\u0131\u015f\u0131nda hi\u00e7 bir bayrak as\u0131lmad\u0131. Divan ba\u015fkan\u0131 [&hellip;]<\/p>\n","protected":false},"author":3,"featured_media":0,"comment_status":"closed","ping_status":"open","sticky":false,"template":"","format":"standard","meta":{"footnotes":""},"categories":[14],"tags":[],"class_list":["post-538","post","type-post","status-publish","format-standard","hentry","category-haberler"],"yoast_head":"<!-- This site is optimized with the Yoast SEO plugin v27.4 - https:\/\/yoast.com\/product\/yoast-seo-wordpress\/ -->\n<title>&quot;Devlet, Ermeni, K\u00fcrt ve T\u00fcrklerden \u00f6z\u00fcr dilemeli&quot; - Bati Ermenistan Ve Bati Ermenileri Sorunlari Ara\u015ftirmalar Merkezi<\/title>\n<meta name=\"robots\" content=\"index, follow, max-snippet:-1, max-image-preview:large, max-video-preview:-1\" \/>\n<link rel=\"canonical\" href=\"https:\/\/akunq.net\/turkish\/2010\/04\/26\/devlet-ermeni-kurt-ve-turklerden-ozur-dilemeli\/\" \/>\n<meta property=\"og:locale\" content=\"en_US\" \/>\n<meta property=\"og:type\" content=\"article\" \/>\n<meta property=\"og:title\" content=\"&quot;Devlet, Ermeni, K\u00fcrt ve T\u00fcrklerden \u00f6z\u00fcr dilemeli&quot; - Bati Ermenistan Ve Bati Ermenileri Sorunlari Ara\u015ftirmalar Merkezi\" \/>\n<meta property=\"og:description\" content=\"Bar\u0131\u015f ve Demokrasi Partisi (BDP) Bitlis Milletvekili Nezir Karaba\u015f, 1915&#8217;te Ermenilerin katliama tabi tutuldu\u011funu ileri s\u00fcrerek, T\u00fcrkiye Cumhuriyeti Devleti&#8217;nin \u00f6z\u00fcr dilemesi gerekti\u011fini s\u00f6yledi. \u00a0BDP Denizli \u0130l Kongresi bug\u00fcn Ta\u00e7 D\u00fc\u011f\u00fcn Salonu&#8217;nda yap\u0131ld\u0131. Mehmet Ali Do\u011fan&#8217;\u0131n tek listeyle se\u00e7ime girdi\u011fi ve 67 delegenin oy kulland\u0131\u011f\u0131 kongrede, salonda BDP bayraklar\u0131 d\u0131\u015f\u0131nda hi\u00e7 bir bayrak as\u0131lmad\u0131. Divan ba\u015fkan\u0131 [&hellip;]\" \/>\n<meta property=\"og:url\" content=\"https:\/\/akunq.net\/turkish\/2010\/04\/26\/devlet-ermeni-kurt-ve-turklerden-ozur-dilemeli\/\" \/>\n<meta property=\"og:site_name\" content=\"Bati Ermenistan Ve Bati Ermenileri Sorunlari Ara\u015ftirmalar Merkezi\" \/>\n<meta property=\"article:published_time\" content=\"2010-04-26T13:17:15+00:00\" \/>\n<meta name=\"author\" content=\"kalem\" \/>\n<meta name=\"twitter:card\" content=\"summary_large_image\" \/>\n<meta name=\"twitter:label1\" content=\"Written by\" \/>\n\t<meta name=\"twitter:data1\" content=\"kalem\" \/>\n\t<meta name=\"twitter:label2\" content=\"Est. reading time\" \/>\n\t<meta name=\"twitter:data2\" content=\"2 minutes\" \/>\n<script type=\"application\/ld+json\" class=\"yoast-schema-graph\">{\"@context\":\"https:\\\/\\\/schema.org\",\"@graph\":[{\"@type\":\"Article\",\"@id\":\"https:\\\/\\\/akunq.net\\\/turkish\\\/2010\\\/04\\\/26\\\/devlet-ermeni-kurt-ve-turklerden-ozur-dilemeli\\\/#article\",\"isPartOf\":{\"@id\":\"https:\\\/\\\/akunq.net\\\/turkish\\\/2010\\\/04\\\/26\\\/devlet-ermeni-kurt-ve-turklerden-ozur-dilemeli\\\/\"},\"author\":{\"name\":\"kalem\",\"@id\":\"https:\\\/\\\/akunq.net\\\/turkish\\\/#\\\/schema\\\/person\\\/135e7923d1aeb8887890799619969a6c\"},\"headline\":\"&#8220;Devlet, Ermeni, K\u00fcrt ve T\u00fcrklerden \u00f6z\u00fcr dilemeli&#8221;\",\"datePublished\":\"2010-04-26T13:17:15+00:00\",\"mainEntityOfPage\":{\"@id\":\"https:\\\/\\\/akunq.net\\\/turkish\\\/2010\\\/04\\\/26\\\/devlet-ermeni-kurt-ve-turklerden-ozur-dilemeli\\\/\"},\"wordCount\":401,\"articleSection\":[\"Haberler\"],\"inLanguage\":\"en-US\"},{\"@type\":\"WebPage\",\"@id\":\"https:\\\/\\\/akunq.net\\\/turkish\\\/2010\\\/04\\\/26\\\/devlet-ermeni-kurt-ve-turklerden-ozur-dilemeli\\\/\",\"url\":\"https:\\\/\\\/akunq.net\\\/turkish\\\/2010\\\/04\\\/26\\\/devlet-ermeni-kurt-ve-turklerden-ozur-dilemeli\\\/\",\"name\":\"\\\"Devlet, Ermeni, K\u00fcrt ve T\u00fcrklerden \u00f6z\u00fcr dilemeli\\\" - Bati Ermenistan Ve Bati Ermenileri Sorunlari Ara\u015ftirmalar Merkezi\",\"isPartOf\":{\"@id\":\"https:\\\/\\\/akunq.net\\\/turkish\\\/#website\"},\"datePublished\":\"2010-04-26T13:17:15+00:00\",\"author\":{\"@id\":\"https:\\\/\\\/akunq.net\\\/turkish\\\/#\\\/schema\\\/person\\\/135e7923d1aeb8887890799619969a6c\"},\"breadcrumb\":{\"@id\":\"https:\\\/\\\/akunq.net\\\/turkish\\\/2010\\\/04\\\/26\\\/devlet-ermeni-kurt-ve-turklerden-ozur-dilemeli\\\/#breadcrumb\"},\"inLanguage\":\"en-US\",\"potentialAction\":[{\"@type\":\"ReadAction\",\"target\":[\"https:\\\/\\\/akunq.net\\\/turkish\\\/2010\\\/04\\\/26\\\/devlet-ermeni-kurt-ve-turklerden-ozur-dilemeli\\\/\"]}]},{\"@type\":\"BreadcrumbList\",\"@id\":\"https:\\\/\\\/akunq.net\\\/turkish\\\/2010\\\/04\\\/26\\\/devlet-ermeni-kurt-ve-turklerden-ozur-dilemeli\\\/#breadcrumb\",\"itemListElement\":[{\"@type\":\"ListItem\",\"position\":1,\"name\":\"Home\",\"item\":\"https:\\\/\\\/akunq.net\\\/turkish\\\/\"},{\"@type\":\"ListItem\",\"position\":2,\"name\":\"&#8220;Devlet, Ermeni, K\u00fcrt ve T\u00fcrklerden \u00f6z\u00fcr dilemeli&#8221;\"}]},{\"@type\":\"WebSite\",\"@id\":\"https:\\\/\\\/akunq.net\\\/turkish\\\/#website\",\"url\":\"https:\\\/\\\/akunq.net\\\/turkish\\\/\",\"name\":\"Bati Ermenistan Ve Bati Ermenileri Sorunlari Ara\u015ftirmalar Merkezi\",\"description\":\"\",\"potentialAction\":[{\"@type\":\"SearchAction\",\"target\":{\"@type\":\"EntryPoint\",\"urlTemplate\":\"https:\\\/\\\/akunq.net\\\/turkish\\\/?s={search_term_string}\"},\"query-input\":{\"@type\":\"PropertyValueSpecification\",\"valueRequired\":true,\"valueName\":\"search_term_string\"}}],\"inLanguage\":\"en-US\"},{\"@type\":\"Person\",\"@id\":\"https:\\\/\\\/akunq.net\\\/turkish\\\/#\\\/schema\\\/person\\\/135e7923d1aeb8887890799619969a6c\",\"name\":\"kalem\",\"image\":{\"@type\":\"ImageObject\",\"inLanguage\":\"en-US\",\"@id\":\"https:\\\/\\\/secure.gravatar.com\\\/avatar\\\/a06875e4b25feb5674296adf8e8a7ae1e587cebce2493fe63c456109967e27d3?s=96&d=mm&r=g\",\"url\":\"https:\\\/\\\/secure.gravatar.com\\\/avatar\\\/a06875e4b25feb5674296adf8e8a7ae1e587cebce2493fe63c456109967e27d3?s=96&d=mm&r=g\",\"contentUrl\":\"https:\\\/\\\/secure.gravatar.com\\\/avatar\\\/a06875e4b25feb5674296adf8e8a7ae1e587cebce2493fe63c456109967e27d3?s=96&d=mm&r=g\",\"caption\":\"kalem\"},\"url\":\"https:\\\/\\\/akunq.net\\\/turkish\\\/author\\\/kalem\\\/\"}]}<\/script>\n<!-- \/ Yoast SEO plugin. -->","yoast_head_json":{"title":"\"Devlet, Ermeni, K\u00fcrt ve T\u00fcrklerden \u00f6z\u00fcr dilemeli\" - Bati Ermenistan Ve Bati Ermenileri Sorunlari Ara\u015ftirmalar Merkezi","robots":{"index":"index","follow":"follow","max-snippet":"max-snippet:-1","max-image-preview":"max-image-preview:large","max-video-preview":"max-video-preview:-1"},"canonical":"https:\/\/akunq.net\/turkish\/2010\/04\/26\/devlet-ermeni-kurt-ve-turklerden-ozur-dilemeli\/","og_locale":"en_US","og_type":"article","og_title":"\"Devlet, Ermeni, K\u00fcrt ve T\u00fcrklerden \u00f6z\u00fcr dilemeli\" - Bati Ermenistan Ve Bati Ermenileri Sorunlari Ara\u015ftirmalar Merkezi","og_description":"Bar\u0131\u015f ve Demokrasi Partisi (BDP) Bitlis Milletvekili Nezir Karaba\u015f, 1915&#8217;te Ermenilerin katliama tabi tutuldu\u011funu ileri s\u00fcrerek, T\u00fcrkiye Cumhuriyeti Devleti&#8217;nin \u00f6z\u00fcr dilemesi gerekti\u011fini s\u00f6yledi. \u00a0BDP Denizli \u0130l Kongresi bug\u00fcn Ta\u00e7 D\u00fc\u011f\u00fcn Salonu&#8217;nda yap\u0131ld\u0131. Mehmet Ali Do\u011fan&#8217;\u0131n tek listeyle se\u00e7ime girdi\u011fi ve 67 delegenin oy kulland\u0131\u011f\u0131 kongrede, salonda BDP bayraklar\u0131 d\u0131\u015f\u0131nda hi\u00e7 bir bayrak as\u0131lmad\u0131. Divan ba\u015fkan\u0131 [&hellip;]","og_url":"https:\/\/akunq.net\/turkish\/2010\/04\/26\/devlet-ermeni-kurt-ve-turklerden-ozur-dilemeli\/","og_site_name":"Bati Ermenistan Ve Bati Ermenileri Sorunlari Ara\u015ftirmalar Merkezi","article_published_time":"2010-04-26T13:17:15+00:00","author":"kalem","twitter_card":"summary_large_image","twitter_misc":{"Written by":"kalem","Est. reading time":"2 minutes"},"schema":{"@context":"https:\/\/schema.org","@graph":[{"@type":"Article","@id":"https:\/\/akunq.net\/turkish\/2010\/04\/26\/devlet-ermeni-kurt-ve-turklerden-ozur-dilemeli\/#article","isPartOf":{"@id":"https:\/\/akunq.net\/turkish\/2010\/04\/26\/devlet-ermeni-kurt-ve-turklerden-ozur-dilemeli\/"},"author":{"name":"kalem","@id":"https:\/\/akunq.net\/turkish\/#\/schema\/person\/135e7923d1aeb8887890799619969a6c"},"headline":"&#8220;Devlet, Ermeni, K\u00fcrt ve T\u00fcrklerden \u00f6z\u00fcr dilemeli&#8221;","datePublished":"2010-04-26T13:17:15+00:00","mainEntityOfPage":{"@id":"https:\/\/akunq.net\/turkish\/2010\/04\/26\/devlet-ermeni-kurt-ve-turklerden-ozur-dilemeli\/"},"wordCount":401,"articleSection":["Haberler"],"inLanguage":"en-US"},{"@type":"WebPage","@id":"https:\/\/akunq.net\/turkish\/2010\/04\/26\/devlet-ermeni-kurt-ve-turklerden-ozur-dilemeli\/","url":"https:\/\/akunq.net\/turkish\/2010\/04\/26\/devlet-ermeni-kurt-ve-turklerden-ozur-dilemeli\/","name":"\"Devlet, Ermeni, K\u00fcrt ve T\u00fcrklerden \u00f6z\u00fcr dilemeli\" - Bati Ermenistan Ve Bati Ermenileri Sorunlari Ara\u015ftirmalar Merkezi","isPartOf":{"@id":"https:\/\/akunq.net\/turkish\/#website"},"datePublished":"2010-04-26T13:17:15+00:00","author":{"@id":"https:\/\/akunq.net\/turkish\/#\/schema\/person\/135e7923d1aeb8887890799619969a6c"},"breadcrumb":{"@id":"https:\/\/akunq.net\/turkish\/2010\/04\/26\/devlet-ermeni-kurt-ve-turklerden-ozur-dilemeli\/#breadcrumb"},"inLanguage":"en-US","potentialAction":[{"@type":"ReadAction","target":["https:\/\/akunq.net\/turkish\/2010\/04\/26\/devlet-ermeni-kurt-ve-turklerden-ozur-dilemeli\/"]}]},{"@type":"BreadcrumbList","@id":"https:\/\/akunq.net\/turkish\/2010\/04\/26\/devlet-ermeni-kurt-ve-turklerden-ozur-dilemeli\/#breadcrumb","itemListElement":[{"@type":"ListItem","position":1,"name":"Home","item":"https:\/\/akunq.net\/turkish\/"},{"@type":"ListItem","position":2,"name":"&#8220;Devlet, Ermeni, K\u00fcrt ve T\u00fcrklerden \u00f6z\u00fcr dilemeli&#8221;"}]},{"@type":"WebSite","@id":"https:\/\/akunq.net\/turkish\/#website","url":"https:\/\/akunq.net\/turkish\/","name":"Bati Ermenistan Ve Bati Ermenileri Sorunlari Ara\u015ftirmalar Merkezi","description":"","potentialAction":[{"@type":"SearchAction","target":{"@type":"EntryPoint","urlTemplate":"https:\/\/akunq.net\/turkish\/?s={search_term_string}"},"query-input":{"@type":"PropertyValueSpecification","valueRequired":true,"valueName":"search_term_string"}}],"inLanguage":"en-US"},{"@type":"Person","@id":"https:\/\/akunq.net\/turkish\/#\/schema\/person\/135e7923d1aeb8887890799619969a6c","name":"kalem","image":{"@type":"ImageObject","inLanguage":"en-US","@id":"https:\/\/secure.gravatar.com\/avatar\/a06875e4b25feb5674296adf8e8a7ae1e587cebce2493fe63c456109967e27d3?s=96&d=mm&r=g","url":"https:\/\/secure.gravatar.com\/avatar\/a06875e4b25feb5674296adf8e8a7ae1e587cebce2493fe63c456109967e27d3?s=96&d=mm&r=g","contentUrl":"https:\/\/secure.gravatar.com\/avatar\/a06875e4b25feb5674296adf8e8a7ae1e587cebce2493fe63c456109967e27d3?s=96&d=mm&r=g","caption":"kalem"},"url":"https:\/\/akunq.net\/turkish\/author\/kalem\/"}]}},"_links":{"self":[{"href":"https:\/\/akunq.net\/turkish\/wp-json\/wp\/v2\/posts\/538","targetHints":{"allow":["GET"]}}],"collection":[{"href":"https:\/\/akunq.net\/turkish\/wp-json\/wp\/v2\/posts"}],"about":[{"href":"https:\/\/akunq.net\/turkish\/wp-json\/wp\/v2\/types\/post"}],"author":[{"embeddable":true,"href":"https:\/\/akunq.net\/turkish\/wp-json\/wp\/v2\/users\/3"}],"replies":[{"embeddable":true,"href":"https:\/\/akunq.net\/turkish\/wp-json\/wp\/v2\/comments?post=538"}],"version-history":[{"count":0,"href":"https:\/\/akunq.net\/turkish\/wp-json\/wp\/v2\/posts\/538\/revisions"}],"wp:attachment":[{"href":"https:\/\/akunq.net\/turkish\/wp-json\/wp\/v2\/media?parent=538"}],"wp:term":[{"taxonomy":"category","embeddable":true,"href":"https:\/\/akunq.net\/turkish\/wp-json\/wp\/v2\/categories?post=538"},{"taxonomy":"post_tag","embeddable":true,"href":"https:\/\/akunq.net\/turkish\/wp-json\/wp\/v2\/tags?post=538"}],"curies":[{"name":"wp","href":"https:\/\/api.w.org\/{rel}","templated":true}]}}