{"id":536,"date":"2010-04-26T08:15:31","date_gmt":"2010-04-26T13:15:31","guid":{"rendered":"http:\/\/akunq.net\/tr\/?p=536"},"modified":"2010-04-26T08:15:31","modified_gmt":"2010-04-26T13:15:31","slug":"ermenilerin-24-nisan-acisini-paylasiyorum","status":"publish","type":"post","link":"https:\/\/akunq.net\/turkish\/2010\/04\/26\/ermenilerin-24-nisan-acisini-paylasiyorum\/","title":{"rendered":"Ermenilerin 24 Nisan ac\u0131s\u0131n\u0131 payla\u015f\u0131yorum!"},"content":{"rendered":"<p style=\"text-align: justify\">Bug\u00fcn 24 Nisan.\u00a0\u00a095 y\u0131l \u00f6nce, 1915 y\u0131l\u0131n\u0131n 24 Nisan g\u00fcn\u00fc Osmanl\u0131 devletinin kepaze sayfalar\u0131ndan biri, iktidar partisi \u0130ttihat Terakki taraf\u0131ndan yaz\u0131lmaya ba\u015flad\u0131.<\/p>\n<p style=\"text-align: justify\">Osmanl\u0131 Ermenileri y\u00fczy\u0131llard\u0131r ya\u015fad\u0131klar\u0131, do\u011fup b\u00fcy\u00fcd\u00fckleri Anadolu\u2019da, kendi topraklar\u0131nda ve kendi devletlerinin elinde b\u00fcy\u00fck ac\u0131lar ya\u015famaya, k\u00f6klerinden kopar\u0131lmaya, k\u0131y\u0131ma u\u011frat\u0131lmaya, izleri silinmeye ba\u015flad\u0131.<\/p>\n<p style=\"text-align: justify\">Tarihin bu sayfalar\u0131na kimi tehcir, kimi trajedi, kimi k\u0131y\u0131m, kimi <a href=\"http:\/\/www.milliyet.com.tr\/index\/soykirim\" target=\"_blank\">soyk\u0131r\u0131m<\/a>, kimi b\u00fcy\u00fck felaket diyebilir.<\/p>\n<p style=\"text-align: justify\">Ama inkar edemez.<\/p>\n<p style=\"text-align: justify\">Osmanl\u0131 devletinin 1915\u2019den ba\u015flayarak y\u00fczbinlerce Ermeniye kar\u015f\u0131 i\u015fledi\u011fi \u2018insanl\u0131k su\u00e7u\u2019nu inkar etmek de, b\u00f6ylesine korkun\u00e7 bir su\u00e7a h\u00e2l\u00e2 kulp takmaya kalk\u0131\u015fmak da \u2018su\u00e7a i\u015ftirak\u2019t\u0131r.<\/p>\n<p style=\"text-align: justify\">Biliyorum, \u015fimdi kula\u011f\u0131ma \u00e7al\u0131nan o sesleri. T\u00fcrkler, M\u00fcsl\u00fcmanlar hi\u00e7 ac\u0131 \u00e7ekmediler mi? <a href=\"http:\/\/www.milliyet.com.tr\/index\/Balkanlar\" target=\"_blank\">Balkanlar<\/a>\u2019da, Kafkaslar\u2019da k\u00f6klerinden kopar\u0131lmad\u0131lar m\u0131? Kitleler halinde s\u00fcr\u00fclmediler mi?<\/p>\n<p style=\"text-align: justify\">\u0130zleri silinmedi mi?<\/p>\n<p style=\"text-align: justify\">Elbette bu ac\u0131lar da ya\u015fand\u0131.<\/p>\n<p style=\"text-align: justify\">Anadolu\u2019da T\u00fcrklerin de, K\u00fcrtlerin de, Alevilerin de tarihin derinliklerinden bug\u00fcnlere kadar gelen b\u00fcy\u00fck ac\u0131lar\u0131 var.<\/p>\n<p style=\"text-align: justify\">Ayr\u0131ca hangi \u00fclkenin, hangi ulusun tarihi sadece g\u00fczel sayfalardan olu\u015fur ki?..<br \/>\nAma bug\u00fcn 24 Nisan!<\/p>\n<p style=\"text-align: justify\">Ermenilerin, <a href=\"http:\/\/www.milliyet.com.tr\/index\/Ermeni\" target=\"_blank\">Ermeni<\/a> ulusunun bu topraklarda ya\u015fad\u0131\u011f\u0131 trajik ac\u0131lar\u0131 anlatan g\u00fcn.<br \/>\nDurun, \u00f6nce Ermenilerin 24 Nisan ac\u0131s\u0131n\u0131 payla\u015fal\u0131m. Onlar\u0131n ac\u0131s\u0131n\u0131 bir an y\u00fcre\u011fimizde, i\u00e7imizde hissetmeye \u00e7al\u0131\u015fal\u0131m. Ermenilerin yas\u0131n\u0131 bir an i\u00e7in biz de tutal\u0131m.<\/p>\n<p style=\"text-align: justify\">Ne kaybederiz ki?..<\/p>\n<p style=\"text-align: justify\">\u0130nsanl\u0131\u011f\u0131n, insanl\u0131\u011f\u0131m\u0131z\u0131n gere\u011fini yapm\u0131\u015f oluruz, o kadar.<br \/>\nB\u00f6yle bir tav\u0131r, yani ac\u0131y\u0131 payla\u015fmak, ba\u015fkalar\u0131n\u0131n \u00e7ektikleri ac\u0131lar\u0131 unutmak de\u011fildir ki.<br \/>\n2008\u2019in Eyl\u00fcl ay\u0131nda, <a href=\"http:\/\/www.milliyet.com.tr\/index\/Erivan\" target=\"_blank\">Erivan<\/a>\u2019da ya\u015fad\u0131\u011f\u0131m o heyecan dolu g\u00fcn\u00fc an\u0131ms\u0131yorum.<br \/>\nSoyk\u0131r\u0131m An\u0131t\u0131\u2019n\u0131n \u00f6n\u00fcnde bir s\u00fcre sevgili Hrant\u2019la ba\u015fba\u015fa kalm\u0131\u015ft\u0131m. Beni bu an\u0131ta onun ac\u0131s\u0131 getirmi\u015fti.<\/p>\n<p style=\"text-align: justify\">Sabah vaktiydi. G\u00fcne\u015f yeni do\u011fuyordu. <a href=\"http:\/\/www.milliyet.com.tr\/index\/Agri%20Dagi\" target=\"_blank\">A\u011fr\u0131 Da\u011f\u0131<\/a>, Ararat sislerin i\u00e7inde soylu, zarif zirvesini bir g\u00f6steriyor, bir sakl\u0131yordu.<\/p>\n<p style=\"text-align: justify\">Sabah\u0131n tertemiz sessizli\u011finde \u00fc\u00e7 <a href=\"http:\/\/www.milliyet.com.tr\/index\/SAP\" target=\"_blank\">sap<\/a> beyaz karanfili an\u0131ta koyarken sevgili Hrant\u2019\u0131n sesi kula\u011f\u0131ma \u00e7al\u0131nm\u0131\u015ft\u0131: \u201cGelin \u00f6nce birbirimizin ac\u0131lar\u0131na sayg\u0131 g\u00f6sterelim.\u201d<\/p>\n<p style=\"text-align: justify\">Ve kula\u011f\u0131ma f\u0131s\u0131ldam\u0131\u015ft\u0131: \u201cAtalar\u0131m\u0131n ba\u015f\u0131na gelenleri biliyorum. Buna kiminiz \u2018<a href=\"http:\/\/www.milliyet.com.tr\/index\/katliam\" target=\"_blank\">katliam<\/a>\u2019, kiminiz \u2018soyk\u0131r\u0131m\u2019, kiminiz \u2018tehcir\u2019, kiminiz \u2018trajedi\u2019 diyorsunuz. Atalar\u0131m da Anadolu deyimiyle \u2018k\u0131y\u0131m\u2019 derdi.<\/p>\n<p style=\"text-align: justify\">Bir devlet kendi yurtta\u015flar\u0131n\u0131, hem de savunmas\u0131zlar\u0131n\u0131, \u00e7oluk \u00e7ocuk, kad\u0131n ya\u015fl\u0131 demeden, k\u00f6k sald\u0131\u011f\u0131 ortamlardan s\u00f6k\u00fcp, bilinmez bitmez yollara sal\u0131yorsa, bunun sonucunda da bir halk b\u00fcy\u00fck bir b\u00f6l\u00fcm\u00fcyle yok oluyorsa, bug\u00fcn bizlerin bu durumu izah edecek kelimeleri tercih etme k\u0131vran\u0131\u015f\u0131m\u0131z, insan olma \u00f6zelli\u011fimizin hangi vasf\u0131yla izah edilebilir?<br \/>\n\u2018Buna soyk\u0131r\u0131m m\u0131 desek, g\u00f6\u00e7 m\u00fc desek?\u2019 diye cambazl\u0131klar yapacaksak, her ikisini de ayn\u0131 \u00f6l\u00e7\u00fcde mahkum edemeyeceksek, soyk\u0131r\u0131m yerine tehciri ya da tehcir yerine soyk\u0131r\u0131m\u0131 tercih etmekle, insan olu\u015fumuzla ilgili onurun hangi par\u00e7as\u0131n\u0131 kurtarm\u0131\u015f olaca\u011f\u0131z?\u201d(*)<\/p>\n<p style=\"text-align: justify\">Evet, insan olu\u015fumuz&#8230;<\/p>\n<p style=\"text-align: justify\">B\u00fct\u00fcn mesele bu. Zor mu insan olmak, insani duyarl\u0131\u011f\u0131 i\u00e7inde ta\u015f\u0131mak? \u0130nsan olan, b\u00fct\u00fcn bu ac\u0131lar\u0131 kendi i\u00e7inde, kendi y\u00fcre\u011finde hisseder, payla\u015f\u0131r.<\/p>\n<p style=\"text-align: justify\">Daha \u00f6nemlisi, ac\u0131lar\u0131 birbiriyle mukayese etmez. Herkesin tarihten, bug\u00fcnden gelen me\u015fru, hakl\u0131 ac\u0131lar\u0131 vard\u0131r.<\/p>\n<p style=\"text-align: justify\">Ve bunlar\u0131 kar\u015f\u0131la\u015ft\u0131rma gayreti, tarihin sayfalar\u0131ndan bar\u0131\u015f de\u011fil d\u00fc\u015fmanl\u0131k \u00e7\u0131kart\u0131r.<\/p>\n<p style=\"text-align: justify\">Baz\u0131 ac\u0131lar\u0131 inkar etmek yerine, g\u00f6rmezlikten gelmek yerine, herkesin ac\u0131s\u0131 kendine demek yerine, bir kez daha yineliyorum, do\u011fru olan ac\u0131lar\u0131 payla\u015fmakt\u0131r, payla\u015fmay\u0131 \u00f6\u011frenmektir.<\/p>\n<p style=\"text-align: justify\">\u0130nsanl\u0131\u011f\u0131n da, bar\u0131\u015f\u0131n da gere\u011fi budur.<\/p>\n<p style=\"text-align: justify\">Hem birey olarak, hem devlet olarak Ermenilerin 24 Nisan ac\u0131s\u0131n\u0131 art\u0131k payla\u015fmal\u0131y\u0131z.<br \/>\nBen payla\u015f\u0131yorum Hrant karde\u015fim, seni ger\u00e7ekten \u00f6zledim, rahat uyu.<\/p>\n<p style=\"text-align: justify\"><a href=\"http:\/\/www.milliyet.com.tr\/ermenilerin-24-nisan-acisini-paylasiyorum-\/hasan-cemal\/siyaset\/yazardetayarsiv\/26.04.2010\/1229159\/default.htm\">http:\/\/www.milliyet.com.tr\/ermenilerin-24-nisan-acisini-paylasiyorum-\/hasan-cemal\/siyaset\/yazardetayarsiv\/26.04.2010\/1229159\/default.htm<\/a><\/p>\n<p style=\"text-align: justify\">24.04.2010<\/p>\n","protected":false},"excerpt":{"rendered":"<p>Bug\u00fcn 24 Nisan.\u00a0\u00a095 y\u0131l \u00f6nce, 1915 y\u0131l\u0131n\u0131n 24 Nisan g\u00fcn\u00fc Osmanl\u0131 devletinin kepaze sayfalar\u0131ndan biri, iktidar partisi \u0130ttihat Terakki taraf\u0131ndan yaz\u0131lmaya ba\u015flad\u0131. Osmanl\u0131 Ermenileri y\u00fczy\u0131llard\u0131r ya\u015fad\u0131klar\u0131, do\u011fup b\u00fcy\u00fcd\u00fckleri Anadolu\u2019da, kendi topraklar\u0131nda ve kendi devletlerinin elinde b\u00fcy\u00fck ac\u0131lar ya\u015famaya, k\u00f6klerinden kopar\u0131lmaya, k\u0131y\u0131ma u\u011frat\u0131lmaya, izleri silinmeye ba\u015flad\u0131. Tarihin bu sayfalar\u0131na kimi tehcir, kimi trajedi, kimi k\u0131y\u0131m, kimi [&hellip;]<\/p>\n","protected":false},"author":3,"featured_media":0,"comment_status":"closed","ping_status":"open","sticky":false,"template":"","format":"standard","meta":{"footnotes":""},"categories":[14],"tags":[],"class_list":["post-536","post","type-post","status-publish","format-standard","hentry","category-haberler"],"yoast_head":"<!-- This site is optimized with the Yoast SEO plugin v27.4 - https:\/\/yoast.com\/product\/yoast-seo-wordpress\/ -->\n<title>Ermenilerin 24 Nisan ac\u0131s\u0131n\u0131 payla\u015f\u0131yorum! - Bati Ermenistan Ve Bati Ermenileri Sorunlari Ara\u015ftirmalar Merkezi<\/title>\n<meta name=\"robots\" content=\"index, follow, max-snippet:-1, max-image-preview:large, max-video-preview:-1\" \/>\n<link rel=\"canonical\" href=\"https:\/\/akunq.net\/turkish\/2010\/04\/26\/ermenilerin-24-nisan-acisini-paylasiyorum\/\" \/>\n<meta property=\"og:locale\" content=\"en_US\" \/>\n<meta property=\"og:type\" content=\"article\" \/>\n<meta property=\"og:title\" content=\"Ermenilerin 24 Nisan ac\u0131s\u0131n\u0131 payla\u015f\u0131yorum! - Bati Ermenistan Ve Bati Ermenileri Sorunlari Ara\u015ftirmalar Merkezi\" \/>\n<meta property=\"og:description\" content=\"Bug\u00fcn 24 Nisan.\u00a0\u00a095 y\u0131l \u00f6nce, 1915 y\u0131l\u0131n\u0131n 24 Nisan g\u00fcn\u00fc Osmanl\u0131 devletinin kepaze sayfalar\u0131ndan biri, iktidar partisi \u0130ttihat Terakki taraf\u0131ndan yaz\u0131lmaya ba\u015flad\u0131. Osmanl\u0131 Ermenileri y\u00fczy\u0131llard\u0131r ya\u015fad\u0131klar\u0131, do\u011fup b\u00fcy\u00fcd\u00fckleri Anadolu\u2019da, kendi topraklar\u0131nda ve kendi devletlerinin elinde b\u00fcy\u00fck ac\u0131lar ya\u015famaya, k\u00f6klerinden kopar\u0131lmaya, k\u0131y\u0131ma u\u011frat\u0131lmaya, izleri silinmeye ba\u015flad\u0131. Tarihin bu sayfalar\u0131na kimi tehcir, kimi trajedi, kimi k\u0131y\u0131m, kimi [&hellip;]\" \/>\n<meta property=\"og:url\" content=\"https:\/\/akunq.net\/turkish\/2010\/04\/26\/ermenilerin-24-nisan-acisini-paylasiyorum\/\" \/>\n<meta property=\"og:site_name\" content=\"Bati Ermenistan Ve Bati Ermenileri Sorunlari Ara\u015ftirmalar Merkezi\" \/>\n<meta property=\"article:published_time\" content=\"2010-04-26T13:15:31+00:00\" \/>\n<meta name=\"author\" content=\"kalem\" \/>\n<meta name=\"twitter:card\" content=\"summary_large_image\" \/>\n<meta name=\"twitter:label1\" content=\"Written by\" \/>\n\t<meta name=\"twitter:data1\" content=\"kalem\" \/>\n\t<meta name=\"twitter:label2\" content=\"Est. reading time\" \/>\n\t<meta name=\"twitter:data2\" content=\"4 minutes\" \/>\n<script type=\"application\/ld+json\" class=\"yoast-schema-graph\">{\"@context\":\"https:\\\/\\\/schema.org\",\"@graph\":[{\"@type\":\"Article\",\"@id\":\"https:\\\/\\\/akunq.net\\\/turkish\\\/2010\\\/04\\\/26\\\/ermenilerin-24-nisan-acisini-paylasiyorum\\\/#article\",\"isPartOf\":{\"@id\":\"https:\\\/\\\/akunq.net\\\/turkish\\\/2010\\\/04\\\/26\\\/ermenilerin-24-nisan-acisini-paylasiyorum\\\/\"},\"author\":{\"name\":\"kalem\",\"@id\":\"https:\\\/\\\/akunq.net\\\/turkish\\\/#\\\/schema\\\/person\\\/135e7923d1aeb8887890799619969a6c\"},\"headline\":\"Ermenilerin 24 Nisan ac\u0131s\u0131n\u0131 payla\u015f\u0131yorum!\",\"datePublished\":\"2010-04-26T13:15:31+00:00\",\"mainEntityOfPage\":{\"@id\":\"https:\\\/\\\/akunq.net\\\/turkish\\\/2010\\\/04\\\/26\\\/ermenilerin-24-nisan-acisini-paylasiyorum\\\/\"},\"wordCount\":719,\"articleSection\":[\"Haberler\"],\"inLanguage\":\"en-US\"},{\"@type\":\"WebPage\",\"@id\":\"https:\\\/\\\/akunq.net\\\/turkish\\\/2010\\\/04\\\/26\\\/ermenilerin-24-nisan-acisini-paylasiyorum\\\/\",\"url\":\"https:\\\/\\\/akunq.net\\\/turkish\\\/2010\\\/04\\\/26\\\/ermenilerin-24-nisan-acisini-paylasiyorum\\\/\",\"name\":\"Ermenilerin 24 Nisan ac\u0131s\u0131n\u0131 payla\u015f\u0131yorum! - Bati Ermenistan Ve Bati Ermenileri Sorunlari Ara\u015ftirmalar Merkezi\",\"isPartOf\":{\"@id\":\"https:\\\/\\\/akunq.net\\\/turkish\\\/#website\"},\"datePublished\":\"2010-04-26T13:15:31+00:00\",\"author\":{\"@id\":\"https:\\\/\\\/akunq.net\\\/turkish\\\/#\\\/schema\\\/person\\\/135e7923d1aeb8887890799619969a6c\"},\"breadcrumb\":{\"@id\":\"https:\\\/\\\/akunq.net\\\/turkish\\\/2010\\\/04\\\/26\\\/ermenilerin-24-nisan-acisini-paylasiyorum\\\/#breadcrumb\"},\"inLanguage\":\"en-US\",\"potentialAction\":[{\"@type\":\"ReadAction\",\"target\":[\"https:\\\/\\\/akunq.net\\\/turkish\\\/2010\\\/04\\\/26\\\/ermenilerin-24-nisan-acisini-paylasiyorum\\\/\"]}]},{\"@type\":\"BreadcrumbList\",\"@id\":\"https:\\\/\\\/akunq.net\\\/turkish\\\/2010\\\/04\\\/26\\\/ermenilerin-24-nisan-acisini-paylasiyorum\\\/#breadcrumb\",\"itemListElement\":[{\"@type\":\"ListItem\",\"position\":1,\"name\":\"Home\",\"item\":\"https:\\\/\\\/akunq.net\\\/turkish\\\/\"},{\"@type\":\"ListItem\",\"position\":2,\"name\":\"Ermenilerin 24 Nisan ac\u0131s\u0131n\u0131 payla\u015f\u0131yorum!\"}]},{\"@type\":\"WebSite\",\"@id\":\"https:\\\/\\\/akunq.net\\\/turkish\\\/#website\",\"url\":\"https:\\\/\\\/akunq.net\\\/turkish\\\/\",\"name\":\"Bati Ermenistan Ve Bati Ermenileri Sorunlari Ara\u015ftirmalar Merkezi\",\"description\":\"\",\"potentialAction\":[{\"@type\":\"SearchAction\",\"target\":{\"@type\":\"EntryPoint\",\"urlTemplate\":\"https:\\\/\\\/akunq.net\\\/turkish\\\/?s={search_term_string}\"},\"query-input\":{\"@type\":\"PropertyValueSpecification\",\"valueRequired\":true,\"valueName\":\"search_term_string\"}}],\"inLanguage\":\"en-US\"},{\"@type\":\"Person\",\"@id\":\"https:\\\/\\\/akunq.net\\\/turkish\\\/#\\\/schema\\\/person\\\/135e7923d1aeb8887890799619969a6c\",\"name\":\"kalem\",\"image\":{\"@type\":\"ImageObject\",\"inLanguage\":\"en-US\",\"@id\":\"https:\\\/\\\/secure.gravatar.com\\\/avatar\\\/a06875e4b25feb5674296adf8e8a7ae1e587cebce2493fe63c456109967e27d3?s=96&d=mm&r=g\",\"url\":\"https:\\\/\\\/secure.gravatar.com\\\/avatar\\\/a06875e4b25feb5674296adf8e8a7ae1e587cebce2493fe63c456109967e27d3?s=96&d=mm&r=g\",\"contentUrl\":\"https:\\\/\\\/secure.gravatar.com\\\/avatar\\\/a06875e4b25feb5674296adf8e8a7ae1e587cebce2493fe63c456109967e27d3?s=96&d=mm&r=g\",\"caption\":\"kalem\"},\"url\":\"https:\\\/\\\/akunq.net\\\/turkish\\\/author\\\/kalem\\\/\"}]}<\/script>\n<!-- \/ Yoast SEO plugin. -->","yoast_head_json":{"title":"Ermenilerin 24 Nisan ac\u0131s\u0131n\u0131 payla\u015f\u0131yorum! - Bati Ermenistan Ve Bati Ermenileri Sorunlari Ara\u015ftirmalar Merkezi","robots":{"index":"index","follow":"follow","max-snippet":"max-snippet:-1","max-image-preview":"max-image-preview:large","max-video-preview":"max-video-preview:-1"},"canonical":"https:\/\/akunq.net\/turkish\/2010\/04\/26\/ermenilerin-24-nisan-acisini-paylasiyorum\/","og_locale":"en_US","og_type":"article","og_title":"Ermenilerin 24 Nisan ac\u0131s\u0131n\u0131 payla\u015f\u0131yorum! - Bati Ermenistan Ve Bati Ermenileri Sorunlari Ara\u015ftirmalar Merkezi","og_description":"Bug\u00fcn 24 Nisan.\u00a0\u00a095 y\u0131l \u00f6nce, 1915 y\u0131l\u0131n\u0131n 24 Nisan g\u00fcn\u00fc Osmanl\u0131 devletinin kepaze sayfalar\u0131ndan biri, iktidar partisi \u0130ttihat Terakki taraf\u0131ndan yaz\u0131lmaya ba\u015flad\u0131. Osmanl\u0131 Ermenileri y\u00fczy\u0131llard\u0131r ya\u015fad\u0131klar\u0131, do\u011fup b\u00fcy\u00fcd\u00fckleri Anadolu\u2019da, kendi topraklar\u0131nda ve kendi devletlerinin elinde b\u00fcy\u00fck ac\u0131lar ya\u015famaya, k\u00f6klerinden kopar\u0131lmaya, k\u0131y\u0131ma u\u011frat\u0131lmaya, izleri silinmeye ba\u015flad\u0131. Tarihin bu sayfalar\u0131na kimi tehcir, kimi trajedi, kimi k\u0131y\u0131m, kimi [&hellip;]","og_url":"https:\/\/akunq.net\/turkish\/2010\/04\/26\/ermenilerin-24-nisan-acisini-paylasiyorum\/","og_site_name":"Bati Ermenistan Ve Bati Ermenileri Sorunlari Ara\u015ftirmalar Merkezi","article_published_time":"2010-04-26T13:15:31+00:00","author":"kalem","twitter_card":"summary_large_image","twitter_misc":{"Written by":"kalem","Est. reading time":"4 minutes"},"schema":{"@context":"https:\/\/schema.org","@graph":[{"@type":"Article","@id":"https:\/\/akunq.net\/turkish\/2010\/04\/26\/ermenilerin-24-nisan-acisini-paylasiyorum\/#article","isPartOf":{"@id":"https:\/\/akunq.net\/turkish\/2010\/04\/26\/ermenilerin-24-nisan-acisini-paylasiyorum\/"},"author":{"name":"kalem","@id":"https:\/\/akunq.net\/turkish\/#\/schema\/person\/135e7923d1aeb8887890799619969a6c"},"headline":"Ermenilerin 24 Nisan ac\u0131s\u0131n\u0131 payla\u015f\u0131yorum!","datePublished":"2010-04-26T13:15:31+00:00","mainEntityOfPage":{"@id":"https:\/\/akunq.net\/turkish\/2010\/04\/26\/ermenilerin-24-nisan-acisini-paylasiyorum\/"},"wordCount":719,"articleSection":["Haberler"],"inLanguage":"en-US"},{"@type":"WebPage","@id":"https:\/\/akunq.net\/turkish\/2010\/04\/26\/ermenilerin-24-nisan-acisini-paylasiyorum\/","url":"https:\/\/akunq.net\/turkish\/2010\/04\/26\/ermenilerin-24-nisan-acisini-paylasiyorum\/","name":"Ermenilerin 24 Nisan ac\u0131s\u0131n\u0131 payla\u015f\u0131yorum! - Bati Ermenistan Ve Bati Ermenileri Sorunlari Ara\u015ftirmalar Merkezi","isPartOf":{"@id":"https:\/\/akunq.net\/turkish\/#website"},"datePublished":"2010-04-26T13:15:31+00:00","author":{"@id":"https:\/\/akunq.net\/turkish\/#\/schema\/person\/135e7923d1aeb8887890799619969a6c"},"breadcrumb":{"@id":"https:\/\/akunq.net\/turkish\/2010\/04\/26\/ermenilerin-24-nisan-acisini-paylasiyorum\/#breadcrumb"},"inLanguage":"en-US","potentialAction":[{"@type":"ReadAction","target":["https:\/\/akunq.net\/turkish\/2010\/04\/26\/ermenilerin-24-nisan-acisini-paylasiyorum\/"]}]},{"@type":"BreadcrumbList","@id":"https:\/\/akunq.net\/turkish\/2010\/04\/26\/ermenilerin-24-nisan-acisini-paylasiyorum\/#breadcrumb","itemListElement":[{"@type":"ListItem","position":1,"name":"Home","item":"https:\/\/akunq.net\/turkish\/"},{"@type":"ListItem","position":2,"name":"Ermenilerin 24 Nisan ac\u0131s\u0131n\u0131 payla\u015f\u0131yorum!"}]},{"@type":"WebSite","@id":"https:\/\/akunq.net\/turkish\/#website","url":"https:\/\/akunq.net\/turkish\/","name":"Bati Ermenistan Ve Bati Ermenileri Sorunlari Ara\u015ftirmalar Merkezi","description":"","potentialAction":[{"@type":"SearchAction","target":{"@type":"EntryPoint","urlTemplate":"https:\/\/akunq.net\/turkish\/?s={search_term_string}"},"query-input":{"@type":"PropertyValueSpecification","valueRequired":true,"valueName":"search_term_string"}}],"inLanguage":"en-US"},{"@type":"Person","@id":"https:\/\/akunq.net\/turkish\/#\/schema\/person\/135e7923d1aeb8887890799619969a6c","name":"kalem","image":{"@type":"ImageObject","inLanguage":"en-US","@id":"https:\/\/secure.gravatar.com\/avatar\/a06875e4b25feb5674296adf8e8a7ae1e587cebce2493fe63c456109967e27d3?s=96&d=mm&r=g","url":"https:\/\/secure.gravatar.com\/avatar\/a06875e4b25feb5674296adf8e8a7ae1e587cebce2493fe63c456109967e27d3?s=96&d=mm&r=g","contentUrl":"https:\/\/secure.gravatar.com\/avatar\/a06875e4b25feb5674296adf8e8a7ae1e587cebce2493fe63c456109967e27d3?s=96&d=mm&r=g","caption":"kalem"},"url":"https:\/\/akunq.net\/turkish\/author\/kalem\/"}]}},"_links":{"self":[{"href":"https:\/\/akunq.net\/turkish\/wp-json\/wp\/v2\/posts\/536","targetHints":{"allow":["GET"]}}],"collection":[{"href":"https:\/\/akunq.net\/turkish\/wp-json\/wp\/v2\/posts"}],"about":[{"href":"https:\/\/akunq.net\/turkish\/wp-json\/wp\/v2\/types\/post"}],"author":[{"embeddable":true,"href":"https:\/\/akunq.net\/turkish\/wp-json\/wp\/v2\/users\/3"}],"replies":[{"embeddable":true,"href":"https:\/\/akunq.net\/turkish\/wp-json\/wp\/v2\/comments?post=536"}],"version-history":[{"count":0,"href":"https:\/\/akunq.net\/turkish\/wp-json\/wp\/v2\/posts\/536\/revisions"}],"wp:attachment":[{"href":"https:\/\/akunq.net\/turkish\/wp-json\/wp\/v2\/media?parent=536"}],"wp:term":[{"taxonomy":"category","embeddable":true,"href":"https:\/\/akunq.net\/turkish\/wp-json\/wp\/v2\/categories?post=536"},{"taxonomy":"post_tag","embeddable":true,"href":"https:\/\/akunq.net\/turkish\/wp-json\/wp\/v2\/tags?post=536"}],"curies":[{"name":"wp","href":"https:\/\/api.w.org\/{rel}","templated":true}]}}