{"id":529,"date":"2010-02-23T09:19:16","date_gmt":"2010-02-23T14:19:16","guid":{"rendered":"http:\/\/akunq.net\/tr\/?p=529"},"modified":"2010-02-23T09:19:16","modified_gmt":"2010-02-23T14:19:16","slug":"kucuk-hayk-kucuk-ermenistan-pokr-hayk-armenia-mineur","status":"publish","type":"post","link":"https:\/\/akunq.net\/turkish\/2010\/02\/23\/kucuk-hayk-kucuk-ermenistan-pokr-hayk-armenia-mineur\/","title":{"rendered":"K\u00fc\u00e7\u00fck Hayk (K\u00fc\u00e7\u00fck Ermenistan, Pokr Hayk, Armenia Mineur)"},"content":{"rendered":"<p style=\"text-align: justify\"><a rel=\"attachment wp-att-530\" href=\"http:\/\/akunq.net\/tr\/2010\/02\/23\/kucuk-hayk-kucuk-ermenistan-pokr-hayk-armenia-mineur\/%d6%83%d5%b8%d6%84%d6%80-%d5%b0%d5%a1%d5%b5%d6%84\/\"><img loading=\"lazy\" decoding=\"async\" class=\"alignnone size-full wp-image-530\" title=\"\u0553\u0578\u0584\u0580 \u0540\u0561\u0575\u0584\" src=\"http:\/\/akunq.net\/tr\/wp-content\/uploads\/2010\/04\/\u0553\u0578\u0584\u0580-\u0540\u0561\u0575\u0584.jpg\" alt=\"\" width=\"508\" height=\"320\" srcset=\"https:\/\/akunq.net\/turkish\/wp-content\/uploads\/sites\/5\/2010\/04\/\u0553\u0578\u0584\u0580-\u0540\u0561\u0575\u0584.jpg 508w, https:\/\/akunq.net\/turkish\/wp-content\/uploads\/sites\/5\/2010\/04\/\u0553\u0578\u0584\u0580-\u0540\u0561\u0575\u0584-300x189.jpg 300w\" sizes=\"auto, (max-width: 508px) 100vw, 508px\" \/><\/a><\/p>\n<p style=\"text-align: justify\">Ermenistan\u2019\u0131n k\u00fc\u00e7\u00fck do\u011fu k\u0131sm\u0131 ve orada \u015fekillenen krall\u0131\u011f\u0131n B\u00fcy\u00fck Hayk\u2019la olan isim farkl\u0131l\u0131\u011f\u0131.<\/p>\n<p style=\"text-align: justify\">K\u00fc\u00e7\u00fck Hayk, Ermeni ulusunun \u015fekillendi\u011fi en eski b\u00f6lgelerden biri olmu\u015ftur. K\u00fc\u00e7\u00fck Hayk\u2019\u0131n do\u011fu b\u00f6lgeleri M.\u00d6. IX-VI. y\u00fczy\u0131llarda Urartu\u2019ya ba\u011flanm\u0131\u015ft\u0131r. M.\u00d6. VI. y\u00fczy\u0131lda K\u00fc\u00e7\u00fck Hayk, Ermeni Yervanduni Krall\u0131\u011f\u0131\u2019na d\u00e2hil olmu\u015f, M.\u00d6. VI. y\u00fczy\u0131l\u0131n sonundan itibaren Akemenik \u0130ran\u2019\u0131n egemenli\u011fine ge\u00e7mi\u015ftir. B\u00fcy\u00fck \u0130skender\u2019in ak\u0131nlar\u0131 esnas\u0131nda K\u00fc\u00e7\u00fck Hayk\u2019\u0131n y\u00f6neticisi Mitraustes, Gavgamela Meydan Muharabesi\u2019ne kat\u0131lm\u0131\u015f ve Akemenik Devleti\u2019nin y\u0131k\u0131l\u0131\u015f\u0131ndan sonra kendisini ba\u011f\u0131ms\u0131z kral ilan etmi\u015ftir.<\/p>\n<p style=\"text-align: justify\">322 y\u0131l\u0131nda Neoptolemayos, K\u00fc\u00e7\u00fck Hayk\u2019\u0131 Yunan-Makedon devletine ba\u011flamak istemi\u015fse de ba\u015far\u0131l\u0131 olamam\u0131\u015ft\u0131r. M.\u00d6. III. y\u00fczy\u0131l sonunda Selevkoslar, K\u00fc\u00e7\u00fck Hayk Krall\u0131\u011f\u0131\u2019n\u0131 ele ge\u00e7irip ayr\u0131 bir satrapl\u0131k (vasall\u0131k) kurar ve ba\u015f\u0131na Selevkos kral\u0131 ve Ermeni as\u0131lzadesi Antiokos III\u2019\u00fcn k\u0131zkarde\u015finin o\u011flu Mihrdat\u2019\u0131 getirirler. M.\u00d6.190 y\u0131l\u0131nda Antiokos III\u2019\u00fcn Magnesia sava\u015f\u0131nda Roma taraf\u0131ndan yenilgiye u\u011framas\u0131 sonucunda K\u00fc\u00e7\u00fck Hayk tekrar ba\u011f\u0131ms\u0131zl\u0131\u011f\u0131n\u0131 kazanm\u0131\u015fsa da, k\u0131sa bir s\u00fcre sonra Pontus krall\u0131\u011f\u0131na tabi olmu\u015ftur. M.\u00d6.183 y\u0131l\u0131nda Pontus kral\u0131 Parnak ve K\u00fc\u00e7\u00fck Hayk\u2019\u0131n y\u00f6neticisi Mihrdat Galatia ve Kapatokya\u2019ya sald\u0131rm\u0131\u015flar, fakat yenilerek elveri\u015fsiz \u015fartlar alt\u0131nda bar\u0131\u015f imzalamak zorunda kalm\u0131\u015flard\u0131r. B\u00fcy\u00fck Hayk\u2019\u0131n kral\u0131 I. Arta\u015fes, K\u00fc\u00e7\u00fck Hayk\u2019\u0131 tekrar \u00fclkesine katmay\u0131 planlayarak onun siyasi ba\u011f\u0131ms\u0131zl\u0131\u011fa eri\u015fmesine ve s\u0131n\u0131rlar\u0131n\u0131 geni\u015fletmesine yard\u0131mc\u0131 olmu\u015ftur. M.\u00d6. II y\u00fczy\u0131lda K\u00fc\u00e7\u00fck Hayk\u2019\u0131n son kral\u0131 Antipatros, Pontus\u2019tan ka\u00e7an VI. Mihrdat Yevpator\u2019u evlat edinerek krall\u0131\u011f\u0131n\u0131 kendisine miras b\u0131rakm\u0131\u015ft\u0131r.<\/p>\n<p style=\"text-align: justify\">M.\u00d6.73\u201371 y\u0131llar\u0131nda, \u00dc\u00e7\u00fcnc\u00fc Mihrdat Sava\u015f\u0131 esnas\u0131nda Roma\u2019l\u0131 ordu komutan\u0131 Lukullus\u2019un ordular\u0131 K\u00fc\u00e7\u00fck Hayk\u2019\u0131 i\u015fgal edip yak\u0131p-y\u0131km\u0131\u015flard\u0131r. M.\u00d6.68\u2019de VI. Mihrdat, \u00fclkesini Ermenistan ordular\u0131n\u0131n yard\u0131m\u0131 sayesinde tekrar kurtarm\u0131\u015ft\u0131r. L\u00e2kin M.\u00d6.66\u2019da \u00fclke, Pontus Krall\u0131\u011f\u0131\u2019yla birlikte Roma\u2019ya ba\u011flanm\u0131\u015ft\u0131r. K\u00fc\u00e7\u00fck Hayk, 72 y\u0131l\u0131na kadar belirli aral\u0131klarla Roma\u2019ya ba\u011fl\u0131 bir krall\u0131k olarak var olmu\u015ftur. 37 y\u0131l\u0131nda K\u00fc\u00e7\u00fck Hayk kral\u0131 Kotis\u2019in B\u00fcy\u00fck Hayk\u2019\u0131 elde etmesiyle Ermenistan\u2019\u0131n iki b\u00f6l\u00fcmleri tekrar birle\u015fmi\u015flerdir.<\/p>\n<p style=\"text-align: justify\">72 y\u0131l\u0131nda imparator Vespasianos taraf\u0131ndan K\u00fc\u00e7\u00fck Hayk krall\u0131\u011f\u0131 bir Roma eyaletine d\u00f6n\u00fc\u015ft\u00fcr\u00fclerek Kapadokya\u2019ya d\u00e2hil edilmi\u015ftir. III. y\u00fczy\u0131lda K\u00fc\u00e7\u00fck Hayk Kapadokya\u2019dan ayr\u0131larak ayr\u0131 bir eyalet haline gelmi\u015ftir.<\/p>\n<p style=\"text-align: justify\">Askeri a\u00e7\u0131dan K\u00fc\u00e7\u00fck Hayk, Ermenistan y\u00f6neticisine tabi olmu\u015ftur. K\u00fc\u00e7\u00fck Hayk\u2019\u0131n topraklar\u0131 Roma taraf\u0131ndan Ermeni Ar\u015fakuni hanedanl\u0131\u011f\u0131na verilmi\u015ftir. VII. y\u00fczy\u0131lda K\u00fc\u00e7\u00fck Hayk, Araplar taraf\u0131ndan istila edilmi\u015ftir. Araplar ve Bizans aras\u0131nda s\u00fcregelen \u00e7at\u0131\u015fmalar sonucunda K\u00fc\u00e7\u00fck Hayk\u2019\u0131n \u015fehirleri y\u0131k\u0131ma u\u011fram\u0131\u015f ve \u00e7ok say\u0131da Ermeni katledilmi\u015f veya esir olarak s\u00fcr\u00fclm\u00fc\u015ft\u00fcr.<\/p>\n<p style=\"text-align: justify\">XI. y\u00fczy\u0131l\u0131n ikinci yar\u0131s\u0131nda T\u00fcrk-Tatar i\u015fgalciler, XV. y\u00fczy\u0131l\u0131n ilk yar\u0131s\u0131ndan itibaren ise Osmanl\u0131 Sultanl\u0131\u011f\u0131 K\u00fc\u00e7\u00fck Hayk\u2019\u0131 zapt etmi\u015flerdir. 1915 soyk\u0131r\u0131m\u0131 esnas\u0131nda T\u00fcrkler, K\u00fc\u00e7\u00fck Hayk\u2019\u0131n Ermeni n\u00fcfusunu yok etmi\u015flerdir.<\/p>\n","protected":false},"excerpt":{"rendered":"<p>Ermenistan\u2019\u0131n k\u00fc\u00e7\u00fck do\u011fu k\u0131sm\u0131 ve orada \u015fekillenen krall\u0131\u011f\u0131n B\u00fcy\u00fck Hayk\u2019la olan isim farkl\u0131l\u0131\u011f\u0131. K\u00fc\u00e7\u00fck Hayk, Ermeni ulusunun \u015fekillendi\u011fi en eski b\u00f6lgelerden biri olmu\u015ftur. K\u00fc\u00e7\u00fck Hayk\u2019\u0131n do\u011fu b\u00f6lgeleri M.\u00d6. IX-VI. y\u00fczy\u0131llarda Urartu\u2019ya ba\u011flanm\u0131\u015ft\u0131r. M.\u00d6. VI. y\u00fczy\u0131lda K\u00fc\u00e7\u00fck Hayk, Ermeni Yervanduni Krall\u0131\u011f\u0131\u2019na d\u00e2hil olmu\u015f, M.\u00d6. VI. y\u00fczy\u0131l\u0131n sonundan itibaren Akemenik \u0130ran\u2019\u0131n egemenli\u011fine ge\u00e7mi\u015ftir. B\u00fcy\u00fck \u0130skender\u2019in ak\u0131nlar\u0131 esnas\u0131nda [&hellip;]<\/p>\n","protected":false},"author":3,"featured_media":0,"comment_status":"closed","ping_status":"open","sticky":false,"template":"","format":"standard","meta":{"footnotes":""},"categories":[55],"tags":[],"class_list":["post-529","post","type-post","status-publish","format-standard","hentry","category-buyuk-haykin-illeri"],"yoast_head":"<!-- This site is optimized with the Yoast SEO plugin v27.4 - https:\/\/yoast.com\/product\/yoast-seo-wordpress\/ -->\n<title>K\u00fc\u00e7\u00fck Hayk (K\u00fc\u00e7\u00fck Ermenistan, Pokr Hayk, Armenia Mineur) - Bati Ermenistan Ve Bati Ermenileri Sorunlari Ara\u015ftirmalar Merkezi<\/title>\n<meta name=\"robots\" content=\"index, follow, max-snippet:-1, max-image-preview:large, max-video-preview:-1\" \/>\n<link rel=\"canonical\" href=\"https:\/\/akunq.net\/turkish\/2010\/02\/23\/kucuk-hayk-kucuk-ermenistan-pokr-hayk-armenia-mineur\/\" \/>\n<meta property=\"og:locale\" content=\"en_US\" \/>\n<meta property=\"og:type\" content=\"article\" \/>\n<meta property=\"og:title\" content=\"K\u00fc\u00e7\u00fck Hayk (K\u00fc\u00e7\u00fck Ermenistan, Pokr Hayk, Armenia Mineur) - Bati Ermenistan Ve Bati Ermenileri Sorunlari Ara\u015ftirmalar Merkezi\" \/>\n<meta property=\"og:description\" content=\"Ermenistan\u2019\u0131n k\u00fc\u00e7\u00fck do\u011fu k\u0131sm\u0131 ve orada \u015fekillenen krall\u0131\u011f\u0131n B\u00fcy\u00fck Hayk\u2019la olan isim farkl\u0131l\u0131\u011f\u0131. K\u00fc\u00e7\u00fck Hayk, Ermeni ulusunun \u015fekillendi\u011fi en eski b\u00f6lgelerden biri olmu\u015ftur. K\u00fc\u00e7\u00fck Hayk\u2019\u0131n do\u011fu b\u00f6lgeleri M.\u00d6. IX-VI. y\u00fczy\u0131llarda Urartu\u2019ya ba\u011flanm\u0131\u015ft\u0131r. M.\u00d6. VI. y\u00fczy\u0131lda K\u00fc\u00e7\u00fck Hayk, Ermeni Yervanduni Krall\u0131\u011f\u0131\u2019na d\u00e2hil olmu\u015f, M.\u00d6. VI. y\u00fczy\u0131l\u0131n sonundan itibaren Akemenik \u0130ran\u2019\u0131n egemenli\u011fine ge\u00e7mi\u015ftir. B\u00fcy\u00fck \u0130skender\u2019in ak\u0131nlar\u0131 esnas\u0131nda [&hellip;]\" \/>\n<meta property=\"og:url\" content=\"https:\/\/akunq.net\/turkish\/2010\/02\/23\/kucuk-hayk-kucuk-ermenistan-pokr-hayk-armenia-mineur\/\" \/>\n<meta property=\"og:site_name\" content=\"Bati Ermenistan Ve Bati Ermenileri Sorunlari Ara\u015ftirmalar Merkezi\" \/>\n<meta property=\"article:published_time\" content=\"2010-02-23T14:19:16+00:00\" \/>\n<meta name=\"author\" content=\"kalem\" \/>\n<meta name=\"twitter:card\" content=\"summary_large_image\" \/>\n<meta name=\"twitter:label1\" content=\"Written by\" \/>\n\t<meta name=\"twitter:data1\" content=\"kalem\" \/>\n\t<meta name=\"twitter:label2\" content=\"Est. reading time\" \/>\n\t<meta name=\"twitter:data2\" content=\"3 minutes\" \/>\n<script type=\"application\/ld+json\" class=\"yoast-schema-graph\">{\"@context\":\"https:\\\/\\\/schema.org\",\"@graph\":[{\"@type\":\"Article\",\"@id\":\"https:\\\/\\\/akunq.net\\\/turkish\\\/2010\\\/02\\\/23\\\/kucuk-hayk-kucuk-ermenistan-pokr-hayk-armenia-mineur\\\/#article\",\"isPartOf\":{\"@id\":\"https:\\\/\\\/akunq.net\\\/turkish\\\/2010\\\/02\\\/23\\\/kucuk-hayk-kucuk-ermenistan-pokr-hayk-armenia-mineur\\\/\"},\"author\":{\"name\":\"kalem\",\"@id\":\"https:\\\/\\\/akunq.net\\\/turkish\\\/#\\\/schema\\\/person\\\/135e7923d1aeb8887890799619969a6c\"},\"headline\":\"K\u00fc\u00e7\u00fck Hayk (K\u00fc\u00e7\u00fck Ermenistan, Pokr Hayk, Armenia Mineur)\",\"datePublished\":\"2010-02-23T14:19:16+00:00\",\"mainEntityOfPage\":{\"@id\":\"https:\\\/\\\/akunq.net\\\/turkish\\\/2010\\\/02\\\/23\\\/kucuk-hayk-kucuk-ermenistan-pokr-hayk-armenia-mineur\\\/\"},\"wordCount\":605,\"articleSection\":[\"B\u00fcy\u00fck Hayk\u2019\u0131n \u0130lleri\"],\"inLanguage\":\"en-US\"},{\"@type\":\"WebPage\",\"@id\":\"https:\\\/\\\/akunq.net\\\/turkish\\\/2010\\\/02\\\/23\\\/kucuk-hayk-kucuk-ermenistan-pokr-hayk-armenia-mineur\\\/\",\"url\":\"https:\\\/\\\/akunq.net\\\/turkish\\\/2010\\\/02\\\/23\\\/kucuk-hayk-kucuk-ermenistan-pokr-hayk-armenia-mineur\\\/\",\"name\":\"K\u00fc\u00e7\u00fck Hayk (K\u00fc\u00e7\u00fck Ermenistan, Pokr Hayk, Armenia Mineur) - Bati Ermenistan Ve Bati Ermenileri Sorunlari Ara\u015ftirmalar Merkezi\",\"isPartOf\":{\"@id\":\"https:\\\/\\\/akunq.net\\\/turkish\\\/#website\"},\"datePublished\":\"2010-02-23T14:19:16+00:00\",\"author\":{\"@id\":\"https:\\\/\\\/akunq.net\\\/turkish\\\/#\\\/schema\\\/person\\\/135e7923d1aeb8887890799619969a6c\"},\"breadcrumb\":{\"@id\":\"https:\\\/\\\/akunq.net\\\/turkish\\\/2010\\\/02\\\/23\\\/kucuk-hayk-kucuk-ermenistan-pokr-hayk-armenia-mineur\\\/#breadcrumb\"},\"inLanguage\":\"en-US\",\"potentialAction\":[{\"@type\":\"ReadAction\",\"target\":[\"https:\\\/\\\/akunq.net\\\/turkish\\\/2010\\\/02\\\/23\\\/kucuk-hayk-kucuk-ermenistan-pokr-hayk-armenia-mineur\\\/\"]}]},{\"@type\":\"BreadcrumbList\",\"@id\":\"https:\\\/\\\/akunq.net\\\/turkish\\\/2010\\\/02\\\/23\\\/kucuk-hayk-kucuk-ermenistan-pokr-hayk-armenia-mineur\\\/#breadcrumb\",\"itemListElement\":[{\"@type\":\"ListItem\",\"position\":1,\"name\":\"Home\",\"item\":\"https:\\\/\\\/akunq.net\\\/turkish\\\/\"},{\"@type\":\"ListItem\",\"position\":2,\"name\":\"K\u00fc\u00e7\u00fck Hayk (K\u00fc\u00e7\u00fck Ermenistan, Pokr Hayk, Armenia Mineur)\"}]},{\"@type\":\"WebSite\",\"@id\":\"https:\\\/\\\/akunq.net\\\/turkish\\\/#website\",\"url\":\"https:\\\/\\\/akunq.net\\\/turkish\\\/\",\"name\":\"Bati Ermenistan Ve Bati Ermenileri Sorunlari Ara\u015ftirmalar Merkezi\",\"description\":\"\",\"potentialAction\":[{\"@type\":\"SearchAction\",\"target\":{\"@type\":\"EntryPoint\",\"urlTemplate\":\"https:\\\/\\\/akunq.net\\\/turkish\\\/?s={search_term_string}\"},\"query-input\":{\"@type\":\"PropertyValueSpecification\",\"valueRequired\":true,\"valueName\":\"search_term_string\"}}],\"inLanguage\":\"en-US\"},{\"@type\":\"Person\",\"@id\":\"https:\\\/\\\/akunq.net\\\/turkish\\\/#\\\/schema\\\/person\\\/135e7923d1aeb8887890799619969a6c\",\"name\":\"kalem\",\"image\":{\"@type\":\"ImageObject\",\"inLanguage\":\"en-US\",\"@id\":\"https:\\\/\\\/secure.gravatar.com\\\/avatar\\\/a06875e4b25feb5674296adf8e8a7ae1e587cebce2493fe63c456109967e27d3?s=96&d=mm&r=g\",\"url\":\"https:\\\/\\\/secure.gravatar.com\\\/avatar\\\/a06875e4b25feb5674296adf8e8a7ae1e587cebce2493fe63c456109967e27d3?s=96&d=mm&r=g\",\"contentUrl\":\"https:\\\/\\\/secure.gravatar.com\\\/avatar\\\/a06875e4b25feb5674296adf8e8a7ae1e587cebce2493fe63c456109967e27d3?s=96&d=mm&r=g\",\"caption\":\"kalem\"},\"url\":\"https:\\\/\\\/akunq.net\\\/turkish\\\/author\\\/kalem\\\/\"}]}<\/script>\n<!-- \/ Yoast SEO plugin. -->","yoast_head_json":{"title":"K\u00fc\u00e7\u00fck Hayk (K\u00fc\u00e7\u00fck Ermenistan, Pokr Hayk, Armenia Mineur) - Bati Ermenistan Ve Bati Ermenileri Sorunlari Ara\u015ftirmalar Merkezi","robots":{"index":"index","follow":"follow","max-snippet":"max-snippet:-1","max-image-preview":"max-image-preview:large","max-video-preview":"max-video-preview:-1"},"canonical":"https:\/\/akunq.net\/turkish\/2010\/02\/23\/kucuk-hayk-kucuk-ermenistan-pokr-hayk-armenia-mineur\/","og_locale":"en_US","og_type":"article","og_title":"K\u00fc\u00e7\u00fck Hayk (K\u00fc\u00e7\u00fck Ermenistan, Pokr Hayk, Armenia Mineur) - Bati Ermenistan Ve Bati Ermenileri Sorunlari Ara\u015ftirmalar Merkezi","og_description":"Ermenistan\u2019\u0131n k\u00fc\u00e7\u00fck do\u011fu k\u0131sm\u0131 ve orada \u015fekillenen krall\u0131\u011f\u0131n B\u00fcy\u00fck Hayk\u2019la olan isim farkl\u0131l\u0131\u011f\u0131. K\u00fc\u00e7\u00fck Hayk, Ermeni ulusunun \u015fekillendi\u011fi en eski b\u00f6lgelerden biri olmu\u015ftur. K\u00fc\u00e7\u00fck Hayk\u2019\u0131n do\u011fu b\u00f6lgeleri M.\u00d6. IX-VI. y\u00fczy\u0131llarda Urartu\u2019ya ba\u011flanm\u0131\u015ft\u0131r. M.\u00d6. VI. y\u00fczy\u0131lda K\u00fc\u00e7\u00fck Hayk, Ermeni Yervanduni Krall\u0131\u011f\u0131\u2019na d\u00e2hil olmu\u015f, M.\u00d6. VI. y\u00fczy\u0131l\u0131n sonundan itibaren Akemenik \u0130ran\u2019\u0131n egemenli\u011fine ge\u00e7mi\u015ftir. B\u00fcy\u00fck \u0130skender\u2019in ak\u0131nlar\u0131 esnas\u0131nda [&hellip;]","og_url":"https:\/\/akunq.net\/turkish\/2010\/02\/23\/kucuk-hayk-kucuk-ermenistan-pokr-hayk-armenia-mineur\/","og_site_name":"Bati Ermenistan Ve Bati Ermenileri Sorunlari Ara\u015ftirmalar Merkezi","article_published_time":"2010-02-23T14:19:16+00:00","author":"kalem","twitter_card":"summary_large_image","twitter_misc":{"Written by":"kalem","Est. reading time":"3 minutes"},"schema":{"@context":"https:\/\/schema.org","@graph":[{"@type":"Article","@id":"https:\/\/akunq.net\/turkish\/2010\/02\/23\/kucuk-hayk-kucuk-ermenistan-pokr-hayk-armenia-mineur\/#article","isPartOf":{"@id":"https:\/\/akunq.net\/turkish\/2010\/02\/23\/kucuk-hayk-kucuk-ermenistan-pokr-hayk-armenia-mineur\/"},"author":{"name":"kalem","@id":"https:\/\/akunq.net\/turkish\/#\/schema\/person\/135e7923d1aeb8887890799619969a6c"},"headline":"K\u00fc\u00e7\u00fck Hayk (K\u00fc\u00e7\u00fck Ermenistan, Pokr Hayk, Armenia Mineur)","datePublished":"2010-02-23T14:19:16+00:00","mainEntityOfPage":{"@id":"https:\/\/akunq.net\/turkish\/2010\/02\/23\/kucuk-hayk-kucuk-ermenistan-pokr-hayk-armenia-mineur\/"},"wordCount":605,"articleSection":["B\u00fcy\u00fck Hayk\u2019\u0131n \u0130lleri"],"inLanguage":"en-US"},{"@type":"WebPage","@id":"https:\/\/akunq.net\/turkish\/2010\/02\/23\/kucuk-hayk-kucuk-ermenistan-pokr-hayk-armenia-mineur\/","url":"https:\/\/akunq.net\/turkish\/2010\/02\/23\/kucuk-hayk-kucuk-ermenistan-pokr-hayk-armenia-mineur\/","name":"K\u00fc\u00e7\u00fck Hayk (K\u00fc\u00e7\u00fck Ermenistan, Pokr Hayk, Armenia Mineur) - Bati Ermenistan Ve Bati Ermenileri Sorunlari Ara\u015ftirmalar Merkezi","isPartOf":{"@id":"https:\/\/akunq.net\/turkish\/#website"},"datePublished":"2010-02-23T14:19:16+00:00","author":{"@id":"https:\/\/akunq.net\/turkish\/#\/schema\/person\/135e7923d1aeb8887890799619969a6c"},"breadcrumb":{"@id":"https:\/\/akunq.net\/turkish\/2010\/02\/23\/kucuk-hayk-kucuk-ermenistan-pokr-hayk-armenia-mineur\/#breadcrumb"},"inLanguage":"en-US","potentialAction":[{"@type":"ReadAction","target":["https:\/\/akunq.net\/turkish\/2010\/02\/23\/kucuk-hayk-kucuk-ermenistan-pokr-hayk-armenia-mineur\/"]}]},{"@type":"BreadcrumbList","@id":"https:\/\/akunq.net\/turkish\/2010\/02\/23\/kucuk-hayk-kucuk-ermenistan-pokr-hayk-armenia-mineur\/#breadcrumb","itemListElement":[{"@type":"ListItem","position":1,"name":"Home","item":"https:\/\/akunq.net\/turkish\/"},{"@type":"ListItem","position":2,"name":"K\u00fc\u00e7\u00fck Hayk (K\u00fc\u00e7\u00fck Ermenistan, Pokr Hayk, Armenia Mineur)"}]},{"@type":"WebSite","@id":"https:\/\/akunq.net\/turkish\/#website","url":"https:\/\/akunq.net\/turkish\/","name":"Bati Ermenistan Ve Bati Ermenileri Sorunlari Ara\u015ftirmalar Merkezi","description":"","potentialAction":[{"@type":"SearchAction","target":{"@type":"EntryPoint","urlTemplate":"https:\/\/akunq.net\/turkish\/?s={search_term_string}"},"query-input":{"@type":"PropertyValueSpecification","valueRequired":true,"valueName":"search_term_string"}}],"inLanguage":"en-US"},{"@type":"Person","@id":"https:\/\/akunq.net\/turkish\/#\/schema\/person\/135e7923d1aeb8887890799619969a6c","name":"kalem","image":{"@type":"ImageObject","inLanguage":"en-US","@id":"https:\/\/secure.gravatar.com\/avatar\/a06875e4b25feb5674296adf8e8a7ae1e587cebce2493fe63c456109967e27d3?s=96&d=mm&r=g","url":"https:\/\/secure.gravatar.com\/avatar\/a06875e4b25feb5674296adf8e8a7ae1e587cebce2493fe63c456109967e27d3?s=96&d=mm&r=g","contentUrl":"https:\/\/secure.gravatar.com\/avatar\/a06875e4b25feb5674296adf8e8a7ae1e587cebce2493fe63c456109967e27d3?s=96&d=mm&r=g","caption":"kalem"},"url":"https:\/\/akunq.net\/turkish\/author\/kalem\/"}]}},"_links":{"self":[{"href":"https:\/\/akunq.net\/turkish\/wp-json\/wp\/v2\/posts\/529","targetHints":{"allow":["GET"]}}],"collection":[{"href":"https:\/\/akunq.net\/turkish\/wp-json\/wp\/v2\/posts"}],"about":[{"href":"https:\/\/akunq.net\/turkish\/wp-json\/wp\/v2\/types\/post"}],"author":[{"embeddable":true,"href":"https:\/\/akunq.net\/turkish\/wp-json\/wp\/v2\/users\/3"}],"replies":[{"embeddable":true,"href":"https:\/\/akunq.net\/turkish\/wp-json\/wp\/v2\/comments?post=529"}],"version-history":[{"count":0,"href":"https:\/\/akunq.net\/turkish\/wp-json\/wp\/v2\/posts\/529\/revisions"}],"wp:attachment":[{"href":"https:\/\/akunq.net\/turkish\/wp-json\/wp\/v2\/media?parent=529"}],"wp:term":[{"taxonomy":"category","embeddable":true,"href":"https:\/\/akunq.net\/turkish\/wp-json\/wp\/v2\/categories?post=529"},{"taxonomy":"post_tag","embeddable":true,"href":"https:\/\/akunq.net\/turkish\/wp-json\/wp\/v2\/tags?post=529"}],"curies":[{"name":"wp","href":"https:\/\/api.w.org\/{rel}","templated":true}]}}