{"id":52,"date":"2010-01-14T03:25:38","date_gmt":"2010-01-14T08:25:38","guid":{"rendered":"http:\/\/akunq.net\/tr\/?p=52"},"modified":"2010-01-14T03:25:38","modified_gmt":"2010-01-14T08:25:38","slug":"hakkini-arayan-yurttaslar","status":"publish","type":"post","link":"https:\/\/akunq.net\/turkish\/2010\/01\/14\/hakkini-arayan-yurttaslar\/","title":{"rendered":"Hakk\u0131n\u0131 arayan yurtta\u015flar"},"content":{"rendered":"<p style=\"text-align: justify\"><strong><em>\u00a0<\/em><\/strong><em>Cemaat vak\u0131flar\u0131n\u0131n, devlet taraf\u0131ndan el konan, kimi zaman kamula\u015ft\u0131r\u0131lan, kimi zaman da \u00fc\u00e7\u00fcnc\u00fc \u015fah\u0131slar\u0131n m\u00fclkiyetine ge\u00e7en mallar\u0131yla ilgili sorun, \u2018milli g\u00fcvenlik devleti\u2019nin tabular\u0131ndan biriydi; bu konuda, y\u0131llar y\u0131l\u0131, insan haklar\u0131na sayg\u0131l\u0131 hi\u00e7bir ad\u0131m at\u0131lmad\u0131.<\/em><\/p>\n<p style=\"text-align: justify\">Birka\u00e7 y\u0131l \u00f6nce la\u011fvedilip \u2018Az\u0131nl\u0131k Sorunlar\u0131n\u0131 De\u011ferlendirme Kurulu\u2019 ad\u0131n\u0131 ald\u0131\u011f\u0131 s\u00f6ylenen, kendi gizli, i\u015flevi malum \u2018Az\u0131nl\u0131k Tali Komisyonu\u2019 ve Vak\u0131flar b\u00fcrokrasisi, gayrim\u00fcslim okullar\u0131n\u0131n, din ve hay\u0131r kurumlar\u0131n\u0131n kaynaklar\u0131n\u0131 kurutmak i\u00e7in ciddi bir seferberlik i\u00e7indeydi ge\u00e7mi\u015fte.<\/p>\n<p style=\"text-align: justify\">Neyse ki, d\u00fcnyayla birlikte T\u00fcrkiye de de\u011fi\u015fiyor ve son y\u0131llarda, Avrupa Birli\u011fi\u2019ne adayl\u0131k s\u00fcrecinin de zorlamas\u0131yla, bu kemikle\u015fmi\u015f tutumda baz\u0131 gedikler a\u00e7\u0131labildi. \u015eubat 2008\u2019de y\u00fcr\u00fcrl\u00fc\u011fe giren Yeni Vak\u0131flar Yasas\u0131, cemaat vak\u0131flar\u0131n\u0131n, gasp edilmi\u015f haklar\u0131n\u0131n hi\u00e7 de\u011filse bir k\u0131sm\u0131n\u0131 geri almas\u0131na olanak tan\u0131yordu. Ancak, bu yasan\u0131n yeterli olmad\u0131\u011f\u0131n\u0131 ve adil bir \u00e7\u00f6z\u00fcme hizmet etmedi\u011fini, konunun uzmanlar\u0131yla yapt\u0131\u011f\u0131m\u0131z s\u00f6yle\u015filer yoluyla defalarca dile getirmi\u015ftik.<\/p>\n<p style=\"text-align: justify\">Bu ay\u0131n sonuna do\u011fru, 27 A\u011fustos\u2019ta, devlet tasarrufuna al\u0131nm\u0131\u015f kay\u0131tl\u0131 ta\u015f\u0131nmazlar\u0131n iadesi i\u00e7in tan\u0131nan ba\u015fvuru s\u00fcresi doluyor. Ge\u00e7mi\u015fte el konan m\u00fclkler say\u0131ca o kadar \u00e7ok ki, 18 ayl\u0131k s\u00fcrede, de\u011fil bunlarla ilgili ba\u015fvuruda bulunmak, tamam\u0131n\u0131 tespit etmek dahi m\u00fcmk\u00fcn olmad\u0131. Ancak, ba\u015fvuru s\u00fcresi bitse de hukuki yollar t\u00fckenmeyecek. Vak\u0131flar\u0131m\u0131z\u0131 y\u00f6netenlerin mahkemelere ba\u015fvurarak hak arayacaklar\u0131, me\u015fakkatli bir d\u00f6nemin e\u015fi\u011findeyiz.<\/p>\n<p style=\"text-align: justify\">Bunda \u00e7ekinmemeli, tedirgin olmamal\u0131y\u0131z. Yurtta\u015f olman\u0131n \u00f6nde gelen \u015fartlar\u0131ndan biri sorumluluklar\u0131n\u0131 yerine getirmekse e\u011fer, bir di\u011feri de hakk\u0131n\u0131 sonuna kadar aramak\u2026 Bizler bu \u00fclkenin yurtta\u015flar\u0131 oldu\u011fumuza g\u00f6re, hakk\u0131m\u0131z\u0131 \u00f6zg\u00fcrce arayabilmemiz, her \u015feyden \u00f6nce, T\u00fcrkiye\u2019nin daha demokratik bir \u00fclke olmas\u0131 anlam\u0131na gelecek.<strong><em> <\/em><\/strong><\/p>\n<p style=\"text-align: justify\"><strong><em>\u00a0<\/em><\/strong><strong><em>Agos, 07.08.2009,<\/em><\/strong><\/p>\n","protected":false},"excerpt":{"rendered":"<p>\u00a0Cemaat vak\u0131flar\u0131n\u0131n, devlet taraf\u0131ndan el konan, kimi zaman kamula\u015ft\u0131r\u0131lan, kimi zaman da \u00fc\u00e7\u00fcnc\u00fc \u015fah\u0131slar\u0131n m\u00fclkiyetine ge\u00e7en mallar\u0131yla ilgili sorun, \u2018milli g\u00fcvenlik devleti\u2019nin tabular\u0131ndan biriydi; bu konuda, y\u0131llar y\u0131l\u0131, insan haklar\u0131na sayg\u0131l\u0131 hi\u00e7bir ad\u0131m at\u0131lmad\u0131. Birka\u00e7 y\u0131l \u00f6nce la\u011fvedilip \u2018Az\u0131nl\u0131k Sorunlar\u0131n\u0131 De\u011ferlendirme Kurulu\u2019 ad\u0131n\u0131 ald\u0131\u011f\u0131 s\u00f6ylenen, kendi gizli, i\u015flevi malum \u2018Az\u0131nl\u0131k Tali Komisyonu\u2019 ve Vak\u0131flar b\u00fcrokrasisi, [&hellip;]<\/p>\n","protected":false},"author":3,"featured_media":0,"comment_status":"closed","ping_status":"open","sticky":false,"template":"","format":"standard","meta":{"footnotes":""},"categories":[15],"tags":[],"class_list":["post-52","post","type-post","status-publish","format-standard","hentry","category-haklarimiz"],"yoast_head":"<!-- This site is optimized with the Yoast SEO plugin v26.6 - https:\/\/yoast.com\/wordpress\/plugins\/seo\/ -->\n<title>Hakk\u0131n\u0131 arayan yurtta\u015flar - Bati Ermenistan Ve Bati Ermenileri Sorunlari Ara\u015ftirmalar Merkezi<\/title>\n<meta name=\"robots\" content=\"index, follow, max-snippet:-1, max-image-preview:large, max-video-preview:-1\" \/>\n<link rel=\"canonical\" href=\"https:\/\/akunq.net\/turkish\/2010\/01\/14\/hakkini-arayan-yurttaslar\/\" \/>\n<meta property=\"og:locale\" content=\"en_US\" \/>\n<meta property=\"og:type\" content=\"article\" \/>\n<meta property=\"og:title\" content=\"Hakk\u0131n\u0131 arayan yurtta\u015flar - Bati Ermenistan Ve Bati Ermenileri Sorunlari Ara\u015ftirmalar Merkezi\" \/>\n<meta property=\"og:description\" content=\"\u00a0Cemaat vak\u0131flar\u0131n\u0131n, devlet taraf\u0131ndan el konan, kimi zaman kamula\u015ft\u0131r\u0131lan, kimi zaman da \u00fc\u00e7\u00fcnc\u00fc \u015fah\u0131slar\u0131n m\u00fclkiyetine ge\u00e7en mallar\u0131yla ilgili sorun, \u2018milli g\u00fcvenlik devleti\u2019nin tabular\u0131ndan biriydi; bu konuda, y\u0131llar y\u0131l\u0131, insan haklar\u0131na sayg\u0131l\u0131 hi\u00e7bir ad\u0131m at\u0131lmad\u0131. Birka\u00e7 y\u0131l \u00f6nce la\u011fvedilip \u2018Az\u0131nl\u0131k Sorunlar\u0131n\u0131 De\u011ferlendirme Kurulu\u2019 ad\u0131n\u0131 ald\u0131\u011f\u0131 s\u00f6ylenen, kendi gizli, i\u015flevi malum \u2018Az\u0131nl\u0131k Tali Komisyonu\u2019 ve Vak\u0131flar b\u00fcrokrasisi, [&hellip;]\" \/>\n<meta property=\"og:url\" content=\"https:\/\/akunq.net\/turkish\/2010\/01\/14\/hakkini-arayan-yurttaslar\/\" \/>\n<meta property=\"og:site_name\" content=\"Bati Ermenistan Ve Bati Ermenileri Sorunlari Ara\u015ftirmalar Merkezi\" \/>\n<meta property=\"article:published_time\" content=\"2010-01-14T08:25:38+00:00\" \/>\n<meta name=\"author\" content=\"kalem\" \/>\n<meta name=\"twitter:card\" content=\"summary_large_image\" \/>\n<meta name=\"twitter:label1\" content=\"Written by\" \/>\n\t<meta name=\"twitter:data1\" content=\"kalem\" \/>\n\t<meta name=\"twitter:label2\" content=\"Est. reading time\" \/>\n\t<meta name=\"twitter:data2\" content=\"2 minutes\" \/>\n<script type=\"application\/ld+json\" class=\"yoast-schema-graph\">{\"@context\":\"https:\/\/schema.org\",\"@graph\":[{\"@type\":\"WebPage\",\"@id\":\"https:\/\/akunq.net\/turkish\/2010\/01\/14\/hakkini-arayan-yurttaslar\/\",\"url\":\"https:\/\/akunq.net\/turkish\/2010\/01\/14\/hakkini-arayan-yurttaslar\/\",\"name\":\"Hakk\u0131n\u0131 arayan yurtta\u015flar - Bati Ermenistan Ve Bati Ermenileri Sorunlari Ara\u015ftirmalar Merkezi\",\"isPartOf\":{\"@id\":\"https:\/\/akunq.net\/turkish\/#website\"},\"datePublished\":\"2010-01-14T08:25:38+00:00\",\"author\":{\"@id\":\"https:\/\/akunq.net\/turkish\/#\/schema\/person\/135e7923d1aeb8887890799619969a6c\"},\"breadcrumb\":{\"@id\":\"https:\/\/akunq.net\/turkish\/2010\/01\/14\/hakkini-arayan-yurttaslar\/#breadcrumb\"},\"inLanguage\":\"en-US\",\"potentialAction\":[{\"@type\":\"ReadAction\",\"target\":[\"https:\/\/akunq.net\/turkish\/2010\/01\/14\/hakkini-arayan-yurttaslar\/\"]}]},{\"@type\":\"BreadcrumbList\",\"@id\":\"https:\/\/akunq.net\/turkish\/2010\/01\/14\/hakkini-arayan-yurttaslar\/#breadcrumb\",\"itemListElement\":[{\"@type\":\"ListItem\",\"position\":1,\"name\":\"Home\",\"item\":\"https:\/\/akunq.net\/turkish\/\"},{\"@type\":\"ListItem\",\"position\":2,\"name\":\"Hakk\u0131n\u0131 arayan yurtta\u015flar\"}]},{\"@type\":\"WebSite\",\"@id\":\"https:\/\/akunq.net\/turkish\/#website\",\"url\":\"https:\/\/akunq.net\/turkish\/\",\"name\":\"Bati Ermenistan Ve Bati Ermenileri Sorunlari Ara\u015ftirmalar Merkezi\",\"description\":\"\",\"potentialAction\":[{\"@type\":\"SearchAction\",\"target\":{\"@type\":\"EntryPoint\",\"urlTemplate\":\"https:\/\/akunq.net\/turkish\/?s={search_term_string}\"},\"query-input\":{\"@type\":\"PropertyValueSpecification\",\"valueRequired\":true,\"valueName\":\"search_term_string\"}}],\"inLanguage\":\"en-US\"},{\"@type\":\"Person\",\"@id\":\"https:\/\/akunq.net\/turkish\/#\/schema\/person\/135e7923d1aeb8887890799619969a6c\",\"name\":\"kalem\",\"image\":{\"@type\":\"ImageObject\",\"inLanguage\":\"en-US\",\"@id\":\"https:\/\/akunq.net\/turkish\/#\/schema\/person\/image\/\",\"url\":\"https:\/\/secure.gravatar.com\/avatar\/a06875e4b25feb5674296adf8e8a7ae1e587cebce2493fe63c456109967e27d3?s=96&d=mm&r=g\",\"contentUrl\":\"https:\/\/secure.gravatar.com\/avatar\/a06875e4b25feb5674296adf8e8a7ae1e587cebce2493fe63c456109967e27d3?s=96&d=mm&r=g\",\"caption\":\"kalem\"},\"url\":\"https:\/\/akunq.net\/turkish\/author\/kalem\/\"}]}<\/script>\n<!-- \/ Yoast SEO plugin. -->","yoast_head_json":{"title":"Hakk\u0131n\u0131 arayan yurtta\u015flar - Bati Ermenistan Ve Bati Ermenileri Sorunlari Ara\u015ftirmalar Merkezi","robots":{"index":"index","follow":"follow","max-snippet":"max-snippet:-1","max-image-preview":"max-image-preview:large","max-video-preview":"max-video-preview:-1"},"canonical":"https:\/\/akunq.net\/turkish\/2010\/01\/14\/hakkini-arayan-yurttaslar\/","og_locale":"en_US","og_type":"article","og_title":"Hakk\u0131n\u0131 arayan yurtta\u015flar - Bati Ermenistan Ve Bati Ermenileri Sorunlari Ara\u015ftirmalar Merkezi","og_description":"\u00a0Cemaat vak\u0131flar\u0131n\u0131n, devlet taraf\u0131ndan el konan, kimi zaman kamula\u015ft\u0131r\u0131lan, kimi zaman da \u00fc\u00e7\u00fcnc\u00fc \u015fah\u0131slar\u0131n m\u00fclkiyetine ge\u00e7en mallar\u0131yla ilgili sorun, \u2018milli g\u00fcvenlik devleti\u2019nin tabular\u0131ndan biriydi; bu konuda, y\u0131llar y\u0131l\u0131, insan haklar\u0131na sayg\u0131l\u0131 hi\u00e7bir ad\u0131m at\u0131lmad\u0131. Birka\u00e7 y\u0131l \u00f6nce la\u011fvedilip \u2018Az\u0131nl\u0131k Sorunlar\u0131n\u0131 De\u011ferlendirme Kurulu\u2019 ad\u0131n\u0131 ald\u0131\u011f\u0131 s\u00f6ylenen, kendi gizli, i\u015flevi malum \u2018Az\u0131nl\u0131k Tali Komisyonu\u2019 ve Vak\u0131flar b\u00fcrokrasisi, [&hellip;]","og_url":"https:\/\/akunq.net\/turkish\/2010\/01\/14\/hakkini-arayan-yurttaslar\/","og_site_name":"Bati Ermenistan Ve Bati Ermenileri Sorunlari Ara\u015ftirmalar Merkezi","article_published_time":"2010-01-14T08:25:38+00:00","author":"kalem","twitter_card":"summary_large_image","twitter_misc":{"Written by":"kalem","Est. reading time":"2 minutes"},"schema":{"@context":"https:\/\/schema.org","@graph":[{"@type":"WebPage","@id":"https:\/\/akunq.net\/turkish\/2010\/01\/14\/hakkini-arayan-yurttaslar\/","url":"https:\/\/akunq.net\/turkish\/2010\/01\/14\/hakkini-arayan-yurttaslar\/","name":"Hakk\u0131n\u0131 arayan yurtta\u015flar - Bati Ermenistan Ve Bati Ermenileri Sorunlari Ara\u015ftirmalar Merkezi","isPartOf":{"@id":"https:\/\/akunq.net\/turkish\/#website"},"datePublished":"2010-01-14T08:25:38+00:00","author":{"@id":"https:\/\/akunq.net\/turkish\/#\/schema\/person\/135e7923d1aeb8887890799619969a6c"},"breadcrumb":{"@id":"https:\/\/akunq.net\/turkish\/2010\/01\/14\/hakkini-arayan-yurttaslar\/#breadcrumb"},"inLanguage":"en-US","potentialAction":[{"@type":"ReadAction","target":["https:\/\/akunq.net\/turkish\/2010\/01\/14\/hakkini-arayan-yurttaslar\/"]}]},{"@type":"BreadcrumbList","@id":"https:\/\/akunq.net\/turkish\/2010\/01\/14\/hakkini-arayan-yurttaslar\/#breadcrumb","itemListElement":[{"@type":"ListItem","position":1,"name":"Home","item":"https:\/\/akunq.net\/turkish\/"},{"@type":"ListItem","position":2,"name":"Hakk\u0131n\u0131 arayan yurtta\u015flar"}]},{"@type":"WebSite","@id":"https:\/\/akunq.net\/turkish\/#website","url":"https:\/\/akunq.net\/turkish\/","name":"Bati Ermenistan Ve Bati Ermenileri Sorunlari Ara\u015ftirmalar Merkezi","description":"","potentialAction":[{"@type":"SearchAction","target":{"@type":"EntryPoint","urlTemplate":"https:\/\/akunq.net\/turkish\/?s={search_term_string}"},"query-input":{"@type":"PropertyValueSpecification","valueRequired":true,"valueName":"search_term_string"}}],"inLanguage":"en-US"},{"@type":"Person","@id":"https:\/\/akunq.net\/turkish\/#\/schema\/person\/135e7923d1aeb8887890799619969a6c","name":"kalem","image":{"@type":"ImageObject","inLanguage":"en-US","@id":"https:\/\/akunq.net\/turkish\/#\/schema\/person\/image\/","url":"https:\/\/secure.gravatar.com\/avatar\/a06875e4b25feb5674296adf8e8a7ae1e587cebce2493fe63c456109967e27d3?s=96&d=mm&r=g","contentUrl":"https:\/\/secure.gravatar.com\/avatar\/a06875e4b25feb5674296adf8e8a7ae1e587cebce2493fe63c456109967e27d3?s=96&d=mm&r=g","caption":"kalem"},"url":"https:\/\/akunq.net\/turkish\/author\/kalem\/"}]}},"_links":{"self":[{"href":"https:\/\/akunq.net\/turkish\/wp-json\/wp\/v2\/posts\/52","targetHints":{"allow":["GET"]}}],"collection":[{"href":"https:\/\/akunq.net\/turkish\/wp-json\/wp\/v2\/posts"}],"about":[{"href":"https:\/\/akunq.net\/turkish\/wp-json\/wp\/v2\/types\/post"}],"author":[{"embeddable":true,"href":"https:\/\/akunq.net\/turkish\/wp-json\/wp\/v2\/users\/3"}],"replies":[{"embeddable":true,"href":"https:\/\/akunq.net\/turkish\/wp-json\/wp\/v2\/comments?post=52"}],"version-history":[{"count":0,"href":"https:\/\/akunq.net\/turkish\/wp-json\/wp\/v2\/posts\/52\/revisions"}],"wp:attachment":[{"href":"https:\/\/akunq.net\/turkish\/wp-json\/wp\/v2\/media?parent=52"}],"wp:term":[{"taxonomy":"category","embeddable":true,"href":"https:\/\/akunq.net\/turkish\/wp-json\/wp\/v2\/categories?post=52"},{"taxonomy":"post_tag","embeddable":true,"href":"https:\/\/akunq.net\/turkish\/wp-json\/wp\/v2\/tags?post=52"}],"curies":[{"name":"wp","href":"https:\/\/api.w.org\/{rel}","templated":true}]}}