{"id":518,"date":"2010-02-23T08:42:08","date_gmt":"2010-02-23T13:42:08","guid":{"rendered":"http:\/\/akunq.net\/tr\/?p=518"},"modified":"2010-02-23T08:42:08","modified_gmt":"2010-02-23T13:42:08","slug":"agdznik","status":"publish","type":"post","link":"https:\/\/akunq.net\/turkish\/2010\/02\/23\/agdznik\/","title":{"rendered":"A\u011fdznik"},"content":{"rendered":"<p style=\"text-align: justify\"><a rel=\"attachment wp-att-519\" href=\"http:\/\/akunq.net\/tr\/2010\/02\/23\/agdznik\/%d5%a1%d5%b2%d5%b1%d5%b6%d5%ab%d6%84-2\/\"><img loading=\"lazy\" decoding=\"async\" class=\"alignnone size-full wp-image-519\" title=\"\u0531\u0572\u0571\u0576\u056b\u0584\" src=\"http:\/\/akunq.net\/tr\/wp-content\/uploads\/2010\/04\/\u0531\u0572\u0571\u0576\u056b\u05841.jpg\" alt=\"\" width=\"544\" height=\"190\" \/><\/a><\/p>\n<p style=\"text-align: justify\">Ermenistan\u2019\u0131n \u201ctarih babas\u0131\u201d Movses Khorenatsi\u2019nin (Khorenl\u0131 Movses, V.yy) -bir k\u0131s\u0131m ara\u015ft\u0131rmac\u0131lara g\u00f6re ise Anania \u015eirakatci (\u015eirakl\u0131 Anania, VII. yy)- \u201cA\u015fkharatsuyts\u201duna (co\u011frafya kitab\u0131) g\u00f6re A\u011fdznik, B\u00fcy\u00fck Hayk\u2019\u0131n \u00fc\u00e7\u00fcnc\u00fc vilayetidir. Asur-Babil yaz\u0131tlar\u0131nda bu b\u00f6lge <em>Alzi,<\/em> Urartu \u00e7ivi yaz\u0131tlar\u0131nda ise <em>Alzini<\/em> olarak ge\u00e7mektedir.\u00a0<\/p>\n<p style=\"text-align: justify\">B.H.Harutyunyan\u2019\u0131n ara\u015ft\u0131rmalar\u0131na istinaden vilayetin s\u0131n\u0131rlar\u0131 bat\u0131da F\u0131rat\u2019a kadar uzanmaktadir, Ka\u011f (K\u0131\u011fimar) il\u00e7esi ise il\u00e7eler listesinde bulunmamakta, bunun yerine bu il\u00e7e Ange\u011f Tun il\u00e7esiyle b\u00fct\u00fcnle\u015fmektedir. Da\u011fl\u0131k il\u00e7elerle ilgili de farklar bulunmaktad\u0131r.<\/p>\n<p style=\"text-align: justify\">A\u011fdznik, bat\u0131 Dicle ve Ermeni Toroslar\u0131\u2019n\u0131n aras\u0131nda bulunuyordu, 18.000 km<sup>2<\/sup> alan kaplamaktayd\u0131 ve 10 il\u00e7eye sahipti.<\/p>\n<p style=\"text-align: justify\"><a rel=\"attachment wp-att-520\" href=\"http:\/\/akunq.net\/tr\/2010\/02\/23\/agdznik\/%d5%a1%d5%b2%d5%b1%d5%b6%d5%ab%d6%84-3\/\"><img loading=\"lazy\" decoding=\"async\" class=\"alignleft size-full wp-image-520\" title=\"\u0531\u0572\u0571\u0576\u056b\u0584\" src=\"http:\/\/akunq.net\/tr\/wp-content\/uploads\/2010\/04\/\u0531\u0572\u0571\u0576\u056b\u05842.jpg\" alt=\"\" width=\"300\" height=\"224\" \/><\/a>B\u00f6lge tabii a\u00e7\u0131dan iki birbirine z\u0131t b\u00f6l\u00fcme ayr\u0131lmaktad\u0131r, kuzey b\u00f6l\u00fcm\u00fcndeki Ermeni Toroslar\u0131 \u00e7evresinde sert iklim ko\u015fullar\u0131na sahiptir, g\u00fcney b\u00f6l\u00fcm\u00fcn\u00fcn iklimi ise s\u0131cak ve y\u00fczey yap\u0131s\u0131 oval\u0131kt\u0131r. Ange\u011f-Tun (Ka\u011f), Nprkert ve A\u011fdzn (Ardzn, Arzn) il\u00e7eleri oval\u0131k k\u0131s\u0131mda, Ketik, Tatik, Aznvats dzor, Yerkhetk (Kherkhetk), Gze\u011fkh, Salnadzor ve Sanasunk (Sasun) il\u00e7eleri ise da\u011fl\u0131k b\u00f6l\u00fcmde bulunmaktad\u0131rlar. Arta\u015fesyan ve Ar\u015fakuni hanedanl\u0131klar\u0131 d\u00f6neminde A\u011fdznik vilayeti B\u00fcy\u00fck Hayk\u2019\u0131n d\u00f6rt bde\u015fkhliklerinden (beylerbeyli\u011fi) biri olmu\u015ftur. A\u011fdznik\u2019in merkezi olan Tigranakert \u015fehri \u201ckrall\u0131k \u015fehri\u201dydi ve i\u00e7 \u00f6zerkli\u011fe sahipti. \u015eehir, kral\u0131n tayin etti\u011fi vali \u201c\u015eahap\u201d taraf\u0131ndan y\u00f6netilmekteydi.<\/p>\n<p style=\"text-align: justify\">A\u011fdznik, nehirler ve p\u0131narlar a\u00e7\u0131s\u0131ndan zengindi. Demir ve kur\u015fun madenleri (\u00f6zellikle Ange\u011f-Tun ve Aznvats dzor il\u00e7elerinde) ile petrole sahipti. Ba\u011fc\u0131l\u0131k, \u015farap\u00e7\u0131l\u0131k ve hayvanc\u0131l\u0131k geli\u015fmi\u015fti.<\/p>\n<p style=\"text-align: justify\">40 y\u0131ll\u0131k Mdzbin antla\u015fmas\u0131na (298) istinaden A\u011fdznik\u2019in oval\u0131k b\u00f6l\u00fcm\u00fc (Ange\u011f-Tun, Nprkert ve A\u011fdzn) Roma ordular\u0131n\u0131n kontrol\u00fc alt\u0131na al\u0131nm\u0131\u015ft\u0131. B\u00fcy\u00fck Hayk\u2019\u0131n 387 y\u0131l\u0131ndaki b\u00f6l\u00fcnmesi sonucunda A\u011fdznik b\u00f6lgesi, A\u011fdzn il\u00e7esi hari\u00e7 olmak \u00fczere, Medz (B\u00fcy\u00fck) Dzopk (Sopanene) ad\u0131yla Do\u011fu Roma \u0130mparatorlu\u011fu\u2019na ge\u00e7ti. A\u011fdzn ise bde\u015fkhlik olarak kalarak Sasani Pers Devletine tabi oldu. Sasanilerin y\u0131kt\u0131\u011f\u0131 Tigranakert\u2019in yerine Romal\u0131lar Martiropolis (\u015fehitler kenti veya Nprkert) kale-\u015fehrini in\u015fa ettiler ve bu \u015fehir Akba, Apum ve di\u011fer kalelerle birlikte imparatorlu\u011fun s\u0131n\u0131rlar\u0131n\u0131 Sasanilerin sald\u0131r\u0131lar\u0131na kar\u015f\u0131 korumakla g\u00f6revliydi. B\u00fcy\u00fck Hayk\u2019\u0131n 591\u2019deki b\u00f6l\u00fcnmesi sonucunda t\u00fcm A\u011fdznik b\u00f6lgesi Bizans \u0130mparatorlu\u011fu\u2019na ge\u00e7erek Yukar\u0131 Mezopotamya eyaletine ba\u011fland\u0131, fakat 630 y\u0131l\u0131ndan sonra eski s\u0131n\u0131rlar tekrar tesis edilmi\u015flerdir.<\/p>\n<p style=\"text-align: justify\">\u00a0<strong>Arap h\u00e2kimiyeti d\u00f6nemi<\/strong><\/p>\n<p style=\"text-align: justify\">\u00a0Arap istilas\u0131 sonras\u0131nda (640-650), oval\u0131k k\u0131sma Arap <em>Diar-Rabia<\/em> a\u015fireti yerle\u015fti\u011finde, A\u011fdznik\u2019in durumunda k\u00f6kl\u00fc bir de\u011fi\u015fim meydana gelmi\u015ftir. VIII. y\u00fczy\u0131l sonunda A\u011fdznik\u2019te, Arap emirli\u011fi kuruldu. Ermeniler, A\u011fdznik\u2019in da\u011fl\u0131k b\u00f6lgesinde kalarak Ermeni Toroslar\u0131\u2019n\u0131 Mezopotamya\u2019ya ba\u011flayan da\u011f ge\u00e7itlerini ellerinde tutmaya devam ettiler.<\/p>\n","protected":false},"excerpt":{"rendered":"<p>Ermenistan\u2019\u0131n \u201ctarih babas\u0131\u201d Movses Khorenatsi\u2019nin (Khorenl\u0131 Movses, V.yy) -bir k\u0131s\u0131m ara\u015ft\u0131rmac\u0131lara g\u00f6re ise Anania \u015eirakatci (\u015eirakl\u0131 Anania, VII. yy)- \u201cA\u015fkharatsuyts\u201duna (co\u011frafya kitab\u0131) g\u00f6re A\u011fdznik, B\u00fcy\u00fck Hayk\u2019\u0131n \u00fc\u00e7\u00fcnc\u00fc vilayetidir. Asur-Babil yaz\u0131tlar\u0131nda bu b\u00f6lge Alzi, Urartu \u00e7ivi yaz\u0131tlar\u0131nda ise Alzini olarak ge\u00e7mektedir.\u00a0 B.H.Harutyunyan\u2019\u0131n ara\u015ft\u0131rmalar\u0131na istinaden vilayetin s\u0131n\u0131rlar\u0131 bat\u0131da F\u0131rat\u2019a kadar uzanmaktadir, Ka\u011f (K\u0131\u011fimar) il\u00e7esi ise il\u00e7eler listesinde [&hellip;]<\/p>\n","protected":false},"author":3,"featured_media":0,"comment_status":"closed","ping_status":"open","sticky":false,"template":"","format":"standard","meta":{"footnotes":""},"categories":[55],"tags":[],"class_list":["post-518","post","type-post","status-publish","format-standard","hentry","category-buyuk-haykin-illeri"],"yoast_head":"<!-- This site is optimized with the Yoast SEO plugin v27.4 - https:\/\/yoast.com\/product\/yoast-seo-wordpress\/ -->\n<title>A\u011fdznik - Bati Ermenistan Ve Bati Ermenileri Sorunlari Ara\u015ftirmalar Merkezi<\/title>\n<meta name=\"robots\" content=\"index, follow, max-snippet:-1, max-image-preview:large, max-video-preview:-1\" \/>\n<link rel=\"canonical\" href=\"https:\/\/akunq.net\/turkish\/2010\/02\/23\/agdznik\/\" \/>\n<meta property=\"og:locale\" content=\"en_US\" \/>\n<meta property=\"og:type\" content=\"article\" \/>\n<meta property=\"og:title\" content=\"A\u011fdznik - Bati Ermenistan Ve Bati Ermenileri Sorunlari Ara\u015ftirmalar Merkezi\" \/>\n<meta property=\"og:description\" content=\"Ermenistan\u2019\u0131n \u201ctarih babas\u0131\u201d Movses Khorenatsi\u2019nin (Khorenl\u0131 Movses, V.yy) -bir k\u0131s\u0131m ara\u015ft\u0131rmac\u0131lara g\u00f6re ise Anania \u015eirakatci (\u015eirakl\u0131 Anania, VII. yy)- \u201cA\u015fkharatsuyts\u201duna (co\u011frafya kitab\u0131) g\u00f6re A\u011fdznik, B\u00fcy\u00fck Hayk\u2019\u0131n \u00fc\u00e7\u00fcnc\u00fc vilayetidir. Asur-Babil yaz\u0131tlar\u0131nda bu b\u00f6lge Alzi, Urartu \u00e7ivi yaz\u0131tlar\u0131nda ise Alzini olarak ge\u00e7mektedir.\u00a0 B.H.Harutyunyan\u2019\u0131n ara\u015ft\u0131rmalar\u0131na istinaden vilayetin s\u0131n\u0131rlar\u0131 bat\u0131da F\u0131rat\u2019a kadar uzanmaktadir, Ka\u011f (K\u0131\u011fimar) il\u00e7esi ise il\u00e7eler listesinde [&hellip;]\" \/>\n<meta property=\"og:url\" content=\"https:\/\/akunq.net\/turkish\/2010\/02\/23\/agdznik\/\" \/>\n<meta property=\"og:site_name\" content=\"Bati Ermenistan Ve Bati Ermenileri Sorunlari Ara\u015ftirmalar Merkezi\" \/>\n<meta property=\"article:published_time\" content=\"2010-02-23T13:42:08+00:00\" \/>\n<meta name=\"author\" content=\"kalem\" \/>\n<meta name=\"twitter:card\" content=\"summary_large_image\" \/>\n<meta name=\"twitter:label1\" content=\"Written by\" \/>\n\t<meta name=\"twitter:data1\" content=\"kalem\" \/>\n\t<meta name=\"twitter:label2\" content=\"Est. reading time\" \/>\n\t<meta name=\"twitter:data2\" content=\"3 minutes\" \/>\n<script type=\"application\/ld+json\" class=\"yoast-schema-graph\">{\"@context\":\"https:\\\/\\\/schema.org\",\"@graph\":[{\"@type\":\"Article\",\"@id\":\"https:\\\/\\\/akunq.net\\\/turkish\\\/2010\\\/02\\\/23\\\/agdznik\\\/#article\",\"isPartOf\":{\"@id\":\"https:\\\/\\\/akunq.net\\\/turkish\\\/2010\\\/02\\\/23\\\/agdznik\\\/\"},\"author\":{\"name\":\"kalem\",\"@id\":\"https:\\\/\\\/akunq.net\\\/turkish\\\/#\\\/schema\\\/person\\\/135e7923d1aeb8887890799619969a6c\"},\"headline\":\"A\u011fdznik\",\"datePublished\":\"2010-02-23T13:42:08+00:00\",\"mainEntityOfPage\":{\"@id\":\"https:\\\/\\\/akunq.net\\\/turkish\\\/2010\\\/02\\\/23\\\/agdznik\\\/\"},\"wordCount\":555,\"articleSection\":[\"B\u00fcy\u00fck Hayk\u2019\u0131n \u0130lleri\"],\"inLanguage\":\"en-US\"},{\"@type\":\"WebPage\",\"@id\":\"https:\\\/\\\/akunq.net\\\/turkish\\\/2010\\\/02\\\/23\\\/agdznik\\\/\",\"url\":\"https:\\\/\\\/akunq.net\\\/turkish\\\/2010\\\/02\\\/23\\\/agdznik\\\/\",\"name\":\"A\u011fdznik - Bati Ermenistan Ve Bati Ermenileri Sorunlari Ara\u015ftirmalar Merkezi\",\"isPartOf\":{\"@id\":\"https:\\\/\\\/akunq.net\\\/turkish\\\/#website\"},\"datePublished\":\"2010-02-23T13:42:08+00:00\",\"author\":{\"@id\":\"https:\\\/\\\/akunq.net\\\/turkish\\\/#\\\/schema\\\/person\\\/135e7923d1aeb8887890799619969a6c\"},\"breadcrumb\":{\"@id\":\"https:\\\/\\\/akunq.net\\\/turkish\\\/2010\\\/02\\\/23\\\/agdznik\\\/#breadcrumb\"},\"inLanguage\":\"en-US\",\"potentialAction\":[{\"@type\":\"ReadAction\",\"target\":[\"https:\\\/\\\/akunq.net\\\/turkish\\\/2010\\\/02\\\/23\\\/agdznik\\\/\"]}]},{\"@type\":\"BreadcrumbList\",\"@id\":\"https:\\\/\\\/akunq.net\\\/turkish\\\/2010\\\/02\\\/23\\\/agdznik\\\/#breadcrumb\",\"itemListElement\":[{\"@type\":\"ListItem\",\"position\":1,\"name\":\"Home\",\"item\":\"https:\\\/\\\/akunq.net\\\/turkish\\\/\"},{\"@type\":\"ListItem\",\"position\":2,\"name\":\"A\u011fdznik\"}]},{\"@type\":\"WebSite\",\"@id\":\"https:\\\/\\\/akunq.net\\\/turkish\\\/#website\",\"url\":\"https:\\\/\\\/akunq.net\\\/turkish\\\/\",\"name\":\"Bati Ermenistan Ve Bati Ermenileri Sorunlari Ara\u015ftirmalar Merkezi\",\"description\":\"\",\"potentialAction\":[{\"@type\":\"SearchAction\",\"target\":{\"@type\":\"EntryPoint\",\"urlTemplate\":\"https:\\\/\\\/akunq.net\\\/turkish\\\/?s={search_term_string}\"},\"query-input\":{\"@type\":\"PropertyValueSpecification\",\"valueRequired\":true,\"valueName\":\"search_term_string\"}}],\"inLanguage\":\"en-US\"},{\"@type\":\"Person\",\"@id\":\"https:\\\/\\\/akunq.net\\\/turkish\\\/#\\\/schema\\\/person\\\/135e7923d1aeb8887890799619969a6c\",\"name\":\"kalem\",\"image\":{\"@type\":\"ImageObject\",\"inLanguage\":\"en-US\",\"@id\":\"https:\\\/\\\/secure.gravatar.com\\\/avatar\\\/a06875e4b25feb5674296adf8e8a7ae1e587cebce2493fe63c456109967e27d3?s=96&d=mm&r=g\",\"url\":\"https:\\\/\\\/secure.gravatar.com\\\/avatar\\\/a06875e4b25feb5674296adf8e8a7ae1e587cebce2493fe63c456109967e27d3?s=96&d=mm&r=g\",\"contentUrl\":\"https:\\\/\\\/secure.gravatar.com\\\/avatar\\\/a06875e4b25feb5674296adf8e8a7ae1e587cebce2493fe63c456109967e27d3?s=96&d=mm&r=g\",\"caption\":\"kalem\"},\"url\":\"https:\\\/\\\/akunq.net\\\/turkish\\\/author\\\/kalem\\\/\"}]}<\/script>\n<!-- \/ Yoast SEO plugin. -->","yoast_head_json":{"title":"A\u011fdznik - Bati Ermenistan Ve Bati Ermenileri Sorunlari Ara\u015ftirmalar Merkezi","robots":{"index":"index","follow":"follow","max-snippet":"max-snippet:-1","max-image-preview":"max-image-preview:large","max-video-preview":"max-video-preview:-1"},"canonical":"https:\/\/akunq.net\/turkish\/2010\/02\/23\/agdznik\/","og_locale":"en_US","og_type":"article","og_title":"A\u011fdznik - Bati Ermenistan Ve Bati Ermenileri Sorunlari Ara\u015ftirmalar Merkezi","og_description":"Ermenistan\u2019\u0131n \u201ctarih babas\u0131\u201d Movses Khorenatsi\u2019nin (Khorenl\u0131 Movses, V.yy) -bir k\u0131s\u0131m ara\u015ft\u0131rmac\u0131lara g\u00f6re ise Anania \u015eirakatci (\u015eirakl\u0131 Anania, VII. yy)- \u201cA\u015fkharatsuyts\u201duna (co\u011frafya kitab\u0131) g\u00f6re A\u011fdznik, B\u00fcy\u00fck Hayk\u2019\u0131n \u00fc\u00e7\u00fcnc\u00fc vilayetidir. Asur-Babil yaz\u0131tlar\u0131nda bu b\u00f6lge Alzi, Urartu \u00e7ivi yaz\u0131tlar\u0131nda ise Alzini olarak ge\u00e7mektedir.\u00a0 B.H.Harutyunyan\u2019\u0131n ara\u015ft\u0131rmalar\u0131na istinaden vilayetin s\u0131n\u0131rlar\u0131 bat\u0131da F\u0131rat\u2019a kadar uzanmaktadir, Ka\u011f (K\u0131\u011fimar) il\u00e7esi ise il\u00e7eler listesinde [&hellip;]","og_url":"https:\/\/akunq.net\/turkish\/2010\/02\/23\/agdznik\/","og_site_name":"Bati Ermenistan Ve Bati Ermenileri Sorunlari Ara\u015ftirmalar Merkezi","article_published_time":"2010-02-23T13:42:08+00:00","author":"kalem","twitter_card":"summary_large_image","twitter_misc":{"Written by":"kalem","Est. reading time":"3 minutes"},"schema":{"@context":"https:\/\/schema.org","@graph":[{"@type":"Article","@id":"https:\/\/akunq.net\/turkish\/2010\/02\/23\/agdznik\/#article","isPartOf":{"@id":"https:\/\/akunq.net\/turkish\/2010\/02\/23\/agdznik\/"},"author":{"name":"kalem","@id":"https:\/\/akunq.net\/turkish\/#\/schema\/person\/135e7923d1aeb8887890799619969a6c"},"headline":"A\u011fdznik","datePublished":"2010-02-23T13:42:08+00:00","mainEntityOfPage":{"@id":"https:\/\/akunq.net\/turkish\/2010\/02\/23\/agdznik\/"},"wordCount":555,"articleSection":["B\u00fcy\u00fck Hayk\u2019\u0131n \u0130lleri"],"inLanguage":"en-US"},{"@type":"WebPage","@id":"https:\/\/akunq.net\/turkish\/2010\/02\/23\/agdznik\/","url":"https:\/\/akunq.net\/turkish\/2010\/02\/23\/agdznik\/","name":"A\u011fdznik - Bati Ermenistan Ve Bati Ermenileri Sorunlari Ara\u015ftirmalar Merkezi","isPartOf":{"@id":"https:\/\/akunq.net\/turkish\/#website"},"datePublished":"2010-02-23T13:42:08+00:00","author":{"@id":"https:\/\/akunq.net\/turkish\/#\/schema\/person\/135e7923d1aeb8887890799619969a6c"},"breadcrumb":{"@id":"https:\/\/akunq.net\/turkish\/2010\/02\/23\/agdznik\/#breadcrumb"},"inLanguage":"en-US","potentialAction":[{"@type":"ReadAction","target":["https:\/\/akunq.net\/turkish\/2010\/02\/23\/agdznik\/"]}]},{"@type":"BreadcrumbList","@id":"https:\/\/akunq.net\/turkish\/2010\/02\/23\/agdznik\/#breadcrumb","itemListElement":[{"@type":"ListItem","position":1,"name":"Home","item":"https:\/\/akunq.net\/turkish\/"},{"@type":"ListItem","position":2,"name":"A\u011fdznik"}]},{"@type":"WebSite","@id":"https:\/\/akunq.net\/turkish\/#website","url":"https:\/\/akunq.net\/turkish\/","name":"Bati Ermenistan Ve Bati Ermenileri Sorunlari Ara\u015ftirmalar Merkezi","description":"","potentialAction":[{"@type":"SearchAction","target":{"@type":"EntryPoint","urlTemplate":"https:\/\/akunq.net\/turkish\/?s={search_term_string}"},"query-input":{"@type":"PropertyValueSpecification","valueRequired":true,"valueName":"search_term_string"}}],"inLanguage":"en-US"},{"@type":"Person","@id":"https:\/\/akunq.net\/turkish\/#\/schema\/person\/135e7923d1aeb8887890799619969a6c","name":"kalem","image":{"@type":"ImageObject","inLanguage":"en-US","@id":"https:\/\/secure.gravatar.com\/avatar\/a06875e4b25feb5674296adf8e8a7ae1e587cebce2493fe63c456109967e27d3?s=96&d=mm&r=g","url":"https:\/\/secure.gravatar.com\/avatar\/a06875e4b25feb5674296adf8e8a7ae1e587cebce2493fe63c456109967e27d3?s=96&d=mm&r=g","contentUrl":"https:\/\/secure.gravatar.com\/avatar\/a06875e4b25feb5674296adf8e8a7ae1e587cebce2493fe63c456109967e27d3?s=96&d=mm&r=g","caption":"kalem"},"url":"https:\/\/akunq.net\/turkish\/author\/kalem\/"}]}},"_links":{"self":[{"href":"https:\/\/akunq.net\/turkish\/wp-json\/wp\/v2\/posts\/518","targetHints":{"allow":["GET"]}}],"collection":[{"href":"https:\/\/akunq.net\/turkish\/wp-json\/wp\/v2\/posts"}],"about":[{"href":"https:\/\/akunq.net\/turkish\/wp-json\/wp\/v2\/types\/post"}],"author":[{"embeddable":true,"href":"https:\/\/akunq.net\/turkish\/wp-json\/wp\/v2\/users\/3"}],"replies":[{"embeddable":true,"href":"https:\/\/akunq.net\/turkish\/wp-json\/wp\/v2\/comments?post=518"}],"version-history":[{"count":0,"href":"https:\/\/akunq.net\/turkish\/wp-json\/wp\/v2\/posts\/518\/revisions"}],"wp:attachment":[{"href":"https:\/\/akunq.net\/turkish\/wp-json\/wp\/v2\/media?parent=518"}],"wp:term":[{"taxonomy":"category","embeddable":true,"href":"https:\/\/akunq.net\/turkish\/wp-json\/wp\/v2\/categories?post=518"},{"taxonomy":"post_tag","embeddable":true,"href":"https:\/\/akunq.net\/turkish\/wp-json\/wp\/v2\/tags?post=518"}],"curies":[{"name":"wp","href":"https:\/\/api.w.org\/{rel}","templated":true}]}}