{"id":501,"date":"2010-02-23T07:57:25","date_gmt":"2010-02-23T12:57:25","guid":{"rendered":"http:\/\/akunq.net\/tr\/?p=501"},"modified":"2010-02-23T07:57:25","modified_gmt":"2010-02-23T12:57:25","slug":"artsakh-karabag","status":"publish","type":"post","link":"https:\/\/akunq.net\/turkish\/2010\/02\/23\/artsakh-karabag\/","title":{"rendered":"Artsakh (Karaba\u011f)"},"content":{"rendered":"<p style=\"text-align: justify\"><strong><a rel=\"attachment wp-att-502\" href=\"http:\/\/akunq.net\/tr\/2010\/02\/23\/artsakh-karabag\/%d5%a1%d6%80%d6%81%d5%a1%d5%ad\/\"><img loading=\"lazy\" decoding=\"async\" class=\"alignnone size-full wp-image-502\" title=\"\u0531\u0580\u0581\u0561\u056d\" src=\"http:\/\/akunq.net\/tr\/wp-content\/uploads\/2010\/04\/\u0531\u0580\u0581\u0561\u056d.jpg\" alt=\"\" width=\"526\" height=\"182\" srcset=\"https:\/\/akunq.net\/turkish\/wp-content\/uploads\/sites\/5\/2010\/04\/\u0531\u0580\u0581\u0561\u056d.jpg 526w, https:\/\/akunq.net\/turkish\/wp-content\/uploads\/sites\/5\/2010\/04\/\u0531\u0580\u0581\u0561\u056d-300x104.jpg 300w\" sizes=\"auto, (max-width: 526px) 100vw, 526px\" \/><\/a><\/strong><\/p>\n<p style=\"text-align: justify\"><strong>Artsakh<\/strong> (Ardzakh, Artsakhamayr). B\u00fcy\u00fck Hayk\u2019\u0131n onuncu vilayetidir. K\u00fc\u00e7\u00fck Kafkasya\u2019n\u0131n do\u011fusu ve Ermeni Da\u011fl\u0131k B\u00f6lgesi\u2019nin kuzeydo\u011fusunda bulunmaktayd\u0131. G\u00fcn\u00fcm\u00fcz Da\u011fl\u0131k Karaba\u011f Cumhuriyeti\u2019ni -kurtar\u0131lm\u0131\u015f \u00e7evre b\u00f6lgeleri de d\u00e2hil olmak \u00fczere- ve \u0130cevan B\u00f6lgesi\u2019ne kadar yay\u0131lmaktayd\u0131. Kuzeydo\u011fudan ve do\u011fudan Utik b\u00f6lgesine, bat\u0131da A\u011favni Nehriyle S\u00fcnik b\u00f6lgesine s\u0131n\u0131rda\u015ft\u0131r. Artsakh\u2019\u0131n s\u0131n\u0131rlar\u0131 kuzeybat\u0131 y\u00f6n\u00fcnde Sevan G\u00f6l\u00fc\u2019n\u00fcn do\u011fu k\u0131y\u0131s\u0131 boyunca, g\u00fcneyde Yeraskh Nehri vadisinden Suhum ovas\u0131na kadar \u2013ovan\u0131n bat\u0131 k\u0131sm\u0131n\u0131 i\u00e7ine alarak- uzanmaktayd\u0131. Ba\u015fkenti, y\u00f6netim merkezi olan Sodk veya Dzavdek, Aran\u015fahik Hanedanl\u0131\u011f\u0131 d\u00f6neminde ise D\u00fctakan yerle\u015fkesi olmu\u015ftur. Di\u011fer \u00f6nemli kale-\u015fehirleri Dzar, Parisos ve Tigranakert olmu\u015ftur. Kaplad\u0131\u011f\u0131 alan 11.528 km<sup>2<\/sup> idi. Vilayetin 12 il\u00e7esi vard\u0131: Vaykunik, M\u00fcs (di\u011fer) Haband, Berdadzor, Mets (b\u00fcy\u00fck) Kvenk, Mets (b\u00fcy\u00fck) Arank, Har\u00e7lank, Mukhank, Piank, Parzkank, Sisakan Vostan, Kusti Parnes, Ko\u011ft.<\/p>\n<p style=\"text-align: justify\"><strong>Tarihi bilgiler<\/strong><\/p>\n<p style=\"text-align: justify\">Tarihi belgelere g\u00f6re Artsakh, M.\u00d6.189 y\u0131l\u0131nda ilan edilen Ermeni Krall\u0131\u011f\u0131 b\u00fcnyesine, bu krall\u0131\u011f\u0131n 15 vilayetinden biri olarak d\u00e2hil edilmi\u015ftir. Artsakh vilayetinin 12 il\u00e7esi bulunmaktayd\u0131 ve M.S. IV. y\u00fczy\u0131l\u0131n sonlar\u0131na kadar Ermenistan\u2019a ba\u011fl\u0131 kalm\u0131\u015ft\u0131r.<\/p>\n<p style=\"text-align: justify\">387 y\u0131l\u0131nda Ermeni Ar\u015faguni Hanedan\u0131\u2019n\u0131n \u00e7\u00f6k\u00fc\u015f\u00fcnden sonra Bizans ve Pers Devleti, Ermenistan\u2019\u0131 aralar\u0131nda b\u00f6l\u00fc\u015ferek stratejik \u00f6neme haiz u\u00e7 b\u00f6lgeleri ondan ay\u0131rm\u0131\u015flard\u0131r. Artsakh, Utik vilayetiyle birlikte Kur Nehri\u2019nin sol k\u0131y\u0131s\u0131nda bulunan Alan Devleti\u2019ne ba\u011flanm\u0131\u015f, fakat \u00f6zg\u00fcn Ermeni k\u00fclt\u00fcr\u00fcn\u00fc ve etnik h\u00fcviyetini korumu\u015ftur. V. y\u00fczy\u0131lda, Ermeni harflerinin tekrar hayat bulmas\u0131ndan sonra ilk Ermeni okulu Mesrop Ma\u015ftots taraf\u0131ndan Artsakh\u2019\u0131n Amaras yerle\u015fkesinde a\u00e7\u0131lm\u0131\u015ft\u0131r. Artsakh, en \u00f6nemli k\u00fclt\u00fcrel y\u00fckseli\u015fini, Artsakh\u2019ta \u00e7ok say\u0131da kilise ve okul a\u00e7m\u0131\u015f olan Ermenistan kral\u0131 III. Va\u00e7akan Barepa\u015ft\u2019\u0131n (imanl\u0131) (487\u2013510) y\u00f6netim s\u00fcresinde ya\u015fam\u0131\u015ft\u0131r. 7. y\u00fczy\u0131ldan 9. y\u00fczy\u0131l\u0131n ba\u015f\u0131na kadar Artsakh, Arap Halifeli\u011fi y\u00f6netimi alt\u0131nda bulunmu\u015ftur. Bu s\u00fcre sonunda b\u00f6lge Ermeni isyanc\u0131lar ve Araplar aras\u0131nda s\u00fcregelen sava\u015flara sahne olmu\u015ftur. Ba\u015fkald\u0131ranlardan biri olan, Aran\u015fahik soyundan Sahl Smbatyan, 821 y\u0131l\u0131nda Kha\u00e7en kalesinde Kha\u00e7en hanedanl\u0131\u011f\u0131n\u0131n temellerini atm\u0131\u015ft\u0131r. Bu s\u00fclale 1000 y\u0131l\u0131nda Artsakh Krall\u0131\u011f\u0131\u2019n\u0131 kurmu\u015f ve Ermeni Bagratuni K\u0131rall\u0131\u011f\u0131\u2019n\u0131n y\u0131k\u0131l\u0131\u015f\u0131ndan sonra Do\u011fu Ermenistan\u2019\u0131n ayakta kalan tek ba\u011f\u0131ms\u0131z devleti olmu\u015ftur. Sel\u00e7uklu hakimiyetinden kurtulan di\u011fer Ermeni b\u00f6lgeleri gibi, Artsakh da 13. y\u00fczy\u0131l ba\u015flar\u0131nda, Ermeni kral\u0131 I. Calal (1214\u20131266) d\u00f6neminde k\u00fclt\u00fcrel ve ekonomik y\u00fckseli\u015f ya\u015fam\u0131\u015ft\u0131r.<\/p>\n<p style=\"text-align: justify\">\u0130lerde, Artsakh tarihinde \u00f6nemli bir rol oynayacak ve Da\u011fl\u0131k Artsakh\u2019\u0131n y\u00f6neticilerinin birli\u011finin sembol\u00fc haline gelecek olan Gandzasar manast\u0131r\u0131 da kral I. Calal taraf\u0131ndan kurulmu\u015ftur.<\/p>\n<p style=\"text-align: justify\">Artsakh\u2019\u0131n verimli vilayeti 1387 y\u0131l\u0131nda Lenk-Timur\u2019un y\u0131k\u0131c\u0131 ak\u0131nlar\u0131na maruz kalm\u0131\u015f, XV. y\u00fczy\u0131l\u0131n sonlar\u0131nda T\u00fcrkmenlerin, 1555 y\u0131l\u0131ndan sonra da Safevi \u0130ran\u2019\u0131n h\u00e2kimiyetine girmi\u015ftir. T\u00fcm bunlara ra\u011fmen Artsakh, son zamanlara kadar etnik \u00e7ehresini koruyabilmi\u015f ve XV. y\u00fczy\u0131ldan itibaren \u201cMelik\u201d unvan\u0131na sahip olan Kha\u00e7en prensleri taraf\u0131ndan y\u00f6netilmi\u015ftir. Bu tarihi d\u00f6nemde Artsakh, G\u00fclistan, Craberd, Kha\u00e7en, Varanda ve Dizak olmak \u00fczere, be\u015f melikliklere ayr\u0131lm\u0131\u015ft\u0131. Artsakh, as\u0131rl\u0131k T\u00fcrk-Pers y\u00f6netimi sonunda \u00f6zerkli\u011fini koruyup uluslar aras\u0131 tan\u0131nan ba\u011f\u0131ms\u0131z bir stat\u00fcye sahip tek Ermeni b\u00f6lgesiydi.<\/p>\n<p style=\"text-align: justify\">1805 y\u0131l\u0131nda Artsakh, \u00c7arl\u0131k Rusyas\u0131\u2019na ba\u011flanm\u0131\u015f ve bu durum 1813 G\u00fclistan antla\u015fmas\u0131yla tasdik edilmi\u015ftir. 2 Haziran 1799\u2019da \u00e7ar I. Pavel\u2019in ferman\u0131yla Rusya, Artsakh meliklerinin ba\u011f\u0131ms\u0131zl\u0131\u011f\u0131n\u0131 resmen tan\u0131m\u0131\u015f olmas\u0131na ra\u011fmen, ayn\u0131 bu meliklerin yard\u0131m\u0131 sayesinde Artsakh\u2019\u0131 ele ge\u00e7irdikten sonra Ruslar meliklerin h\u00e2kimiyeti \u00fczerine bask\u0131 uygulayarak Kha\u00e7en hanedan\u0131n\u0131n 1000 y\u0131ll\u0131k y\u00f6netimine son vermi\u015flerdir.<\/p>\n<p style=\"text-align: justify\"><strong>\u0130smi<\/strong><\/p>\n<p style=\"text-align: justify\">Halk s\u00f6ylencelerine istinaden \u201cArtsakh\u201d ismi, \u201cAran orman\u0131\u201d anlam\u0131na gelmektedir. Ananeye g\u00f6re Aran Sisakyan, Ermenistan kral\u0131 Va\u011far\u015fak taraf\u0131ndan, merkezi Artsakh olmak \u00fczere, B\u00fcy\u00fck Hayk\u2019\u0131n kuzeydo\u011fu vilayetlerinin y\u00f6neticisi olarak atanm\u0131\u015ft\u0131. Aran\u015fahikler\u2019in ve onlar\u0131n devam\u0131 olan orta\u00e7a\u011f Artsakh prensleri ile daha sonraki d\u00f6nemlerdeki Karaba\u011f meliklerinin atas\u0131 say\u0131lan Aran, Ermenilerin atas\u0131 Hayk\u2019\u0131n, Aramanyak\u2019\u0131n, Aramayis\u2019in, Ara Ga\u011fetsik\u2019in, Skayorti\u2019nin, I. Yervant Sakavakyats\u2019\u0131n (kanaatk\u00e2r) ve Tigran Haykazyan\u2019\u0131n s\u00fclalesine ait oldu\u011fundan dolay\u0131 Artsakh prensleri, orta\u00e7a\u011f tarih\u00e7ileri taraf\u0131ndan \u201cHaygazunlar\u201d (Hayg s\u00fclalesi) olarak an\u0131lm\u0131\u015flard\u0131r.\u00a0<\/p>\n","protected":false},"excerpt":{"rendered":"<p>Artsakh (Ardzakh, Artsakhamayr). B\u00fcy\u00fck Hayk\u2019\u0131n onuncu vilayetidir. K\u00fc\u00e7\u00fck Kafkasya\u2019n\u0131n do\u011fusu ve Ermeni Da\u011fl\u0131k B\u00f6lgesi\u2019nin kuzeydo\u011fusunda bulunmaktayd\u0131. G\u00fcn\u00fcm\u00fcz Da\u011fl\u0131k Karaba\u011f Cumhuriyeti\u2019ni -kurtar\u0131lm\u0131\u015f \u00e7evre b\u00f6lgeleri de d\u00e2hil olmak \u00fczere- ve \u0130cevan B\u00f6lgesi\u2019ne kadar yay\u0131lmaktayd\u0131. Kuzeydo\u011fudan ve do\u011fudan Utik b\u00f6lgesine, bat\u0131da A\u011favni Nehriyle S\u00fcnik b\u00f6lgesine s\u0131n\u0131rda\u015ft\u0131r. Artsakh\u2019\u0131n s\u0131n\u0131rlar\u0131 kuzeybat\u0131 y\u00f6n\u00fcnde Sevan G\u00f6l\u00fc\u2019n\u00fcn do\u011fu k\u0131y\u0131s\u0131 boyunca, g\u00fcneyde Yeraskh Nehri [&hellip;]<\/p>\n","protected":false},"author":3,"featured_media":0,"comment_status":"closed","ping_status":"open","sticky":false,"template":"","format":"standard","meta":{"footnotes":""},"categories":[55],"tags":[],"class_list":["post-501","post","type-post","status-publish","format-standard","hentry","category-buyuk-haykin-illeri"],"yoast_head":"<!-- This site is optimized with the Yoast SEO plugin v27.4 - https:\/\/yoast.com\/product\/yoast-seo-wordpress\/ -->\n<title>Artsakh (Karaba\u011f) - Bati Ermenistan Ve Bati Ermenileri Sorunlari Ara\u015ftirmalar Merkezi<\/title>\n<meta name=\"robots\" content=\"index, follow, max-snippet:-1, max-image-preview:large, max-video-preview:-1\" \/>\n<link rel=\"canonical\" href=\"https:\/\/akunq.net\/turkish\/2010\/02\/23\/artsakh-karabag\/\" \/>\n<meta property=\"og:locale\" content=\"en_US\" \/>\n<meta property=\"og:type\" content=\"article\" \/>\n<meta property=\"og:title\" content=\"Artsakh (Karaba\u011f) - Bati Ermenistan Ve Bati Ermenileri Sorunlari Ara\u015ftirmalar Merkezi\" \/>\n<meta property=\"og:description\" content=\"Artsakh (Ardzakh, Artsakhamayr). B\u00fcy\u00fck Hayk\u2019\u0131n onuncu vilayetidir. K\u00fc\u00e7\u00fck Kafkasya\u2019n\u0131n do\u011fusu ve Ermeni Da\u011fl\u0131k B\u00f6lgesi\u2019nin kuzeydo\u011fusunda bulunmaktayd\u0131. G\u00fcn\u00fcm\u00fcz Da\u011fl\u0131k Karaba\u011f Cumhuriyeti\u2019ni -kurtar\u0131lm\u0131\u015f \u00e7evre b\u00f6lgeleri de d\u00e2hil olmak \u00fczere- ve \u0130cevan B\u00f6lgesi\u2019ne kadar yay\u0131lmaktayd\u0131. Kuzeydo\u011fudan ve do\u011fudan Utik b\u00f6lgesine, bat\u0131da A\u011favni Nehriyle S\u00fcnik b\u00f6lgesine s\u0131n\u0131rda\u015ft\u0131r. Artsakh\u2019\u0131n s\u0131n\u0131rlar\u0131 kuzeybat\u0131 y\u00f6n\u00fcnde Sevan G\u00f6l\u00fc\u2019n\u00fcn do\u011fu k\u0131y\u0131s\u0131 boyunca, g\u00fcneyde Yeraskh Nehri [&hellip;]\" \/>\n<meta property=\"og:url\" content=\"https:\/\/akunq.net\/turkish\/2010\/02\/23\/artsakh-karabag\/\" \/>\n<meta property=\"og:site_name\" content=\"Bati Ermenistan Ve Bati Ermenileri Sorunlari Ara\u015ftirmalar Merkezi\" \/>\n<meta property=\"article:published_time\" content=\"2010-02-23T12:57:25+00:00\" \/>\n<meta name=\"author\" content=\"kalem\" \/>\n<meta name=\"twitter:card\" content=\"summary_large_image\" \/>\n<meta name=\"twitter:label1\" content=\"Written by\" \/>\n\t<meta name=\"twitter:data1\" content=\"kalem\" \/>\n\t<meta name=\"twitter:label2\" content=\"Est. reading time\" \/>\n\t<meta name=\"twitter:data2\" content=\"4 minutes\" \/>\n<script type=\"application\/ld+json\" class=\"yoast-schema-graph\">{\"@context\":\"https:\\\/\\\/schema.org\",\"@graph\":[{\"@type\":\"Article\",\"@id\":\"https:\\\/\\\/akunq.net\\\/turkish\\\/2010\\\/02\\\/23\\\/artsakh-karabag\\\/#article\",\"isPartOf\":{\"@id\":\"https:\\\/\\\/akunq.net\\\/turkish\\\/2010\\\/02\\\/23\\\/artsakh-karabag\\\/\"},\"author\":{\"name\":\"kalem\",\"@id\":\"https:\\\/\\\/akunq.net\\\/turkish\\\/#\\\/schema\\\/person\\\/135e7923d1aeb8887890799619969a6c\"},\"headline\":\"Artsakh (Karaba\u011f)\",\"datePublished\":\"2010-02-23T12:57:25+00:00\",\"mainEntityOfPage\":{\"@id\":\"https:\\\/\\\/akunq.net\\\/turkish\\\/2010\\\/02\\\/23\\\/artsakh-karabag\\\/\"},\"wordCount\":835,\"articleSection\":[\"B\u00fcy\u00fck Hayk\u2019\u0131n \u0130lleri\"],\"inLanguage\":\"en-US\"},{\"@type\":\"WebPage\",\"@id\":\"https:\\\/\\\/akunq.net\\\/turkish\\\/2010\\\/02\\\/23\\\/artsakh-karabag\\\/\",\"url\":\"https:\\\/\\\/akunq.net\\\/turkish\\\/2010\\\/02\\\/23\\\/artsakh-karabag\\\/\",\"name\":\"Artsakh (Karaba\u011f) - Bati Ermenistan Ve Bati Ermenileri Sorunlari Ara\u015ftirmalar Merkezi\",\"isPartOf\":{\"@id\":\"https:\\\/\\\/akunq.net\\\/turkish\\\/#website\"},\"datePublished\":\"2010-02-23T12:57:25+00:00\",\"author\":{\"@id\":\"https:\\\/\\\/akunq.net\\\/turkish\\\/#\\\/schema\\\/person\\\/135e7923d1aeb8887890799619969a6c\"},\"breadcrumb\":{\"@id\":\"https:\\\/\\\/akunq.net\\\/turkish\\\/2010\\\/02\\\/23\\\/artsakh-karabag\\\/#breadcrumb\"},\"inLanguage\":\"en-US\",\"potentialAction\":[{\"@type\":\"ReadAction\",\"target\":[\"https:\\\/\\\/akunq.net\\\/turkish\\\/2010\\\/02\\\/23\\\/artsakh-karabag\\\/\"]}]},{\"@type\":\"BreadcrumbList\",\"@id\":\"https:\\\/\\\/akunq.net\\\/turkish\\\/2010\\\/02\\\/23\\\/artsakh-karabag\\\/#breadcrumb\",\"itemListElement\":[{\"@type\":\"ListItem\",\"position\":1,\"name\":\"Home\",\"item\":\"https:\\\/\\\/akunq.net\\\/turkish\\\/\"},{\"@type\":\"ListItem\",\"position\":2,\"name\":\"Artsakh (Karaba\u011f)\"}]},{\"@type\":\"WebSite\",\"@id\":\"https:\\\/\\\/akunq.net\\\/turkish\\\/#website\",\"url\":\"https:\\\/\\\/akunq.net\\\/turkish\\\/\",\"name\":\"Bati Ermenistan Ve Bati Ermenileri Sorunlari Ara\u015ftirmalar Merkezi\",\"description\":\"\",\"potentialAction\":[{\"@type\":\"SearchAction\",\"target\":{\"@type\":\"EntryPoint\",\"urlTemplate\":\"https:\\\/\\\/akunq.net\\\/turkish\\\/?s={search_term_string}\"},\"query-input\":{\"@type\":\"PropertyValueSpecification\",\"valueRequired\":true,\"valueName\":\"search_term_string\"}}],\"inLanguage\":\"en-US\"},{\"@type\":\"Person\",\"@id\":\"https:\\\/\\\/akunq.net\\\/turkish\\\/#\\\/schema\\\/person\\\/135e7923d1aeb8887890799619969a6c\",\"name\":\"kalem\",\"image\":{\"@type\":\"ImageObject\",\"inLanguage\":\"en-US\",\"@id\":\"https:\\\/\\\/secure.gravatar.com\\\/avatar\\\/a06875e4b25feb5674296adf8e8a7ae1e587cebce2493fe63c456109967e27d3?s=96&d=mm&r=g\",\"url\":\"https:\\\/\\\/secure.gravatar.com\\\/avatar\\\/a06875e4b25feb5674296adf8e8a7ae1e587cebce2493fe63c456109967e27d3?s=96&d=mm&r=g\",\"contentUrl\":\"https:\\\/\\\/secure.gravatar.com\\\/avatar\\\/a06875e4b25feb5674296adf8e8a7ae1e587cebce2493fe63c456109967e27d3?s=96&d=mm&r=g\",\"caption\":\"kalem\"},\"url\":\"https:\\\/\\\/akunq.net\\\/turkish\\\/author\\\/kalem\\\/\"}]}<\/script>\n<!-- \/ Yoast SEO plugin. -->","yoast_head_json":{"title":"Artsakh (Karaba\u011f) - Bati Ermenistan Ve Bati Ermenileri Sorunlari Ara\u015ftirmalar Merkezi","robots":{"index":"index","follow":"follow","max-snippet":"max-snippet:-1","max-image-preview":"max-image-preview:large","max-video-preview":"max-video-preview:-1"},"canonical":"https:\/\/akunq.net\/turkish\/2010\/02\/23\/artsakh-karabag\/","og_locale":"en_US","og_type":"article","og_title":"Artsakh (Karaba\u011f) - Bati Ermenistan Ve Bati Ermenileri Sorunlari Ara\u015ftirmalar Merkezi","og_description":"Artsakh (Ardzakh, Artsakhamayr). B\u00fcy\u00fck Hayk\u2019\u0131n onuncu vilayetidir. K\u00fc\u00e7\u00fck Kafkasya\u2019n\u0131n do\u011fusu ve Ermeni Da\u011fl\u0131k B\u00f6lgesi\u2019nin kuzeydo\u011fusunda bulunmaktayd\u0131. G\u00fcn\u00fcm\u00fcz Da\u011fl\u0131k Karaba\u011f Cumhuriyeti\u2019ni -kurtar\u0131lm\u0131\u015f \u00e7evre b\u00f6lgeleri de d\u00e2hil olmak \u00fczere- ve \u0130cevan B\u00f6lgesi\u2019ne kadar yay\u0131lmaktayd\u0131. Kuzeydo\u011fudan ve do\u011fudan Utik b\u00f6lgesine, bat\u0131da A\u011favni Nehriyle S\u00fcnik b\u00f6lgesine s\u0131n\u0131rda\u015ft\u0131r. Artsakh\u2019\u0131n s\u0131n\u0131rlar\u0131 kuzeybat\u0131 y\u00f6n\u00fcnde Sevan G\u00f6l\u00fc\u2019n\u00fcn do\u011fu k\u0131y\u0131s\u0131 boyunca, g\u00fcneyde Yeraskh Nehri [&hellip;]","og_url":"https:\/\/akunq.net\/turkish\/2010\/02\/23\/artsakh-karabag\/","og_site_name":"Bati Ermenistan Ve Bati Ermenileri Sorunlari Ara\u015ftirmalar Merkezi","article_published_time":"2010-02-23T12:57:25+00:00","author":"kalem","twitter_card":"summary_large_image","twitter_misc":{"Written by":"kalem","Est. reading time":"4 minutes"},"schema":{"@context":"https:\/\/schema.org","@graph":[{"@type":"Article","@id":"https:\/\/akunq.net\/turkish\/2010\/02\/23\/artsakh-karabag\/#article","isPartOf":{"@id":"https:\/\/akunq.net\/turkish\/2010\/02\/23\/artsakh-karabag\/"},"author":{"name":"kalem","@id":"https:\/\/akunq.net\/turkish\/#\/schema\/person\/135e7923d1aeb8887890799619969a6c"},"headline":"Artsakh (Karaba\u011f)","datePublished":"2010-02-23T12:57:25+00:00","mainEntityOfPage":{"@id":"https:\/\/akunq.net\/turkish\/2010\/02\/23\/artsakh-karabag\/"},"wordCount":835,"articleSection":["B\u00fcy\u00fck Hayk\u2019\u0131n \u0130lleri"],"inLanguage":"en-US"},{"@type":"WebPage","@id":"https:\/\/akunq.net\/turkish\/2010\/02\/23\/artsakh-karabag\/","url":"https:\/\/akunq.net\/turkish\/2010\/02\/23\/artsakh-karabag\/","name":"Artsakh (Karaba\u011f) - Bati Ermenistan Ve Bati Ermenileri Sorunlari Ara\u015ftirmalar Merkezi","isPartOf":{"@id":"https:\/\/akunq.net\/turkish\/#website"},"datePublished":"2010-02-23T12:57:25+00:00","author":{"@id":"https:\/\/akunq.net\/turkish\/#\/schema\/person\/135e7923d1aeb8887890799619969a6c"},"breadcrumb":{"@id":"https:\/\/akunq.net\/turkish\/2010\/02\/23\/artsakh-karabag\/#breadcrumb"},"inLanguage":"en-US","potentialAction":[{"@type":"ReadAction","target":["https:\/\/akunq.net\/turkish\/2010\/02\/23\/artsakh-karabag\/"]}]},{"@type":"BreadcrumbList","@id":"https:\/\/akunq.net\/turkish\/2010\/02\/23\/artsakh-karabag\/#breadcrumb","itemListElement":[{"@type":"ListItem","position":1,"name":"Home","item":"https:\/\/akunq.net\/turkish\/"},{"@type":"ListItem","position":2,"name":"Artsakh (Karaba\u011f)"}]},{"@type":"WebSite","@id":"https:\/\/akunq.net\/turkish\/#website","url":"https:\/\/akunq.net\/turkish\/","name":"Bati Ermenistan Ve Bati Ermenileri Sorunlari Ara\u015ftirmalar Merkezi","description":"","potentialAction":[{"@type":"SearchAction","target":{"@type":"EntryPoint","urlTemplate":"https:\/\/akunq.net\/turkish\/?s={search_term_string}"},"query-input":{"@type":"PropertyValueSpecification","valueRequired":true,"valueName":"search_term_string"}}],"inLanguage":"en-US"},{"@type":"Person","@id":"https:\/\/akunq.net\/turkish\/#\/schema\/person\/135e7923d1aeb8887890799619969a6c","name":"kalem","image":{"@type":"ImageObject","inLanguage":"en-US","@id":"https:\/\/secure.gravatar.com\/avatar\/a06875e4b25feb5674296adf8e8a7ae1e587cebce2493fe63c456109967e27d3?s=96&d=mm&r=g","url":"https:\/\/secure.gravatar.com\/avatar\/a06875e4b25feb5674296adf8e8a7ae1e587cebce2493fe63c456109967e27d3?s=96&d=mm&r=g","contentUrl":"https:\/\/secure.gravatar.com\/avatar\/a06875e4b25feb5674296adf8e8a7ae1e587cebce2493fe63c456109967e27d3?s=96&d=mm&r=g","caption":"kalem"},"url":"https:\/\/akunq.net\/turkish\/author\/kalem\/"}]}},"_links":{"self":[{"href":"https:\/\/akunq.net\/turkish\/wp-json\/wp\/v2\/posts\/501","targetHints":{"allow":["GET"]}}],"collection":[{"href":"https:\/\/akunq.net\/turkish\/wp-json\/wp\/v2\/posts"}],"about":[{"href":"https:\/\/akunq.net\/turkish\/wp-json\/wp\/v2\/types\/post"}],"author":[{"embeddable":true,"href":"https:\/\/akunq.net\/turkish\/wp-json\/wp\/v2\/users\/3"}],"replies":[{"embeddable":true,"href":"https:\/\/akunq.net\/turkish\/wp-json\/wp\/v2\/comments?post=501"}],"version-history":[{"count":0,"href":"https:\/\/akunq.net\/turkish\/wp-json\/wp\/v2\/posts\/501\/revisions"}],"wp:attachment":[{"href":"https:\/\/akunq.net\/turkish\/wp-json\/wp\/v2\/media?parent=501"}],"wp:term":[{"taxonomy":"category","embeddable":true,"href":"https:\/\/akunq.net\/turkish\/wp-json\/wp\/v2\/categories?post=501"},{"taxonomy":"post_tag","embeddable":true,"href":"https:\/\/akunq.net\/turkish\/wp-json\/wp\/v2\/tags?post=501"}],"curies":[{"name":"wp","href":"https:\/\/api.w.org\/{rel}","templated":true}]}}