{"id":494,"date":"2010-02-23T07:53:40","date_gmt":"2010-02-23T12:53:40","guid":{"rendered":"http:\/\/akunq.net\/tr\/?p=494"},"modified":"2010-02-23T07:53:40","modified_gmt":"2010-02-23T12:53:40","slug":"yuksek-hayk","status":"publish","type":"post","link":"https:\/\/akunq.net\/turkish\/2010\/02\/23\/yuksek-hayk\/","title":{"rendered":"Y\u00fcksek Hayk"},"content":{"rendered":"<p style=\"text-align: justify\"><a rel=\"attachment wp-att-495\" href=\"http:\/\/akunq.net\/tr\/2010\/02\/23\/yuksek-hayk\/%d5%a1%d5%b2%d5%b1%d5%b6%d5%ab%d6%84\/\"><img loading=\"lazy\" decoding=\"async\" class=\"alignnone size-full wp-image-495\" title=\"\u0531\u0572\u0571\u0576\u056b\u0584\" src=\"http:\/\/akunq.net\/tr\/wp-content\/uploads\/2010\/04\/\u0531\u0572\u0571\u0576\u056b\u0584.jpg\" alt=\"\" width=\"617\" height=\"190\" srcset=\"https:\/\/akunq.net\/turkish\/wp-content\/uploads\/sites\/5\/2010\/04\/\u0531\u0572\u0571\u0576\u056b\u0584.jpg 617w, https:\/\/akunq.net\/turkish\/wp-content\/uploads\/sites\/5\/2010\/04\/\u0531\u0572\u0571\u0576\u056b\u0584-300x92.jpg 300w\" sizes=\"auto, (max-width: 617px) 100vw, 617px\" \/><\/a><\/p>\n<p style=\"text-align: justify\">B\u00fcy\u00fck Hayk\u2019\u0131n birinci vilayeti olan Y\u00fcksek Hayk dokuz il\u00e7eden meydana gelmi\u015fti. Darana\u011fi, A\u011fivn, Muzur, Yeke\u011fyats, Manana\u011fi, Dercan, Sper, \u015ea\u011fagom ve Karin.<\/p>\n<p style=\"text-align: justify\">Y\u00fcksek Hayk vilayeti, kaplam\u0131\u015f oldu\u011fu alan itibar\u0131yla g\u00fcn\u00fcm\u00fcz Erzurum Vilayeti\u2019nin b\u00fcy\u00fck k\u0131sm\u0131na denk gelmektedir. Geni\u015f yaylalar ve ovalara sahipti. K\u0131\u015f\u0131n \u015fiddetli so\u011fuklar h\u00fck\u00fcm s\u00fcrmekte ve \u00e7ok kar ya\u011fmaktad\u0131r. Ba\u015fl\u0131ca nehri F\u0131rat olup, Y\u00fcksek Hayk s\u0131n\u0131rlar\u0131 d\u00e2hilinde bir\u00e7ok nehir F\u0131rat\u2019a d\u00f6k\u00fclmektedir. Y\u00fcksek Hayk, so\u011fuk p\u0131narlar\u0131, alt\u0131n ve bak\u0131r madenleri, tuz ve ta\u015f k\u00f6m\u00fcr\u00fc ocaklar\u0131, petrol ve demiriyle me\u015fhurdu.<\/p>\n<p style=\"text-align: justify\">M.\u00d6. II. biny\u0131lda Y\u00fcksek Hayk\u2019\u0131n bat\u0131 k\u0131s\u0131mlar\u0131 Hitit Devleti\u2019nin s\u0131n\u0131rlar\u0131 i\u00e7inde bulunmaktayd\u0131. M.\u00d6. XV. y\u00fczy\u0131ldan itibaren Y\u00fcksek Hayk ve Dayk b\u00f6lgesinin bir b\u00f6l\u00fcm\u00fc K\u00fc\u00e7\u00fck Asyayla birlikte Hayassa-Aza Ermeni \u0131rk birli\u011finin b\u00f6lgesini te\u015fkil etmekteydi.<\/p>\n<p style=\"text-align: justify\">M.\u00d6.189 y\u0131l\u0131nda Y\u00fcksek Hayk, Ermeni Arta\u015fesyan K\u0131rall\u0131\u011f\u0131\u2019na d\u00e2hil olmu\u015ftu. B\u00f6lge, pagan inan\u0131\u015f\u0131yla ilgili dini merkezleriyle \u00fcnl\u00fcyd\u00fc. Vilayetin, Yeke\u011fik il\u00e7esinin Yeriza yerle\u015fkesinde tanr\u0131\u00e7a Anahit\u2019in tap\u0131na\u011f\u0131 bulunmaktayd\u0131. Ayn\u0131 il\u00e7enin Til yerle\u015fkesinde ise bereket tanr\u0131\u00e7as\u0131 Nane\u2019nin tap\u0131na\u011f\u0131 vard\u0131. B\u00fcy\u00fck Hayk\u2019\u0131n bat\u0131 s\u0131n\u0131rlar\u0131nda bulunmas\u0131ndan dolay\u0131 Y\u00fcksek Hayk b\u00f6lgesi eski zamanlardan beri yabanc\u0131 devletlerin sald\u0131r\u0131s\u0131na u\u011fram\u0131\u015ft\u0131r.<\/p>\n<p style=\"text-align: justify\"><a rel=\"attachment wp-att-498\" href=\"http:\/\/akunq.net\/tr\/2010\/02\/23\/yuksek-hayk\/%d5%a2%d5%a1%d6%80%d5%b1%d6%80-%d5%b0%d5%a1%d5%b5%d6%84\/\"><img loading=\"lazy\" decoding=\"async\" class=\"alignleft size-full wp-image-498\" title=\"\u0532\u0561\u0580\u0571\u0580 \u0540\u0561\u0575\u0584\" src=\"http:\/\/akunq.net\/tr\/wp-content\/uploads\/2010\/02\/\u0532\u0561\u0580\u0571\u0580-\u0540\u0561\u0575\u0584.jpg\" alt=\"\" width=\"304\" height=\"200\" srcset=\"https:\/\/akunq.net\/turkish\/wp-content\/uploads\/sites\/5\/2010\/02\/\u0532\u0561\u0580\u0571\u0580-\u0540\u0561\u0575\u0584.jpg 304w, https:\/\/akunq.net\/turkish\/wp-content\/uploads\/sites\/5\/2010\/02\/\u0532\u0561\u0580\u0571\u0580-\u0540\u0561\u0575\u0584-300x197.jpg 300w\" sizes=\"auto, (max-width: 304px) 100vw, 304px\" \/><\/a>62 y\u0131l\u0131nda Y\u00fcksek Hayk, Ermeni Ar\u015fakuni Krall\u0131\u011f\u0131\u2019na d\u00e2hil edilmi\u015ftir. Tarih\u00e7i Pavstos B\u00fczand\u2019\u0131n belirtti\u011fine g\u00f6re Ermeni Ar\u015fakuni krallar\u0131 Y\u00fcksek Hayk\u2019\u0131n Ani kalesinde g\u00f6m\u00fclm\u00fc\u015flerdir. 301 y\u0131l\u0131ndan itibaren Y\u00fcksek Hayk\u2019\u0131n Yeke\u011fyats il\u00e7esinin b\u00fcy\u00fck bir k\u0131sm\u0131 Ayd\u0131nlat\u0131c\u0131 Grigor\u2018un s\u00fclalesinin varl\u0131\u011f\u0131 olmu\u015ftur. B\u00fcy\u00fck Hayk\u2019\u0131n 387 y\u0131l\u0131ndaki b\u00f6l\u00fcnmesinin sonucunda Y\u00fcksek Hayk, en \u00fcst y\u00f6neticisinin imparator taraf\u0131ndan tayin edilen bir kont oldu\u011fu Roma Ermenistan\u2019\u0131n\u0131n temel b\u00f6l\u00fcmlerinden biri durumuna gelmi\u015ftir. Vilayet, bir dizi y\u00f6netim birimlerine ayr\u0131lm\u0131\u015ft\u0131.<\/p>\n<p style=\"text-align: justify\">Y\u00fcksek Hayk\u2019\u0131n idari \u015fekli, Bizans imparatoru I. Yustinyanos taraf\u0131ndan ger\u00e7ekle\u015ftirilen reformlar sonucunda de\u011fi\u015fime u\u011fram\u0131\u015ft\u0131r. Ermeni y\u00f6neticiler kald\u0131r\u0131l\u0131p 380 y\u0131l\u0131ndan itibaren Y\u00fcksek Hayk b\u00f6lgesinde ad\u0131m-ad\u0131m Bizans etkisi \u00e7o\u011falm\u0131\u015ft\u0131r.<\/p>\n<p style=\"text-align: justify\">VII. y\u00fczy\u0131l\u0131n ilk yar\u0131s\u0131nda Y\u00fcksek Hayk, Pers-Bizans sava\u015flar\u0131na sahne olmu\u015f ve ayn\u0131 y\u00fczy\u0131l ortalar\u0131ndan itibaren Arap sald\u0131r\u0131lar\u0131na mazur kalm\u0131\u015ft\u0131r. Bu zamandan itibaren b\u00f6lge, Bizans ve Arap d\u00fcnyas\u0131 aras\u0131nda meydana gelen kanl\u0131 sava\u015flar\u0131n alan\u0131 durumuna gelmi\u015ftir.<\/p>\n<p style=\"text-align: justify\">885 y\u0131l\u0131nda Y\u00fcksek Hayk b\u00f6lgesi Ermeni Pakraduni krall\u0131\u011f\u0131n\u0131n b\u00fcnyesine d\u00e2hil olmu\u015f, sadece Karin halifelik s\u0131n\u0131rlar\u0131n\u0131n ordug\u00e2h\u0131 olarak kalmaya devam etmi\u015ftir. 1314 y\u0131l\u0131nda t\u00fcm Y\u00fcksek Hayk b\u00f6lgesi a\u011f\u0131r vergilere maruz kald\u0131\u011f\u0131ndan dolay\u0131 kiliseler kapanm\u0131\u015f, n\u00fcfusun bir b\u00f6l\u00fcm\u00fc din de\u011fi\u015ftirmi\u015f, bir k\u0131sm\u0131 ise \u00f6z \u00e7ocuklar\u0131n\u0131 satmaya mecbur kalm\u0131\u015f veya farkl\u0131 y\u00f6nlere ka\u00e7m\u0131\u015flard\u0131r.<\/p>\n<p style=\"text-align: justify\">1394 y\u0131l\u0131nda Lenk-Timur\u2019un ordular\u0131 Y\u00fcksek Hayk Vilayeti\u2019ni i\u015fgal ederek b\u00f6lge halk\u0131n\u0131n ba\u015f\u0131na yeni felaketler getirmi\u015flerdir. 1514 y\u0131l\u0131nda vilayet Osmanl\u0131 \u0130mparatorlu\u011fu taraf\u0131ndan i\u015fgal edilmi\u015f ve akabinde 1555 ile 1639 T\u00fcrk-Pers anltla\u015fmalar\u0131 sonucunda Y\u00fcksek Hayk b\u00f6lgesi nihai olarak Osmanl\u0131 \u0130mparatorlu\u011fu\u2019na d\u00e2hil edilerek Erzurum Pa\u015fal\u0131\u011f\u0131\u2019na eklenmi\u015ftir.<\/p>\n","protected":false},"excerpt":{"rendered":"<p>B\u00fcy\u00fck Hayk\u2019\u0131n birinci vilayeti olan Y\u00fcksek Hayk dokuz il\u00e7eden meydana gelmi\u015fti. Darana\u011fi, A\u011fivn, Muzur, Yeke\u011fyats, Manana\u011fi, Dercan, Sper, \u015ea\u011fagom ve Karin. Y\u00fcksek Hayk vilayeti, kaplam\u0131\u015f oldu\u011fu alan itibar\u0131yla g\u00fcn\u00fcm\u00fcz Erzurum Vilayeti\u2019nin b\u00fcy\u00fck k\u0131sm\u0131na denk gelmektedir. Geni\u015f yaylalar ve ovalara sahipti. K\u0131\u015f\u0131n \u015fiddetli so\u011fuklar h\u00fck\u00fcm s\u00fcrmekte ve \u00e7ok kar ya\u011fmaktad\u0131r. Ba\u015fl\u0131ca nehri F\u0131rat olup, Y\u00fcksek Hayk [&hellip;]<\/p>\n","protected":false},"author":3,"featured_media":0,"comment_status":"closed","ping_status":"open","sticky":false,"template":"","format":"standard","meta":{"footnotes":""},"categories":[55],"tags":[],"class_list":["post-494","post","type-post","status-publish","format-standard","hentry","category-buyuk-haykin-illeri"],"yoast_head":"<!-- This site is optimized with the Yoast SEO plugin v27.4 - https:\/\/yoast.com\/product\/yoast-seo-wordpress\/ -->\n<title>Y\u00fcksek Hayk - Bati Ermenistan Ve Bati Ermenileri Sorunlari Ara\u015ftirmalar Merkezi<\/title>\n<meta name=\"robots\" content=\"index, follow, max-snippet:-1, max-image-preview:large, max-video-preview:-1\" \/>\n<link rel=\"canonical\" href=\"https:\/\/akunq.net\/turkish\/2010\/02\/23\/yuksek-hayk\/\" \/>\n<meta property=\"og:locale\" content=\"en_US\" \/>\n<meta property=\"og:type\" content=\"article\" \/>\n<meta property=\"og:title\" content=\"Y\u00fcksek Hayk - Bati Ermenistan Ve Bati Ermenileri Sorunlari Ara\u015ftirmalar Merkezi\" \/>\n<meta property=\"og:description\" content=\"B\u00fcy\u00fck Hayk\u2019\u0131n birinci vilayeti olan Y\u00fcksek Hayk dokuz il\u00e7eden meydana gelmi\u015fti. Darana\u011fi, A\u011fivn, Muzur, Yeke\u011fyats, Manana\u011fi, Dercan, Sper, \u015ea\u011fagom ve Karin. Y\u00fcksek Hayk vilayeti, kaplam\u0131\u015f oldu\u011fu alan itibar\u0131yla g\u00fcn\u00fcm\u00fcz Erzurum Vilayeti\u2019nin b\u00fcy\u00fck k\u0131sm\u0131na denk gelmektedir. Geni\u015f yaylalar ve ovalara sahipti. K\u0131\u015f\u0131n \u015fiddetli so\u011fuklar h\u00fck\u00fcm s\u00fcrmekte ve \u00e7ok kar ya\u011fmaktad\u0131r. Ba\u015fl\u0131ca nehri F\u0131rat olup, Y\u00fcksek Hayk [&hellip;]\" \/>\n<meta property=\"og:url\" content=\"https:\/\/akunq.net\/turkish\/2010\/02\/23\/yuksek-hayk\/\" \/>\n<meta property=\"og:site_name\" content=\"Bati Ermenistan Ve Bati Ermenileri Sorunlari Ara\u015ftirmalar Merkezi\" \/>\n<meta property=\"article:published_time\" content=\"2010-02-23T12:53:40+00:00\" \/>\n<meta name=\"author\" content=\"kalem\" \/>\n<meta name=\"twitter:card\" content=\"summary_large_image\" \/>\n<meta name=\"twitter:label1\" content=\"Written by\" \/>\n\t<meta name=\"twitter:data1\" content=\"kalem\" \/>\n\t<meta name=\"twitter:label2\" content=\"Est. reading time\" \/>\n\t<meta name=\"twitter:data2\" content=\"3 minutes\" \/>\n<script type=\"application\/ld+json\" class=\"yoast-schema-graph\">{\"@context\":\"https:\\\/\\\/schema.org\",\"@graph\":[{\"@type\":\"Article\",\"@id\":\"https:\\\/\\\/akunq.net\\\/turkish\\\/2010\\\/02\\\/23\\\/yuksek-hayk\\\/#article\",\"isPartOf\":{\"@id\":\"https:\\\/\\\/akunq.net\\\/turkish\\\/2010\\\/02\\\/23\\\/yuksek-hayk\\\/\"},\"author\":{\"name\":\"kalem\",\"@id\":\"https:\\\/\\\/akunq.net\\\/turkish\\\/#\\\/schema\\\/person\\\/135e7923d1aeb8887890799619969a6c\"},\"headline\":\"Y\u00fcksek Hayk\",\"datePublished\":\"2010-02-23T12:53:40+00:00\",\"mainEntityOfPage\":{\"@id\":\"https:\\\/\\\/akunq.net\\\/turkish\\\/2010\\\/02\\\/23\\\/yuksek-hayk\\\/\"},\"wordCount\":637,\"articleSection\":[\"B\u00fcy\u00fck Hayk\u2019\u0131n \u0130lleri\"],\"inLanguage\":\"en-US\"},{\"@type\":\"WebPage\",\"@id\":\"https:\\\/\\\/akunq.net\\\/turkish\\\/2010\\\/02\\\/23\\\/yuksek-hayk\\\/\",\"url\":\"https:\\\/\\\/akunq.net\\\/turkish\\\/2010\\\/02\\\/23\\\/yuksek-hayk\\\/\",\"name\":\"Y\u00fcksek Hayk - Bati Ermenistan Ve Bati Ermenileri Sorunlari Ara\u015ftirmalar Merkezi\",\"isPartOf\":{\"@id\":\"https:\\\/\\\/akunq.net\\\/turkish\\\/#website\"},\"datePublished\":\"2010-02-23T12:53:40+00:00\",\"author\":{\"@id\":\"https:\\\/\\\/akunq.net\\\/turkish\\\/#\\\/schema\\\/person\\\/135e7923d1aeb8887890799619969a6c\"},\"breadcrumb\":{\"@id\":\"https:\\\/\\\/akunq.net\\\/turkish\\\/2010\\\/02\\\/23\\\/yuksek-hayk\\\/#breadcrumb\"},\"inLanguage\":\"en-US\",\"potentialAction\":[{\"@type\":\"ReadAction\",\"target\":[\"https:\\\/\\\/akunq.net\\\/turkish\\\/2010\\\/02\\\/23\\\/yuksek-hayk\\\/\"]}]},{\"@type\":\"BreadcrumbList\",\"@id\":\"https:\\\/\\\/akunq.net\\\/turkish\\\/2010\\\/02\\\/23\\\/yuksek-hayk\\\/#breadcrumb\",\"itemListElement\":[{\"@type\":\"ListItem\",\"position\":1,\"name\":\"Home\",\"item\":\"https:\\\/\\\/akunq.net\\\/turkish\\\/\"},{\"@type\":\"ListItem\",\"position\":2,\"name\":\"Y\u00fcksek Hayk\"}]},{\"@type\":\"WebSite\",\"@id\":\"https:\\\/\\\/akunq.net\\\/turkish\\\/#website\",\"url\":\"https:\\\/\\\/akunq.net\\\/turkish\\\/\",\"name\":\"Bati Ermenistan Ve Bati Ermenileri Sorunlari Ara\u015ftirmalar Merkezi\",\"description\":\"\",\"potentialAction\":[{\"@type\":\"SearchAction\",\"target\":{\"@type\":\"EntryPoint\",\"urlTemplate\":\"https:\\\/\\\/akunq.net\\\/turkish\\\/?s={search_term_string}\"},\"query-input\":{\"@type\":\"PropertyValueSpecification\",\"valueRequired\":true,\"valueName\":\"search_term_string\"}}],\"inLanguage\":\"en-US\"},{\"@type\":\"Person\",\"@id\":\"https:\\\/\\\/akunq.net\\\/turkish\\\/#\\\/schema\\\/person\\\/135e7923d1aeb8887890799619969a6c\",\"name\":\"kalem\",\"image\":{\"@type\":\"ImageObject\",\"inLanguage\":\"en-US\",\"@id\":\"https:\\\/\\\/secure.gravatar.com\\\/avatar\\\/a06875e4b25feb5674296adf8e8a7ae1e587cebce2493fe63c456109967e27d3?s=96&d=mm&r=g\",\"url\":\"https:\\\/\\\/secure.gravatar.com\\\/avatar\\\/a06875e4b25feb5674296adf8e8a7ae1e587cebce2493fe63c456109967e27d3?s=96&d=mm&r=g\",\"contentUrl\":\"https:\\\/\\\/secure.gravatar.com\\\/avatar\\\/a06875e4b25feb5674296adf8e8a7ae1e587cebce2493fe63c456109967e27d3?s=96&d=mm&r=g\",\"caption\":\"kalem\"},\"url\":\"https:\\\/\\\/akunq.net\\\/turkish\\\/author\\\/kalem\\\/\"}]}<\/script>\n<!-- \/ Yoast SEO plugin. -->","yoast_head_json":{"title":"Y\u00fcksek Hayk - Bati Ermenistan Ve Bati Ermenileri Sorunlari Ara\u015ftirmalar Merkezi","robots":{"index":"index","follow":"follow","max-snippet":"max-snippet:-1","max-image-preview":"max-image-preview:large","max-video-preview":"max-video-preview:-1"},"canonical":"https:\/\/akunq.net\/turkish\/2010\/02\/23\/yuksek-hayk\/","og_locale":"en_US","og_type":"article","og_title":"Y\u00fcksek Hayk - Bati Ermenistan Ve Bati Ermenileri Sorunlari Ara\u015ftirmalar Merkezi","og_description":"B\u00fcy\u00fck Hayk\u2019\u0131n birinci vilayeti olan Y\u00fcksek Hayk dokuz il\u00e7eden meydana gelmi\u015fti. Darana\u011fi, A\u011fivn, Muzur, Yeke\u011fyats, Manana\u011fi, Dercan, Sper, \u015ea\u011fagom ve Karin. Y\u00fcksek Hayk vilayeti, kaplam\u0131\u015f oldu\u011fu alan itibar\u0131yla g\u00fcn\u00fcm\u00fcz Erzurum Vilayeti\u2019nin b\u00fcy\u00fck k\u0131sm\u0131na denk gelmektedir. Geni\u015f yaylalar ve ovalara sahipti. K\u0131\u015f\u0131n \u015fiddetli so\u011fuklar h\u00fck\u00fcm s\u00fcrmekte ve \u00e7ok kar ya\u011fmaktad\u0131r. Ba\u015fl\u0131ca nehri F\u0131rat olup, Y\u00fcksek Hayk [&hellip;]","og_url":"https:\/\/akunq.net\/turkish\/2010\/02\/23\/yuksek-hayk\/","og_site_name":"Bati Ermenistan Ve Bati Ermenileri Sorunlari Ara\u015ftirmalar Merkezi","article_published_time":"2010-02-23T12:53:40+00:00","author":"kalem","twitter_card":"summary_large_image","twitter_misc":{"Written by":"kalem","Est. reading time":"3 minutes"},"schema":{"@context":"https:\/\/schema.org","@graph":[{"@type":"Article","@id":"https:\/\/akunq.net\/turkish\/2010\/02\/23\/yuksek-hayk\/#article","isPartOf":{"@id":"https:\/\/akunq.net\/turkish\/2010\/02\/23\/yuksek-hayk\/"},"author":{"name":"kalem","@id":"https:\/\/akunq.net\/turkish\/#\/schema\/person\/135e7923d1aeb8887890799619969a6c"},"headline":"Y\u00fcksek Hayk","datePublished":"2010-02-23T12:53:40+00:00","mainEntityOfPage":{"@id":"https:\/\/akunq.net\/turkish\/2010\/02\/23\/yuksek-hayk\/"},"wordCount":637,"articleSection":["B\u00fcy\u00fck Hayk\u2019\u0131n \u0130lleri"],"inLanguage":"en-US"},{"@type":"WebPage","@id":"https:\/\/akunq.net\/turkish\/2010\/02\/23\/yuksek-hayk\/","url":"https:\/\/akunq.net\/turkish\/2010\/02\/23\/yuksek-hayk\/","name":"Y\u00fcksek Hayk - Bati Ermenistan Ve Bati Ermenileri Sorunlari Ara\u015ftirmalar Merkezi","isPartOf":{"@id":"https:\/\/akunq.net\/turkish\/#website"},"datePublished":"2010-02-23T12:53:40+00:00","author":{"@id":"https:\/\/akunq.net\/turkish\/#\/schema\/person\/135e7923d1aeb8887890799619969a6c"},"breadcrumb":{"@id":"https:\/\/akunq.net\/turkish\/2010\/02\/23\/yuksek-hayk\/#breadcrumb"},"inLanguage":"en-US","potentialAction":[{"@type":"ReadAction","target":["https:\/\/akunq.net\/turkish\/2010\/02\/23\/yuksek-hayk\/"]}]},{"@type":"BreadcrumbList","@id":"https:\/\/akunq.net\/turkish\/2010\/02\/23\/yuksek-hayk\/#breadcrumb","itemListElement":[{"@type":"ListItem","position":1,"name":"Home","item":"https:\/\/akunq.net\/turkish\/"},{"@type":"ListItem","position":2,"name":"Y\u00fcksek Hayk"}]},{"@type":"WebSite","@id":"https:\/\/akunq.net\/turkish\/#website","url":"https:\/\/akunq.net\/turkish\/","name":"Bati Ermenistan Ve Bati Ermenileri Sorunlari Ara\u015ftirmalar Merkezi","description":"","potentialAction":[{"@type":"SearchAction","target":{"@type":"EntryPoint","urlTemplate":"https:\/\/akunq.net\/turkish\/?s={search_term_string}"},"query-input":{"@type":"PropertyValueSpecification","valueRequired":true,"valueName":"search_term_string"}}],"inLanguage":"en-US"},{"@type":"Person","@id":"https:\/\/akunq.net\/turkish\/#\/schema\/person\/135e7923d1aeb8887890799619969a6c","name":"kalem","image":{"@type":"ImageObject","inLanguage":"en-US","@id":"https:\/\/secure.gravatar.com\/avatar\/a06875e4b25feb5674296adf8e8a7ae1e587cebce2493fe63c456109967e27d3?s=96&d=mm&r=g","url":"https:\/\/secure.gravatar.com\/avatar\/a06875e4b25feb5674296adf8e8a7ae1e587cebce2493fe63c456109967e27d3?s=96&d=mm&r=g","contentUrl":"https:\/\/secure.gravatar.com\/avatar\/a06875e4b25feb5674296adf8e8a7ae1e587cebce2493fe63c456109967e27d3?s=96&d=mm&r=g","caption":"kalem"},"url":"https:\/\/akunq.net\/turkish\/author\/kalem\/"}]}},"_links":{"self":[{"href":"https:\/\/akunq.net\/turkish\/wp-json\/wp\/v2\/posts\/494","targetHints":{"allow":["GET"]}}],"collection":[{"href":"https:\/\/akunq.net\/turkish\/wp-json\/wp\/v2\/posts"}],"about":[{"href":"https:\/\/akunq.net\/turkish\/wp-json\/wp\/v2\/types\/post"}],"author":[{"embeddable":true,"href":"https:\/\/akunq.net\/turkish\/wp-json\/wp\/v2\/users\/3"}],"replies":[{"embeddable":true,"href":"https:\/\/akunq.net\/turkish\/wp-json\/wp\/v2\/comments?post=494"}],"version-history":[{"count":0,"href":"https:\/\/akunq.net\/turkish\/wp-json\/wp\/v2\/posts\/494\/revisions"}],"wp:attachment":[{"href":"https:\/\/akunq.net\/turkish\/wp-json\/wp\/v2\/media?parent=494"}],"wp:term":[{"taxonomy":"category","embeddable":true,"href":"https:\/\/akunq.net\/turkish\/wp-json\/wp\/v2\/categories?post=494"},{"taxonomy":"post_tag","embeddable":true,"href":"https:\/\/akunq.net\/turkish\/wp-json\/wp\/v2\/tags?post=494"}],"curies":[{"name":"wp","href":"https:\/\/api.w.org\/{rel}","templated":true}]}}