{"id":476,"date":"2010-02-23T07:19:58","date_gmt":"2010-02-23T12:19:58","guid":{"rendered":"http:\/\/akunq.net\/tr\/?p=476"},"modified":"2010-02-23T07:19:58","modified_gmt":"2010-02-23T12:19:58","slug":"korcayk","status":"publish","type":"post","link":"https:\/\/akunq.net\/turkish\/2010\/02\/23\/korcayk\/","title":{"rendered":"Kor\u00e7ayk"},"content":{"rendered":"<p style=\"text-align: justify\"><a rel=\"attachment wp-att-477\" href=\"http:\/\/akunq.net\/tr\/2010\/02\/23\/korcayk\/%d5%af%d5%b8%d6%80%d5%b3%d5%a1%d5%b5%d6%84\/\"><img loading=\"lazy\" decoding=\"async\" class=\"alignnone size-full wp-image-477\" title=\"\u053f\u0578\u0580\u0573\u0561\u0575\u0584\" src=\"http:\/\/akunq.net\/tr\/wp-content\/uploads\/2010\/04\/\u053f\u0578\u0580\u0573\u0561\u0575\u0584.jpg\" alt=\"\" width=\"564\" height=\"190\" srcset=\"https:\/\/akunq.net\/turkish\/wp-content\/uploads\/sites\/5\/2010\/04\/\u053f\u0578\u0580\u0573\u0561\u0575\u0584.jpg 564w, https:\/\/akunq.net\/turkish\/wp-content\/uploads\/sites\/5\/2010\/04\/\u053f\u0578\u0580\u0573\u0561\u0575\u0584-300x101.jpg 300w\" sizes=\"auto, (max-width: 564px) 100vw, 564px\" \/><\/a><\/p>\n<p style=\"text-align: justify\">Kor\u00e7ayk, B\u00fcy\u00fck Hayk\u2019\u0131n alt\u0131nc\u0131 vilayetidir. Do\u011fu Habur ve B\u00fcy\u00fck Zap Suyu nehirlerinin yukar\u0131 k\u0131sm\u0131 civar\u0131nda bulunmaktad\u0131r. Do\u011fuda Zagros s\u0131rada\u011flar\u0131na, bat\u0131da Dicle Nehri\u2019ne kadar uzanmaktad\u0131r. G\u00fcneyde Adibene\u2019ye (Asur), bat\u0131da Aghdznik, kuzeyde Mok ve Vaspurakan, do\u011fuda Nor (yeni) \u015eirakan (Parskahayk, \u0130ran Ermenistan\u0131) vilayetlerine kom\u015fuydu. VII. y\u00fczy\u0131l Ermeni \u201cA\u015fkharatsuytsu\u201dna (co\u011frafya kitab\u0131) istinaden Kor\u00e7ayk vilayeti 11 il\u00e7eden m\u00fcte\u015fekkildi. Kor\u00e7ayk vilayeti, \u00e7o\u011fu kaynaklarda en b\u00fcy\u00fck il\u00e7esi olan Korduk\u2019un ad\u0131yla \u201cKordvats a\u015fkharh (Kordvats \u00fclkesi)\u201d olarak an\u0131l\u0131r.<\/p>\n<p style=\"text-align: justify\">I. Arta\u015fes d\u00f6neminde (M.\u00d6.189\u2013160) Ermeni topraklar\u0131n\u0131n birle\u015ftirilmesi neticesinde Kor\u00e7ayk, B\u00fcy\u00fck Hayk\u2019\u0131n b\u00fcnyesine d\u00e2hil edilmi\u015ftir. Ar\u015fakuniler hanedan\u0131 d\u00f6neminde B\u00fcy\u00fck Hayk\u2019\u0131n d\u00f6rt bde\u015fkhliklerinden (beylerbeyli\u011fi) veya s\u0131n\u0131r ordug\u00e2hlar\u0131ndan biri olmu\u015ftur. Kor\u00e7ayk vilayetinin bte\u015fkhi (beylerbeyi), tarih\u00e7i Agatange\u011fos\u2019un belirtti\u011fine istinaden \u201cAsur taraf\u0131n\u0131n ikinci s\u0131n\u0131r g\u00fcc\u00fc\u201d olarak an\u0131lm\u0131\u015ft\u0131r.<\/p>\n<p style=\"text-align: justify\"><a rel=\"attachment wp-att-478\" href=\"http:\/\/akunq.net\/tr\/2010\/02\/23\/korcayk\/%d5%af%d5%b8%d6%80%d5%b3%d5%a1%d5%b5%d6%84-2\/\"><img loading=\"lazy\" decoding=\"async\" class=\"alignleft size-full wp-image-478\" title=\"\u053f\u0578\u0580\u0573\u0561\u0575\u0584\" src=\"http:\/\/akunq.net\/tr\/wp-content\/uploads\/2010\/04\/\u053f\u0578\u0580\u0573\u0561\u0575\u05841.jpg\" alt=\"\" width=\"387\" height=\"167\" \/><\/a>B\u00fcy\u00fck Hayk\u2019\u0131n 387 y\u0131l\u0131nda Roma \u0130mparatorlu\u011fu ve \u0130ran Sasani Devleti aras\u0131nda b\u00f6l\u00fcnmesi neticesinde Kor\u00e7ayk il\u00e7esi ayr\u0131larak bu iki devlet aras\u0131nda payla\u015f\u0131lmaz olmu\u015ftur. V.-VI. y\u00fczy\u0131llar\u0131nda Kor\u00e7ayk, \u0130ran Sasani Devleti taraf\u0131ndan Adiabene-Hedayabin\u2019e ba\u011flanarak Khoravaran kustak\u2019\u0131n b\u00fcnyesine d\u00e2hil edilmi\u015ftir. Fakat bu idari-siyasi b\u00f6l\u00fcnme Kor\u00e7ayk ve merkezi Ermenistan aras\u0131nda milli birli\u011fi, ekonomik ve k\u00fclt\u00fcrel s\u0131k\u0131 ili\u015fkileri -\u00f6zellikle de din-kilise a\u00e7\u0131s\u0131ndan Ermeni kilisesinin ba\u015f\u0131 olan katolikosun ruhani y\u00f6netimi alt\u0131nda kalm\u0131\u015f oldu\u011fundan dolay\u0131- engelleyememi\u015ftir. O as\u0131rlarda Kor\u00e7ayk vilayetinde Ermenilerin haricinde \u00e7ok say\u0131da Asurlu, \u00f6zellikle de Nestoryan cemaatleri olu\u015fmu\u015ftu.<\/p>\n<p style=\"text-align: justify\">Arap h\u00fck\u00fcmdarl\u0131\u011f\u0131 d\u00f6neminde Kor\u00e7ayk\u2019\u0131n \u00f6nemli bir b\u00f6l\u00fcm\u00fc Zazira vilayetine tabi k\u0131l\u0131nm\u0131\u015ft\u0131. IX. y\u00fczy\u0131lda Alki veya Alkekar kalesiyle birlikte Tmoriks\u2019in kuzey k\u0131sm\u0131 ve B\u00fcy\u00fck Zap Suyu vadisindeki il\u00e7eler Zlmar, Sring ve Agarak kaleleriyle birlikte Vaspurakan Ardzruni Krall\u0131\u011f\u0131 b\u00fcnyesinde bulunmaktayd\u0131.<\/p>\n<p style=\"text-align: justify\">Sel\u00e7uklu istilas\u0131 d\u00f6neminde g\u00f6\u00e7ebe K\u00fcrt a\u015firetleri Kor\u00e7ayk\u2019\u0131n g\u00fcney b\u00f6lgelerinde \u00fcst\u00fcnl\u00fck elde ederler. Baz\u0131 ara\u015ft\u0131rmac\u0131lar \u201cK\u00fcrt\u201d isminin \u201cKor\u00e7ayk\u201d veya \u201cKorduk\u201d isimlerinden t\u00fcremi\u015f oldu\u011funu ileri s\u00fcrmektedirler. Di\u011fer ara\u015ft\u0131rmac\u0131lar ise, alt toplumsal geli\u015fim d\u00fczeyinde ya\u015fayan g\u00f6\u00e7ebe ve hayvanc\u0131l\u0131kla ge\u00e7inen K\u00fcrtlerin, tar\u0131msal bir toplum olan Kor\u00e7aykl\u0131lar veya Kortuklular\u2019la hi\u00e7bir \u0131rksal ili\u015fkisi olamayaca\u011f\u0131n\u0131 ileri s\u00fcrerek bu hipotezi reddetmektedirler.<\/p>\n<p style=\"text-align: justify\">Osmanl\u0131 hakimiyetinin tesis edilmesinden sonra Kor\u00e7ayk, Van Pa\u015fal\u0131\u011f\u0131\u2019n\u0131n Hakk\u00e2ri sanca\u011f\u0131, Kortuk il\u00e7esi ise Diyarbak\u0131r Vilayeti\u2019ne dahil edilmi\u015flerdir. 1915 soyk\u0131r\u0131m\u0131nda Ermenilerin ve S\u00fcryanilerin yok edilmesi ve zorunlu g\u00f6\u00e7\u00fcnden sonra Kor\u00e7ayk n\u00fcfusu sadece K\u00fcrtlerden olu\u015fmaktad\u0131r.<\/p>\n","protected":false},"excerpt":{"rendered":"<p>Kor\u00e7ayk, B\u00fcy\u00fck Hayk\u2019\u0131n alt\u0131nc\u0131 vilayetidir. Do\u011fu Habur ve B\u00fcy\u00fck Zap Suyu nehirlerinin yukar\u0131 k\u0131sm\u0131 civar\u0131nda bulunmaktad\u0131r. Do\u011fuda Zagros s\u0131rada\u011flar\u0131na, bat\u0131da Dicle Nehri\u2019ne kadar uzanmaktad\u0131r. G\u00fcneyde Adibene\u2019ye (Asur), bat\u0131da Aghdznik, kuzeyde Mok ve Vaspurakan, do\u011fuda Nor (yeni) \u015eirakan (Parskahayk, \u0130ran Ermenistan\u0131) vilayetlerine kom\u015fuydu. VII. y\u00fczy\u0131l Ermeni \u201cA\u015fkharatsuytsu\u201dna (co\u011frafya kitab\u0131) istinaden Kor\u00e7ayk vilayeti 11 il\u00e7eden m\u00fcte\u015fekkildi. Kor\u00e7ayk [&hellip;]<\/p>\n","protected":false},"author":3,"featured_media":0,"comment_status":"closed","ping_status":"open","sticky":false,"template":"","format":"standard","meta":{"footnotes":""},"categories":[55],"tags":[],"class_list":["post-476","post","type-post","status-publish","format-standard","hentry","category-buyuk-haykin-illeri"],"yoast_head":"<!-- This site is optimized with the Yoast SEO plugin v27.4 - https:\/\/yoast.com\/product\/yoast-seo-wordpress\/ -->\n<title>Kor\u00e7ayk - Bati Ermenistan Ve Bati Ermenileri Sorunlari Ara\u015ftirmalar Merkezi<\/title>\n<meta name=\"robots\" content=\"index, follow, max-snippet:-1, max-image-preview:large, max-video-preview:-1\" \/>\n<link rel=\"canonical\" href=\"https:\/\/akunq.net\/turkish\/2010\/02\/23\/korcayk\/\" \/>\n<meta property=\"og:locale\" content=\"en_US\" \/>\n<meta property=\"og:type\" content=\"article\" \/>\n<meta property=\"og:title\" content=\"Kor\u00e7ayk - Bati Ermenistan Ve Bati Ermenileri Sorunlari Ara\u015ftirmalar Merkezi\" \/>\n<meta property=\"og:description\" content=\"Kor\u00e7ayk, B\u00fcy\u00fck Hayk\u2019\u0131n alt\u0131nc\u0131 vilayetidir. Do\u011fu Habur ve B\u00fcy\u00fck Zap Suyu nehirlerinin yukar\u0131 k\u0131sm\u0131 civar\u0131nda bulunmaktad\u0131r. Do\u011fuda Zagros s\u0131rada\u011flar\u0131na, bat\u0131da Dicle Nehri\u2019ne kadar uzanmaktad\u0131r. G\u00fcneyde Adibene\u2019ye (Asur), bat\u0131da Aghdznik, kuzeyde Mok ve Vaspurakan, do\u011fuda Nor (yeni) \u015eirakan (Parskahayk, \u0130ran Ermenistan\u0131) vilayetlerine kom\u015fuydu. VII. y\u00fczy\u0131l Ermeni \u201cA\u015fkharatsuytsu\u201dna (co\u011frafya kitab\u0131) istinaden Kor\u00e7ayk vilayeti 11 il\u00e7eden m\u00fcte\u015fekkildi. Kor\u00e7ayk [&hellip;]\" \/>\n<meta property=\"og:url\" content=\"https:\/\/akunq.net\/turkish\/2010\/02\/23\/korcayk\/\" \/>\n<meta property=\"og:site_name\" content=\"Bati Ermenistan Ve Bati Ermenileri Sorunlari Ara\u015ftirmalar Merkezi\" \/>\n<meta property=\"article:published_time\" content=\"2010-02-23T12:19:58+00:00\" \/>\n<meta name=\"author\" content=\"kalem\" \/>\n<meta name=\"twitter:card\" content=\"summary_large_image\" \/>\n<meta name=\"twitter:label1\" content=\"Written by\" \/>\n\t<meta name=\"twitter:data1\" content=\"kalem\" \/>\n\t<meta name=\"twitter:label2\" content=\"Est. reading time\" \/>\n\t<meta name=\"twitter:data2\" content=\"3 minutes\" \/>\n<script type=\"application\/ld+json\" class=\"yoast-schema-graph\">{\"@context\":\"https:\\\/\\\/schema.org\",\"@graph\":[{\"@type\":\"Article\",\"@id\":\"https:\\\/\\\/akunq.net\\\/turkish\\\/2010\\\/02\\\/23\\\/korcayk\\\/#article\",\"isPartOf\":{\"@id\":\"https:\\\/\\\/akunq.net\\\/turkish\\\/2010\\\/02\\\/23\\\/korcayk\\\/\"},\"author\":{\"name\":\"kalem\",\"@id\":\"https:\\\/\\\/akunq.net\\\/turkish\\\/#\\\/schema\\\/person\\\/135e7923d1aeb8887890799619969a6c\"},\"headline\":\"Kor\u00e7ayk\",\"datePublished\":\"2010-02-23T12:19:58+00:00\",\"mainEntityOfPage\":{\"@id\":\"https:\\\/\\\/akunq.net\\\/turkish\\\/2010\\\/02\\\/23\\\/korcayk\\\/\"},\"wordCount\":523,\"articleSection\":[\"B\u00fcy\u00fck Hayk\u2019\u0131n \u0130lleri\"],\"inLanguage\":\"en-US\"},{\"@type\":\"WebPage\",\"@id\":\"https:\\\/\\\/akunq.net\\\/turkish\\\/2010\\\/02\\\/23\\\/korcayk\\\/\",\"url\":\"https:\\\/\\\/akunq.net\\\/turkish\\\/2010\\\/02\\\/23\\\/korcayk\\\/\",\"name\":\"Kor\u00e7ayk - Bati Ermenistan Ve Bati Ermenileri Sorunlari Ara\u015ftirmalar Merkezi\",\"isPartOf\":{\"@id\":\"https:\\\/\\\/akunq.net\\\/turkish\\\/#website\"},\"datePublished\":\"2010-02-23T12:19:58+00:00\",\"author\":{\"@id\":\"https:\\\/\\\/akunq.net\\\/turkish\\\/#\\\/schema\\\/person\\\/135e7923d1aeb8887890799619969a6c\"},\"breadcrumb\":{\"@id\":\"https:\\\/\\\/akunq.net\\\/turkish\\\/2010\\\/02\\\/23\\\/korcayk\\\/#breadcrumb\"},\"inLanguage\":\"en-US\",\"potentialAction\":[{\"@type\":\"ReadAction\",\"target\":[\"https:\\\/\\\/akunq.net\\\/turkish\\\/2010\\\/02\\\/23\\\/korcayk\\\/\"]}]},{\"@type\":\"BreadcrumbList\",\"@id\":\"https:\\\/\\\/akunq.net\\\/turkish\\\/2010\\\/02\\\/23\\\/korcayk\\\/#breadcrumb\",\"itemListElement\":[{\"@type\":\"ListItem\",\"position\":1,\"name\":\"Home\",\"item\":\"https:\\\/\\\/akunq.net\\\/turkish\\\/\"},{\"@type\":\"ListItem\",\"position\":2,\"name\":\"Kor\u00e7ayk\"}]},{\"@type\":\"WebSite\",\"@id\":\"https:\\\/\\\/akunq.net\\\/turkish\\\/#website\",\"url\":\"https:\\\/\\\/akunq.net\\\/turkish\\\/\",\"name\":\"Bati Ermenistan Ve Bati Ermenileri Sorunlari Ara\u015ftirmalar Merkezi\",\"description\":\"\",\"potentialAction\":[{\"@type\":\"SearchAction\",\"target\":{\"@type\":\"EntryPoint\",\"urlTemplate\":\"https:\\\/\\\/akunq.net\\\/turkish\\\/?s={search_term_string}\"},\"query-input\":{\"@type\":\"PropertyValueSpecification\",\"valueRequired\":true,\"valueName\":\"search_term_string\"}}],\"inLanguage\":\"en-US\"},{\"@type\":\"Person\",\"@id\":\"https:\\\/\\\/akunq.net\\\/turkish\\\/#\\\/schema\\\/person\\\/135e7923d1aeb8887890799619969a6c\",\"name\":\"kalem\",\"image\":{\"@type\":\"ImageObject\",\"inLanguage\":\"en-US\",\"@id\":\"https:\\\/\\\/secure.gravatar.com\\\/avatar\\\/a06875e4b25feb5674296adf8e8a7ae1e587cebce2493fe63c456109967e27d3?s=96&d=mm&r=g\",\"url\":\"https:\\\/\\\/secure.gravatar.com\\\/avatar\\\/a06875e4b25feb5674296adf8e8a7ae1e587cebce2493fe63c456109967e27d3?s=96&d=mm&r=g\",\"contentUrl\":\"https:\\\/\\\/secure.gravatar.com\\\/avatar\\\/a06875e4b25feb5674296adf8e8a7ae1e587cebce2493fe63c456109967e27d3?s=96&d=mm&r=g\",\"caption\":\"kalem\"},\"url\":\"https:\\\/\\\/akunq.net\\\/turkish\\\/author\\\/kalem\\\/\"}]}<\/script>\n<!-- \/ Yoast SEO plugin. -->","yoast_head_json":{"title":"Kor\u00e7ayk - Bati Ermenistan Ve Bati Ermenileri Sorunlari Ara\u015ftirmalar Merkezi","robots":{"index":"index","follow":"follow","max-snippet":"max-snippet:-1","max-image-preview":"max-image-preview:large","max-video-preview":"max-video-preview:-1"},"canonical":"https:\/\/akunq.net\/turkish\/2010\/02\/23\/korcayk\/","og_locale":"en_US","og_type":"article","og_title":"Kor\u00e7ayk - Bati Ermenistan Ve Bati Ermenileri Sorunlari Ara\u015ftirmalar Merkezi","og_description":"Kor\u00e7ayk, B\u00fcy\u00fck Hayk\u2019\u0131n alt\u0131nc\u0131 vilayetidir. Do\u011fu Habur ve B\u00fcy\u00fck Zap Suyu nehirlerinin yukar\u0131 k\u0131sm\u0131 civar\u0131nda bulunmaktad\u0131r. Do\u011fuda Zagros s\u0131rada\u011flar\u0131na, bat\u0131da Dicle Nehri\u2019ne kadar uzanmaktad\u0131r. G\u00fcneyde Adibene\u2019ye (Asur), bat\u0131da Aghdznik, kuzeyde Mok ve Vaspurakan, do\u011fuda Nor (yeni) \u015eirakan (Parskahayk, \u0130ran Ermenistan\u0131) vilayetlerine kom\u015fuydu. VII. y\u00fczy\u0131l Ermeni \u201cA\u015fkharatsuytsu\u201dna (co\u011frafya kitab\u0131) istinaden Kor\u00e7ayk vilayeti 11 il\u00e7eden m\u00fcte\u015fekkildi. Kor\u00e7ayk [&hellip;]","og_url":"https:\/\/akunq.net\/turkish\/2010\/02\/23\/korcayk\/","og_site_name":"Bati Ermenistan Ve Bati Ermenileri Sorunlari Ara\u015ftirmalar Merkezi","article_published_time":"2010-02-23T12:19:58+00:00","author":"kalem","twitter_card":"summary_large_image","twitter_misc":{"Written by":"kalem","Est. reading time":"3 minutes"},"schema":{"@context":"https:\/\/schema.org","@graph":[{"@type":"Article","@id":"https:\/\/akunq.net\/turkish\/2010\/02\/23\/korcayk\/#article","isPartOf":{"@id":"https:\/\/akunq.net\/turkish\/2010\/02\/23\/korcayk\/"},"author":{"name":"kalem","@id":"https:\/\/akunq.net\/turkish\/#\/schema\/person\/135e7923d1aeb8887890799619969a6c"},"headline":"Kor\u00e7ayk","datePublished":"2010-02-23T12:19:58+00:00","mainEntityOfPage":{"@id":"https:\/\/akunq.net\/turkish\/2010\/02\/23\/korcayk\/"},"wordCount":523,"articleSection":["B\u00fcy\u00fck Hayk\u2019\u0131n \u0130lleri"],"inLanguage":"en-US"},{"@type":"WebPage","@id":"https:\/\/akunq.net\/turkish\/2010\/02\/23\/korcayk\/","url":"https:\/\/akunq.net\/turkish\/2010\/02\/23\/korcayk\/","name":"Kor\u00e7ayk - Bati Ermenistan Ve Bati Ermenileri Sorunlari Ara\u015ftirmalar Merkezi","isPartOf":{"@id":"https:\/\/akunq.net\/turkish\/#website"},"datePublished":"2010-02-23T12:19:58+00:00","author":{"@id":"https:\/\/akunq.net\/turkish\/#\/schema\/person\/135e7923d1aeb8887890799619969a6c"},"breadcrumb":{"@id":"https:\/\/akunq.net\/turkish\/2010\/02\/23\/korcayk\/#breadcrumb"},"inLanguage":"en-US","potentialAction":[{"@type":"ReadAction","target":["https:\/\/akunq.net\/turkish\/2010\/02\/23\/korcayk\/"]}]},{"@type":"BreadcrumbList","@id":"https:\/\/akunq.net\/turkish\/2010\/02\/23\/korcayk\/#breadcrumb","itemListElement":[{"@type":"ListItem","position":1,"name":"Home","item":"https:\/\/akunq.net\/turkish\/"},{"@type":"ListItem","position":2,"name":"Kor\u00e7ayk"}]},{"@type":"WebSite","@id":"https:\/\/akunq.net\/turkish\/#website","url":"https:\/\/akunq.net\/turkish\/","name":"Bati Ermenistan Ve Bati Ermenileri Sorunlari Ara\u015ftirmalar Merkezi","description":"","potentialAction":[{"@type":"SearchAction","target":{"@type":"EntryPoint","urlTemplate":"https:\/\/akunq.net\/turkish\/?s={search_term_string}"},"query-input":{"@type":"PropertyValueSpecification","valueRequired":true,"valueName":"search_term_string"}}],"inLanguage":"en-US"},{"@type":"Person","@id":"https:\/\/akunq.net\/turkish\/#\/schema\/person\/135e7923d1aeb8887890799619969a6c","name":"kalem","image":{"@type":"ImageObject","inLanguage":"en-US","@id":"https:\/\/secure.gravatar.com\/avatar\/a06875e4b25feb5674296adf8e8a7ae1e587cebce2493fe63c456109967e27d3?s=96&d=mm&r=g","url":"https:\/\/secure.gravatar.com\/avatar\/a06875e4b25feb5674296adf8e8a7ae1e587cebce2493fe63c456109967e27d3?s=96&d=mm&r=g","contentUrl":"https:\/\/secure.gravatar.com\/avatar\/a06875e4b25feb5674296adf8e8a7ae1e587cebce2493fe63c456109967e27d3?s=96&d=mm&r=g","caption":"kalem"},"url":"https:\/\/akunq.net\/turkish\/author\/kalem\/"}]}},"_links":{"self":[{"href":"https:\/\/akunq.net\/turkish\/wp-json\/wp\/v2\/posts\/476","targetHints":{"allow":["GET"]}}],"collection":[{"href":"https:\/\/akunq.net\/turkish\/wp-json\/wp\/v2\/posts"}],"about":[{"href":"https:\/\/akunq.net\/turkish\/wp-json\/wp\/v2\/types\/post"}],"author":[{"embeddable":true,"href":"https:\/\/akunq.net\/turkish\/wp-json\/wp\/v2\/users\/3"}],"replies":[{"embeddable":true,"href":"https:\/\/akunq.net\/turkish\/wp-json\/wp\/v2\/comments?post=476"}],"version-history":[{"count":0,"href":"https:\/\/akunq.net\/turkish\/wp-json\/wp\/v2\/posts\/476\/revisions"}],"wp:attachment":[{"href":"https:\/\/akunq.net\/turkish\/wp-json\/wp\/v2\/media?parent=476"}],"wp:term":[{"taxonomy":"category","embeddable":true,"href":"https:\/\/akunq.net\/turkish\/wp-json\/wp\/v2\/categories?post=476"},{"taxonomy":"post_tag","embeddable":true,"href":"https:\/\/akunq.net\/turkish\/wp-json\/wp\/v2\/tags?post=476"}],"curies":[{"name":"wp","href":"https:\/\/api.w.org\/{rel}","templated":true}]}}