{"id":471,"date":"2010-02-23T07:16:12","date_gmt":"2010-02-23T12:16:12","guid":{"rendered":"http:\/\/akunq.net\/tr\/?p=471"},"modified":"2010-02-23T07:16:12","modified_gmt":"2010-02-23T12:16:12","slug":"mok","status":"publish","type":"post","link":"https:\/\/akunq.net\/turkish\/2010\/02\/23\/mok\/","title":{"rendered":"Mok"},"content":{"rendered":"<p style=\"text-align: justify\"><a rel=\"attachment wp-att-473\" href=\"http:\/\/akunq.net\/tr\/2010\/02\/23\/mok\/%d5%b4%d5%b8%d5%af%d6%84-2\/\"><img loading=\"lazy\" decoding=\"async\" class=\"alignnone size-full wp-image-473\" title=\"\u0544\u0578\u056f\u0584\" src=\"http:\/\/akunq.net\/tr\/wp-content\/uploads\/2010\/04\/\u0544\u0578\u056f\u05841.jpg\" alt=\"\" width=\"545\" height=\"202\" srcset=\"https:\/\/akunq.net\/turkish\/wp-content\/uploads\/sites\/5\/2010\/04\/\u0544\u0578\u056f\u05841.jpg 545w, https:\/\/akunq.net\/turkish\/wp-content\/uploads\/sites\/5\/2010\/04\/\u0544\u0578\u056f\u05841-300x111.jpg 300w\" sizes=\"auto, (max-width: 545px) 100vw, 545px\" \/><\/a><\/p>\n<p style=\"text-align: justify\">Ayn\u0131 adl\u0131 merkeziyle B\u00fcy\u00fck Hayk\u2019\u0131n vilayeti. Kuzeyden ve do\u011fudan Vaspurakan\u2019a, bat\u0131dan A\u011fdznik\u2019e, g\u00fcneyden Kor\u00e7ayk\u2019a s\u0131n\u0131rda\u015f. Mok vilayetinin il\u00e7eleri \u0130\u015fayr, M\u00fcs (di\u011fer) \u0130\u015fayr, \u0130\u015fots, Arvenits dzor, Mi\u015fa, Mok, Arandznak, Argastovit ve Cermadzor idi.<\/p>\n<p style=\"text-align: justify\">M.\u00d6. IX. y\u00fczy\u0131lda Mok b\u00f6lgesi, Urartu Devleti\u2019ne, M.\u00d6. VI. y\u00fczy\u0131l ba\u015f\u0131nda ise Ermeni Yervantuni Krall\u0131\u011f\u0131\u2019na d\u00e2hil olmu\u015ftur. Ermenilerin \u201ctarih babas\u0131\u201d Movses Khorenatsi\u2019ye (Khorenli Movses, V.yy) g\u00f6re Ermenistan kral\u0131 Va\u011far\u015fak, Mok\u2019a \u00f6zerk y\u00f6netim stat\u00fcs\u00fc vermi\u015fti. Ermenistan\u2019\u0131n g\u00fcney vilayeti olarak Mok\u2019un savunma a\u00e7\u0131s\u0131ndan \u00f6nemli bir durumu olmu\u015f ve y\u00f6neticileri devlet kademesinde etkili rol oynam\u0131\u015flard\u0131r.<\/p>\n<p style=\"text-align: justify\"><a rel=\"attachment wp-att-472\" href=\"http:\/\/akunq.net\/tr\/2010\/02\/23\/mok\/%d5%b4%d5%b8%d5%af%d6%84\/\"><img loading=\"lazy\" decoding=\"async\" class=\"alignleft size-full wp-image-472\" title=\"\u0544\u0578\u056f\u0584\" src=\"http:\/\/akunq.net\/tr\/wp-content\/uploads\/2010\/04\/\u0544\u0578\u056f\u0584.jpg\" alt=\"\" width=\"304\" height=\"247\" srcset=\"https:\/\/akunq.net\/turkish\/wp-content\/uploads\/sites\/5\/2010\/04\/\u0544\u0578\u056f\u0584.jpg 304w, https:\/\/akunq.net\/turkish\/wp-content\/uploads\/sites\/5\/2010\/04\/\u0544\u0578\u056f\u0584-300x244.jpg 300w\" sizes=\"auto, (max-width: 304px) 100vw, 304px\" \/><\/a>451 y\u0131l\u0131ndaki Avarayr sava\u015f\u0131nda Mok\u2019un b\u00fcy\u00fck prensi, birinci Ermeni ordusunun ikinci kumandan\u0131 olmu\u015ftu. Ermeni Ar\u015fakuni hanedanl\u0131\u011f\u0131n\u0131n y\u0131k\u0131l\u0131\u015f\u0131ndan sonra Mok prensleri ba\u011f\u0131ms\u0131zl\u0131klar\u0131n\u0131 korumu\u015flard\u0131r. VIII. y\u00fczy\u0131l\u0131n ba\u015f\u0131nda, Bagraduniler\u2019in bir kolu Mok\u2019a yerle\u015fmi\u015ftir.<\/p>\n<p style=\"text-align: justify\">IX. y\u00fczy\u0131l\u0131n ikinci yar\u0131s\u0131nda Mok b\u00f6lgesi Vaspurakan Ardzruni Krall\u0131\u011f\u0131\u2019na tabi olmu\u015ftur. X. y\u00fczy\u0131l\u0131n ikinci yar\u0131s\u0131nda Bizans, Vaspurakan\u2019\u0131 daha kolay elde etmek amac\u0131yla, Mok vilayetini etkisi alt\u0131na almaya \u00e7al\u0131\u015fm\u0131\u015ft\u0131r. Vaspurakan Krall\u0131\u011f\u0131\u2019n\u0131n y\u0131k\u0131l\u0131\u015f\u0131ndan sonra Mok vilayeti Bizans\u2019a ba\u011flanmakla birlikte Ardzruniler, Vaspuragan\u2019da kalm\u0131\u015f ve Ardzruni s\u00fclalesinin bir kolu olan Khedenekyanlar\u2019in \u00fcst\u00fcnl\u00fc\u011f\u00fcn\u00fc tan\u0131maktayd\u0131lar.<\/p>\n<p style=\"text-align: justify\">XVI. y\u00fczy\u0131l ba\u015flar\u0131nda Osmanl\u0131 Devleti, Mok b\u00f6lgesini istila etmi\u015f ve Van vilayetinin bir sanca\u011f\u0131 durumuna getirmi\u015ftir. XVI.-XIX. y\u00fczy\u0131llar\u0131nda Mok b\u00f6lgesinde h\u00e2la yar\u0131-\u00f6zerk Ermeni toplumlar\u0131 varl\u0131klar\u0131n\u0131 s\u00fcrd\u00fcrmekteydiler. Ermeniler ve k\u0131smen de K\u00fcrtler, b\u00f6lgede miras yoluyla toprak sahibi durumundayd\u0131lar. Ba\u011fc\u0131l\u0131k, pamuk \u00fcretimi, ya\u011f bitkileri \u00fcretimi ve ar\u0131c\u0131l\u0131k b\u00f6lgede geli\u015fmi\u015fti. 1915 y\u0131l\u0131nda Mok b\u00f6lgesindeki 49 yerle\u015fim yerinden 900\u2019\u00fcn \u00fczerinde aile zorunlu g\u00f6\u00e7e tabi tutulmu\u015f ve hemen t\u00fcm\u00fc \u00f6ld\u00fcr\u00fclm\u00fc\u015flerdir. Kurtulanlar, Do\u011fu Ermenistan\u2019a ge\u00e7erek ba\u015fl\u0131ca Talin ve A\u015ftarak b\u00f6lgeleri ve Sevan havzas\u0131na yerle\u015fmi\u015flerdir.<\/p>\n","protected":false},"excerpt":{"rendered":"<p>Ayn\u0131 adl\u0131 merkeziyle B\u00fcy\u00fck Hayk\u2019\u0131n vilayeti. Kuzeyden ve do\u011fudan Vaspurakan\u2019a, bat\u0131dan A\u011fdznik\u2019e, g\u00fcneyden Kor\u00e7ayk\u2019a s\u0131n\u0131rda\u015f. Mok vilayetinin il\u00e7eleri \u0130\u015fayr, M\u00fcs (di\u011fer) \u0130\u015fayr, \u0130\u015fots, Arvenits dzor, Mi\u015fa, Mok, Arandznak, Argastovit ve Cermadzor idi. M.\u00d6. IX. y\u00fczy\u0131lda Mok b\u00f6lgesi, Urartu Devleti\u2019ne, M.\u00d6. VI. y\u00fczy\u0131l ba\u015f\u0131nda ise Ermeni Yervantuni Krall\u0131\u011f\u0131\u2019na d\u00e2hil olmu\u015ftur. Ermenilerin \u201ctarih babas\u0131\u201d Movses Khorenatsi\u2019ye (Khorenli [&hellip;]<\/p>\n","protected":false},"author":3,"featured_media":0,"comment_status":"closed","ping_status":"open","sticky":false,"template":"","format":"standard","meta":{"footnotes":""},"categories":[55],"tags":[],"class_list":["post-471","post","type-post","status-publish","format-standard","hentry","category-buyuk-haykin-illeri"],"yoast_head":"<!-- This site is optimized with the Yoast SEO plugin v27.4 - https:\/\/yoast.com\/product\/yoast-seo-wordpress\/ -->\n<title>Mok - Bati Ermenistan Ve Bati Ermenileri Sorunlari Ara\u015ftirmalar Merkezi<\/title>\n<meta name=\"robots\" content=\"index, follow, max-snippet:-1, max-image-preview:large, max-video-preview:-1\" \/>\n<link rel=\"canonical\" href=\"https:\/\/akunq.net\/turkish\/2010\/02\/23\/mok\/\" \/>\n<meta property=\"og:locale\" content=\"en_US\" \/>\n<meta property=\"og:type\" content=\"article\" \/>\n<meta property=\"og:title\" content=\"Mok - Bati Ermenistan Ve Bati Ermenileri Sorunlari Ara\u015ftirmalar Merkezi\" \/>\n<meta property=\"og:description\" content=\"Ayn\u0131 adl\u0131 merkeziyle B\u00fcy\u00fck Hayk\u2019\u0131n vilayeti. Kuzeyden ve do\u011fudan Vaspurakan\u2019a, bat\u0131dan A\u011fdznik\u2019e, g\u00fcneyden Kor\u00e7ayk\u2019a s\u0131n\u0131rda\u015f. Mok vilayetinin il\u00e7eleri \u0130\u015fayr, M\u00fcs (di\u011fer) \u0130\u015fayr, \u0130\u015fots, Arvenits dzor, Mi\u015fa, Mok, Arandznak, Argastovit ve Cermadzor idi. M.\u00d6. IX. y\u00fczy\u0131lda Mok b\u00f6lgesi, Urartu Devleti\u2019ne, M.\u00d6. VI. y\u00fczy\u0131l ba\u015f\u0131nda ise Ermeni Yervantuni Krall\u0131\u011f\u0131\u2019na d\u00e2hil olmu\u015ftur. Ermenilerin \u201ctarih babas\u0131\u201d Movses Khorenatsi\u2019ye (Khorenli [&hellip;]\" \/>\n<meta property=\"og:url\" content=\"https:\/\/akunq.net\/turkish\/2010\/02\/23\/mok\/\" \/>\n<meta property=\"og:site_name\" content=\"Bati Ermenistan Ve Bati Ermenileri Sorunlari Ara\u015ftirmalar Merkezi\" \/>\n<meta property=\"article:published_time\" content=\"2010-02-23T12:16:12+00:00\" \/>\n<meta name=\"author\" content=\"kalem\" \/>\n<meta name=\"twitter:card\" content=\"summary_large_image\" \/>\n<meta name=\"twitter:label1\" content=\"Written by\" \/>\n\t<meta name=\"twitter:data1\" content=\"kalem\" \/>\n\t<meta name=\"twitter:label2\" content=\"Est. reading time\" \/>\n\t<meta name=\"twitter:data2\" content=\"2 minutes\" \/>\n<script type=\"application\/ld+json\" class=\"yoast-schema-graph\">{\"@context\":\"https:\\\/\\\/schema.org\",\"@graph\":[{\"@type\":\"Article\",\"@id\":\"https:\\\/\\\/akunq.net\\\/turkish\\\/2010\\\/02\\\/23\\\/mok\\\/#article\",\"isPartOf\":{\"@id\":\"https:\\\/\\\/akunq.net\\\/turkish\\\/2010\\\/02\\\/23\\\/mok\\\/\"},\"author\":{\"name\":\"kalem\",\"@id\":\"https:\\\/\\\/akunq.net\\\/turkish\\\/#\\\/schema\\\/person\\\/135e7923d1aeb8887890799619969a6c\"},\"headline\":\"Mok\",\"datePublished\":\"2010-02-23T12:16:12+00:00\",\"mainEntityOfPage\":{\"@id\":\"https:\\\/\\\/akunq.net\\\/turkish\\\/2010\\\/02\\\/23\\\/mok\\\/\"},\"wordCount\":392,\"articleSection\":[\"B\u00fcy\u00fck Hayk\u2019\u0131n \u0130lleri\"],\"inLanguage\":\"en-US\"},{\"@type\":\"WebPage\",\"@id\":\"https:\\\/\\\/akunq.net\\\/turkish\\\/2010\\\/02\\\/23\\\/mok\\\/\",\"url\":\"https:\\\/\\\/akunq.net\\\/turkish\\\/2010\\\/02\\\/23\\\/mok\\\/\",\"name\":\"Mok - Bati Ermenistan Ve Bati Ermenileri Sorunlari Ara\u015ftirmalar Merkezi\",\"isPartOf\":{\"@id\":\"https:\\\/\\\/akunq.net\\\/turkish\\\/#website\"},\"datePublished\":\"2010-02-23T12:16:12+00:00\",\"author\":{\"@id\":\"https:\\\/\\\/akunq.net\\\/turkish\\\/#\\\/schema\\\/person\\\/135e7923d1aeb8887890799619969a6c\"},\"breadcrumb\":{\"@id\":\"https:\\\/\\\/akunq.net\\\/turkish\\\/2010\\\/02\\\/23\\\/mok\\\/#breadcrumb\"},\"inLanguage\":\"en-US\",\"potentialAction\":[{\"@type\":\"ReadAction\",\"target\":[\"https:\\\/\\\/akunq.net\\\/turkish\\\/2010\\\/02\\\/23\\\/mok\\\/\"]}]},{\"@type\":\"BreadcrumbList\",\"@id\":\"https:\\\/\\\/akunq.net\\\/turkish\\\/2010\\\/02\\\/23\\\/mok\\\/#breadcrumb\",\"itemListElement\":[{\"@type\":\"ListItem\",\"position\":1,\"name\":\"Home\",\"item\":\"https:\\\/\\\/akunq.net\\\/turkish\\\/\"},{\"@type\":\"ListItem\",\"position\":2,\"name\":\"Mok\"}]},{\"@type\":\"WebSite\",\"@id\":\"https:\\\/\\\/akunq.net\\\/turkish\\\/#website\",\"url\":\"https:\\\/\\\/akunq.net\\\/turkish\\\/\",\"name\":\"Bati Ermenistan Ve Bati Ermenileri Sorunlari Ara\u015ftirmalar Merkezi\",\"description\":\"\",\"potentialAction\":[{\"@type\":\"SearchAction\",\"target\":{\"@type\":\"EntryPoint\",\"urlTemplate\":\"https:\\\/\\\/akunq.net\\\/turkish\\\/?s={search_term_string}\"},\"query-input\":{\"@type\":\"PropertyValueSpecification\",\"valueRequired\":true,\"valueName\":\"search_term_string\"}}],\"inLanguage\":\"en-US\"},{\"@type\":\"Person\",\"@id\":\"https:\\\/\\\/akunq.net\\\/turkish\\\/#\\\/schema\\\/person\\\/135e7923d1aeb8887890799619969a6c\",\"name\":\"kalem\",\"image\":{\"@type\":\"ImageObject\",\"inLanguage\":\"en-US\",\"@id\":\"https:\\\/\\\/secure.gravatar.com\\\/avatar\\\/a06875e4b25feb5674296adf8e8a7ae1e587cebce2493fe63c456109967e27d3?s=96&d=mm&r=g\",\"url\":\"https:\\\/\\\/secure.gravatar.com\\\/avatar\\\/a06875e4b25feb5674296adf8e8a7ae1e587cebce2493fe63c456109967e27d3?s=96&d=mm&r=g\",\"contentUrl\":\"https:\\\/\\\/secure.gravatar.com\\\/avatar\\\/a06875e4b25feb5674296adf8e8a7ae1e587cebce2493fe63c456109967e27d3?s=96&d=mm&r=g\",\"caption\":\"kalem\"},\"url\":\"https:\\\/\\\/akunq.net\\\/turkish\\\/author\\\/kalem\\\/\"}]}<\/script>\n<!-- \/ Yoast SEO plugin. -->","yoast_head_json":{"title":"Mok - Bati Ermenistan Ve Bati Ermenileri Sorunlari Ara\u015ftirmalar Merkezi","robots":{"index":"index","follow":"follow","max-snippet":"max-snippet:-1","max-image-preview":"max-image-preview:large","max-video-preview":"max-video-preview:-1"},"canonical":"https:\/\/akunq.net\/turkish\/2010\/02\/23\/mok\/","og_locale":"en_US","og_type":"article","og_title":"Mok - Bati Ermenistan Ve Bati Ermenileri Sorunlari Ara\u015ftirmalar Merkezi","og_description":"Ayn\u0131 adl\u0131 merkeziyle B\u00fcy\u00fck Hayk\u2019\u0131n vilayeti. Kuzeyden ve do\u011fudan Vaspurakan\u2019a, bat\u0131dan A\u011fdznik\u2019e, g\u00fcneyden Kor\u00e7ayk\u2019a s\u0131n\u0131rda\u015f. Mok vilayetinin il\u00e7eleri \u0130\u015fayr, M\u00fcs (di\u011fer) \u0130\u015fayr, \u0130\u015fots, Arvenits dzor, Mi\u015fa, Mok, Arandznak, Argastovit ve Cermadzor idi. M.\u00d6. IX. y\u00fczy\u0131lda Mok b\u00f6lgesi, Urartu Devleti\u2019ne, M.\u00d6. VI. y\u00fczy\u0131l ba\u015f\u0131nda ise Ermeni Yervantuni Krall\u0131\u011f\u0131\u2019na d\u00e2hil olmu\u015ftur. Ermenilerin \u201ctarih babas\u0131\u201d Movses Khorenatsi\u2019ye (Khorenli [&hellip;]","og_url":"https:\/\/akunq.net\/turkish\/2010\/02\/23\/mok\/","og_site_name":"Bati Ermenistan Ve Bati Ermenileri Sorunlari Ara\u015ftirmalar Merkezi","article_published_time":"2010-02-23T12:16:12+00:00","author":"kalem","twitter_card":"summary_large_image","twitter_misc":{"Written by":"kalem","Est. reading time":"2 minutes"},"schema":{"@context":"https:\/\/schema.org","@graph":[{"@type":"Article","@id":"https:\/\/akunq.net\/turkish\/2010\/02\/23\/mok\/#article","isPartOf":{"@id":"https:\/\/akunq.net\/turkish\/2010\/02\/23\/mok\/"},"author":{"name":"kalem","@id":"https:\/\/akunq.net\/turkish\/#\/schema\/person\/135e7923d1aeb8887890799619969a6c"},"headline":"Mok","datePublished":"2010-02-23T12:16:12+00:00","mainEntityOfPage":{"@id":"https:\/\/akunq.net\/turkish\/2010\/02\/23\/mok\/"},"wordCount":392,"articleSection":["B\u00fcy\u00fck Hayk\u2019\u0131n \u0130lleri"],"inLanguage":"en-US"},{"@type":"WebPage","@id":"https:\/\/akunq.net\/turkish\/2010\/02\/23\/mok\/","url":"https:\/\/akunq.net\/turkish\/2010\/02\/23\/mok\/","name":"Mok - Bati Ermenistan Ve Bati Ermenileri Sorunlari Ara\u015ftirmalar Merkezi","isPartOf":{"@id":"https:\/\/akunq.net\/turkish\/#website"},"datePublished":"2010-02-23T12:16:12+00:00","author":{"@id":"https:\/\/akunq.net\/turkish\/#\/schema\/person\/135e7923d1aeb8887890799619969a6c"},"breadcrumb":{"@id":"https:\/\/akunq.net\/turkish\/2010\/02\/23\/mok\/#breadcrumb"},"inLanguage":"en-US","potentialAction":[{"@type":"ReadAction","target":["https:\/\/akunq.net\/turkish\/2010\/02\/23\/mok\/"]}]},{"@type":"BreadcrumbList","@id":"https:\/\/akunq.net\/turkish\/2010\/02\/23\/mok\/#breadcrumb","itemListElement":[{"@type":"ListItem","position":1,"name":"Home","item":"https:\/\/akunq.net\/turkish\/"},{"@type":"ListItem","position":2,"name":"Mok"}]},{"@type":"WebSite","@id":"https:\/\/akunq.net\/turkish\/#website","url":"https:\/\/akunq.net\/turkish\/","name":"Bati Ermenistan Ve Bati Ermenileri Sorunlari Ara\u015ftirmalar Merkezi","description":"","potentialAction":[{"@type":"SearchAction","target":{"@type":"EntryPoint","urlTemplate":"https:\/\/akunq.net\/turkish\/?s={search_term_string}"},"query-input":{"@type":"PropertyValueSpecification","valueRequired":true,"valueName":"search_term_string"}}],"inLanguage":"en-US"},{"@type":"Person","@id":"https:\/\/akunq.net\/turkish\/#\/schema\/person\/135e7923d1aeb8887890799619969a6c","name":"kalem","image":{"@type":"ImageObject","inLanguage":"en-US","@id":"https:\/\/secure.gravatar.com\/avatar\/a06875e4b25feb5674296adf8e8a7ae1e587cebce2493fe63c456109967e27d3?s=96&d=mm&r=g","url":"https:\/\/secure.gravatar.com\/avatar\/a06875e4b25feb5674296adf8e8a7ae1e587cebce2493fe63c456109967e27d3?s=96&d=mm&r=g","contentUrl":"https:\/\/secure.gravatar.com\/avatar\/a06875e4b25feb5674296adf8e8a7ae1e587cebce2493fe63c456109967e27d3?s=96&d=mm&r=g","caption":"kalem"},"url":"https:\/\/akunq.net\/turkish\/author\/kalem\/"}]}},"_links":{"self":[{"href":"https:\/\/akunq.net\/turkish\/wp-json\/wp\/v2\/posts\/471","targetHints":{"allow":["GET"]}}],"collection":[{"href":"https:\/\/akunq.net\/turkish\/wp-json\/wp\/v2\/posts"}],"about":[{"href":"https:\/\/akunq.net\/turkish\/wp-json\/wp\/v2\/types\/post"}],"author":[{"embeddable":true,"href":"https:\/\/akunq.net\/turkish\/wp-json\/wp\/v2\/users\/3"}],"replies":[{"embeddable":true,"href":"https:\/\/akunq.net\/turkish\/wp-json\/wp\/v2\/comments?post=471"}],"version-history":[{"count":0,"href":"https:\/\/akunq.net\/turkish\/wp-json\/wp\/v2\/posts\/471\/revisions"}],"wp:attachment":[{"href":"https:\/\/akunq.net\/turkish\/wp-json\/wp\/v2\/media?parent=471"}],"wp:term":[{"taxonomy":"category","embeddable":true,"href":"https:\/\/akunq.net\/turkish\/wp-json\/wp\/v2\/categories?post=471"},{"taxonomy":"post_tag","embeddable":true,"href":"https:\/\/akunq.net\/turkish\/wp-json\/wp\/v2\/tags?post=471"}],"curies":[{"name":"wp","href":"https:\/\/api.w.org\/{rel}","templated":true}]}}