{"id":466,"date":"2010-02-23T07:11:46","date_gmt":"2010-02-23T12:11:46","guid":{"rendered":"http:\/\/akunq.net\/tr\/?p=466"},"modified":"2010-02-23T07:11:46","modified_gmt":"2010-02-23T12:11:46","slug":"utik","status":"publish","type":"post","link":"https:\/\/akunq.net\/turkish\/2010\/02\/23\/utik\/","title":{"rendered":"Utik"},"content":{"rendered":"<p style=\"text-align: justify\"><a rel=\"attachment wp-att-468\" href=\"http:\/\/akunq.net\/tr\/2010\/02\/23\/utik\/%d5%b8%d6%82%d5%bf%d5%ab%d6%84-2\/\"><img loading=\"lazy\" decoding=\"async\" class=\"alignnone size-full wp-image-468\" title=\"\u0548\u0582\u057f\u056b\u0584\" src=\"http:\/\/akunq.net\/tr\/wp-content\/uploads\/2010\/04\/\u0548\u0582\u057f\u056b\u05841.jpg\" alt=\"\" width=\"543\" height=\"202\" srcset=\"https:\/\/akunq.net\/turkish\/wp-content\/uploads\/sites\/5\/2010\/04\/\u0548\u0582\u057f\u056b\u05841.jpg 543w, https:\/\/akunq.net\/turkish\/wp-content\/uploads\/sites\/5\/2010\/04\/\u0548\u0582\u057f\u056b\u05841-300x112.jpg 300w\" sizes=\"auto, (max-width: 543px) 100vw, 543px\" \/><\/a><\/p>\n<p style=\"text-align: justify\">Utik, B\u00fcy\u00fck Hayk\u2019\u0131n on ikinci vilayetidir. Bat\u0131dan Gugark, kuzeybat\u0131dan Ayrarat ve S\u00fcnik, g\u00fcneybat\u0131dan Artsakh, g\u00fcneyden Paytakaran vilayetleriyle s\u0131n\u0131rda\u015ft\u0131.<\/p>\n<p style=\"text-align: justify\">M.\u00d6. VIII. y\u00fczy\u0131l\u0131n ilk yar\u0131s\u0131nda Urartu kral\u0131 II. Sardur\u2019un ordular\u0131 Utik\u2019e girer, ayn\u0131 y\u00fczy\u0131l\u0131n ikinci yar\u0131s\u0131nda ise I. Rusa taraf\u0131ndan bu b\u00f6lge Urartu Devleti\u2019ne ba\u011flan\u0131r. M.\u00d6. VI. y\u00fczy\u0131lda Urartu Devleti\u2019nin \u00e7\u00f6k\u00fc\u015f\u00fcnden sonra Utik, Ermeni Yervanduni Krall\u0131\u011f\u0131\u2019na d\u00e2hil olarak kraliyet k\u0131\u015fl\u0131\u011f\u0131 olarak kullan\u0131l\u0131r. M.\u00d6. II. y\u00fczy\u0131lda Utik, Arta\u015fesyan hanedanl\u0131\u011f\u0131 d\u00f6neminde B\u00fcy\u00fck Hayk\u2019\u0131n vilayetidir. M.\u00d6. I. y\u00fczy\u0131lda Ermenistan kral\u0131 II. B\u00fcy\u00fck Tigran Tagavora\u011fb\u00fcr (Kralp\u0131nar\u0131) olarak an\u0131lan yerde Tigranakert \u015fehrini in\u015fa eder. Baz\u0131 idari de\u011fi\u015fimler nedeniyle Utik, III. Y\u00fczy\u0131lda \u00f6nce 7, daha sonra ise 8 il\u00e7eden meydana gelmi\u015fti: Aranrot, Tri, Rotparsyan, A\u011fve, Tuskstak, Gardman, \u015eaka\u015fen ve Uti Arandznak: 301 y\u0131l\u0131ndan itibaren Utik\u2019te de H\u0131ristiyanl\u0131k yay\u0131lmaya ba\u015flam\u0131\u015f ve bu konuda Ayd\u0131nlat\u0131c\u0131 Grigor\u2019un torunu Grigoris episkopos b\u00fcy\u00fck rol oynam\u0131\u015ft\u0131r.<\/p>\n<p style=\"text-align: justify\"><a rel=\"attachment wp-att-467\" href=\"http:\/\/akunq.net\/tr\/2010\/02\/23\/utik\/%d5%b8%d6%82%d5%bf%d5%ab%d6%84\/\"><img loading=\"lazy\" decoding=\"async\" class=\"alignleft size-full wp-image-467\" title=\"\u0548\u0582\u057f\u056b\u0584\" src=\"http:\/\/akunq.net\/tr\/wp-content\/uploads\/2010\/04\/\u0548\u0582\u057f\u056b\u0584.jpg\" alt=\"\" width=\"300\" height=\"231\" \/><\/a>B\u00fcy\u00fck Hayk\u2019\u0131n 387 y\u0131l\u0131ndaki b\u00f6l\u00fcnmesinden sonra Utik, III. Khosrov\u2019un Do\u011fu Ermenistan\u2019\u0131 s\u0131n\u0131rlar\u0131nda kalm\u0131\u015ft\u0131. Ermeni alfabesini yeniden d\u00fczenleyen Mesrop Ma\u015ftots V. y\u00fczy\u0131l ba\u015flar\u0131nda Utik\u2019te \u00f6\u011frencileriyle ba\u015flatt\u0131\u011f\u0131 e\u011fitim hareketi sayesinde Ermenice yaz\u0131 ve e\u011fitimini yayg\u0131nla\u015ft\u0131rm\u0131\u015ft\u0131. 450-451\u2019de Vardan Mamikonyan \u00f6nderli\u011findeki \u0130ran kar\u015f\u0131t\u0131 ayaklanmaya Utik\u2019in Ermeni n\u00fcfusu da kat\u0131lm\u0131\u015ft\u0131.<\/p>\n<p style=\"text-align: justify\">V. y\u00fczy\u0131l\u0131n sonunda Utik, Artsakh (Karaba\u011f) Ermeni Aran\u015fahikler Krall\u0131\u011f\u0131\u2019na d\u00e2hil oldu. VII. y\u00fczy\u0131lda Utik, Arap egemenli\u011fine girmi\u015f ve Arap-Khazar (Hazar) sava\u015flar\u0131na sahne olmu\u015ftur. IX. y\u00fczy\u0131l ba\u015flar\u0131nda Kuzey Kafkasya\u2019dan Ermenistan\u2019a ge\u00e7en Sevortiler Utik\u2019e yerle\u015fip H\u0131ristiyanl\u0131\u011f\u0131 kabul ederek Ermenile\u015fmi\u015flerdir. 840\u2019li y\u0131llarda Utik b\u00f6lgesinde Gandzak \u015fehri kurulur.<\/p>\n<p style=\"text-align: justify\">IX. y\u00fczy\u0131l sonlar\u0131nda Utik\u2019in kuzeybat\u0131 k\u0131sm\u0131 Bagratuni Ermeni Krall\u0131\u011f\u0131 b\u00fcnyesine d\u00e2hil edilir. XI. y\u00fczy\u0131l\u0131n ikinci yar\u0131s\u0131nda Sel\u00e7uklular Utik\u2019i i\u015fgal ederler. XII. y\u00fczy\u0131l\u0131n sonlar\u0131nda Utik\u2019in bat\u0131 k\u0131s\u0131mlar\u0131 Zakaryanlar taraf\u0131ndan kurtar\u0131l\u0131p Vahramyan s\u00fclalesinin m\u00fclk\u00fcne d\u00f6n\u00fc\u015ft\u00fcr\u00fcl\u00fcr. XIV. y\u00fczy\u0131l sonu ve XV. y\u00fczy\u0131l ba\u015flar\u0131nda Utik, Lenk-Timur\u2019un ordular\u0131n\u0131n istilas\u0131na u\u011frar. XVII.-XVIII. y\u00fczy\u0131llar\u0131 aras\u0131nda Utik\u2019in Ermeni n\u00fcfusu oval\u0131k b\u00f6lgelerden uzakla\u015f\u0131p y\u00fcksek ve da\u011fl\u0131k b\u00f6lgelere yerle\u015fmeye mecbur olur ve k\u0131smen de Gandzak \u015fehrine yerle\u015fir.<\/p>\n<p style=\"text-align: justify\">Utik Vilayeti, XIX. y\u00fczy\u0131l\u0131n 40-50\u2019li y\u0131llar\u0131nda Tiflis, XIX. y\u00fczy\u0131l sonunda ve XX. y\u00fczy\u0131l ba\u015flar\u0131nda genel olarak Yelizavetpol ve k\u0131smen Baku vilayetlerine d\u00e2hil olur.<\/p>\n","protected":false},"excerpt":{"rendered":"<p>Utik, B\u00fcy\u00fck Hayk\u2019\u0131n on ikinci vilayetidir. Bat\u0131dan Gugark, kuzeybat\u0131dan Ayrarat ve S\u00fcnik, g\u00fcneybat\u0131dan Artsakh, g\u00fcneyden Paytakaran vilayetleriyle s\u0131n\u0131rda\u015ft\u0131. M.\u00d6. VIII. y\u00fczy\u0131l\u0131n ilk yar\u0131s\u0131nda Urartu kral\u0131 II. Sardur\u2019un ordular\u0131 Utik\u2019e girer, ayn\u0131 y\u00fczy\u0131l\u0131n ikinci yar\u0131s\u0131nda ise I. Rusa taraf\u0131ndan bu b\u00f6lge Urartu Devleti\u2019ne ba\u011flan\u0131r. M.\u00d6. VI. y\u00fczy\u0131lda Urartu Devleti\u2019nin \u00e7\u00f6k\u00fc\u015f\u00fcnden sonra Utik, Ermeni Yervanduni Krall\u0131\u011f\u0131\u2019na d\u00e2hil [&hellip;]<\/p>\n","protected":false},"author":3,"featured_media":0,"comment_status":"closed","ping_status":"open","sticky":false,"template":"","format":"standard","meta":{"footnotes":""},"categories":[55],"tags":[],"class_list":["post-466","post","type-post","status-publish","format-standard","hentry","category-buyuk-haykin-illeri"],"yoast_head":"<!-- This site is optimized with the Yoast SEO plugin v27.4 - https:\/\/yoast.com\/product\/yoast-seo-wordpress\/ -->\n<title>Utik - Bati Ermenistan Ve Bati Ermenileri Sorunlari Ara\u015ftirmalar Merkezi<\/title>\n<meta name=\"robots\" content=\"index, follow, max-snippet:-1, max-image-preview:large, max-video-preview:-1\" \/>\n<link rel=\"canonical\" href=\"https:\/\/akunq.net\/turkish\/2010\/02\/23\/utik\/\" \/>\n<meta property=\"og:locale\" content=\"en_US\" \/>\n<meta property=\"og:type\" content=\"article\" \/>\n<meta property=\"og:title\" content=\"Utik - Bati Ermenistan Ve Bati Ermenileri Sorunlari Ara\u015ftirmalar Merkezi\" \/>\n<meta property=\"og:description\" content=\"Utik, B\u00fcy\u00fck Hayk\u2019\u0131n on ikinci vilayetidir. Bat\u0131dan Gugark, kuzeybat\u0131dan Ayrarat ve S\u00fcnik, g\u00fcneybat\u0131dan Artsakh, g\u00fcneyden Paytakaran vilayetleriyle s\u0131n\u0131rda\u015ft\u0131. M.\u00d6. VIII. y\u00fczy\u0131l\u0131n ilk yar\u0131s\u0131nda Urartu kral\u0131 II. Sardur\u2019un ordular\u0131 Utik\u2019e girer, ayn\u0131 y\u00fczy\u0131l\u0131n ikinci yar\u0131s\u0131nda ise I. Rusa taraf\u0131ndan bu b\u00f6lge Urartu Devleti\u2019ne ba\u011flan\u0131r. M.\u00d6. VI. y\u00fczy\u0131lda Urartu Devleti\u2019nin \u00e7\u00f6k\u00fc\u015f\u00fcnden sonra Utik, Ermeni Yervanduni Krall\u0131\u011f\u0131\u2019na d\u00e2hil [&hellip;]\" \/>\n<meta property=\"og:url\" content=\"https:\/\/akunq.net\/turkish\/2010\/02\/23\/utik\/\" \/>\n<meta property=\"og:site_name\" content=\"Bati Ermenistan Ve Bati Ermenileri Sorunlari Ara\u015ftirmalar Merkezi\" \/>\n<meta property=\"article:published_time\" content=\"2010-02-23T12:11:46+00:00\" \/>\n<meta name=\"author\" content=\"kalem\" \/>\n<meta name=\"twitter:card\" content=\"summary_large_image\" \/>\n<meta name=\"twitter:label1\" content=\"Written by\" \/>\n\t<meta name=\"twitter:data1\" content=\"kalem\" \/>\n\t<meta name=\"twitter:label2\" content=\"Est. reading time\" \/>\n\t<meta name=\"twitter:data2\" content=\"3 minutes\" \/>\n<script type=\"application\/ld+json\" class=\"yoast-schema-graph\">{\"@context\":\"https:\\\/\\\/schema.org\",\"@graph\":[{\"@type\":\"Article\",\"@id\":\"https:\\\/\\\/akunq.net\\\/turkish\\\/2010\\\/02\\\/23\\\/utik\\\/#article\",\"isPartOf\":{\"@id\":\"https:\\\/\\\/akunq.net\\\/turkish\\\/2010\\\/02\\\/23\\\/utik\\\/\"},\"author\":{\"name\":\"kalem\",\"@id\":\"https:\\\/\\\/akunq.net\\\/turkish\\\/#\\\/schema\\\/person\\\/135e7923d1aeb8887890799619969a6c\"},\"headline\":\"Utik\",\"datePublished\":\"2010-02-23T12:11:46+00:00\",\"mainEntityOfPage\":{\"@id\":\"https:\\\/\\\/akunq.net\\\/turkish\\\/2010\\\/02\\\/23\\\/utik\\\/\"},\"wordCount\":518,\"articleSection\":[\"B\u00fcy\u00fck Hayk\u2019\u0131n \u0130lleri\"],\"inLanguage\":\"en-US\"},{\"@type\":\"WebPage\",\"@id\":\"https:\\\/\\\/akunq.net\\\/turkish\\\/2010\\\/02\\\/23\\\/utik\\\/\",\"url\":\"https:\\\/\\\/akunq.net\\\/turkish\\\/2010\\\/02\\\/23\\\/utik\\\/\",\"name\":\"Utik - Bati Ermenistan Ve Bati Ermenileri Sorunlari Ara\u015ftirmalar Merkezi\",\"isPartOf\":{\"@id\":\"https:\\\/\\\/akunq.net\\\/turkish\\\/#website\"},\"datePublished\":\"2010-02-23T12:11:46+00:00\",\"author\":{\"@id\":\"https:\\\/\\\/akunq.net\\\/turkish\\\/#\\\/schema\\\/person\\\/135e7923d1aeb8887890799619969a6c\"},\"breadcrumb\":{\"@id\":\"https:\\\/\\\/akunq.net\\\/turkish\\\/2010\\\/02\\\/23\\\/utik\\\/#breadcrumb\"},\"inLanguage\":\"en-US\",\"potentialAction\":[{\"@type\":\"ReadAction\",\"target\":[\"https:\\\/\\\/akunq.net\\\/turkish\\\/2010\\\/02\\\/23\\\/utik\\\/\"]}]},{\"@type\":\"BreadcrumbList\",\"@id\":\"https:\\\/\\\/akunq.net\\\/turkish\\\/2010\\\/02\\\/23\\\/utik\\\/#breadcrumb\",\"itemListElement\":[{\"@type\":\"ListItem\",\"position\":1,\"name\":\"Home\",\"item\":\"https:\\\/\\\/akunq.net\\\/turkish\\\/\"},{\"@type\":\"ListItem\",\"position\":2,\"name\":\"Utik\"}]},{\"@type\":\"WebSite\",\"@id\":\"https:\\\/\\\/akunq.net\\\/turkish\\\/#website\",\"url\":\"https:\\\/\\\/akunq.net\\\/turkish\\\/\",\"name\":\"Bati Ermenistan Ve Bati Ermenileri Sorunlari Ara\u015ftirmalar Merkezi\",\"description\":\"\",\"potentialAction\":[{\"@type\":\"SearchAction\",\"target\":{\"@type\":\"EntryPoint\",\"urlTemplate\":\"https:\\\/\\\/akunq.net\\\/turkish\\\/?s={search_term_string}\"},\"query-input\":{\"@type\":\"PropertyValueSpecification\",\"valueRequired\":true,\"valueName\":\"search_term_string\"}}],\"inLanguage\":\"en-US\"},{\"@type\":\"Person\",\"@id\":\"https:\\\/\\\/akunq.net\\\/turkish\\\/#\\\/schema\\\/person\\\/135e7923d1aeb8887890799619969a6c\",\"name\":\"kalem\",\"image\":{\"@type\":\"ImageObject\",\"inLanguage\":\"en-US\",\"@id\":\"https:\\\/\\\/secure.gravatar.com\\\/avatar\\\/a06875e4b25feb5674296adf8e8a7ae1e587cebce2493fe63c456109967e27d3?s=96&d=mm&r=g\",\"url\":\"https:\\\/\\\/secure.gravatar.com\\\/avatar\\\/a06875e4b25feb5674296adf8e8a7ae1e587cebce2493fe63c456109967e27d3?s=96&d=mm&r=g\",\"contentUrl\":\"https:\\\/\\\/secure.gravatar.com\\\/avatar\\\/a06875e4b25feb5674296adf8e8a7ae1e587cebce2493fe63c456109967e27d3?s=96&d=mm&r=g\",\"caption\":\"kalem\"},\"url\":\"https:\\\/\\\/akunq.net\\\/turkish\\\/author\\\/kalem\\\/\"}]}<\/script>\n<!-- \/ Yoast SEO plugin. -->","yoast_head_json":{"title":"Utik - Bati Ermenistan Ve Bati Ermenileri Sorunlari Ara\u015ftirmalar Merkezi","robots":{"index":"index","follow":"follow","max-snippet":"max-snippet:-1","max-image-preview":"max-image-preview:large","max-video-preview":"max-video-preview:-1"},"canonical":"https:\/\/akunq.net\/turkish\/2010\/02\/23\/utik\/","og_locale":"en_US","og_type":"article","og_title":"Utik - Bati Ermenistan Ve Bati Ermenileri Sorunlari Ara\u015ftirmalar Merkezi","og_description":"Utik, B\u00fcy\u00fck Hayk\u2019\u0131n on ikinci vilayetidir. Bat\u0131dan Gugark, kuzeybat\u0131dan Ayrarat ve S\u00fcnik, g\u00fcneybat\u0131dan Artsakh, g\u00fcneyden Paytakaran vilayetleriyle s\u0131n\u0131rda\u015ft\u0131. M.\u00d6. VIII. y\u00fczy\u0131l\u0131n ilk yar\u0131s\u0131nda Urartu kral\u0131 II. Sardur\u2019un ordular\u0131 Utik\u2019e girer, ayn\u0131 y\u00fczy\u0131l\u0131n ikinci yar\u0131s\u0131nda ise I. Rusa taraf\u0131ndan bu b\u00f6lge Urartu Devleti\u2019ne ba\u011flan\u0131r. M.\u00d6. VI. y\u00fczy\u0131lda Urartu Devleti\u2019nin \u00e7\u00f6k\u00fc\u015f\u00fcnden sonra Utik, Ermeni Yervanduni Krall\u0131\u011f\u0131\u2019na d\u00e2hil [&hellip;]","og_url":"https:\/\/akunq.net\/turkish\/2010\/02\/23\/utik\/","og_site_name":"Bati Ermenistan Ve Bati Ermenileri Sorunlari Ara\u015ftirmalar Merkezi","article_published_time":"2010-02-23T12:11:46+00:00","author":"kalem","twitter_card":"summary_large_image","twitter_misc":{"Written by":"kalem","Est. reading time":"3 minutes"},"schema":{"@context":"https:\/\/schema.org","@graph":[{"@type":"Article","@id":"https:\/\/akunq.net\/turkish\/2010\/02\/23\/utik\/#article","isPartOf":{"@id":"https:\/\/akunq.net\/turkish\/2010\/02\/23\/utik\/"},"author":{"name":"kalem","@id":"https:\/\/akunq.net\/turkish\/#\/schema\/person\/135e7923d1aeb8887890799619969a6c"},"headline":"Utik","datePublished":"2010-02-23T12:11:46+00:00","mainEntityOfPage":{"@id":"https:\/\/akunq.net\/turkish\/2010\/02\/23\/utik\/"},"wordCount":518,"articleSection":["B\u00fcy\u00fck Hayk\u2019\u0131n \u0130lleri"],"inLanguage":"en-US"},{"@type":"WebPage","@id":"https:\/\/akunq.net\/turkish\/2010\/02\/23\/utik\/","url":"https:\/\/akunq.net\/turkish\/2010\/02\/23\/utik\/","name":"Utik - Bati Ermenistan Ve Bati Ermenileri Sorunlari Ara\u015ftirmalar Merkezi","isPartOf":{"@id":"https:\/\/akunq.net\/turkish\/#website"},"datePublished":"2010-02-23T12:11:46+00:00","author":{"@id":"https:\/\/akunq.net\/turkish\/#\/schema\/person\/135e7923d1aeb8887890799619969a6c"},"breadcrumb":{"@id":"https:\/\/akunq.net\/turkish\/2010\/02\/23\/utik\/#breadcrumb"},"inLanguage":"en-US","potentialAction":[{"@type":"ReadAction","target":["https:\/\/akunq.net\/turkish\/2010\/02\/23\/utik\/"]}]},{"@type":"BreadcrumbList","@id":"https:\/\/akunq.net\/turkish\/2010\/02\/23\/utik\/#breadcrumb","itemListElement":[{"@type":"ListItem","position":1,"name":"Home","item":"https:\/\/akunq.net\/turkish\/"},{"@type":"ListItem","position":2,"name":"Utik"}]},{"@type":"WebSite","@id":"https:\/\/akunq.net\/turkish\/#website","url":"https:\/\/akunq.net\/turkish\/","name":"Bati Ermenistan Ve Bati Ermenileri Sorunlari Ara\u015ftirmalar Merkezi","description":"","potentialAction":[{"@type":"SearchAction","target":{"@type":"EntryPoint","urlTemplate":"https:\/\/akunq.net\/turkish\/?s={search_term_string}"},"query-input":{"@type":"PropertyValueSpecification","valueRequired":true,"valueName":"search_term_string"}}],"inLanguage":"en-US"},{"@type":"Person","@id":"https:\/\/akunq.net\/turkish\/#\/schema\/person\/135e7923d1aeb8887890799619969a6c","name":"kalem","image":{"@type":"ImageObject","inLanguage":"en-US","@id":"https:\/\/secure.gravatar.com\/avatar\/a06875e4b25feb5674296adf8e8a7ae1e587cebce2493fe63c456109967e27d3?s=96&d=mm&r=g","url":"https:\/\/secure.gravatar.com\/avatar\/a06875e4b25feb5674296adf8e8a7ae1e587cebce2493fe63c456109967e27d3?s=96&d=mm&r=g","contentUrl":"https:\/\/secure.gravatar.com\/avatar\/a06875e4b25feb5674296adf8e8a7ae1e587cebce2493fe63c456109967e27d3?s=96&d=mm&r=g","caption":"kalem"},"url":"https:\/\/akunq.net\/turkish\/author\/kalem\/"}]}},"_links":{"self":[{"href":"https:\/\/akunq.net\/turkish\/wp-json\/wp\/v2\/posts\/466","targetHints":{"allow":["GET"]}}],"collection":[{"href":"https:\/\/akunq.net\/turkish\/wp-json\/wp\/v2\/posts"}],"about":[{"href":"https:\/\/akunq.net\/turkish\/wp-json\/wp\/v2\/types\/post"}],"author":[{"embeddable":true,"href":"https:\/\/akunq.net\/turkish\/wp-json\/wp\/v2\/users\/3"}],"replies":[{"embeddable":true,"href":"https:\/\/akunq.net\/turkish\/wp-json\/wp\/v2\/comments?post=466"}],"version-history":[{"count":0,"href":"https:\/\/akunq.net\/turkish\/wp-json\/wp\/v2\/posts\/466\/revisions"}],"wp:attachment":[{"href":"https:\/\/akunq.net\/turkish\/wp-json\/wp\/v2\/media?parent=466"}],"wp:term":[{"taxonomy":"category","embeddable":true,"href":"https:\/\/akunq.net\/turkish\/wp-json\/wp\/v2\/categories?post=466"},{"taxonomy":"post_tag","embeddable":true,"href":"https:\/\/akunq.net\/turkish\/wp-json\/wp\/v2\/tags?post=466"}],"curies":[{"name":"wp","href":"https:\/\/api.w.org\/{rel}","templated":true}]}}