{"id":46,"date":"2010-04-14T02:00:31","date_gmt":"2010-04-14T07:00:31","guid":{"rendered":"http:\/\/akunq.net\/tr\/?p=46"},"modified":"2010-04-14T02:00:31","modified_gmt":"2010-04-14T07:00:31","slug":"ankara-univesitesinde-ermeni-dili-egitimi-verilecek","status":"publish","type":"post","link":"https:\/\/akunq.net\/turkish\/2010\/04\/14\/ankara-univesitesinde-ermeni-dili-egitimi-verilecek\/","title":{"rendered":"Ankara \u00dcnivesitesi&#8217;nde Ermeni dili e\u011fitimi verilecek"},"content":{"rendered":"<p style=\"text-align: justify\"><strong>Y\u00d6K Y\u00fcr\u00fctme Kurulu \u00dcyesi Prof. Dr. Durmu\u015f G\u00fcnay, &#8220;Ankara \u00dcniversitesinden gelen Ermenice dil e\u011fitimi program\u0131 konusu Y\u00d6K\u2019te de\u011ferlendirildi ve a\u00e7\u0131lmas\u0131 kabul edildi. Bu program\u0131n \u00f6n\u00fcm\u00fczdeki y\u0131l e\u011fitim vermeye ba\u015flayaca\u011f\u0131n\u0131 tahmin ediyoruz&#8221; dedi.<\/strong><\/p>\n<p style=\"text-align: justify\">G\u00fcnay, devletin \u00e7e\u015fitli kurumlar\u0131ndan <a href=\"http:\/\/www.milliyet.com.tr\/index\/Ermenice\" target=\"_blank\">Ermenice<\/a> bilen personel talebi geldi\u011fini ifade etti.<br \/>\n<a href=\"http:\/\/www.milliyet.com.tr\/index\/Turkiye\" target=\"_blank\">T\u00fcrkiye<\/a>\u2019de Ermenice bilen \u00e7ok az insan oldu\u011funu bu nedenle <a href=\"http:\/\/www.milliyet.com.tr\/index\/Ermeni\" target=\"_blank\">Ermeni<\/a> dilini bilen yeti\u015fmi\u015f insanlar\u0131n arand\u0131\u011f\u0131n\u0131 ifade eden G\u00fcnay, art\u0131k <strong><span style=\"text-decoration: underline\">T\u00fcrkiye<\/span><\/strong>\u2019deki \u00fcniversitelerin d\u0131\u015fa a\u00e7\u0131ld\u0131\u011f\u0131n\u0131 kaydederek, \u015funlar\u0131 s\u00f6yledi.<br \/>\n&#8220;Bundan 20-30 y\u0131l \u00f6nceki \u00fcniversite anlay\u0131\u015f\u0131 de\u011fi\u015fti. Bir k\u00fcreselle\u015fme s\u00fcreci ya\u015fan\u0131yor. Bu anlamda b\u00fct\u00fcn dillerde e\u011fitim alm\u0131\u015f yeti\u015fmi\u015f insan g\u00fcc\u00fcne ihtiyac\u0131m\u0131z var. Yabanc\u0131 Uyruklu \u00d6\u011frenci S\u0131nav\u0131\u2019n\u0131 (Y\u00d6S) da kald\u0131rd\u0131k. T\u00fcrkiye\u2019deki \u00fcniversiteleri t\u00fcm d\u00fcnyaya a\u00e7mak istiyoruz. Dolay\u0131s\u0131yla b\u00fct\u00fcn dillerde yeti\u015fmi\u015f insan g\u00fcc\u00fc olmas\u0131 gerekiyor. Bu nedenle \u00f6ncelikle \u0130ngilizce\u2019ye te\u015fvik ediyoruz. G\u00fcn\u00fcm\u00fczde \u0130ngilizce uluslararas\u0131 bir dil haline geldi.&#8221;<\/p>\n<p style=\"text-align: justify\">\u00dcniversitelerde hangi program\u0131n a\u00e7\u0131laca\u011f\u0131na \u00fcniversite y\u00f6netimlerinin karar verdi\u011fini anlatan Prof. Dr. G\u00fcnay, s\u00f6zlerini \u015f\u00f6yle s\u00fcrd\u00fcrd\u00fc. &#8220;<a href=\"http:\/\/www.milliyet.com.tr\/index\/YOK\" target=\"_blank\">Y\u00d6K<\/a> de \u00fcniversitelerin bu taleplerini de\u011ferlendirerek yeni program a\u00e7malar\u0131na karar veriyor. \u00dcniversitelerimiz bu konuda serbestler. <a href=\"http:\/\/www.milliyet.com.tr\/index\/Ankara\" target=\"_blank\">Ankara<\/a> \u00dcniversitesinden gelen Ermenice dil e\u011fitimi program\u0131 konusu Y\u00d6K\u2019te de\u011ferlendirildi ve a\u00e7\u0131lmas\u0131 kabul edildi. Bu program\u0131n \u00f6n\u00fcm\u00fczdeki y\u0131l e\u011fitim vermeye ba\u015flayaca\u011f\u0131n\u0131 tahmin ediyoruz.&#8221;<\/p>\n<p style=\"text-align: justify\">milliyet.com.tr 13.4.2010<\/p>\n","protected":false},"excerpt":{"rendered":"<p>Y\u00d6K Y\u00fcr\u00fctme Kurulu \u00dcyesi Prof. Dr. Durmu\u015f G\u00fcnay, &#8220;Ankara \u00dcniversitesinden gelen Ermenice dil e\u011fitimi program\u0131 konusu Y\u00d6K\u2019te de\u011ferlendirildi ve a\u00e7\u0131lmas\u0131 kabul edildi. Bu program\u0131n \u00f6n\u00fcm\u00fczdeki y\u0131l e\u011fitim vermeye ba\u015flayaca\u011f\u0131n\u0131 tahmin ediyoruz&#8221; dedi. G\u00fcnay, devletin \u00e7e\u015fitli kurumlar\u0131ndan Ermenice bilen personel talebi geldi\u011fini ifade etti. T\u00fcrkiye\u2019de Ermenice bilen \u00e7ok az insan oldu\u011funu bu nedenle Ermeni dilini bilen [&hellip;]<\/p>\n","protected":false},"author":3,"featured_media":0,"comment_status":"closed","ping_status":"open","sticky":false,"template":"","format":"standard","meta":{"footnotes":""},"categories":[14],"tags":[],"class_list":["post-46","post","type-post","status-publish","format-standard","hentry","category-haberler"],"yoast_head":"<!-- This site is optimized with the Yoast SEO plugin v27.4 - https:\/\/yoast.com\/product\/yoast-seo-wordpress\/ -->\n<title>Ankara \u00dcnivesitesi&#039;nde Ermeni dili e\u011fitimi verilecek - Bati Ermenistan Ve Bati Ermenileri Sorunlari Ara\u015ftirmalar Merkezi<\/title>\n<meta name=\"robots\" content=\"index, follow, max-snippet:-1, max-image-preview:large, max-video-preview:-1\" \/>\n<link rel=\"canonical\" href=\"https:\/\/akunq.net\/turkish\/2010\/04\/14\/ankara-univesitesinde-ermeni-dili-egitimi-verilecek\/\" \/>\n<meta property=\"og:locale\" content=\"en_US\" \/>\n<meta property=\"og:type\" content=\"article\" \/>\n<meta property=\"og:title\" content=\"Ankara \u00dcnivesitesi&#039;nde Ermeni dili e\u011fitimi verilecek - Bati Ermenistan Ve Bati Ermenileri Sorunlari Ara\u015ftirmalar Merkezi\" \/>\n<meta property=\"og:description\" content=\"Y\u00d6K Y\u00fcr\u00fctme Kurulu \u00dcyesi Prof. Dr. Durmu\u015f G\u00fcnay, &#8220;Ankara \u00dcniversitesinden gelen Ermenice dil e\u011fitimi program\u0131 konusu Y\u00d6K\u2019te de\u011ferlendirildi ve a\u00e7\u0131lmas\u0131 kabul edildi. Bu program\u0131n \u00f6n\u00fcm\u00fczdeki y\u0131l e\u011fitim vermeye ba\u015flayaca\u011f\u0131n\u0131 tahmin ediyoruz&#8221; dedi. G\u00fcnay, devletin \u00e7e\u015fitli kurumlar\u0131ndan Ermenice bilen personel talebi geldi\u011fini ifade etti. T\u00fcrkiye\u2019de Ermenice bilen \u00e7ok az insan oldu\u011funu bu nedenle Ermeni dilini bilen [&hellip;]\" \/>\n<meta property=\"og:url\" content=\"https:\/\/akunq.net\/turkish\/2010\/04\/14\/ankara-univesitesinde-ermeni-dili-egitimi-verilecek\/\" \/>\n<meta property=\"og:site_name\" content=\"Bati Ermenistan Ve Bati Ermenileri Sorunlari Ara\u015ftirmalar Merkezi\" \/>\n<meta property=\"article:published_time\" content=\"2010-04-14T07:00:31+00:00\" \/>\n<meta name=\"author\" content=\"kalem\" \/>\n<meta name=\"twitter:card\" content=\"summary_large_image\" \/>\n<meta name=\"twitter:label1\" content=\"Written by\" \/>\n\t<meta name=\"twitter:data1\" content=\"kalem\" \/>\n\t<meta name=\"twitter:label2\" content=\"Est. reading time\" \/>\n\t<meta name=\"twitter:data2\" content=\"1 minute\" \/>\n<script type=\"application\/ld+json\" class=\"yoast-schema-graph\">{\"@context\":\"https:\\\/\\\/schema.org\",\"@graph\":[{\"@type\":\"Article\",\"@id\":\"https:\\\/\\\/akunq.net\\\/turkish\\\/2010\\\/04\\\/14\\\/ankara-univesitesinde-ermeni-dili-egitimi-verilecek\\\/#article\",\"isPartOf\":{\"@id\":\"https:\\\/\\\/akunq.net\\\/turkish\\\/2010\\\/04\\\/14\\\/ankara-univesitesinde-ermeni-dili-egitimi-verilecek\\\/\"},\"author\":{\"name\":\"kalem\",\"@id\":\"https:\\\/\\\/akunq.net\\\/turkish\\\/#\\\/schema\\\/person\\\/135e7923d1aeb8887890799619969a6c\"},\"headline\":\"Ankara \u00dcnivesitesi&#8217;nde Ermeni dili e\u011fitimi verilecek\",\"datePublished\":\"2010-04-14T07:00:31+00:00\",\"mainEntityOfPage\":{\"@id\":\"https:\\\/\\\/akunq.net\\\/turkish\\\/2010\\\/04\\\/14\\\/ankara-univesitesinde-ermeni-dili-egitimi-verilecek\\\/\"},\"wordCount\":284,\"articleSection\":[\"Haberler\"],\"inLanguage\":\"en-US\"},{\"@type\":\"WebPage\",\"@id\":\"https:\\\/\\\/akunq.net\\\/turkish\\\/2010\\\/04\\\/14\\\/ankara-univesitesinde-ermeni-dili-egitimi-verilecek\\\/\",\"url\":\"https:\\\/\\\/akunq.net\\\/turkish\\\/2010\\\/04\\\/14\\\/ankara-univesitesinde-ermeni-dili-egitimi-verilecek\\\/\",\"name\":\"Ankara \u00dcnivesitesi'nde Ermeni dili e\u011fitimi verilecek - Bati Ermenistan Ve Bati Ermenileri Sorunlari Ara\u015ftirmalar Merkezi\",\"isPartOf\":{\"@id\":\"https:\\\/\\\/akunq.net\\\/turkish\\\/#website\"},\"datePublished\":\"2010-04-14T07:00:31+00:00\",\"author\":{\"@id\":\"https:\\\/\\\/akunq.net\\\/turkish\\\/#\\\/schema\\\/person\\\/135e7923d1aeb8887890799619969a6c\"},\"breadcrumb\":{\"@id\":\"https:\\\/\\\/akunq.net\\\/turkish\\\/2010\\\/04\\\/14\\\/ankara-univesitesinde-ermeni-dili-egitimi-verilecek\\\/#breadcrumb\"},\"inLanguage\":\"en-US\",\"potentialAction\":[{\"@type\":\"ReadAction\",\"target\":[\"https:\\\/\\\/akunq.net\\\/turkish\\\/2010\\\/04\\\/14\\\/ankara-univesitesinde-ermeni-dili-egitimi-verilecek\\\/\"]}]},{\"@type\":\"BreadcrumbList\",\"@id\":\"https:\\\/\\\/akunq.net\\\/turkish\\\/2010\\\/04\\\/14\\\/ankara-univesitesinde-ermeni-dili-egitimi-verilecek\\\/#breadcrumb\",\"itemListElement\":[{\"@type\":\"ListItem\",\"position\":1,\"name\":\"Home\",\"item\":\"https:\\\/\\\/akunq.net\\\/turkish\\\/\"},{\"@type\":\"ListItem\",\"position\":2,\"name\":\"Ankara \u00dcnivesitesi&#8217;nde Ermeni dili e\u011fitimi verilecek\"}]},{\"@type\":\"WebSite\",\"@id\":\"https:\\\/\\\/akunq.net\\\/turkish\\\/#website\",\"url\":\"https:\\\/\\\/akunq.net\\\/turkish\\\/\",\"name\":\"Bati Ermenistan Ve Bati Ermenileri Sorunlari Ara\u015ftirmalar Merkezi\",\"description\":\"\",\"potentialAction\":[{\"@type\":\"SearchAction\",\"target\":{\"@type\":\"EntryPoint\",\"urlTemplate\":\"https:\\\/\\\/akunq.net\\\/turkish\\\/?s={search_term_string}\"},\"query-input\":{\"@type\":\"PropertyValueSpecification\",\"valueRequired\":true,\"valueName\":\"search_term_string\"}}],\"inLanguage\":\"en-US\"},{\"@type\":\"Person\",\"@id\":\"https:\\\/\\\/akunq.net\\\/turkish\\\/#\\\/schema\\\/person\\\/135e7923d1aeb8887890799619969a6c\",\"name\":\"kalem\",\"image\":{\"@type\":\"ImageObject\",\"inLanguage\":\"en-US\",\"@id\":\"https:\\\/\\\/secure.gravatar.com\\\/avatar\\\/a06875e4b25feb5674296adf8e8a7ae1e587cebce2493fe63c456109967e27d3?s=96&d=mm&r=g\",\"url\":\"https:\\\/\\\/secure.gravatar.com\\\/avatar\\\/a06875e4b25feb5674296adf8e8a7ae1e587cebce2493fe63c456109967e27d3?s=96&d=mm&r=g\",\"contentUrl\":\"https:\\\/\\\/secure.gravatar.com\\\/avatar\\\/a06875e4b25feb5674296adf8e8a7ae1e587cebce2493fe63c456109967e27d3?s=96&d=mm&r=g\",\"caption\":\"kalem\"},\"url\":\"https:\\\/\\\/akunq.net\\\/turkish\\\/author\\\/kalem\\\/\"}]}<\/script>\n<!-- \/ Yoast SEO plugin. -->","yoast_head_json":{"title":"Ankara \u00dcnivesitesi'nde Ermeni dili e\u011fitimi verilecek - Bati Ermenistan Ve Bati Ermenileri Sorunlari Ara\u015ftirmalar Merkezi","robots":{"index":"index","follow":"follow","max-snippet":"max-snippet:-1","max-image-preview":"max-image-preview:large","max-video-preview":"max-video-preview:-1"},"canonical":"https:\/\/akunq.net\/turkish\/2010\/04\/14\/ankara-univesitesinde-ermeni-dili-egitimi-verilecek\/","og_locale":"en_US","og_type":"article","og_title":"Ankara \u00dcnivesitesi'nde Ermeni dili e\u011fitimi verilecek - Bati Ermenistan Ve Bati Ermenileri Sorunlari Ara\u015ftirmalar Merkezi","og_description":"Y\u00d6K Y\u00fcr\u00fctme Kurulu \u00dcyesi Prof. Dr. Durmu\u015f G\u00fcnay, &#8220;Ankara \u00dcniversitesinden gelen Ermenice dil e\u011fitimi program\u0131 konusu Y\u00d6K\u2019te de\u011ferlendirildi ve a\u00e7\u0131lmas\u0131 kabul edildi. Bu program\u0131n \u00f6n\u00fcm\u00fczdeki y\u0131l e\u011fitim vermeye ba\u015flayaca\u011f\u0131n\u0131 tahmin ediyoruz&#8221; dedi. G\u00fcnay, devletin \u00e7e\u015fitli kurumlar\u0131ndan Ermenice bilen personel talebi geldi\u011fini ifade etti. T\u00fcrkiye\u2019de Ermenice bilen \u00e7ok az insan oldu\u011funu bu nedenle Ermeni dilini bilen [&hellip;]","og_url":"https:\/\/akunq.net\/turkish\/2010\/04\/14\/ankara-univesitesinde-ermeni-dili-egitimi-verilecek\/","og_site_name":"Bati Ermenistan Ve Bati Ermenileri Sorunlari Ara\u015ftirmalar Merkezi","article_published_time":"2010-04-14T07:00:31+00:00","author":"kalem","twitter_card":"summary_large_image","twitter_misc":{"Written by":"kalem","Est. reading time":"1 minute"},"schema":{"@context":"https:\/\/schema.org","@graph":[{"@type":"Article","@id":"https:\/\/akunq.net\/turkish\/2010\/04\/14\/ankara-univesitesinde-ermeni-dili-egitimi-verilecek\/#article","isPartOf":{"@id":"https:\/\/akunq.net\/turkish\/2010\/04\/14\/ankara-univesitesinde-ermeni-dili-egitimi-verilecek\/"},"author":{"name":"kalem","@id":"https:\/\/akunq.net\/turkish\/#\/schema\/person\/135e7923d1aeb8887890799619969a6c"},"headline":"Ankara \u00dcnivesitesi&#8217;nde Ermeni dili e\u011fitimi verilecek","datePublished":"2010-04-14T07:00:31+00:00","mainEntityOfPage":{"@id":"https:\/\/akunq.net\/turkish\/2010\/04\/14\/ankara-univesitesinde-ermeni-dili-egitimi-verilecek\/"},"wordCount":284,"articleSection":["Haberler"],"inLanguage":"en-US"},{"@type":"WebPage","@id":"https:\/\/akunq.net\/turkish\/2010\/04\/14\/ankara-univesitesinde-ermeni-dili-egitimi-verilecek\/","url":"https:\/\/akunq.net\/turkish\/2010\/04\/14\/ankara-univesitesinde-ermeni-dili-egitimi-verilecek\/","name":"Ankara \u00dcnivesitesi'nde Ermeni dili e\u011fitimi verilecek - Bati Ermenistan Ve Bati Ermenileri Sorunlari Ara\u015ftirmalar Merkezi","isPartOf":{"@id":"https:\/\/akunq.net\/turkish\/#website"},"datePublished":"2010-04-14T07:00:31+00:00","author":{"@id":"https:\/\/akunq.net\/turkish\/#\/schema\/person\/135e7923d1aeb8887890799619969a6c"},"breadcrumb":{"@id":"https:\/\/akunq.net\/turkish\/2010\/04\/14\/ankara-univesitesinde-ermeni-dili-egitimi-verilecek\/#breadcrumb"},"inLanguage":"en-US","potentialAction":[{"@type":"ReadAction","target":["https:\/\/akunq.net\/turkish\/2010\/04\/14\/ankara-univesitesinde-ermeni-dili-egitimi-verilecek\/"]}]},{"@type":"BreadcrumbList","@id":"https:\/\/akunq.net\/turkish\/2010\/04\/14\/ankara-univesitesinde-ermeni-dili-egitimi-verilecek\/#breadcrumb","itemListElement":[{"@type":"ListItem","position":1,"name":"Home","item":"https:\/\/akunq.net\/turkish\/"},{"@type":"ListItem","position":2,"name":"Ankara \u00dcnivesitesi&#8217;nde Ermeni dili e\u011fitimi verilecek"}]},{"@type":"WebSite","@id":"https:\/\/akunq.net\/turkish\/#website","url":"https:\/\/akunq.net\/turkish\/","name":"Bati Ermenistan Ve Bati Ermenileri Sorunlari Ara\u015ftirmalar Merkezi","description":"","potentialAction":[{"@type":"SearchAction","target":{"@type":"EntryPoint","urlTemplate":"https:\/\/akunq.net\/turkish\/?s={search_term_string}"},"query-input":{"@type":"PropertyValueSpecification","valueRequired":true,"valueName":"search_term_string"}}],"inLanguage":"en-US"},{"@type":"Person","@id":"https:\/\/akunq.net\/turkish\/#\/schema\/person\/135e7923d1aeb8887890799619969a6c","name":"kalem","image":{"@type":"ImageObject","inLanguage":"en-US","@id":"https:\/\/secure.gravatar.com\/avatar\/a06875e4b25feb5674296adf8e8a7ae1e587cebce2493fe63c456109967e27d3?s=96&d=mm&r=g","url":"https:\/\/secure.gravatar.com\/avatar\/a06875e4b25feb5674296adf8e8a7ae1e587cebce2493fe63c456109967e27d3?s=96&d=mm&r=g","contentUrl":"https:\/\/secure.gravatar.com\/avatar\/a06875e4b25feb5674296adf8e8a7ae1e587cebce2493fe63c456109967e27d3?s=96&d=mm&r=g","caption":"kalem"},"url":"https:\/\/akunq.net\/turkish\/author\/kalem\/"}]}},"_links":{"self":[{"href":"https:\/\/akunq.net\/turkish\/wp-json\/wp\/v2\/posts\/46","targetHints":{"allow":["GET"]}}],"collection":[{"href":"https:\/\/akunq.net\/turkish\/wp-json\/wp\/v2\/posts"}],"about":[{"href":"https:\/\/akunq.net\/turkish\/wp-json\/wp\/v2\/types\/post"}],"author":[{"embeddable":true,"href":"https:\/\/akunq.net\/turkish\/wp-json\/wp\/v2\/users\/3"}],"replies":[{"embeddable":true,"href":"https:\/\/akunq.net\/turkish\/wp-json\/wp\/v2\/comments?post=46"}],"version-history":[{"count":0,"href":"https:\/\/akunq.net\/turkish\/wp-json\/wp\/v2\/posts\/46\/revisions"}],"wp:attachment":[{"href":"https:\/\/akunq.net\/turkish\/wp-json\/wp\/v2\/media?parent=46"}],"wp:term":[{"taxonomy":"category","embeddable":true,"href":"https:\/\/akunq.net\/turkish\/wp-json\/wp\/v2\/categories?post=46"},{"taxonomy":"post_tag","embeddable":true,"href":"https:\/\/akunq.net\/turkish\/wp-json\/wp\/v2\/tags?post=46"}],"curies":[{"name":"wp","href":"https:\/\/api.w.org\/{rel}","templated":true}]}}