{"id":455,"date":"2010-02-23T06:48:05","date_gmt":"2010-02-23T11:48:05","guid":{"rendered":"http:\/\/akunq.net\/tr\/?p=455"},"modified":"2010-02-23T06:48:05","modified_gmt":"2010-02-23T11:48:05","slug":"sunik","status":"publish","type":"post","link":"https:\/\/akunq.net\/turkish\/2010\/02\/23\/sunik\/","title":{"rendered":"S\u00fcnik"},"content":{"rendered":"<p style=\"text-align: justify\"><a rel=\"attachment wp-att-456\" href=\"http:\/\/akunq.net\/tr\/2010\/02\/23\/sunik\/%d5%bd%d5%b5%d5%b8%d6%82%d5%b6%d5%ab%d6%84\/\"><img loading=\"lazy\" decoding=\"async\" class=\"alignnone size-full wp-image-456\" title=\"\u054d\u0575\u0578\u0582\u0576\u056b\u0584\" src=\"http:\/\/akunq.net\/tr\/wp-content\/uploads\/2010\/04\/\u054d\u0575\u0578\u0582\u0576\u056b\u0584.jpg\" alt=\"\" width=\"598\" height=\"232\" srcset=\"https:\/\/akunq.net\/turkish\/wp-content\/uploads\/sites\/5\/2010\/04\/\u054d\u0575\u0578\u0582\u0576\u056b\u0584.jpg 598w, https:\/\/akunq.net\/turkish\/wp-content\/uploads\/sites\/5\/2010\/04\/\u054d\u0575\u0578\u0582\u0576\u056b\u0584-300x116.jpg 300w\" sizes=\"auto, (max-width: 598px) 100vw, 598px\" \/><\/a><\/p>\n<p style=\"text-align: justify\">S\u00fcnik, B\u00fcy\u00fck Hayk\u2019\u0131n dokuzuncu vilayetidir. Bat\u0131 ve kuzeybat\u0131da Ayrarat, kuzeydo\u011fu ve do\u011fuda Artsakh, g\u00fcney ve g\u00fcneydo\u011fuda ise Vaspurakan\u2019a s\u0131n\u0131rda\u015ft\u0131. S\u00fcnik\u2019in il\u00e7eleri Yerncak, \u00c7ahuk, Vayots Dzor, Geh\u011farkunik, Sodk, A\u011fahe\u00e7k, Dz\u011fuk, Haband, Ba\u011fk, \u00c7ork, Arevik ve Kovsakan\u2019d\u0131r.<\/p>\n<p style=\"text-align: justify\">\u00a0M.\u00d6. I. biny\u0131llarda S\u00fcnik b\u00f6lgesinde ya\u015fayan kabileler VIII. y\u00fczy\u0131l ba\u015f\u0131ndan itibaren Urartu Devleti\u2019nin siyasi etki alan\u0131na girmi\u015flerdir. Urartu h\u00fck\u00fcmdarlar\u0131, S\u00fcnik b\u00f6lgesinde yap\u0131land\u0131rma \u00e7al\u0131\u015fmalar\u0131 y\u00fcr\u00fcterek kaleler ve \u015fehirler in\u015fa etmi\u015f, kanallar a\u00e7m\u0131\u015flard\u0131r. M.\u00d6. VI. y\u00fczy\u0131l ba\u015f\u0131nda S\u00fcnik b\u00f6lgesi Ermeni Yervanduni Krall\u0131\u011f\u0131\u2019na, M.\u00d6. V.-IV. y\u00fczy\u0131llar\u0131nda ise Akemenik \u0130ran\u2019\u0131n 18. Satrapl\u0131\u011f\u0131na d\u00e2hil edilmi\u015ftir.<\/p>\n<p style=\"text-align: justify\">\u00a0M.\u00d6. IV. y\u00fczy\u0131l sonlar\u0131nda, Yunan-Makedon istilas\u0131 sonunda S\u00fcnik b\u00f6lgesi, ba\u011f\u0131ms\u0131zl\u0131\u011f\u0131n\u0131 tekrar elde etmi\u015f olan Ermeni Yervantuni Krall\u0131\u011f\u0131, M.\u00d6.189 y\u0131l\u0131nda ise Arta\u015fesyanlar\u2019\u0131n B\u00fcy\u00fck Hayk Krall\u0131\u011f\u0131\u2019na d\u00e2hil olmu\u015ftur. Ar\u015fakuniler\u2019in B\u00fcy\u00fck Hayk\u2019ta h\u00fck\u00fcm s\u00fcrmesi esnas\u0131nda S\u00fcnik beyli\u011fi v\u00fccut bulmu\u015ftur. S\u00fcnik beyli\u011fi, B\u00fcy\u00fck Hayk\u2019\u0131n en g\u00fc\u00e7l\u00fc m\u00fclk\u00fc idare birimlerinden biri olmu\u015f, \u00f6nemli g\u00f6revler y\u00fcr\u00fctm\u00fc\u015f, Ermeni ordusunun do\u011fu kanad\u0131n\u0131n komutanlar\u0131 olmu\u015f ve belli bir d\u00f6nem A\u011fdznik bde\u015fkhli\u011fi (beylerbeylik) koltu\u011funa sahip olmu\u015flard\u0131r.<\/p>\n<p style=\"text-align: justify\"><a rel=\"attachment wp-att-457\" href=\"http:\/\/akunq.net\/tr\/2010\/02\/23\/sunik\/%d5%a1%d6%80%d6%81%d5%a1%d5%ad-%d5%bd%d5%b5%d5%b8%d6%82%d5%b6%d5%ab%d6%84\/\"><img loading=\"lazy\" decoding=\"async\" class=\"alignleft size-full wp-image-457\" title=\"\u0531\u0580\u0581\u0561\u056d, \u054d\u0575\u0578\u0582\u0576\u056b\u0584\" src=\"http:\/\/akunq.net\/tr\/wp-content\/uploads\/2010\/04\/\u0531\u0580\u0581\u0561\u056d-\u054d\u0575\u0578\u0582\u0576\u056b\u0584.jpg\" alt=\"\" width=\"299\" height=\"185\" \/><\/a>B\u00fcy\u00fck Hayk Krall\u0131\u011f\u0131\u2019n\u0131n 387 y\u0131l\u0131ndaki b\u00f6l\u00fcnmesinden sonra S\u00fcnik, Sasani \u0130ran\u2019\u0131n y\u00f6netimi alt\u0131nda kalm\u0131\u015ft\u0131r. 440 y\u0131l\u0131nda, S\u00fcnik prensi Vasak S\u00fcni, Ermenistan\u2019\u0131n marzpan\u0131 (vasal) tayin edilmi\u015ftir. Vasak S\u00fcni\u2019nin, Vardan Mamikonyan liderli\u011findeki Persler\u2019e kar\u015f\u0131 y\u00fcr\u00fct\u00fclen isyan esnas\u0131nda Pers Devleti\u2019yle i\u015fbirli\u011fi yapmas\u0131na ra\u011fmen, S\u00fcnik halk\u0131n\u0131n b\u00fcy\u00fck b\u00f6l\u00fcm\u00fc kurtulu\u015f sava\u015f\u0131na kat\u0131lm\u0131\u015ft\u0131r.<\/p>\n<p style=\"text-align: justify\">\u00a0571 y\u0131l\u0131nda S\u00fcnik, Ermenistan marzpanl\u0131\u011f\u0131 (vasall\u0131k) b\u00fcnyesinden \u00e7\u0131kart\u0131l\u0131p, \u00f6zerk \u201c\u015fehir\u201d olarak Atrpatakan\u2019a ba\u011flanm\u0131\u015ft\u0131r. Arap ak\u0131nlar\u0131na kadar bu idari \u015fekil korunmu\u015ftur. VIII. y\u00fczy\u0131l ba\u015flar\u0131nda, Arap y\u00f6netimi esnas\u0131nda S\u00fcnik, Armenia b\u00f6lgesine d\u00e2hil edilmi\u015ftir. Arap y\u00f6netimi esnas\u0131nda S\u00fcnik beyli\u011fi varl\u0131\u011f\u0131n\u0131 korumaya muvaffak olmu\u015f, hatta hissedilir derecede g\u00fc\u00e7lenmi\u015f, feodal ili\u015fkileri geli\u015fmi\u015ftir. 826-827 y\u0131llar\u0131 aras\u0131nda H\u00fcrrem ordular\u0131 Ba\u011fk ve Ge\u011farkunik b\u00f6lgelerinde kokun\u00e7 y\u0131k\u0131mlara yol a\u00e7m\u0131\u015f, halk\u0131 k\u0131rm\u0131\u015flard\u0131r.<\/p>\n<p style=\"text-align: justify\">\u00a0Bagratuni Ermeni Krall\u0131\u011f\u0131 zaman\u0131nda S\u00fcnik beyleri bu krall\u0131\u011fa d\u00e2hil olmu\u015flard\u0131r. X. y\u00fczy\u0131l\u0131n 70-80\u2019li y\u0131llar\u0131nda S\u00fcnik\u2019in siyasi merkezi ad\u0131m-ad\u0131m g\u00fcneye kayarak beylerbeylik Ba\u011fk y\u00f6neticisi I. Smbat\u2019a ge\u00e7mi\u015ftir. 987 y\u0131l\u0131nda Smbat, S\u00fcnik\u2019i krall\u0131k ilan etmi\u015ftir.<\/p>\n<p style=\"text-align: justify\">\u00a01103 y\u0131l\u0131nda S\u00fcnik\u2019in ba\u015f\u015fehri Kapan, Sel\u00e7uklular taraf\u0131ndan y\u0131k\u0131ma u\u011fram\u0131\u015ft\u0131r. 1170 y\u0131l\u0131nda S\u00fcnik Krall\u0131\u011f\u0131 ortadan kalkm\u0131\u015ft\u0131r. XIII. y\u00fczy\u0131l ba\u015flar\u0131nda Zakaryan prensleri y\u00f6netiminde S\u00fcnik, Sel\u00e7uklular\u0131n elinden kurtar\u0131lm\u0131\u015ft\u0131r. S\u00fcnik\u2019te iki yeni prenslik s\u00fclalesi kurulmu\u015ftur Orbelyanlar ve Kha\u011fbakyanlar. 1230 y\u0131l\u0131nda bu iki s\u00fclale Mo\u011fol egemenli\u011fini tan\u0131m\u0131\u015flard\u0131r.<\/p>\n<p style=\"text-align: justify\">1720\u2019li y\u0131llarda S\u00fcnik Ermeni toplumu \u0130ran egemenli\u011fine kar\u015f\u0131 ayaklanm\u0131\u015ft\u0131r. \u0130syan\u0131n eleba\u015f\u0131s\u0131 Davit Bey g\u00fcney S\u00fcnik\u2019i kurtararak \u00f6zerk bir devletin temellerini atm\u0131\u015ft\u0131r. Davit Bey, 1725\u201327 y\u0131llar\u0131nda S\u00fcnik\u2019i i\u015fgal etmeye yeltenen Osmanl\u0131 ordusuna kar\u015f\u0131 da ba\u015far\u0131l\u0131 sava\u015flar y\u00fcr\u00fctm\u00fc\u015ft\u00fcr. 1730\u2019da isyan hareketi s\u00f6nmeye y\u00fcz tutmu\u015f, 1826\u201328 Rus-\u0130ran sava\u015f\u0131ndan sonra ise t\u00fcm S\u00fcnik b\u00f6lgesi Rusya\u2019ya ba\u011flanm\u0131\u015ft\u0131r.<\/p>\n","protected":false},"excerpt":{"rendered":"<p>S\u00fcnik, B\u00fcy\u00fck Hayk\u2019\u0131n dokuzuncu vilayetidir. Bat\u0131 ve kuzeybat\u0131da Ayrarat, kuzeydo\u011fu ve do\u011fuda Artsakh, g\u00fcney ve g\u00fcneydo\u011fuda ise Vaspurakan\u2019a s\u0131n\u0131rda\u015ft\u0131. S\u00fcnik\u2019in il\u00e7eleri Yerncak, \u00c7ahuk, Vayots Dzor, Geh\u011farkunik, Sodk, A\u011fahe\u00e7k, Dz\u011fuk, Haband, Ba\u011fk, \u00c7ork, Arevik ve Kovsakan\u2019d\u0131r. \u00a0M.\u00d6. I. biny\u0131llarda S\u00fcnik b\u00f6lgesinde ya\u015fayan kabileler VIII. y\u00fczy\u0131l ba\u015f\u0131ndan itibaren Urartu Devleti\u2019nin siyasi etki alan\u0131na girmi\u015flerdir. Urartu h\u00fck\u00fcmdarlar\u0131, S\u00fcnik [&hellip;]<\/p>\n","protected":false},"author":3,"featured_media":0,"comment_status":"closed","ping_status":"open","sticky":false,"template":"","format":"standard","meta":{"footnotes":""},"categories":[55],"tags":[],"class_list":["post-455","post","type-post","status-publish","format-standard","hentry","category-buyuk-haykin-illeri"],"yoast_head":"<!-- This site is optimized with the Yoast SEO plugin v27.4 - https:\/\/yoast.com\/product\/yoast-seo-wordpress\/ -->\n<title>S\u00fcnik - Bati Ermenistan Ve Bati Ermenileri Sorunlari Ara\u015ftirmalar Merkezi<\/title>\n<meta name=\"robots\" content=\"index, follow, max-snippet:-1, max-image-preview:large, max-video-preview:-1\" \/>\n<link rel=\"canonical\" href=\"https:\/\/akunq.net\/turkish\/2010\/02\/23\/sunik\/\" \/>\n<meta property=\"og:locale\" content=\"en_US\" \/>\n<meta property=\"og:type\" content=\"article\" \/>\n<meta property=\"og:title\" content=\"S\u00fcnik - Bati Ermenistan Ve Bati Ermenileri Sorunlari Ara\u015ftirmalar Merkezi\" \/>\n<meta property=\"og:description\" content=\"S\u00fcnik, B\u00fcy\u00fck Hayk\u2019\u0131n dokuzuncu vilayetidir. Bat\u0131 ve kuzeybat\u0131da Ayrarat, kuzeydo\u011fu ve do\u011fuda Artsakh, g\u00fcney ve g\u00fcneydo\u011fuda ise Vaspurakan\u2019a s\u0131n\u0131rda\u015ft\u0131. S\u00fcnik\u2019in il\u00e7eleri Yerncak, \u00c7ahuk, Vayots Dzor, Geh\u011farkunik, Sodk, A\u011fahe\u00e7k, Dz\u011fuk, Haband, Ba\u011fk, \u00c7ork, Arevik ve Kovsakan\u2019d\u0131r. \u00a0M.\u00d6. I. biny\u0131llarda S\u00fcnik b\u00f6lgesinde ya\u015fayan kabileler VIII. y\u00fczy\u0131l ba\u015f\u0131ndan itibaren Urartu Devleti\u2019nin siyasi etki alan\u0131na girmi\u015flerdir. Urartu h\u00fck\u00fcmdarlar\u0131, S\u00fcnik [&hellip;]\" \/>\n<meta property=\"og:url\" content=\"https:\/\/akunq.net\/turkish\/2010\/02\/23\/sunik\/\" \/>\n<meta property=\"og:site_name\" content=\"Bati Ermenistan Ve Bati Ermenileri Sorunlari Ara\u015ftirmalar Merkezi\" \/>\n<meta property=\"article:published_time\" content=\"2010-02-23T11:48:05+00:00\" \/>\n<meta name=\"author\" content=\"kalem\" \/>\n<meta name=\"twitter:card\" content=\"summary_large_image\" \/>\n<meta name=\"twitter:label1\" content=\"Written by\" \/>\n\t<meta name=\"twitter:data1\" content=\"kalem\" \/>\n\t<meta name=\"twitter:label2\" content=\"Est. reading time\" \/>\n\t<meta name=\"twitter:data2\" content=\"3 minutes\" \/>\n<script type=\"application\/ld+json\" class=\"yoast-schema-graph\">{\"@context\":\"https:\\\/\\\/schema.org\",\"@graph\":[{\"@type\":\"Article\",\"@id\":\"https:\\\/\\\/akunq.net\\\/turkish\\\/2010\\\/02\\\/23\\\/sunik\\\/#article\",\"isPartOf\":{\"@id\":\"https:\\\/\\\/akunq.net\\\/turkish\\\/2010\\\/02\\\/23\\\/sunik\\\/\"},\"author\":{\"name\":\"kalem\",\"@id\":\"https:\\\/\\\/akunq.net\\\/turkish\\\/#\\\/schema\\\/person\\\/135e7923d1aeb8887890799619969a6c\"},\"headline\":\"S\u00fcnik\",\"datePublished\":\"2010-02-23T11:48:05+00:00\",\"mainEntityOfPage\":{\"@id\":\"https:\\\/\\\/akunq.net\\\/turkish\\\/2010\\\/02\\\/23\\\/sunik\\\/\"},\"wordCount\":682,\"articleSection\":[\"B\u00fcy\u00fck Hayk\u2019\u0131n \u0130lleri\"],\"inLanguage\":\"en-US\"},{\"@type\":\"WebPage\",\"@id\":\"https:\\\/\\\/akunq.net\\\/turkish\\\/2010\\\/02\\\/23\\\/sunik\\\/\",\"url\":\"https:\\\/\\\/akunq.net\\\/turkish\\\/2010\\\/02\\\/23\\\/sunik\\\/\",\"name\":\"S\u00fcnik - Bati Ermenistan Ve Bati Ermenileri Sorunlari Ara\u015ftirmalar Merkezi\",\"isPartOf\":{\"@id\":\"https:\\\/\\\/akunq.net\\\/turkish\\\/#website\"},\"datePublished\":\"2010-02-23T11:48:05+00:00\",\"author\":{\"@id\":\"https:\\\/\\\/akunq.net\\\/turkish\\\/#\\\/schema\\\/person\\\/135e7923d1aeb8887890799619969a6c\"},\"breadcrumb\":{\"@id\":\"https:\\\/\\\/akunq.net\\\/turkish\\\/2010\\\/02\\\/23\\\/sunik\\\/#breadcrumb\"},\"inLanguage\":\"en-US\",\"potentialAction\":[{\"@type\":\"ReadAction\",\"target\":[\"https:\\\/\\\/akunq.net\\\/turkish\\\/2010\\\/02\\\/23\\\/sunik\\\/\"]}]},{\"@type\":\"BreadcrumbList\",\"@id\":\"https:\\\/\\\/akunq.net\\\/turkish\\\/2010\\\/02\\\/23\\\/sunik\\\/#breadcrumb\",\"itemListElement\":[{\"@type\":\"ListItem\",\"position\":1,\"name\":\"Home\",\"item\":\"https:\\\/\\\/akunq.net\\\/turkish\\\/\"},{\"@type\":\"ListItem\",\"position\":2,\"name\":\"S\u00fcnik\"}]},{\"@type\":\"WebSite\",\"@id\":\"https:\\\/\\\/akunq.net\\\/turkish\\\/#website\",\"url\":\"https:\\\/\\\/akunq.net\\\/turkish\\\/\",\"name\":\"Bati Ermenistan Ve Bati Ermenileri Sorunlari Ara\u015ftirmalar Merkezi\",\"description\":\"\",\"potentialAction\":[{\"@type\":\"SearchAction\",\"target\":{\"@type\":\"EntryPoint\",\"urlTemplate\":\"https:\\\/\\\/akunq.net\\\/turkish\\\/?s={search_term_string}\"},\"query-input\":{\"@type\":\"PropertyValueSpecification\",\"valueRequired\":true,\"valueName\":\"search_term_string\"}}],\"inLanguage\":\"en-US\"},{\"@type\":\"Person\",\"@id\":\"https:\\\/\\\/akunq.net\\\/turkish\\\/#\\\/schema\\\/person\\\/135e7923d1aeb8887890799619969a6c\",\"name\":\"kalem\",\"image\":{\"@type\":\"ImageObject\",\"inLanguage\":\"en-US\",\"@id\":\"https:\\\/\\\/secure.gravatar.com\\\/avatar\\\/a06875e4b25feb5674296adf8e8a7ae1e587cebce2493fe63c456109967e27d3?s=96&d=mm&r=g\",\"url\":\"https:\\\/\\\/secure.gravatar.com\\\/avatar\\\/a06875e4b25feb5674296adf8e8a7ae1e587cebce2493fe63c456109967e27d3?s=96&d=mm&r=g\",\"contentUrl\":\"https:\\\/\\\/secure.gravatar.com\\\/avatar\\\/a06875e4b25feb5674296adf8e8a7ae1e587cebce2493fe63c456109967e27d3?s=96&d=mm&r=g\",\"caption\":\"kalem\"},\"url\":\"https:\\\/\\\/akunq.net\\\/turkish\\\/author\\\/kalem\\\/\"}]}<\/script>\n<!-- \/ Yoast SEO plugin. -->","yoast_head_json":{"title":"S\u00fcnik - Bati Ermenistan Ve Bati Ermenileri Sorunlari Ara\u015ftirmalar Merkezi","robots":{"index":"index","follow":"follow","max-snippet":"max-snippet:-1","max-image-preview":"max-image-preview:large","max-video-preview":"max-video-preview:-1"},"canonical":"https:\/\/akunq.net\/turkish\/2010\/02\/23\/sunik\/","og_locale":"en_US","og_type":"article","og_title":"S\u00fcnik - Bati Ermenistan Ve Bati Ermenileri Sorunlari Ara\u015ftirmalar Merkezi","og_description":"S\u00fcnik, B\u00fcy\u00fck Hayk\u2019\u0131n dokuzuncu vilayetidir. Bat\u0131 ve kuzeybat\u0131da Ayrarat, kuzeydo\u011fu ve do\u011fuda Artsakh, g\u00fcney ve g\u00fcneydo\u011fuda ise Vaspurakan\u2019a s\u0131n\u0131rda\u015ft\u0131. S\u00fcnik\u2019in il\u00e7eleri Yerncak, \u00c7ahuk, Vayots Dzor, Geh\u011farkunik, Sodk, A\u011fahe\u00e7k, Dz\u011fuk, Haband, Ba\u011fk, \u00c7ork, Arevik ve Kovsakan\u2019d\u0131r. \u00a0M.\u00d6. I. biny\u0131llarda S\u00fcnik b\u00f6lgesinde ya\u015fayan kabileler VIII. y\u00fczy\u0131l ba\u015f\u0131ndan itibaren Urartu Devleti\u2019nin siyasi etki alan\u0131na girmi\u015flerdir. Urartu h\u00fck\u00fcmdarlar\u0131, S\u00fcnik [&hellip;]","og_url":"https:\/\/akunq.net\/turkish\/2010\/02\/23\/sunik\/","og_site_name":"Bati Ermenistan Ve Bati Ermenileri Sorunlari Ara\u015ftirmalar Merkezi","article_published_time":"2010-02-23T11:48:05+00:00","author":"kalem","twitter_card":"summary_large_image","twitter_misc":{"Written by":"kalem","Est. reading time":"3 minutes"},"schema":{"@context":"https:\/\/schema.org","@graph":[{"@type":"Article","@id":"https:\/\/akunq.net\/turkish\/2010\/02\/23\/sunik\/#article","isPartOf":{"@id":"https:\/\/akunq.net\/turkish\/2010\/02\/23\/sunik\/"},"author":{"name":"kalem","@id":"https:\/\/akunq.net\/turkish\/#\/schema\/person\/135e7923d1aeb8887890799619969a6c"},"headline":"S\u00fcnik","datePublished":"2010-02-23T11:48:05+00:00","mainEntityOfPage":{"@id":"https:\/\/akunq.net\/turkish\/2010\/02\/23\/sunik\/"},"wordCount":682,"articleSection":["B\u00fcy\u00fck Hayk\u2019\u0131n \u0130lleri"],"inLanguage":"en-US"},{"@type":"WebPage","@id":"https:\/\/akunq.net\/turkish\/2010\/02\/23\/sunik\/","url":"https:\/\/akunq.net\/turkish\/2010\/02\/23\/sunik\/","name":"S\u00fcnik - Bati Ermenistan Ve Bati Ermenileri Sorunlari Ara\u015ftirmalar Merkezi","isPartOf":{"@id":"https:\/\/akunq.net\/turkish\/#website"},"datePublished":"2010-02-23T11:48:05+00:00","author":{"@id":"https:\/\/akunq.net\/turkish\/#\/schema\/person\/135e7923d1aeb8887890799619969a6c"},"breadcrumb":{"@id":"https:\/\/akunq.net\/turkish\/2010\/02\/23\/sunik\/#breadcrumb"},"inLanguage":"en-US","potentialAction":[{"@type":"ReadAction","target":["https:\/\/akunq.net\/turkish\/2010\/02\/23\/sunik\/"]}]},{"@type":"BreadcrumbList","@id":"https:\/\/akunq.net\/turkish\/2010\/02\/23\/sunik\/#breadcrumb","itemListElement":[{"@type":"ListItem","position":1,"name":"Home","item":"https:\/\/akunq.net\/turkish\/"},{"@type":"ListItem","position":2,"name":"S\u00fcnik"}]},{"@type":"WebSite","@id":"https:\/\/akunq.net\/turkish\/#website","url":"https:\/\/akunq.net\/turkish\/","name":"Bati Ermenistan Ve Bati Ermenileri Sorunlari Ara\u015ftirmalar Merkezi","description":"","potentialAction":[{"@type":"SearchAction","target":{"@type":"EntryPoint","urlTemplate":"https:\/\/akunq.net\/turkish\/?s={search_term_string}"},"query-input":{"@type":"PropertyValueSpecification","valueRequired":true,"valueName":"search_term_string"}}],"inLanguage":"en-US"},{"@type":"Person","@id":"https:\/\/akunq.net\/turkish\/#\/schema\/person\/135e7923d1aeb8887890799619969a6c","name":"kalem","image":{"@type":"ImageObject","inLanguage":"en-US","@id":"https:\/\/secure.gravatar.com\/avatar\/a06875e4b25feb5674296adf8e8a7ae1e587cebce2493fe63c456109967e27d3?s=96&d=mm&r=g","url":"https:\/\/secure.gravatar.com\/avatar\/a06875e4b25feb5674296adf8e8a7ae1e587cebce2493fe63c456109967e27d3?s=96&d=mm&r=g","contentUrl":"https:\/\/secure.gravatar.com\/avatar\/a06875e4b25feb5674296adf8e8a7ae1e587cebce2493fe63c456109967e27d3?s=96&d=mm&r=g","caption":"kalem"},"url":"https:\/\/akunq.net\/turkish\/author\/kalem\/"}]}},"_links":{"self":[{"href":"https:\/\/akunq.net\/turkish\/wp-json\/wp\/v2\/posts\/455","targetHints":{"allow":["GET"]}}],"collection":[{"href":"https:\/\/akunq.net\/turkish\/wp-json\/wp\/v2\/posts"}],"about":[{"href":"https:\/\/akunq.net\/turkish\/wp-json\/wp\/v2\/types\/post"}],"author":[{"embeddable":true,"href":"https:\/\/akunq.net\/turkish\/wp-json\/wp\/v2\/users\/3"}],"replies":[{"embeddable":true,"href":"https:\/\/akunq.net\/turkish\/wp-json\/wp\/v2\/comments?post=455"}],"version-history":[{"count":0,"href":"https:\/\/akunq.net\/turkish\/wp-json\/wp\/v2\/posts\/455\/revisions"}],"wp:attachment":[{"href":"https:\/\/akunq.net\/turkish\/wp-json\/wp\/v2\/media?parent=455"}],"wp:term":[{"taxonomy":"category","embeddable":true,"href":"https:\/\/akunq.net\/turkish\/wp-json\/wp\/v2\/categories?post=455"},{"taxonomy":"post_tag","embeddable":true,"href":"https:\/\/akunq.net\/turkish\/wp-json\/wp\/v2\/tags?post=455"}],"curies":[{"name":"wp","href":"https:\/\/api.w.org\/{rel}","templated":true}]}}