{"id":446,"date":"2010-02-21T06:33:37","date_gmt":"2010-02-21T11:33:37","guid":{"rendered":"http:\/\/akunq.net\/tr\/?p=446"},"modified":"2010-02-21T06:33:37","modified_gmt":"2010-02-21T11:33:37","slug":"tayk","status":"publish","type":"post","link":"https:\/\/akunq.net\/turkish\/2010\/02\/21\/tayk\/","title":{"rendered":"Tayk"},"content":{"rendered":"<p style=\"text-align: justify\"><a rel=\"attachment wp-att-447\" href=\"http:\/\/akunq.net\/tr\/2010\/02\/21\/tayk\/%d5%bf%d5%a1%d5%b5%d6%84\/\"><img loading=\"lazy\" decoding=\"async\" class=\"alignnone size-full wp-image-447\" title=\"\u054f\u0561\u0575\u0584\" src=\"http:\/\/akunq.net\/tr\/wp-content\/uploads\/2010\/04\/\u054f\u0561\u0575\u0584.jpg\" alt=\"\" width=\"608\" height=\"203\" srcset=\"https:\/\/akunq.net\/turkish\/wp-content\/uploads\/sites\/5\/2010\/04\/\u054f\u0561\u0575\u0584.jpg 608w, https:\/\/akunq.net\/turkish\/wp-content\/uploads\/sites\/5\/2010\/04\/\u054f\u0561\u0575\u0584-300x100.jpg 300w\" sizes=\"auto, (max-width: 608px) 100vw, 608px\" \/><\/a><\/p>\n<p style=\"text-align: justify\">Tayk, B\u00fcy\u00fck Hayk\u2019\u0131n 14\u2019\u00fcnc\u00fc vilayetidir. KuzeydenYe\u011ferk ve Kha\u011ftik, kuzeydo\u011fudan Gugark, do\u011fudan ve g\u00fcneyden Ayrarat, g\u00fcneybat\u0131dan ve bat\u0131dan Bardzr (y\u00fcksek) Hayk vilayetlerine kom\u015fudur. Tayk Vilayeti idari olarak 8 il\u00e7eye ayr\u0131lmaktayd\u0131: Ko\u011f, Berdats, Por, Partizats Por, \u00c7ak, Bokha, Voka\u011fe, Agordats Por ve Asyats Por.<\/p>\n<p style=\"text-align: justify\">\u00a0III. y\u00fczy\u0131la kadar Tayk Vilayeti kraliyet m\u00fclk\u00fc ve ordug\u00e2h olmu\u015ftur. 230\u2019lu y\u0131llarda Ermenistan kral\u0131 I. B\u00fcy\u00fck Khosrov, Tayk Vilayeti\u2019nin b\u00fcy\u00fck bir k\u0131sm\u0131n\u0131 Mamikonyan Beyli\u011fi\u2019ne miras hakk\u0131yla m\u00fclk olarak ay\u0131rm\u0131\u015ft\u0131r. V.-VI. y\u00fczy\u0131llarda Tayk, Sasani Devleti\u2019ne kar\u015f\u0131 y\u00fcr\u00fct\u00fclen kurtulu\u015f hareketlerinin merkezi olmu\u015ftur. Mamikonyanlar ve m\u00fcttefikleri Tayk b\u00f6lgesinin ormanl\u0131k da\u011flar\u0131nda mevzilenerek Pers istilac\u0131lara kar\u015f\u0131 ba\u015far\u0131yla kendilerini savunmu\u015flard\u0131r. 591 y\u0131l\u0131ndaki Ermenistan\u2019\u0131n ikinci b\u00f6l\u00fcnmesi sonucunda Tayk b\u00f6lgesi Bizans \u0130mparatorlu\u011fu\u2019na ge\u00e7mi\u015ftir.<\/p>\n<p style=\"text-align: justify\">\u00a0VII. y\u00fczy\u0131l\u0131n yar\u0131s\u0131ndan itibaren, Arap istilalar\u0131 zaman\u0131nda Tayk b\u00f6lgesi, Bizans ordular\u0131 taraf\u0131ndan terk edilip Teodoros R\u015ftuni liderli\u011finde ge\u00e7ici bir s\u00fcre i\u00e7in ba\u011f\u0131ms\u0131zl\u0131\u011f\u0131n\u0131 elde etmi\u015f olan Ermenistan\u2019a ba\u011flanm\u0131\u015ft\u0131r. VII. y\u00fczy\u0131l sonunda ve VIII. y\u00fczy\u0131l ba\u015flar\u0131nda baz\u0131 Ermeni beylikleri Arap istilac\u0131lar\u0131n zulm\u00fcnden kurtulabilmek amac\u0131yla Tayk b\u00f6lgesinin da\u011fl\u0131k b\u00f6lgelerine s\u0131\u011f\u0131nm\u0131\u015flard\u0131r. Tayk, Mamikonyanlar\u2019\u0131n liderli\u011finde, Arap kar\u015f\u0131t\u0131 m\u00fccadelenin merkezi olmu\u015ftur. E\u015fitsiz sava\u015flar sonucu zay\u0131flay\u0131p Ermenistan\u2019\u0131n siyasi arenas\u0131ndan uzakla\u015fan Mamikonyanlar\u2019\u0131n m\u00fclkleri, Tayk da dahil olmak \u00fczere, VIII. y\u00fczy\u0131l sonlar\u0131nda Bagratuniler\u2019e ge\u00e7mi\u015ftir. X. y\u00fczy\u0131lda Tayk b\u00f6lgesi Bagratunileri, Bizans\u2019\u0131n egemenli\u011fini kabul ederek Kalkedon inanc\u0131n\u0131 kabul etmi\u015flerdir.<\/p>\n<p style=\"text-align: justify\"><a rel=\"attachment wp-att-448\" href=\"http:\/\/akunq.net\/tr\/2010\/02\/21\/tayk\/%d5%bf%d5%a1%d5%b5%d6%84-2\/\"><\/a><a rel=\"attachment wp-att-449\" href=\"http:\/\/akunq.net\/tr\/2010\/02\/21\/tayk\/%d5%bf%d5%a1%d5%b5%d6%84-3\/\"><img loading=\"lazy\" decoding=\"async\" class=\"alignleft size-full wp-image-449\" title=\"\u054f\u0561\u0575\u0584\" src=\"http:\/\/akunq.net\/tr\/wp-content\/uploads\/2010\/04\/\u054f\u0561\u0575\u05842.jpg\" alt=\"\" width=\"304\" height=\"214\" srcset=\"https:\/\/akunq.net\/turkish\/wp-content\/uploads\/sites\/5\/2010\/04\/\u054f\u0561\u0575\u05842.jpg 304w, https:\/\/akunq.net\/turkish\/wp-content\/uploads\/sites\/5\/2010\/04\/\u054f\u0561\u0575\u05842-300x211.jpg 300w\" sizes=\"auto, (max-width: 304px) 100vw, 304px\" \/><\/a>1000 y\u0131l\u0131nda Bizans \u0130mparatorlu\u011fu Tayk b\u00f6lgesini istila ederek Ermeni toplumuna Kalkedon inanc\u0131n\u0131 zorla kabul ettirme ve askeri g\u00fc\u00e7lerini par\u00e7alama politikas\u0131 g\u00fctm\u00fc\u015ft\u00fcr. 1071 y\u0131l\u0131nda Malazgirt Sava\u015f\u0131\u2019\u0131nda Sel\u00e7uklulara yenilen Bizans, Ermenistan topraklar\u0131yla birlikte Tayk\u2019\u0131 da elinden \u00e7\u0131karm\u0131\u015ft\u0131r. XII. y\u00fczy\u0131l sonu ve XIII. y\u00fczy\u0131l ba\u015flar\u0131nda Ermeni-G\u00fcrc\u00fc birle\u015fik ordusu taraf\u0131ndan Tayk b\u00f6lgesi kurtar\u0131lm\u0131\u015ft\u0131r. Tatar-Mo\u011fol istilalar\u0131 ve G\u00fcrc\u00fc Bagratunileri Krall\u0131\u011f\u0131\u2019n\u0131n y\u0131k\u0131lmas\u0131ndan sonra Tayk, \u00c7al Atabeyli\u011fi b\u00fcnyesinde kalm\u0131\u015ft\u0131r.<\/p>\n<p style=\"text-align: justify\">\u00a01590 T\u00fcrk-\u0130ran antla\u015fmas\u0131 neticesinde Tayk b\u00f6lgesi Osmanl\u0131 Sultanl\u0131\u011f\u0131na ge\u00e7mi\u015ftir. XVII. y\u00fczy\u0131lda Tayk b\u00f6lgesinin Ermeni toplumu zorla M\u00fcsl\u00fcmanla\u015ft\u0131r\u0131lm\u0131\u015ft\u0131r. Dinlerini de\u011fi\u015ftirmeyi kabul etmeyenler \u00f6ld\u00fcr\u00fclm\u00fc\u015f, kiliseler y\u0131k\u0131lm\u0131\u015ft\u0131r. XVIII.-XIX. y\u00fczy\u0131llarda dinlerini de\u011fi\u015ftirmi\u015f olan Ermeniler dillerini de de\u011fi\u015ftirip T\u00fcrk\u00e7e konu\u015fmaya zorlanm\u0131\u015flard\u0131r. 1877\u201378 Rus-T\u00fcrk sava\u015f\u0131ndan sonra Tayk\u2019\u0131n bir b\u00f6l\u00fcm\u00fc Rusya\u2019ya ba\u011flanm\u0131\u015f, T\u00fcrkle\u015fmi\u015f olan toplumun b\u00fcy\u00fck k\u0131sm\u0131 Osmanl\u0131 b\u00f6lgesine g\u00f6\u00e7m\u00fc\u015ft\u00fcr. Bat\u0131 Ermenistan\u2019dan g\u00f6\u00e7en Ermeniler de daha sonralar\u0131 Tayk\u2019a yerle\u015fmi\u015ftir. Bu insanlar 1918\u201320 y\u0131llar\u0131nda T\u00fcrkler taraf\u0131ndan katliamlara ve zulme u\u011fram\u0131\u015f, kurtulanlar Kafkasya\u2019ya g\u00f6\u00e7 etmi\u015flerdir.<\/p>\n","protected":false},"excerpt":{"rendered":"<p>Tayk, B\u00fcy\u00fck Hayk\u2019\u0131n 14\u2019\u00fcnc\u00fc vilayetidir. KuzeydenYe\u011ferk ve Kha\u011ftik, kuzeydo\u011fudan Gugark, do\u011fudan ve g\u00fcneyden Ayrarat, g\u00fcneybat\u0131dan ve bat\u0131dan Bardzr (y\u00fcksek) Hayk vilayetlerine kom\u015fudur. Tayk Vilayeti idari olarak 8 il\u00e7eye ayr\u0131lmaktayd\u0131: Ko\u011f, Berdats, Por, Partizats Por, \u00c7ak, Bokha, Voka\u011fe, Agordats Por ve Asyats Por. \u00a0III. y\u00fczy\u0131la kadar Tayk Vilayeti kraliyet m\u00fclk\u00fc ve ordug\u00e2h olmu\u015ftur. 230\u2019lu y\u0131llarda Ermenistan [&hellip;]<\/p>\n","protected":false},"author":3,"featured_media":0,"comment_status":"closed","ping_status":"open","sticky":false,"template":"","format":"standard","meta":{"footnotes":""},"categories":[55],"tags":[],"class_list":["post-446","post","type-post","status-publish","format-standard","hentry","category-buyuk-haykin-illeri"],"yoast_head":"<!-- This site is optimized with the Yoast SEO plugin v27.4 - https:\/\/yoast.com\/product\/yoast-seo-wordpress\/ -->\n<title>Tayk - Bati Ermenistan Ve Bati Ermenileri Sorunlari Ara\u015ftirmalar Merkezi<\/title>\n<meta name=\"robots\" content=\"index, follow, max-snippet:-1, max-image-preview:large, max-video-preview:-1\" \/>\n<link rel=\"canonical\" href=\"https:\/\/akunq.net\/turkish\/2010\/02\/21\/tayk\/\" \/>\n<meta property=\"og:locale\" content=\"en_US\" \/>\n<meta property=\"og:type\" content=\"article\" \/>\n<meta property=\"og:title\" content=\"Tayk - Bati Ermenistan Ve Bati Ermenileri Sorunlari Ara\u015ftirmalar Merkezi\" \/>\n<meta property=\"og:description\" content=\"Tayk, B\u00fcy\u00fck Hayk\u2019\u0131n 14\u2019\u00fcnc\u00fc vilayetidir. KuzeydenYe\u011ferk ve Kha\u011ftik, kuzeydo\u011fudan Gugark, do\u011fudan ve g\u00fcneyden Ayrarat, g\u00fcneybat\u0131dan ve bat\u0131dan Bardzr (y\u00fcksek) Hayk vilayetlerine kom\u015fudur. Tayk Vilayeti idari olarak 8 il\u00e7eye ayr\u0131lmaktayd\u0131: Ko\u011f, Berdats, Por, Partizats Por, \u00c7ak, Bokha, Voka\u011fe, Agordats Por ve Asyats Por. \u00a0III. y\u00fczy\u0131la kadar Tayk Vilayeti kraliyet m\u00fclk\u00fc ve ordug\u00e2h olmu\u015ftur. 230\u2019lu y\u0131llarda Ermenistan [&hellip;]\" \/>\n<meta property=\"og:url\" content=\"https:\/\/akunq.net\/turkish\/2010\/02\/21\/tayk\/\" \/>\n<meta property=\"og:site_name\" content=\"Bati Ermenistan Ve Bati Ermenileri Sorunlari Ara\u015ftirmalar Merkezi\" \/>\n<meta property=\"article:published_time\" content=\"2010-02-21T11:33:37+00:00\" \/>\n<meta name=\"author\" content=\"kalem\" \/>\n<meta name=\"twitter:card\" content=\"summary_large_image\" \/>\n<meta name=\"twitter:label1\" content=\"Written by\" \/>\n\t<meta name=\"twitter:data1\" content=\"kalem\" \/>\n\t<meta name=\"twitter:label2\" content=\"Est. reading time\" \/>\n\t<meta name=\"twitter:data2\" content=\"3 minutes\" \/>\n<script type=\"application\/ld+json\" class=\"yoast-schema-graph\">{\"@context\":\"https:\\\/\\\/schema.org\",\"@graph\":[{\"@type\":\"Article\",\"@id\":\"https:\\\/\\\/akunq.net\\\/turkish\\\/2010\\\/02\\\/21\\\/tayk\\\/#article\",\"isPartOf\":{\"@id\":\"https:\\\/\\\/akunq.net\\\/turkish\\\/2010\\\/02\\\/21\\\/tayk\\\/\"},\"author\":{\"name\":\"kalem\",\"@id\":\"https:\\\/\\\/akunq.net\\\/turkish\\\/#\\\/schema\\\/person\\\/135e7923d1aeb8887890799619969a6c\"},\"headline\":\"Tayk\",\"datePublished\":\"2010-02-21T11:33:37+00:00\",\"mainEntityOfPage\":{\"@id\":\"https:\\\/\\\/akunq.net\\\/turkish\\\/2010\\\/02\\\/21\\\/tayk\\\/\"},\"wordCount\":561,\"articleSection\":[\"B\u00fcy\u00fck Hayk\u2019\u0131n \u0130lleri\"],\"inLanguage\":\"en-US\"},{\"@type\":\"WebPage\",\"@id\":\"https:\\\/\\\/akunq.net\\\/turkish\\\/2010\\\/02\\\/21\\\/tayk\\\/\",\"url\":\"https:\\\/\\\/akunq.net\\\/turkish\\\/2010\\\/02\\\/21\\\/tayk\\\/\",\"name\":\"Tayk - Bati Ermenistan Ve Bati Ermenileri Sorunlari Ara\u015ftirmalar Merkezi\",\"isPartOf\":{\"@id\":\"https:\\\/\\\/akunq.net\\\/turkish\\\/#website\"},\"datePublished\":\"2010-02-21T11:33:37+00:00\",\"author\":{\"@id\":\"https:\\\/\\\/akunq.net\\\/turkish\\\/#\\\/schema\\\/person\\\/135e7923d1aeb8887890799619969a6c\"},\"breadcrumb\":{\"@id\":\"https:\\\/\\\/akunq.net\\\/turkish\\\/2010\\\/02\\\/21\\\/tayk\\\/#breadcrumb\"},\"inLanguage\":\"en-US\",\"potentialAction\":[{\"@type\":\"ReadAction\",\"target\":[\"https:\\\/\\\/akunq.net\\\/turkish\\\/2010\\\/02\\\/21\\\/tayk\\\/\"]}]},{\"@type\":\"BreadcrumbList\",\"@id\":\"https:\\\/\\\/akunq.net\\\/turkish\\\/2010\\\/02\\\/21\\\/tayk\\\/#breadcrumb\",\"itemListElement\":[{\"@type\":\"ListItem\",\"position\":1,\"name\":\"Home\",\"item\":\"https:\\\/\\\/akunq.net\\\/turkish\\\/\"},{\"@type\":\"ListItem\",\"position\":2,\"name\":\"Tayk\"}]},{\"@type\":\"WebSite\",\"@id\":\"https:\\\/\\\/akunq.net\\\/turkish\\\/#website\",\"url\":\"https:\\\/\\\/akunq.net\\\/turkish\\\/\",\"name\":\"Bati Ermenistan Ve Bati Ermenileri Sorunlari Ara\u015ftirmalar Merkezi\",\"description\":\"\",\"potentialAction\":[{\"@type\":\"SearchAction\",\"target\":{\"@type\":\"EntryPoint\",\"urlTemplate\":\"https:\\\/\\\/akunq.net\\\/turkish\\\/?s={search_term_string}\"},\"query-input\":{\"@type\":\"PropertyValueSpecification\",\"valueRequired\":true,\"valueName\":\"search_term_string\"}}],\"inLanguage\":\"en-US\"},{\"@type\":\"Person\",\"@id\":\"https:\\\/\\\/akunq.net\\\/turkish\\\/#\\\/schema\\\/person\\\/135e7923d1aeb8887890799619969a6c\",\"name\":\"kalem\",\"image\":{\"@type\":\"ImageObject\",\"inLanguage\":\"en-US\",\"@id\":\"https:\\\/\\\/secure.gravatar.com\\\/avatar\\\/a06875e4b25feb5674296adf8e8a7ae1e587cebce2493fe63c456109967e27d3?s=96&d=mm&r=g\",\"url\":\"https:\\\/\\\/secure.gravatar.com\\\/avatar\\\/a06875e4b25feb5674296adf8e8a7ae1e587cebce2493fe63c456109967e27d3?s=96&d=mm&r=g\",\"contentUrl\":\"https:\\\/\\\/secure.gravatar.com\\\/avatar\\\/a06875e4b25feb5674296adf8e8a7ae1e587cebce2493fe63c456109967e27d3?s=96&d=mm&r=g\",\"caption\":\"kalem\"},\"url\":\"https:\\\/\\\/akunq.net\\\/turkish\\\/author\\\/kalem\\\/\"}]}<\/script>\n<!-- \/ Yoast SEO plugin. -->","yoast_head_json":{"title":"Tayk - Bati Ermenistan Ve Bati Ermenileri Sorunlari Ara\u015ftirmalar Merkezi","robots":{"index":"index","follow":"follow","max-snippet":"max-snippet:-1","max-image-preview":"max-image-preview:large","max-video-preview":"max-video-preview:-1"},"canonical":"https:\/\/akunq.net\/turkish\/2010\/02\/21\/tayk\/","og_locale":"en_US","og_type":"article","og_title":"Tayk - Bati Ermenistan Ve Bati Ermenileri Sorunlari Ara\u015ftirmalar Merkezi","og_description":"Tayk, B\u00fcy\u00fck Hayk\u2019\u0131n 14\u2019\u00fcnc\u00fc vilayetidir. KuzeydenYe\u011ferk ve Kha\u011ftik, kuzeydo\u011fudan Gugark, do\u011fudan ve g\u00fcneyden Ayrarat, g\u00fcneybat\u0131dan ve bat\u0131dan Bardzr (y\u00fcksek) Hayk vilayetlerine kom\u015fudur. Tayk Vilayeti idari olarak 8 il\u00e7eye ayr\u0131lmaktayd\u0131: Ko\u011f, Berdats, Por, Partizats Por, \u00c7ak, Bokha, Voka\u011fe, Agordats Por ve Asyats Por. \u00a0III. y\u00fczy\u0131la kadar Tayk Vilayeti kraliyet m\u00fclk\u00fc ve ordug\u00e2h olmu\u015ftur. 230\u2019lu y\u0131llarda Ermenistan [&hellip;]","og_url":"https:\/\/akunq.net\/turkish\/2010\/02\/21\/tayk\/","og_site_name":"Bati Ermenistan Ve Bati Ermenileri Sorunlari Ara\u015ftirmalar Merkezi","article_published_time":"2010-02-21T11:33:37+00:00","author":"kalem","twitter_card":"summary_large_image","twitter_misc":{"Written by":"kalem","Est. reading time":"3 minutes"},"schema":{"@context":"https:\/\/schema.org","@graph":[{"@type":"Article","@id":"https:\/\/akunq.net\/turkish\/2010\/02\/21\/tayk\/#article","isPartOf":{"@id":"https:\/\/akunq.net\/turkish\/2010\/02\/21\/tayk\/"},"author":{"name":"kalem","@id":"https:\/\/akunq.net\/turkish\/#\/schema\/person\/135e7923d1aeb8887890799619969a6c"},"headline":"Tayk","datePublished":"2010-02-21T11:33:37+00:00","mainEntityOfPage":{"@id":"https:\/\/akunq.net\/turkish\/2010\/02\/21\/tayk\/"},"wordCount":561,"articleSection":["B\u00fcy\u00fck Hayk\u2019\u0131n \u0130lleri"],"inLanguage":"en-US"},{"@type":"WebPage","@id":"https:\/\/akunq.net\/turkish\/2010\/02\/21\/tayk\/","url":"https:\/\/akunq.net\/turkish\/2010\/02\/21\/tayk\/","name":"Tayk - Bati Ermenistan Ve Bati Ermenileri Sorunlari Ara\u015ftirmalar Merkezi","isPartOf":{"@id":"https:\/\/akunq.net\/turkish\/#website"},"datePublished":"2010-02-21T11:33:37+00:00","author":{"@id":"https:\/\/akunq.net\/turkish\/#\/schema\/person\/135e7923d1aeb8887890799619969a6c"},"breadcrumb":{"@id":"https:\/\/akunq.net\/turkish\/2010\/02\/21\/tayk\/#breadcrumb"},"inLanguage":"en-US","potentialAction":[{"@type":"ReadAction","target":["https:\/\/akunq.net\/turkish\/2010\/02\/21\/tayk\/"]}]},{"@type":"BreadcrumbList","@id":"https:\/\/akunq.net\/turkish\/2010\/02\/21\/tayk\/#breadcrumb","itemListElement":[{"@type":"ListItem","position":1,"name":"Home","item":"https:\/\/akunq.net\/turkish\/"},{"@type":"ListItem","position":2,"name":"Tayk"}]},{"@type":"WebSite","@id":"https:\/\/akunq.net\/turkish\/#website","url":"https:\/\/akunq.net\/turkish\/","name":"Bati Ermenistan Ve Bati Ermenileri Sorunlari Ara\u015ftirmalar Merkezi","description":"","potentialAction":[{"@type":"SearchAction","target":{"@type":"EntryPoint","urlTemplate":"https:\/\/akunq.net\/turkish\/?s={search_term_string}"},"query-input":{"@type":"PropertyValueSpecification","valueRequired":true,"valueName":"search_term_string"}}],"inLanguage":"en-US"},{"@type":"Person","@id":"https:\/\/akunq.net\/turkish\/#\/schema\/person\/135e7923d1aeb8887890799619969a6c","name":"kalem","image":{"@type":"ImageObject","inLanguage":"en-US","@id":"https:\/\/secure.gravatar.com\/avatar\/a06875e4b25feb5674296adf8e8a7ae1e587cebce2493fe63c456109967e27d3?s=96&d=mm&r=g","url":"https:\/\/secure.gravatar.com\/avatar\/a06875e4b25feb5674296adf8e8a7ae1e587cebce2493fe63c456109967e27d3?s=96&d=mm&r=g","contentUrl":"https:\/\/secure.gravatar.com\/avatar\/a06875e4b25feb5674296adf8e8a7ae1e587cebce2493fe63c456109967e27d3?s=96&d=mm&r=g","caption":"kalem"},"url":"https:\/\/akunq.net\/turkish\/author\/kalem\/"}]}},"_links":{"self":[{"href":"https:\/\/akunq.net\/turkish\/wp-json\/wp\/v2\/posts\/446","targetHints":{"allow":["GET"]}}],"collection":[{"href":"https:\/\/akunq.net\/turkish\/wp-json\/wp\/v2\/posts"}],"about":[{"href":"https:\/\/akunq.net\/turkish\/wp-json\/wp\/v2\/types\/post"}],"author":[{"embeddable":true,"href":"https:\/\/akunq.net\/turkish\/wp-json\/wp\/v2\/users\/3"}],"replies":[{"embeddable":true,"href":"https:\/\/akunq.net\/turkish\/wp-json\/wp\/v2\/comments?post=446"}],"version-history":[{"count":0,"href":"https:\/\/akunq.net\/turkish\/wp-json\/wp\/v2\/posts\/446\/revisions"}],"wp:attachment":[{"href":"https:\/\/akunq.net\/turkish\/wp-json\/wp\/v2\/media?parent=446"}],"wp:term":[{"taxonomy":"category","embeddable":true,"href":"https:\/\/akunq.net\/turkish\/wp-json\/wp\/v2\/categories?post=446"},{"taxonomy":"post_tag","embeddable":true,"href":"https:\/\/akunq.net\/turkish\/wp-json\/wp\/v2\/tags?post=446"}],"curies":[{"name":"wp","href":"https:\/\/api.w.org\/{rel}","templated":true}]}}