{"id":44,"date":"2010-04-14T01:48:24","date_gmt":"2010-04-14T06:48:24","guid":{"rendered":"http:\/\/akunq.net\/tr\/?p=44"},"modified":"2010-04-14T01:48:24","modified_gmt":"2010-04-14T06:48:24","slug":"diyarbakir-vakiflar-bolge-mudurlugu-ermeni-katolik-ile-protestan-cemaati-kiliselerini-restore-ediyor","status":"publish","type":"post","link":"https:\/\/akunq.net\/turkish\/2010\/04\/14\/diyarbakir-vakiflar-bolge-mudurlugu-ermeni-katolik-ile-protestan-cemaati-kiliselerini-restore-ediyor\/","title":{"rendered":"Diyarbak\u0131r Vak\u0131flar B\u00f6lge M\u00fcd\u00fcrl\u00fc\u011f\u00fc, Ermeni Katolik ile Protestan Cemaati kiliselerini restore ediyor"},"content":{"rendered":"<p style=\"text-align: justify\">Y\u00fczy\u0131llar boyu Romal\u0131lar, Sasaniler, Artuklular ve Akkoyunlular gibi 33 medeniyete ev sahipli\u011fi yapan, \u00e7an ve ezan sesinin ho\u015fg\u00f6r\u00fcyle birbirine kar\u0131\u015ft\u0131\u011f\u0131, k\u00fclt\u00fcrlerin kol kola gezdi\u011fi medeniyetler \u015fehri Diyarbak\u0131r&#8217;da k\u00fclt\u00fcr varl\u0131klar\u0131, ilgili kurumlarca tek tek asl\u0131na uygun restore edilerek gelecek nesillere aktar\u0131l\u0131yor.<\/p>\n<p style=\"text-align: justify\">Diyarbak\u0131r Vak\u0131flar B\u00f6lge M\u00fcd\u00fcrl\u00fc\u011f\u00fc, m\u00fclkiyetindeki eserleri, uzman ekiplerce restore ederek, eski g\u00f6rkemli hallerine kavu\u015fturuyor. Diyarbak\u0131rda son iki y\u0131lda 30 eser restore edilirken, Sur il\u00e7esindeki virane haldeki 16. veya 17. y\u00fczy\u0131la ait oldu\u011fu tahmin edilen Ermeni Katolik Kilisesi ile 19. y\u00fczy\u0131la ait Protestan Cemaati Kilisesi&#8217;nin de restorasyonu i\u00e7in \u00e7al\u0131\u015fma ba\u015flat\u0131ld\u0131. S\u00f6z konusu kiliseler restorasyonlar\u0131n\u0131n ard\u0131ndan virane g\u00f6r\u00fcn\u00fcmlerinden kurtularak, k\u00fclt\u00fcr turizminin hizmetine sunulacak.<\/p>\n<p style=\"text-align: justify\">Kentte ayakta kalan 9 kiliseden biri olan Ermeni Katolik Kilisesi, Osmanl\u0131 d\u00f6nemi yap\u0131s\u0131 olmas\u0131 ve nadide Osmanl\u0131 \u00e7inilerinin kullan\u0131lmas\u0131yla farkl\u0131 bir \u00f6nem ta\u015f\u0131yor. Protestan Kilisesi ise Diyarbak\u0131r&#8217;daki kiliseler aras\u0131nda kubbeli tek yap\u0131 olmas\u0131 bak\u0131m\u0131ndan di\u011ferlerinden farkl\u0131l\u0131k g\u00f6steriyor.<\/p>\n<p style=\"text-align: justify\">Diyarbak\u0131r Vak\u0131flar B\u00f6lge M\u00fcd\u00fcr\u00fc Yakup Akt\u00fcrk, AA muhabirine yapt\u0131\u011f\u0131 a\u00e7\u0131klamada, b\u00f6lge m\u00fcd\u00fcrl\u00fc\u011f\u00fcn\u00fcn hizmet kapsam\u0131 i\u00e7inde toplam 107 adet eski eser bulundu\u011funu belirterek, bunlar\u0131n 59&#8217;unun Diyarbak\u0131r&#8217;da, di\u011ferlerinin ise Mardin, Bing\u00f6l ve Batman&#8217;da bulundu\u011funu bildirdi.<\/p>\n<p style=\"text-align: justify\">T\u00fcm eserlerin onar\u0131m i\u00e7in r\u00f6l\u00f6ve ve restorasyon projelerini haz\u0131rlad\u0131klar\u0131n\u0131, i\u015fin aciliyetine y\u00f6nelik onar\u0131mlara ba\u015flad\u0131klar\u0131n\u0131 ifade eden Akt\u00fcrk, \u015f\u00f6yle konu\u015ftu:<\/p>\n<p style=\"text-align: justify\">&#8220;Onar\u0131m yaparken de i\u015flere \u00f6ncelik s\u0131ras\u0131 vererek i\u015fe ba\u015flad\u0131k. Diyarbak\u0131r&#8217;da projeleri \u00e7izilmeyen eserimiz kalmad\u0131. 30 eserin restorasyonunu yapt\u0131k. \u015eu an devam eden Ali Pa\u015fa Cami ile 2 tane kilisemizin onar\u0131m\u0131 devam ediyor. M\u00fclkiyeti idaremize ait eserlerin Osmanl\u0131 ya da ba\u015fkas\u0131na ait olmas\u0131n\u0131 \u00f6nemsemiyoruz. \u00d6nemli olan bizim i\u00e7in eski eser olmas\u0131 ve m\u00fclkiyetinin Vak\u0131flar Genel M\u00fcd\u00fcrl\u00fc\u011f\u00fcne ait olmas\u0131d\u0131r. Biz bu d\u00fc\u015f\u00fcnceyle yola \u00e7\u0131karak onar\u0131mlar\u0131m\u0131za h\u0131zla devam etmekteyiz.&#8221;<\/p>\n<p style=\"text-align: justify\">-BU YIL 11 ESER RESTORE ED\u0130LECEK-<\/p>\n<p style=\"text-align: justify\">Akt\u00fcrk, Diyarbak\u0131r&#8217;da yap\u0131lan \u00e7al\u0131\u015fma gibi Mardin ve Bing\u00f6l&#8217;de de onar\u0131mlar\u0131n devam etti\u011fini, K\u00fclt\u00fcr ve Tabiat Varl\u0131klar\u0131n\u0131 Koruma Kurulu kararlar\u0131 do\u011frultusunda haz\u0131rlanan raporlar \u0131\u015f\u0131\u011f\u0131nda buralardaki eserlerin onar\u0131mlar\u0131n\u0131n usul\u00fcne uygun yap\u0131ld\u0131\u011f\u0131n\u0131 s\u00f6yledi.<\/p>\n<p style=\"text-align: justify\">Bu y\u0131l i\u015fin aciliyetine g\u00f6re 11 eserin restorasyonunu ger\u00e7ekle\u015ftireceklerini anlatan Akt\u00fcrk, \u015f\u00f6yle devam etti:<\/p>\n<p style=\"text-align: justify\">&#8220;Bu y\u0131l ba\u015fta Diyarbak\u0131r Ulu Cami olmak \u00fczere 11 eserin onar\u0131m\u0131 yap\u0131lacak. E\u011fil il\u00e7esinde peygamberler t\u00fcrbesi var. Ayr\u0131ca 19. y\u00fczy\u0131la ait bizim m\u00fclkiyetimizde Ermeni Katolik Kilisesi ile Protestan Cemaati Kilisesi&#8217;nin restorasyonu tamamlanmak \u00fczere. Bu kiliseler k\u00f6t\u00fc durumdayd\u0131. Yeniden asl\u0131na uygun \u015fekilde onar\u0131m\u0131 yap\u0131ld\u0131. Eserleri ya\u015fayan mekanlara d\u00f6n\u00fc\u015ft\u00fcr\u00fcyoruz. Onar\u0131m\u0131 tamamlanan kiliseler yerel y\u00f6neticiler ve il y\u00f6neticileri isti\u015fare ederek en iyi \u015fekilde kamuoyunun istifadesine sunaca\u011f\u0131z.<\/p>\n<p style=\"text-align: justify\">AA<\/p>\n<p style=\"text-align: justify\">http:\/\/www.emlakkulisi.com\/29723_ermeni_katolik_ile_protestan_cemaati_kiliseleri_restore_ediliyr<\/p>\n<p style=\"text-align: justify\">\u00a0<\/p>\n","protected":false},"excerpt":{"rendered":"<p>Y\u00fczy\u0131llar boyu Romal\u0131lar, Sasaniler, Artuklular ve Akkoyunlular gibi 33 medeniyete ev sahipli\u011fi yapan, \u00e7an ve ezan sesinin ho\u015fg\u00f6r\u00fcyle birbirine kar\u0131\u015ft\u0131\u011f\u0131, k\u00fclt\u00fcrlerin kol kola gezdi\u011fi medeniyetler \u015fehri Diyarbak\u0131r&#8217;da k\u00fclt\u00fcr varl\u0131klar\u0131, ilgili kurumlarca tek tek asl\u0131na uygun restore edilerek gelecek nesillere aktar\u0131l\u0131yor. Diyarbak\u0131r Vak\u0131flar B\u00f6lge M\u00fcd\u00fcrl\u00fc\u011f\u00fc, m\u00fclkiyetindeki eserleri, uzman ekiplerce restore ederek, eski g\u00f6rkemli hallerine kavu\u015fturuyor. Diyarbak\u0131rda [&hellip;]<\/p>\n","protected":false},"author":3,"featured_media":0,"comment_status":"closed","ping_status":"open","sticky":false,"template":"","format":"standard","meta":{"footnotes":""},"categories":[14],"tags":[],"class_list":["post-44","post","type-post","status-publish","format-standard","hentry","category-haberler"],"yoast_head":"<!-- This site is optimized with the Yoast SEO plugin v27.4 - https:\/\/yoast.com\/product\/yoast-seo-wordpress\/ -->\n<title>Diyarbak\u0131r Vak\u0131flar B\u00f6lge M\u00fcd\u00fcrl\u00fc\u011f\u00fc, Ermeni Katolik ile Protestan Cemaati kiliselerini restore ediyor - Bati Ermenistan Ve Bati Ermenileri Sorunlari Ara\u015ftirmalar Merkezi<\/title>\n<meta name=\"robots\" content=\"index, follow, max-snippet:-1, max-image-preview:large, max-video-preview:-1\" \/>\n<link rel=\"canonical\" href=\"https:\/\/akunq.net\/turkish\/2010\/04\/14\/diyarbakir-vakiflar-bolge-mudurlugu-ermeni-katolik-ile-protestan-cemaati-kiliselerini-restore-ediyor\/\" \/>\n<meta property=\"og:locale\" content=\"en_US\" \/>\n<meta property=\"og:type\" content=\"article\" \/>\n<meta property=\"og:title\" content=\"Diyarbak\u0131r Vak\u0131flar B\u00f6lge M\u00fcd\u00fcrl\u00fc\u011f\u00fc, Ermeni Katolik ile Protestan Cemaati kiliselerini restore ediyor - Bati Ermenistan Ve Bati Ermenileri Sorunlari Ara\u015ftirmalar Merkezi\" \/>\n<meta property=\"og:description\" content=\"Y\u00fczy\u0131llar boyu Romal\u0131lar, Sasaniler, Artuklular ve Akkoyunlular gibi 33 medeniyete ev sahipli\u011fi yapan, \u00e7an ve ezan sesinin ho\u015fg\u00f6r\u00fcyle birbirine kar\u0131\u015ft\u0131\u011f\u0131, k\u00fclt\u00fcrlerin kol kola gezdi\u011fi medeniyetler \u015fehri Diyarbak\u0131r&#8217;da k\u00fclt\u00fcr varl\u0131klar\u0131, ilgili kurumlarca tek tek asl\u0131na uygun restore edilerek gelecek nesillere aktar\u0131l\u0131yor. Diyarbak\u0131r Vak\u0131flar B\u00f6lge M\u00fcd\u00fcrl\u00fc\u011f\u00fc, m\u00fclkiyetindeki eserleri, uzman ekiplerce restore ederek, eski g\u00f6rkemli hallerine kavu\u015fturuyor. Diyarbak\u0131rda [&hellip;]\" \/>\n<meta property=\"og:url\" content=\"https:\/\/akunq.net\/turkish\/2010\/04\/14\/diyarbakir-vakiflar-bolge-mudurlugu-ermeni-katolik-ile-protestan-cemaati-kiliselerini-restore-ediyor\/\" \/>\n<meta property=\"og:site_name\" content=\"Bati Ermenistan Ve Bati Ermenileri Sorunlari Ara\u015ftirmalar Merkezi\" \/>\n<meta property=\"article:published_time\" content=\"2010-04-14T06:48:24+00:00\" \/>\n<meta name=\"author\" content=\"kalem\" \/>\n<meta name=\"twitter:card\" content=\"summary_large_image\" \/>\n<meta name=\"twitter:label1\" content=\"Written by\" \/>\n\t<meta name=\"twitter:data1\" content=\"kalem\" \/>\n\t<meta name=\"twitter:label2\" content=\"Est. reading time\" \/>\n\t<meta name=\"twitter:data2\" content=\"3 minutes\" \/>\n<script type=\"application\/ld+json\" class=\"yoast-schema-graph\">{\"@context\":\"https:\\\/\\\/schema.org\",\"@graph\":[{\"@type\":\"Article\",\"@id\":\"https:\\\/\\\/akunq.net\\\/turkish\\\/2010\\\/04\\\/14\\\/diyarbakir-vakiflar-bolge-mudurlugu-ermeni-katolik-ile-protestan-cemaati-kiliselerini-restore-ediyor\\\/#article\",\"isPartOf\":{\"@id\":\"https:\\\/\\\/akunq.net\\\/turkish\\\/2010\\\/04\\\/14\\\/diyarbakir-vakiflar-bolge-mudurlugu-ermeni-katolik-ile-protestan-cemaati-kiliselerini-restore-ediyor\\\/\"},\"author\":{\"name\":\"kalem\",\"@id\":\"https:\\\/\\\/akunq.net\\\/turkish\\\/#\\\/schema\\\/person\\\/135e7923d1aeb8887890799619969a6c\"},\"headline\":\"Diyarbak\u0131r Vak\u0131flar B\u00f6lge M\u00fcd\u00fcrl\u00fc\u011f\u00fc, Ermeni Katolik ile Protestan Cemaati kiliselerini restore ediyor\",\"datePublished\":\"2010-04-14T06:48:24+00:00\",\"mainEntityOfPage\":{\"@id\":\"https:\\\/\\\/akunq.net\\\/turkish\\\/2010\\\/04\\\/14\\\/diyarbakir-vakiflar-bolge-mudurlugu-ermeni-katolik-ile-protestan-cemaati-kiliselerini-restore-ediyor\\\/\"},\"wordCount\":562,\"articleSection\":[\"Haberler\"],\"inLanguage\":\"en-US\"},{\"@type\":\"WebPage\",\"@id\":\"https:\\\/\\\/akunq.net\\\/turkish\\\/2010\\\/04\\\/14\\\/diyarbakir-vakiflar-bolge-mudurlugu-ermeni-katolik-ile-protestan-cemaati-kiliselerini-restore-ediyor\\\/\",\"url\":\"https:\\\/\\\/akunq.net\\\/turkish\\\/2010\\\/04\\\/14\\\/diyarbakir-vakiflar-bolge-mudurlugu-ermeni-katolik-ile-protestan-cemaati-kiliselerini-restore-ediyor\\\/\",\"name\":\"Diyarbak\u0131r Vak\u0131flar B\u00f6lge M\u00fcd\u00fcrl\u00fc\u011f\u00fc, Ermeni Katolik ile Protestan Cemaati kiliselerini restore ediyor - Bati Ermenistan Ve Bati Ermenileri Sorunlari Ara\u015ftirmalar Merkezi\",\"isPartOf\":{\"@id\":\"https:\\\/\\\/akunq.net\\\/turkish\\\/#website\"},\"datePublished\":\"2010-04-14T06:48:24+00:00\",\"author\":{\"@id\":\"https:\\\/\\\/akunq.net\\\/turkish\\\/#\\\/schema\\\/person\\\/135e7923d1aeb8887890799619969a6c\"},\"breadcrumb\":{\"@id\":\"https:\\\/\\\/akunq.net\\\/turkish\\\/2010\\\/04\\\/14\\\/diyarbakir-vakiflar-bolge-mudurlugu-ermeni-katolik-ile-protestan-cemaati-kiliselerini-restore-ediyor\\\/#breadcrumb\"},\"inLanguage\":\"en-US\",\"potentialAction\":[{\"@type\":\"ReadAction\",\"target\":[\"https:\\\/\\\/akunq.net\\\/turkish\\\/2010\\\/04\\\/14\\\/diyarbakir-vakiflar-bolge-mudurlugu-ermeni-katolik-ile-protestan-cemaati-kiliselerini-restore-ediyor\\\/\"]}]},{\"@type\":\"BreadcrumbList\",\"@id\":\"https:\\\/\\\/akunq.net\\\/turkish\\\/2010\\\/04\\\/14\\\/diyarbakir-vakiflar-bolge-mudurlugu-ermeni-katolik-ile-protestan-cemaati-kiliselerini-restore-ediyor\\\/#breadcrumb\",\"itemListElement\":[{\"@type\":\"ListItem\",\"position\":1,\"name\":\"Home\",\"item\":\"https:\\\/\\\/akunq.net\\\/turkish\\\/\"},{\"@type\":\"ListItem\",\"position\":2,\"name\":\"Diyarbak\u0131r Vak\u0131flar B\u00f6lge M\u00fcd\u00fcrl\u00fc\u011f\u00fc, Ermeni Katolik ile Protestan Cemaati kiliselerini restore ediyor\"}]},{\"@type\":\"WebSite\",\"@id\":\"https:\\\/\\\/akunq.net\\\/turkish\\\/#website\",\"url\":\"https:\\\/\\\/akunq.net\\\/turkish\\\/\",\"name\":\"Bati Ermenistan Ve Bati Ermenileri Sorunlari Ara\u015ftirmalar Merkezi\",\"description\":\"\",\"potentialAction\":[{\"@type\":\"SearchAction\",\"target\":{\"@type\":\"EntryPoint\",\"urlTemplate\":\"https:\\\/\\\/akunq.net\\\/turkish\\\/?s={search_term_string}\"},\"query-input\":{\"@type\":\"PropertyValueSpecification\",\"valueRequired\":true,\"valueName\":\"search_term_string\"}}],\"inLanguage\":\"en-US\"},{\"@type\":\"Person\",\"@id\":\"https:\\\/\\\/akunq.net\\\/turkish\\\/#\\\/schema\\\/person\\\/135e7923d1aeb8887890799619969a6c\",\"name\":\"kalem\",\"image\":{\"@type\":\"ImageObject\",\"inLanguage\":\"en-US\",\"@id\":\"https:\\\/\\\/secure.gravatar.com\\\/avatar\\\/a06875e4b25feb5674296adf8e8a7ae1e587cebce2493fe63c456109967e27d3?s=96&d=mm&r=g\",\"url\":\"https:\\\/\\\/secure.gravatar.com\\\/avatar\\\/a06875e4b25feb5674296adf8e8a7ae1e587cebce2493fe63c456109967e27d3?s=96&d=mm&r=g\",\"contentUrl\":\"https:\\\/\\\/secure.gravatar.com\\\/avatar\\\/a06875e4b25feb5674296adf8e8a7ae1e587cebce2493fe63c456109967e27d3?s=96&d=mm&r=g\",\"caption\":\"kalem\"},\"url\":\"https:\\\/\\\/akunq.net\\\/turkish\\\/author\\\/kalem\\\/\"}]}<\/script>\n<!-- \/ Yoast SEO plugin. -->","yoast_head_json":{"title":"Diyarbak\u0131r Vak\u0131flar B\u00f6lge M\u00fcd\u00fcrl\u00fc\u011f\u00fc, Ermeni Katolik ile Protestan Cemaati kiliselerini restore ediyor - Bati Ermenistan Ve Bati Ermenileri Sorunlari Ara\u015ftirmalar Merkezi","robots":{"index":"index","follow":"follow","max-snippet":"max-snippet:-1","max-image-preview":"max-image-preview:large","max-video-preview":"max-video-preview:-1"},"canonical":"https:\/\/akunq.net\/turkish\/2010\/04\/14\/diyarbakir-vakiflar-bolge-mudurlugu-ermeni-katolik-ile-protestan-cemaati-kiliselerini-restore-ediyor\/","og_locale":"en_US","og_type":"article","og_title":"Diyarbak\u0131r Vak\u0131flar B\u00f6lge M\u00fcd\u00fcrl\u00fc\u011f\u00fc, Ermeni Katolik ile Protestan Cemaati kiliselerini restore ediyor - Bati Ermenistan Ve Bati Ermenileri Sorunlari Ara\u015ftirmalar Merkezi","og_description":"Y\u00fczy\u0131llar boyu Romal\u0131lar, Sasaniler, Artuklular ve Akkoyunlular gibi 33 medeniyete ev sahipli\u011fi yapan, \u00e7an ve ezan sesinin ho\u015fg\u00f6r\u00fcyle birbirine kar\u0131\u015ft\u0131\u011f\u0131, k\u00fclt\u00fcrlerin kol kola gezdi\u011fi medeniyetler \u015fehri Diyarbak\u0131r&#8217;da k\u00fclt\u00fcr varl\u0131klar\u0131, ilgili kurumlarca tek tek asl\u0131na uygun restore edilerek gelecek nesillere aktar\u0131l\u0131yor. Diyarbak\u0131r Vak\u0131flar B\u00f6lge M\u00fcd\u00fcrl\u00fc\u011f\u00fc, m\u00fclkiyetindeki eserleri, uzman ekiplerce restore ederek, eski g\u00f6rkemli hallerine kavu\u015fturuyor. Diyarbak\u0131rda [&hellip;]","og_url":"https:\/\/akunq.net\/turkish\/2010\/04\/14\/diyarbakir-vakiflar-bolge-mudurlugu-ermeni-katolik-ile-protestan-cemaati-kiliselerini-restore-ediyor\/","og_site_name":"Bati Ermenistan Ve Bati Ermenileri Sorunlari Ara\u015ftirmalar Merkezi","article_published_time":"2010-04-14T06:48:24+00:00","author":"kalem","twitter_card":"summary_large_image","twitter_misc":{"Written by":"kalem","Est. reading time":"3 minutes"},"schema":{"@context":"https:\/\/schema.org","@graph":[{"@type":"Article","@id":"https:\/\/akunq.net\/turkish\/2010\/04\/14\/diyarbakir-vakiflar-bolge-mudurlugu-ermeni-katolik-ile-protestan-cemaati-kiliselerini-restore-ediyor\/#article","isPartOf":{"@id":"https:\/\/akunq.net\/turkish\/2010\/04\/14\/diyarbakir-vakiflar-bolge-mudurlugu-ermeni-katolik-ile-protestan-cemaati-kiliselerini-restore-ediyor\/"},"author":{"name":"kalem","@id":"https:\/\/akunq.net\/turkish\/#\/schema\/person\/135e7923d1aeb8887890799619969a6c"},"headline":"Diyarbak\u0131r Vak\u0131flar B\u00f6lge M\u00fcd\u00fcrl\u00fc\u011f\u00fc, Ermeni Katolik ile Protestan Cemaati kiliselerini restore ediyor","datePublished":"2010-04-14T06:48:24+00:00","mainEntityOfPage":{"@id":"https:\/\/akunq.net\/turkish\/2010\/04\/14\/diyarbakir-vakiflar-bolge-mudurlugu-ermeni-katolik-ile-protestan-cemaati-kiliselerini-restore-ediyor\/"},"wordCount":562,"articleSection":["Haberler"],"inLanguage":"en-US"},{"@type":"WebPage","@id":"https:\/\/akunq.net\/turkish\/2010\/04\/14\/diyarbakir-vakiflar-bolge-mudurlugu-ermeni-katolik-ile-protestan-cemaati-kiliselerini-restore-ediyor\/","url":"https:\/\/akunq.net\/turkish\/2010\/04\/14\/diyarbakir-vakiflar-bolge-mudurlugu-ermeni-katolik-ile-protestan-cemaati-kiliselerini-restore-ediyor\/","name":"Diyarbak\u0131r Vak\u0131flar B\u00f6lge M\u00fcd\u00fcrl\u00fc\u011f\u00fc, Ermeni Katolik ile Protestan Cemaati kiliselerini restore ediyor - Bati Ermenistan Ve Bati Ermenileri Sorunlari Ara\u015ftirmalar Merkezi","isPartOf":{"@id":"https:\/\/akunq.net\/turkish\/#website"},"datePublished":"2010-04-14T06:48:24+00:00","author":{"@id":"https:\/\/akunq.net\/turkish\/#\/schema\/person\/135e7923d1aeb8887890799619969a6c"},"breadcrumb":{"@id":"https:\/\/akunq.net\/turkish\/2010\/04\/14\/diyarbakir-vakiflar-bolge-mudurlugu-ermeni-katolik-ile-protestan-cemaati-kiliselerini-restore-ediyor\/#breadcrumb"},"inLanguage":"en-US","potentialAction":[{"@type":"ReadAction","target":["https:\/\/akunq.net\/turkish\/2010\/04\/14\/diyarbakir-vakiflar-bolge-mudurlugu-ermeni-katolik-ile-protestan-cemaati-kiliselerini-restore-ediyor\/"]}]},{"@type":"BreadcrumbList","@id":"https:\/\/akunq.net\/turkish\/2010\/04\/14\/diyarbakir-vakiflar-bolge-mudurlugu-ermeni-katolik-ile-protestan-cemaati-kiliselerini-restore-ediyor\/#breadcrumb","itemListElement":[{"@type":"ListItem","position":1,"name":"Home","item":"https:\/\/akunq.net\/turkish\/"},{"@type":"ListItem","position":2,"name":"Diyarbak\u0131r Vak\u0131flar B\u00f6lge M\u00fcd\u00fcrl\u00fc\u011f\u00fc, Ermeni Katolik ile Protestan Cemaati kiliselerini restore ediyor"}]},{"@type":"WebSite","@id":"https:\/\/akunq.net\/turkish\/#website","url":"https:\/\/akunq.net\/turkish\/","name":"Bati Ermenistan Ve Bati Ermenileri Sorunlari Ara\u015ftirmalar Merkezi","description":"","potentialAction":[{"@type":"SearchAction","target":{"@type":"EntryPoint","urlTemplate":"https:\/\/akunq.net\/turkish\/?s={search_term_string}"},"query-input":{"@type":"PropertyValueSpecification","valueRequired":true,"valueName":"search_term_string"}}],"inLanguage":"en-US"},{"@type":"Person","@id":"https:\/\/akunq.net\/turkish\/#\/schema\/person\/135e7923d1aeb8887890799619969a6c","name":"kalem","image":{"@type":"ImageObject","inLanguage":"en-US","@id":"https:\/\/secure.gravatar.com\/avatar\/a06875e4b25feb5674296adf8e8a7ae1e587cebce2493fe63c456109967e27d3?s=96&d=mm&r=g","url":"https:\/\/secure.gravatar.com\/avatar\/a06875e4b25feb5674296adf8e8a7ae1e587cebce2493fe63c456109967e27d3?s=96&d=mm&r=g","contentUrl":"https:\/\/secure.gravatar.com\/avatar\/a06875e4b25feb5674296adf8e8a7ae1e587cebce2493fe63c456109967e27d3?s=96&d=mm&r=g","caption":"kalem"},"url":"https:\/\/akunq.net\/turkish\/author\/kalem\/"}]}},"_links":{"self":[{"href":"https:\/\/akunq.net\/turkish\/wp-json\/wp\/v2\/posts\/44","targetHints":{"allow":["GET"]}}],"collection":[{"href":"https:\/\/akunq.net\/turkish\/wp-json\/wp\/v2\/posts"}],"about":[{"href":"https:\/\/akunq.net\/turkish\/wp-json\/wp\/v2\/types\/post"}],"author":[{"embeddable":true,"href":"https:\/\/akunq.net\/turkish\/wp-json\/wp\/v2\/users\/3"}],"replies":[{"embeddable":true,"href":"https:\/\/akunq.net\/turkish\/wp-json\/wp\/v2\/comments?post=44"}],"version-history":[{"count":0,"href":"https:\/\/akunq.net\/turkish\/wp-json\/wp\/v2\/posts\/44\/revisions"}],"wp:attachment":[{"href":"https:\/\/akunq.net\/turkish\/wp-json\/wp\/v2\/media?parent=44"}],"wp:term":[{"taxonomy":"category","embeddable":true,"href":"https:\/\/akunq.net\/turkish\/wp-json\/wp\/v2\/categories?post=44"},{"taxonomy":"post_tag","embeddable":true,"href":"https:\/\/akunq.net\/turkish\/wp-json\/wp\/v2\/tags?post=44"}],"curies":[{"name":"wp","href":"https:\/\/api.w.org\/{rel}","templated":true}]}}