{"id":427,"date":"2010-04-23T05:20:24","date_gmt":"2010-04-23T10:20:24","guid":{"rendered":"http:\/\/akunq.net\/tr\/?p=427"},"modified":"2010-04-23T05:20:24","modified_gmt":"2010-04-23T10:20:24","slug":"atesyan-azinlik-icinde-cogunluguz","status":"publish","type":"post","link":"https:\/\/akunq.net\/turkish\/2010\/04\/23\/atesyan-azinlik-icinde-cogunluguz\/","title":{"rendered":"Ate\u015fyan: Az\u0131nl\u0131k \u0130\u00e7inde \u00c7o\u011funlu\u011fuz"},"content":{"rendered":"<p style=\"text-align: justify\">Ermeni Ortodoks Ruhani Meclis Ba\u015fkan\u0131 Aram Ate\u015fyan, Van G\u00f6l\u00fc&#8217;ndeki Akdamar Adas\u0131&#8217;nda bulunan, K\u00fclt\u00fcr ve Turizm Bakanl\u0131\u011f\u0131nca restorasyonu yap\u0131ld\u0131ktan sonra an\u0131t m\u00fcze olarak a\u00e7\u0131lan Ermeni kilisesinde y\u0131lda 1 g\u00fcn ayine izin verilmesiyle ilgili geli\u015fmeleri, sadece diaspora Ermenilerinin de\u011fil, T\u00fcrkiye&#8217;deki Ermenilerin de yak\u0131ndan takip etti\u011fini s\u00f6yledi.<\/p>\n<p style=\"text-align: justify\">-&#8221;AZINLIK OLARAK G\u00d6Z ARDI ED\u0130LM\u0130\u015eT\u0130K&#8221;-<\/p>\n<p style=\"text-align: justify\">T\u00fcrkiye&#8217;de ya\u015fayan Ermenilerin, son d\u00f6nemdeki geli\u015fmelerle bu \u00fclkenin vatanda\u015f\u0131 oldu\u011funu daha iyi anlad\u0131\u011f\u0131n\u0131 ifade eden Ate\u015fyan, \u015funlar\u0131 kaydetti: &#8221;Bir az\u0131nl\u0131k olarak g\u00f6z ard\u0131 edilmi\u015ftik, ama son y\u0131llarda kimli\u011fimiz ortaya \u00e7\u0131kt\u0131. Art\u0131k &#8216;Ben Ermeniyim&#8217; diyebiliyorum. Anadolu&#8217;daki birisi de yava\u015f yava\u015f kimli\u011fini ortaya koyabiliyor. Kendini saklamas\u0131 gerekmiyor. Bu \u00e7al\u0131\u015fmalar kapsam\u0131nda k\u00fclt\u00fcrel faaliyetler de \u00e7ok \u00f6nemliydi. \u0130lk ad\u0131m, Ermeniler i\u00e7in, kilisesi i\u00e7in ve toplumu i\u00e7in \u00f6nemli bir mekan olan Akdamar Adas\u0131&#8217;yd\u0131. \u00c7\u00fcnk\u00fc Akdamar Adas\u0131 bizim katolikoslu\u011fumuz, d\u00fcnya \u00f6nderli\u011fimizin merkezi olmu\u015ftur. Bu tarihimiz ve kilisemiz i\u00e7in \u00e7ok \u00f6nemli. Bu d\u00f6nemde yap\u0131lan \u00e7al\u0131\u015fmalarla y\u0131lda 1 kez bile olsa ayine a\u00e7\u0131l\u0131yor ve b\u00fct\u00fcn d\u00fcnya Ermenileri ayakta. Herkes ne zaman ger\u00e7ekle\u015fece\u011fini soruyor. Van&#8217;da otel kalmad\u0131, hepsi tutuldu.&#8221;<\/p>\n<p style=\"text-align: justify\">-&#8221;AZINLIK \u0130\u00c7\u0130NDE \u00c7O\u011eUNLU\u011eUZ&#8221;-<\/p>\n<p style=\"text-align: justify\">T\u00fcrkiye&#8217;deki Ermenilerin, di\u011fer milletlere g\u00f6re &#8221;az\u0131nl\u0131k i\u00e7inde \u00e7o\u011funluk&#8221; oldu\u011funu belirten Ate\u015fyan, &#8221;Rumlar 2 bin ki\u015fi kald\u0131, Museviler 20 bin ki\u015fi, ama Ermeniler 70 bin ki\u015fi. Biz T\u00fcrkiye&#8217;de az\u0131nl\u0131k i\u00e7inde \u00e7o\u011funlu\u011fuz ve Ermenilerin burada bir ge\u00e7mi\u015fi, k\u00fclt\u00fcrel zenginli\u011fi var&#8221; dedi.<\/p>\n<p style=\"text-align: justify\">T\u00fcrkiye&#8217;deki t\u00fcm milletlerin bundan sonra el ele vererek \u00fclkenin zenginli\u011fini ortaya \u00e7\u0131karmas\u0131 gerekti\u011fini vurgulayan Ate\u015fyan, &#8221;Tarihte ya\u015fanan \u00fcz\u00fcc\u00fc olaylar\u0131 siyaset\u00e7ilere ve tarih\u00e7ilere b\u0131rak\u0131p, bu \u00fclkedeki toplumlar\u0131n \u00fclkenin kalk\u0131nmas\u0131 i\u00e7in \u00e7al\u0131\u015fmas\u0131 gerekiyor&#8221; diye konu\u015ftu.<\/p>\n<p style=\"text-align: justify\"><strong><em>turkishny.com, ABD, 22.4.2010<\/em><\/strong><\/p>\n","protected":false},"excerpt":{"rendered":"<p>Ermeni Ortodoks Ruhani Meclis Ba\u015fkan\u0131 Aram Ate\u015fyan, Van G\u00f6l\u00fc&#8217;ndeki Akdamar Adas\u0131&#8217;nda bulunan, K\u00fclt\u00fcr ve Turizm Bakanl\u0131\u011f\u0131nca restorasyonu yap\u0131ld\u0131ktan sonra an\u0131t m\u00fcze olarak a\u00e7\u0131lan Ermeni kilisesinde y\u0131lda 1 g\u00fcn ayine izin verilmesiyle ilgili geli\u015fmeleri, sadece diaspora Ermenilerinin de\u011fil, T\u00fcrkiye&#8217;deki Ermenilerin de yak\u0131ndan takip etti\u011fini s\u00f6yledi. -&#8221;AZINLIK OLARAK G\u00d6Z ARDI ED\u0130LM\u0130\u015eT\u0130K&#8221;- T\u00fcrkiye&#8217;de ya\u015fayan Ermenilerin, son d\u00f6nemdeki geli\u015fmelerle [&hellip;]<\/p>\n","protected":false},"author":3,"featured_media":0,"comment_status":"closed","ping_status":"open","sticky":false,"template":"","format":"standard","meta":{"footnotes":""},"categories":[14],"tags":[],"class_list":["post-427","post","type-post","status-publish","format-standard","hentry","category-haberler"],"yoast_head":"<!-- This site is optimized with the Yoast SEO plugin v27.4 - https:\/\/yoast.com\/product\/yoast-seo-wordpress\/ -->\n<title>Ate\u015fyan: Az\u0131nl\u0131k \u0130\u00e7inde \u00c7o\u011funlu\u011fuz - Bati Ermenistan Ve Bati Ermenileri Sorunlari Ara\u015ftirmalar Merkezi<\/title>\n<meta name=\"robots\" content=\"index, follow, max-snippet:-1, max-image-preview:large, max-video-preview:-1\" \/>\n<link rel=\"canonical\" href=\"https:\/\/akunq.net\/turkish\/2010\/04\/23\/atesyan-azinlik-icinde-cogunluguz\/\" \/>\n<meta property=\"og:locale\" content=\"en_US\" \/>\n<meta property=\"og:type\" content=\"article\" \/>\n<meta property=\"og:title\" content=\"Ate\u015fyan: Az\u0131nl\u0131k \u0130\u00e7inde \u00c7o\u011funlu\u011fuz - Bati Ermenistan Ve Bati Ermenileri Sorunlari Ara\u015ftirmalar Merkezi\" \/>\n<meta property=\"og:description\" content=\"Ermeni Ortodoks Ruhani Meclis Ba\u015fkan\u0131 Aram Ate\u015fyan, Van G\u00f6l\u00fc&#8217;ndeki Akdamar Adas\u0131&#8217;nda bulunan, K\u00fclt\u00fcr ve Turizm Bakanl\u0131\u011f\u0131nca restorasyonu yap\u0131ld\u0131ktan sonra an\u0131t m\u00fcze olarak a\u00e7\u0131lan Ermeni kilisesinde y\u0131lda 1 g\u00fcn ayine izin verilmesiyle ilgili geli\u015fmeleri, sadece diaspora Ermenilerinin de\u011fil, T\u00fcrkiye&#8217;deki Ermenilerin de yak\u0131ndan takip etti\u011fini s\u00f6yledi. -&#8221;AZINLIK OLARAK G\u00d6Z ARDI ED\u0130LM\u0130\u015eT\u0130K&#8221;- T\u00fcrkiye&#8217;de ya\u015fayan Ermenilerin, son d\u00f6nemdeki geli\u015fmelerle [&hellip;]\" \/>\n<meta property=\"og:url\" content=\"https:\/\/akunq.net\/turkish\/2010\/04\/23\/atesyan-azinlik-icinde-cogunluguz\/\" \/>\n<meta property=\"og:site_name\" content=\"Bati Ermenistan Ve Bati Ermenileri Sorunlari Ara\u015ftirmalar Merkezi\" \/>\n<meta property=\"article:published_time\" content=\"2010-04-23T10:20:24+00:00\" \/>\n<meta name=\"author\" content=\"kalem\" \/>\n<meta name=\"twitter:card\" content=\"summary_large_image\" \/>\n<meta name=\"twitter:label1\" content=\"Written by\" \/>\n\t<meta name=\"twitter:data1\" content=\"kalem\" \/>\n\t<meta name=\"twitter:label2\" content=\"Est. reading time\" \/>\n\t<meta name=\"twitter:data2\" content=\"2 minutes\" \/>\n<script type=\"application\/ld+json\" class=\"yoast-schema-graph\">{\"@context\":\"https:\\\/\\\/schema.org\",\"@graph\":[{\"@type\":\"Article\",\"@id\":\"https:\\\/\\\/akunq.net\\\/turkish\\\/2010\\\/04\\\/23\\\/atesyan-azinlik-icinde-cogunluguz\\\/#article\",\"isPartOf\":{\"@id\":\"https:\\\/\\\/akunq.net\\\/turkish\\\/2010\\\/04\\\/23\\\/atesyan-azinlik-icinde-cogunluguz\\\/\"},\"author\":{\"name\":\"kalem\",\"@id\":\"https:\\\/\\\/akunq.net\\\/turkish\\\/#\\\/schema\\\/person\\\/135e7923d1aeb8887890799619969a6c\"},\"headline\":\"Ate\u015fyan: Az\u0131nl\u0131k \u0130\u00e7inde \u00c7o\u011funlu\u011fuz\",\"datePublished\":\"2010-04-23T10:20:24+00:00\",\"mainEntityOfPage\":{\"@id\":\"https:\\\/\\\/akunq.net\\\/turkish\\\/2010\\\/04\\\/23\\\/atesyan-azinlik-icinde-cogunluguz\\\/\"},\"wordCount\":349,\"articleSection\":[\"Haberler\"],\"inLanguage\":\"en-US\"},{\"@type\":\"WebPage\",\"@id\":\"https:\\\/\\\/akunq.net\\\/turkish\\\/2010\\\/04\\\/23\\\/atesyan-azinlik-icinde-cogunluguz\\\/\",\"url\":\"https:\\\/\\\/akunq.net\\\/turkish\\\/2010\\\/04\\\/23\\\/atesyan-azinlik-icinde-cogunluguz\\\/\",\"name\":\"Ate\u015fyan: Az\u0131nl\u0131k \u0130\u00e7inde \u00c7o\u011funlu\u011fuz - Bati Ermenistan Ve Bati Ermenileri Sorunlari Ara\u015ftirmalar Merkezi\",\"isPartOf\":{\"@id\":\"https:\\\/\\\/akunq.net\\\/turkish\\\/#website\"},\"datePublished\":\"2010-04-23T10:20:24+00:00\",\"author\":{\"@id\":\"https:\\\/\\\/akunq.net\\\/turkish\\\/#\\\/schema\\\/person\\\/135e7923d1aeb8887890799619969a6c\"},\"breadcrumb\":{\"@id\":\"https:\\\/\\\/akunq.net\\\/turkish\\\/2010\\\/04\\\/23\\\/atesyan-azinlik-icinde-cogunluguz\\\/#breadcrumb\"},\"inLanguage\":\"en-US\",\"potentialAction\":[{\"@type\":\"ReadAction\",\"target\":[\"https:\\\/\\\/akunq.net\\\/turkish\\\/2010\\\/04\\\/23\\\/atesyan-azinlik-icinde-cogunluguz\\\/\"]}]},{\"@type\":\"BreadcrumbList\",\"@id\":\"https:\\\/\\\/akunq.net\\\/turkish\\\/2010\\\/04\\\/23\\\/atesyan-azinlik-icinde-cogunluguz\\\/#breadcrumb\",\"itemListElement\":[{\"@type\":\"ListItem\",\"position\":1,\"name\":\"Home\",\"item\":\"https:\\\/\\\/akunq.net\\\/turkish\\\/\"},{\"@type\":\"ListItem\",\"position\":2,\"name\":\"Ate\u015fyan: Az\u0131nl\u0131k \u0130\u00e7inde \u00c7o\u011funlu\u011fuz\"}]},{\"@type\":\"WebSite\",\"@id\":\"https:\\\/\\\/akunq.net\\\/turkish\\\/#website\",\"url\":\"https:\\\/\\\/akunq.net\\\/turkish\\\/\",\"name\":\"Bati Ermenistan Ve Bati Ermenileri Sorunlari Ara\u015ftirmalar Merkezi\",\"description\":\"\",\"potentialAction\":[{\"@type\":\"SearchAction\",\"target\":{\"@type\":\"EntryPoint\",\"urlTemplate\":\"https:\\\/\\\/akunq.net\\\/turkish\\\/?s={search_term_string}\"},\"query-input\":{\"@type\":\"PropertyValueSpecification\",\"valueRequired\":true,\"valueName\":\"search_term_string\"}}],\"inLanguage\":\"en-US\"},{\"@type\":\"Person\",\"@id\":\"https:\\\/\\\/akunq.net\\\/turkish\\\/#\\\/schema\\\/person\\\/135e7923d1aeb8887890799619969a6c\",\"name\":\"kalem\",\"image\":{\"@type\":\"ImageObject\",\"inLanguage\":\"en-US\",\"@id\":\"https:\\\/\\\/secure.gravatar.com\\\/avatar\\\/a06875e4b25feb5674296adf8e8a7ae1e587cebce2493fe63c456109967e27d3?s=96&d=mm&r=g\",\"url\":\"https:\\\/\\\/secure.gravatar.com\\\/avatar\\\/a06875e4b25feb5674296adf8e8a7ae1e587cebce2493fe63c456109967e27d3?s=96&d=mm&r=g\",\"contentUrl\":\"https:\\\/\\\/secure.gravatar.com\\\/avatar\\\/a06875e4b25feb5674296adf8e8a7ae1e587cebce2493fe63c456109967e27d3?s=96&d=mm&r=g\",\"caption\":\"kalem\"},\"url\":\"https:\\\/\\\/akunq.net\\\/turkish\\\/author\\\/kalem\\\/\"}]}<\/script>\n<!-- \/ Yoast SEO plugin. -->","yoast_head_json":{"title":"Ate\u015fyan: Az\u0131nl\u0131k \u0130\u00e7inde \u00c7o\u011funlu\u011fuz - Bati Ermenistan Ve Bati Ermenileri Sorunlari Ara\u015ftirmalar Merkezi","robots":{"index":"index","follow":"follow","max-snippet":"max-snippet:-1","max-image-preview":"max-image-preview:large","max-video-preview":"max-video-preview:-1"},"canonical":"https:\/\/akunq.net\/turkish\/2010\/04\/23\/atesyan-azinlik-icinde-cogunluguz\/","og_locale":"en_US","og_type":"article","og_title":"Ate\u015fyan: Az\u0131nl\u0131k \u0130\u00e7inde \u00c7o\u011funlu\u011fuz - Bati Ermenistan Ve Bati Ermenileri Sorunlari Ara\u015ftirmalar Merkezi","og_description":"Ermeni Ortodoks Ruhani Meclis Ba\u015fkan\u0131 Aram Ate\u015fyan, Van G\u00f6l\u00fc&#8217;ndeki Akdamar Adas\u0131&#8217;nda bulunan, K\u00fclt\u00fcr ve Turizm Bakanl\u0131\u011f\u0131nca restorasyonu yap\u0131ld\u0131ktan sonra an\u0131t m\u00fcze olarak a\u00e7\u0131lan Ermeni kilisesinde y\u0131lda 1 g\u00fcn ayine izin verilmesiyle ilgili geli\u015fmeleri, sadece diaspora Ermenilerinin de\u011fil, T\u00fcrkiye&#8217;deki Ermenilerin de yak\u0131ndan takip etti\u011fini s\u00f6yledi. -&#8221;AZINLIK OLARAK G\u00d6Z ARDI ED\u0130LM\u0130\u015eT\u0130K&#8221;- T\u00fcrkiye&#8217;de ya\u015fayan Ermenilerin, son d\u00f6nemdeki geli\u015fmelerle [&hellip;]","og_url":"https:\/\/akunq.net\/turkish\/2010\/04\/23\/atesyan-azinlik-icinde-cogunluguz\/","og_site_name":"Bati Ermenistan Ve Bati Ermenileri Sorunlari Ara\u015ftirmalar Merkezi","article_published_time":"2010-04-23T10:20:24+00:00","author":"kalem","twitter_card":"summary_large_image","twitter_misc":{"Written by":"kalem","Est. reading time":"2 minutes"},"schema":{"@context":"https:\/\/schema.org","@graph":[{"@type":"Article","@id":"https:\/\/akunq.net\/turkish\/2010\/04\/23\/atesyan-azinlik-icinde-cogunluguz\/#article","isPartOf":{"@id":"https:\/\/akunq.net\/turkish\/2010\/04\/23\/atesyan-azinlik-icinde-cogunluguz\/"},"author":{"name":"kalem","@id":"https:\/\/akunq.net\/turkish\/#\/schema\/person\/135e7923d1aeb8887890799619969a6c"},"headline":"Ate\u015fyan: Az\u0131nl\u0131k \u0130\u00e7inde \u00c7o\u011funlu\u011fuz","datePublished":"2010-04-23T10:20:24+00:00","mainEntityOfPage":{"@id":"https:\/\/akunq.net\/turkish\/2010\/04\/23\/atesyan-azinlik-icinde-cogunluguz\/"},"wordCount":349,"articleSection":["Haberler"],"inLanguage":"en-US"},{"@type":"WebPage","@id":"https:\/\/akunq.net\/turkish\/2010\/04\/23\/atesyan-azinlik-icinde-cogunluguz\/","url":"https:\/\/akunq.net\/turkish\/2010\/04\/23\/atesyan-azinlik-icinde-cogunluguz\/","name":"Ate\u015fyan: Az\u0131nl\u0131k \u0130\u00e7inde \u00c7o\u011funlu\u011fuz - Bati Ermenistan Ve Bati Ermenileri Sorunlari Ara\u015ftirmalar Merkezi","isPartOf":{"@id":"https:\/\/akunq.net\/turkish\/#website"},"datePublished":"2010-04-23T10:20:24+00:00","author":{"@id":"https:\/\/akunq.net\/turkish\/#\/schema\/person\/135e7923d1aeb8887890799619969a6c"},"breadcrumb":{"@id":"https:\/\/akunq.net\/turkish\/2010\/04\/23\/atesyan-azinlik-icinde-cogunluguz\/#breadcrumb"},"inLanguage":"en-US","potentialAction":[{"@type":"ReadAction","target":["https:\/\/akunq.net\/turkish\/2010\/04\/23\/atesyan-azinlik-icinde-cogunluguz\/"]}]},{"@type":"BreadcrumbList","@id":"https:\/\/akunq.net\/turkish\/2010\/04\/23\/atesyan-azinlik-icinde-cogunluguz\/#breadcrumb","itemListElement":[{"@type":"ListItem","position":1,"name":"Home","item":"https:\/\/akunq.net\/turkish\/"},{"@type":"ListItem","position":2,"name":"Ate\u015fyan: Az\u0131nl\u0131k \u0130\u00e7inde \u00c7o\u011funlu\u011fuz"}]},{"@type":"WebSite","@id":"https:\/\/akunq.net\/turkish\/#website","url":"https:\/\/akunq.net\/turkish\/","name":"Bati Ermenistan Ve Bati Ermenileri Sorunlari Ara\u015ftirmalar Merkezi","description":"","potentialAction":[{"@type":"SearchAction","target":{"@type":"EntryPoint","urlTemplate":"https:\/\/akunq.net\/turkish\/?s={search_term_string}"},"query-input":{"@type":"PropertyValueSpecification","valueRequired":true,"valueName":"search_term_string"}}],"inLanguage":"en-US"},{"@type":"Person","@id":"https:\/\/akunq.net\/turkish\/#\/schema\/person\/135e7923d1aeb8887890799619969a6c","name":"kalem","image":{"@type":"ImageObject","inLanguage":"en-US","@id":"https:\/\/secure.gravatar.com\/avatar\/a06875e4b25feb5674296adf8e8a7ae1e587cebce2493fe63c456109967e27d3?s=96&d=mm&r=g","url":"https:\/\/secure.gravatar.com\/avatar\/a06875e4b25feb5674296adf8e8a7ae1e587cebce2493fe63c456109967e27d3?s=96&d=mm&r=g","contentUrl":"https:\/\/secure.gravatar.com\/avatar\/a06875e4b25feb5674296adf8e8a7ae1e587cebce2493fe63c456109967e27d3?s=96&d=mm&r=g","caption":"kalem"},"url":"https:\/\/akunq.net\/turkish\/author\/kalem\/"}]}},"_links":{"self":[{"href":"https:\/\/akunq.net\/turkish\/wp-json\/wp\/v2\/posts\/427","targetHints":{"allow":["GET"]}}],"collection":[{"href":"https:\/\/akunq.net\/turkish\/wp-json\/wp\/v2\/posts"}],"about":[{"href":"https:\/\/akunq.net\/turkish\/wp-json\/wp\/v2\/types\/post"}],"author":[{"embeddable":true,"href":"https:\/\/akunq.net\/turkish\/wp-json\/wp\/v2\/users\/3"}],"replies":[{"embeddable":true,"href":"https:\/\/akunq.net\/turkish\/wp-json\/wp\/v2\/comments?post=427"}],"version-history":[{"count":0,"href":"https:\/\/akunq.net\/turkish\/wp-json\/wp\/v2\/posts\/427\/revisions"}],"wp:attachment":[{"href":"https:\/\/akunq.net\/turkish\/wp-json\/wp\/v2\/media?parent=427"}],"wp:term":[{"taxonomy":"category","embeddable":true,"href":"https:\/\/akunq.net\/turkish\/wp-json\/wp\/v2\/categories?post=427"},{"taxonomy":"post_tag","embeddable":true,"href":"https:\/\/akunq.net\/turkish\/wp-json\/wp\/v2\/tags?post=427"}],"curies":[{"name":"wp","href":"https:\/\/api.w.org\/{rel}","templated":true}]}}