{"id":421,"date":"2010-04-23T04:28:44","date_gmt":"2010-04-23T09:28:44","guid":{"rendered":"http:\/\/akunq.net\/tr\/?p=421"},"modified":"2010-04-23T04:28:44","modified_gmt":"2010-04-23T09:28:44","slug":"24-nisan-anmasi-polise-emanet","status":"publish","type":"post","link":"https:\/\/akunq.net\/turkish\/2010\/04\/23\/24-nisan-anmasi-polise-emanet\/","title":{"rendered":"24 Nisan anmas\u0131 polise emanet"},"content":{"rendered":"<p style=\"text-align: justify\"><strong>915 katliam\u0131n\u0131n y\u0131ld\u00f6n\u00fcm\u00fcnde Taksim\u2019de anma etkinli\u011fi organize eden Dur De Giri\u015fimi, tehdit mesajlar\u0131 nedeniyle \u0130stanbul Emniyeti\u2019ne ba\u015fvurdu. <\/strong><\/p>\n<p style=\"text-align: justify\">\u0130stanbul Taksim\u2019de \u00e7ok say\u0131da ayd\u0131n ve yazar\u0131n deste\u011fiyle 1915 olaylar\u0131n\u0131 anma etkinli\u011fi organizasyonu yapan Irk\u00e7\u0131l\u0131\u011fa ve Milliyet\u00e7ili\u011fe Dur De Giri\u015fimi \u00fcyeleri, e-posta yoluyla tehditler almaya ba\u015flad\u0131. Giri\u015fim \u00fcyeleri, anma g\u00fcn\u00fcnde olas\u0131 bir provokasyonun ya\u015fanmamas\u0131 i\u00e7in Emniyet\u2019ten g\u00fcvenlik talebinde bulundu.<\/p>\n<p style=\"text-align: justify\">Taksim\u2019de 24 nisan cumartesi g\u00fcn\u00fc saat 19:00\u2019da yap\u0131lmas\u0131 planlanan etkinli\u011fe yakla\u015f\u0131k 60 ayd\u0131n ve yazar da destek verece\u011fini a\u00e7\u0131klad\u0131. Organizasyonu yapan Dur De Giri\u015fimi, anmay\u0131 \u201cBu ac\u0131 bizim ac\u0131m\u0131z, bu yas hepimizin\u201d slogan\u0131yla y\u00fcr\u00fct\u00fcyor. Giri\u015fimin anmaya kat\u0131l\u0131m i\u00e7in yapt\u0131\u011f\u0131 \u00e7a\u011fr\u0131 metninde \u015fu ifadelere yer veriliyor: \u201c1915\u2019te, n\u00fcfusumuz hen\u00fcz 13 milyonken, bu topraklarda 1,5-2 milyon Ermeni ya\u015f\u0131yordu&#8230; 24 Nisan 1915\u2019te \u2018g\u00f6nderilmeye\u2019 ba\u015fland\u0131lar. Onlar\u0131 kaybettik. Art\u0131k yoklar. \u00c7ok b\u00fcy\u00fck \u00e7o\u011funlu\u011fu aram\u0131zda yok. Mezarlar\u0131 bile yok. \u2018B\u00fcy\u00fck Felaket\u2019in vicdanlar\u0131m\u0131za y\u00fckledi\u011fi \u2018B\u00fcy\u00fck Ac\u0131\u2019 ise olanca a\u011f\u0131rl\u0131\u011f\u0131yla VAR. 95 y\u0131ld\u0131r b\u00fcy\u00fcyor. Bu \u2018B\u00fcy\u00fck Ac\u0131\u2019y\u0131 y\u00fcre\u011finde hisseden b\u00fct\u00fcn T\u00fcrkiyelileri 1915 kurbanlar\u0131n\u0131n an\u0131s\u0131 \u00f6n\u00fcnde sayg\u0131yla e\u011filmeye \u00e7a\u011f\u0131r\u0131yoruz. Siyahlar i\u00e7inde, sessizce ruhlar\u0131na yakaca\u011f\u0131m\u0131z mumlarla, \u00e7i\u00e7eklerle&#8230;\u201d<\/p>\n<p style=\"text-align: justify\">Duyurunun ard\u0131ndan anmay\u0131 d\u00fczenleyen giri\u015fim \u00fcyelerine e-posta yoluyla tehditler gelmeye ba\u015flad\u0131. Giri\u015fimi \u00fcyeleri, \u0130l Emniyet M\u00fcd\u00fcrl\u00fc\u011f\u00fc ile Beyo\u011flu \u0130l\u00e7e Emniyeti\u2019ne ba\u015fvurarak \u00f6nlem al\u0131nmas\u0131n\u0131 istedi.<\/p>\n<p style=\"text-align: justify\"><strong>\u00a0\u2018Mum yakarak yas tutaca\u011f\u0131z\u2019<\/strong><\/p>\n<p style=\"text-align: justify\">Taraf\u2019a konu\u015fan Giri\u015fim S\u00f6zc\u00fcs\u00fc Cengiz Al\u011fan, anma metninde \u2018soyk\u0131r\u0131m\u2019 s\u00f6zc\u00fc\u011f\u00fc ge\u00e7memesine ra\u011fmen baz\u0131 gazetelerin \u201cTaksim\u2019de soyk\u0131r\u0131m anmas\u0131\u201d \u015feklinde haber yapmas\u0131n\u0131 ele\u015ftirdi. Al\u011fan \u201cS\u0131radan bir insan\u0131n vicdan\u0131na seslenen metnimize bile milliyet\u00e7i tepkiler veriliyor. Biz soyk\u0131r\u0131m\u0131 kullanmamam\u0131za ra\u011fmen soyk\u0131r\u0131mdan bahsediyorlar. Siyah giyinerek, slogans\u0131z ve y\u00fcr\u00fcy\u00fc\u015fs\u00fcz bir anma yapaca\u011f\u0131z. Mum yakarak, \u00e7i\u00e7eklerle ya\u015fananlara yas tutaca\u011f\u0131z\u201d dedi. Daha \u00f6nce de benzer tehditler ald\u0131klar\u0131na dikkat \u00e7eken Cengiz Al\u011fan, \u015f\u00f6yle devam etti: \u201cBu sefer de ayn\u0131s\u0131 oldu. Mail yoluyla k\u00fcf\u00fcr ve hakaret ediyorlar. \u00dcz\u00fcc\u00fc herhangi bir \u015feyin ya\u015fanmamas\u0131 i\u00e7in g\u00fcvenlik g\u00fc\u00e7leriyle g\u00f6r\u00fc\u015ft\u00fck. Bize bir s\u0131k\u0131nt\u0131 olmayaca\u011f\u0131n\u0131 belirttiler. Biz de kendi g\u00fcvenli\u011fimizi sa\u011flayaca\u011f\u0131z. Kat\u0131l\u0131mc\u0131lar\u0131n olas\u0131 provokasyonlara gelmemesi i\u00e7in g\u00f6revlilerimiz olacak. Umar\u0131z \u00fcz\u00fcc\u00fc bir \u015fey olmaz.\u201d<strong> <\/strong><\/p>\n<p style=\"text-align: justify\"><strong>Taraf <\/strong><strong><em>&#8211; Istanbul &#8211; <\/em>22.04.2010 <\/strong><a href=\"http:\/\/www.taraf.com.tr\/haber\/48911.htm\">http:\/\/www.taraf.com.tr\/haber\/48911.htm<\/a><\/p>\n<p style=\"text-align: justify\">\u00a0BURHAN EK\u0130NC\u0130<\/p>\n","protected":false},"excerpt":{"rendered":"<p>915 katliam\u0131n\u0131n y\u0131ld\u00f6n\u00fcm\u00fcnde Taksim\u2019de anma etkinli\u011fi organize eden Dur De Giri\u015fimi, tehdit mesajlar\u0131 nedeniyle \u0130stanbul Emniyeti\u2019ne ba\u015fvurdu. \u0130stanbul Taksim\u2019de \u00e7ok say\u0131da ayd\u0131n ve yazar\u0131n deste\u011fiyle 1915 olaylar\u0131n\u0131 anma etkinli\u011fi organizasyonu yapan Irk\u00e7\u0131l\u0131\u011fa ve Milliyet\u00e7ili\u011fe Dur De Giri\u015fimi \u00fcyeleri, e-posta yoluyla tehditler almaya ba\u015flad\u0131. Giri\u015fim \u00fcyeleri, anma g\u00fcn\u00fcnde olas\u0131 bir provokasyonun ya\u015fanmamas\u0131 i\u00e7in Emniyet\u2019ten g\u00fcvenlik talebinde [&hellip;]<\/p>\n","protected":false},"author":3,"featured_media":0,"comment_status":"closed","ping_status":"open","sticky":false,"template":"","format":"standard","meta":{"footnotes":""},"categories":[14],"tags":[],"class_list":["post-421","post","type-post","status-publish","format-standard","hentry","category-haberler"],"yoast_head":"<!-- This site is optimized with the Yoast SEO plugin v27.4 - https:\/\/yoast.com\/product\/yoast-seo-wordpress\/ -->\n<title>24 Nisan anmas\u0131 polise emanet - Bati Ermenistan Ve Bati Ermenileri Sorunlari Ara\u015ftirmalar Merkezi<\/title>\n<meta name=\"robots\" content=\"index, follow, max-snippet:-1, max-image-preview:large, max-video-preview:-1\" \/>\n<link rel=\"canonical\" href=\"https:\/\/akunq.net\/turkish\/2010\/04\/23\/24-nisan-anmasi-polise-emanet\/\" \/>\n<meta property=\"og:locale\" content=\"en_US\" \/>\n<meta property=\"og:type\" content=\"article\" \/>\n<meta property=\"og:title\" content=\"24 Nisan anmas\u0131 polise emanet - Bati Ermenistan Ve Bati Ermenileri Sorunlari Ara\u015ftirmalar Merkezi\" \/>\n<meta property=\"og:description\" content=\"915 katliam\u0131n\u0131n y\u0131ld\u00f6n\u00fcm\u00fcnde Taksim\u2019de anma etkinli\u011fi organize eden Dur De Giri\u015fimi, tehdit mesajlar\u0131 nedeniyle \u0130stanbul Emniyeti\u2019ne ba\u015fvurdu. \u0130stanbul Taksim\u2019de \u00e7ok say\u0131da ayd\u0131n ve yazar\u0131n deste\u011fiyle 1915 olaylar\u0131n\u0131 anma etkinli\u011fi organizasyonu yapan Irk\u00e7\u0131l\u0131\u011fa ve Milliyet\u00e7ili\u011fe Dur De Giri\u015fimi \u00fcyeleri, e-posta yoluyla tehditler almaya ba\u015flad\u0131. Giri\u015fim \u00fcyeleri, anma g\u00fcn\u00fcnde olas\u0131 bir provokasyonun ya\u015fanmamas\u0131 i\u00e7in Emniyet\u2019ten g\u00fcvenlik talebinde [&hellip;]\" \/>\n<meta property=\"og:url\" content=\"https:\/\/akunq.net\/turkish\/2010\/04\/23\/24-nisan-anmasi-polise-emanet\/\" \/>\n<meta property=\"og:site_name\" content=\"Bati Ermenistan Ve Bati Ermenileri Sorunlari Ara\u015ftirmalar Merkezi\" \/>\n<meta property=\"article:published_time\" content=\"2010-04-23T09:28:44+00:00\" \/>\n<meta name=\"author\" content=\"kalem\" \/>\n<meta name=\"twitter:card\" content=\"summary_large_image\" \/>\n<meta name=\"twitter:label1\" content=\"Written by\" \/>\n\t<meta name=\"twitter:data1\" content=\"kalem\" \/>\n\t<meta name=\"twitter:label2\" content=\"Est. reading time\" \/>\n\t<meta name=\"twitter:data2\" content=\"2 minutes\" \/>\n<script type=\"application\/ld+json\" class=\"yoast-schema-graph\">{\"@context\":\"https:\\\/\\\/schema.org\",\"@graph\":[{\"@type\":\"Article\",\"@id\":\"https:\\\/\\\/akunq.net\\\/turkish\\\/2010\\\/04\\\/23\\\/24-nisan-anmasi-polise-emanet\\\/#article\",\"isPartOf\":{\"@id\":\"https:\\\/\\\/akunq.net\\\/turkish\\\/2010\\\/04\\\/23\\\/24-nisan-anmasi-polise-emanet\\\/\"},\"author\":{\"name\":\"kalem\",\"@id\":\"https:\\\/\\\/akunq.net\\\/turkish\\\/#\\\/schema\\\/person\\\/135e7923d1aeb8887890799619969a6c\"},\"headline\":\"24 Nisan anmas\u0131 polise emanet\",\"datePublished\":\"2010-04-23T09:28:44+00:00\",\"mainEntityOfPage\":{\"@id\":\"https:\\\/\\\/akunq.net\\\/turkish\\\/2010\\\/04\\\/23\\\/24-nisan-anmasi-polise-emanet\\\/\"},\"wordCount\":487,\"articleSection\":[\"Haberler\"],\"inLanguage\":\"en-US\"},{\"@type\":\"WebPage\",\"@id\":\"https:\\\/\\\/akunq.net\\\/turkish\\\/2010\\\/04\\\/23\\\/24-nisan-anmasi-polise-emanet\\\/\",\"url\":\"https:\\\/\\\/akunq.net\\\/turkish\\\/2010\\\/04\\\/23\\\/24-nisan-anmasi-polise-emanet\\\/\",\"name\":\"24 Nisan anmas\u0131 polise emanet - Bati Ermenistan Ve Bati Ermenileri Sorunlari Ara\u015ftirmalar Merkezi\",\"isPartOf\":{\"@id\":\"https:\\\/\\\/akunq.net\\\/turkish\\\/#website\"},\"datePublished\":\"2010-04-23T09:28:44+00:00\",\"author\":{\"@id\":\"https:\\\/\\\/akunq.net\\\/turkish\\\/#\\\/schema\\\/person\\\/135e7923d1aeb8887890799619969a6c\"},\"breadcrumb\":{\"@id\":\"https:\\\/\\\/akunq.net\\\/turkish\\\/2010\\\/04\\\/23\\\/24-nisan-anmasi-polise-emanet\\\/#breadcrumb\"},\"inLanguage\":\"en-US\",\"potentialAction\":[{\"@type\":\"ReadAction\",\"target\":[\"https:\\\/\\\/akunq.net\\\/turkish\\\/2010\\\/04\\\/23\\\/24-nisan-anmasi-polise-emanet\\\/\"]}]},{\"@type\":\"BreadcrumbList\",\"@id\":\"https:\\\/\\\/akunq.net\\\/turkish\\\/2010\\\/04\\\/23\\\/24-nisan-anmasi-polise-emanet\\\/#breadcrumb\",\"itemListElement\":[{\"@type\":\"ListItem\",\"position\":1,\"name\":\"Home\",\"item\":\"https:\\\/\\\/akunq.net\\\/turkish\\\/\"},{\"@type\":\"ListItem\",\"position\":2,\"name\":\"24 Nisan anmas\u0131 polise emanet\"}]},{\"@type\":\"WebSite\",\"@id\":\"https:\\\/\\\/akunq.net\\\/turkish\\\/#website\",\"url\":\"https:\\\/\\\/akunq.net\\\/turkish\\\/\",\"name\":\"Bati Ermenistan Ve Bati Ermenileri Sorunlari Ara\u015ftirmalar Merkezi\",\"description\":\"\",\"potentialAction\":[{\"@type\":\"SearchAction\",\"target\":{\"@type\":\"EntryPoint\",\"urlTemplate\":\"https:\\\/\\\/akunq.net\\\/turkish\\\/?s={search_term_string}\"},\"query-input\":{\"@type\":\"PropertyValueSpecification\",\"valueRequired\":true,\"valueName\":\"search_term_string\"}}],\"inLanguage\":\"en-US\"},{\"@type\":\"Person\",\"@id\":\"https:\\\/\\\/akunq.net\\\/turkish\\\/#\\\/schema\\\/person\\\/135e7923d1aeb8887890799619969a6c\",\"name\":\"kalem\",\"image\":{\"@type\":\"ImageObject\",\"inLanguage\":\"en-US\",\"@id\":\"https:\\\/\\\/secure.gravatar.com\\\/avatar\\\/a06875e4b25feb5674296adf8e8a7ae1e587cebce2493fe63c456109967e27d3?s=96&d=mm&r=g\",\"url\":\"https:\\\/\\\/secure.gravatar.com\\\/avatar\\\/a06875e4b25feb5674296adf8e8a7ae1e587cebce2493fe63c456109967e27d3?s=96&d=mm&r=g\",\"contentUrl\":\"https:\\\/\\\/secure.gravatar.com\\\/avatar\\\/a06875e4b25feb5674296adf8e8a7ae1e587cebce2493fe63c456109967e27d3?s=96&d=mm&r=g\",\"caption\":\"kalem\"},\"url\":\"https:\\\/\\\/akunq.net\\\/turkish\\\/author\\\/kalem\\\/\"}]}<\/script>\n<!-- \/ Yoast SEO plugin. -->","yoast_head_json":{"title":"24 Nisan anmas\u0131 polise emanet - Bati Ermenistan Ve Bati Ermenileri Sorunlari Ara\u015ftirmalar Merkezi","robots":{"index":"index","follow":"follow","max-snippet":"max-snippet:-1","max-image-preview":"max-image-preview:large","max-video-preview":"max-video-preview:-1"},"canonical":"https:\/\/akunq.net\/turkish\/2010\/04\/23\/24-nisan-anmasi-polise-emanet\/","og_locale":"en_US","og_type":"article","og_title":"24 Nisan anmas\u0131 polise emanet - Bati Ermenistan Ve Bati Ermenileri Sorunlari Ara\u015ftirmalar Merkezi","og_description":"915 katliam\u0131n\u0131n y\u0131ld\u00f6n\u00fcm\u00fcnde Taksim\u2019de anma etkinli\u011fi organize eden Dur De Giri\u015fimi, tehdit mesajlar\u0131 nedeniyle \u0130stanbul Emniyeti\u2019ne ba\u015fvurdu. \u0130stanbul Taksim\u2019de \u00e7ok say\u0131da ayd\u0131n ve yazar\u0131n deste\u011fiyle 1915 olaylar\u0131n\u0131 anma etkinli\u011fi organizasyonu yapan Irk\u00e7\u0131l\u0131\u011fa ve Milliyet\u00e7ili\u011fe Dur De Giri\u015fimi \u00fcyeleri, e-posta yoluyla tehditler almaya ba\u015flad\u0131. Giri\u015fim \u00fcyeleri, anma g\u00fcn\u00fcnde olas\u0131 bir provokasyonun ya\u015fanmamas\u0131 i\u00e7in Emniyet\u2019ten g\u00fcvenlik talebinde [&hellip;]","og_url":"https:\/\/akunq.net\/turkish\/2010\/04\/23\/24-nisan-anmasi-polise-emanet\/","og_site_name":"Bati Ermenistan Ve Bati Ermenileri Sorunlari Ara\u015ftirmalar Merkezi","article_published_time":"2010-04-23T09:28:44+00:00","author":"kalem","twitter_card":"summary_large_image","twitter_misc":{"Written by":"kalem","Est. reading time":"2 minutes"},"schema":{"@context":"https:\/\/schema.org","@graph":[{"@type":"Article","@id":"https:\/\/akunq.net\/turkish\/2010\/04\/23\/24-nisan-anmasi-polise-emanet\/#article","isPartOf":{"@id":"https:\/\/akunq.net\/turkish\/2010\/04\/23\/24-nisan-anmasi-polise-emanet\/"},"author":{"name":"kalem","@id":"https:\/\/akunq.net\/turkish\/#\/schema\/person\/135e7923d1aeb8887890799619969a6c"},"headline":"24 Nisan anmas\u0131 polise emanet","datePublished":"2010-04-23T09:28:44+00:00","mainEntityOfPage":{"@id":"https:\/\/akunq.net\/turkish\/2010\/04\/23\/24-nisan-anmasi-polise-emanet\/"},"wordCount":487,"articleSection":["Haberler"],"inLanguage":"en-US"},{"@type":"WebPage","@id":"https:\/\/akunq.net\/turkish\/2010\/04\/23\/24-nisan-anmasi-polise-emanet\/","url":"https:\/\/akunq.net\/turkish\/2010\/04\/23\/24-nisan-anmasi-polise-emanet\/","name":"24 Nisan anmas\u0131 polise emanet - Bati Ermenistan Ve Bati Ermenileri Sorunlari Ara\u015ftirmalar Merkezi","isPartOf":{"@id":"https:\/\/akunq.net\/turkish\/#website"},"datePublished":"2010-04-23T09:28:44+00:00","author":{"@id":"https:\/\/akunq.net\/turkish\/#\/schema\/person\/135e7923d1aeb8887890799619969a6c"},"breadcrumb":{"@id":"https:\/\/akunq.net\/turkish\/2010\/04\/23\/24-nisan-anmasi-polise-emanet\/#breadcrumb"},"inLanguage":"en-US","potentialAction":[{"@type":"ReadAction","target":["https:\/\/akunq.net\/turkish\/2010\/04\/23\/24-nisan-anmasi-polise-emanet\/"]}]},{"@type":"BreadcrumbList","@id":"https:\/\/akunq.net\/turkish\/2010\/04\/23\/24-nisan-anmasi-polise-emanet\/#breadcrumb","itemListElement":[{"@type":"ListItem","position":1,"name":"Home","item":"https:\/\/akunq.net\/turkish\/"},{"@type":"ListItem","position":2,"name":"24 Nisan anmas\u0131 polise emanet"}]},{"@type":"WebSite","@id":"https:\/\/akunq.net\/turkish\/#website","url":"https:\/\/akunq.net\/turkish\/","name":"Bati Ermenistan Ve Bati Ermenileri Sorunlari Ara\u015ftirmalar Merkezi","description":"","potentialAction":[{"@type":"SearchAction","target":{"@type":"EntryPoint","urlTemplate":"https:\/\/akunq.net\/turkish\/?s={search_term_string}"},"query-input":{"@type":"PropertyValueSpecification","valueRequired":true,"valueName":"search_term_string"}}],"inLanguage":"en-US"},{"@type":"Person","@id":"https:\/\/akunq.net\/turkish\/#\/schema\/person\/135e7923d1aeb8887890799619969a6c","name":"kalem","image":{"@type":"ImageObject","inLanguage":"en-US","@id":"https:\/\/secure.gravatar.com\/avatar\/a06875e4b25feb5674296adf8e8a7ae1e587cebce2493fe63c456109967e27d3?s=96&d=mm&r=g","url":"https:\/\/secure.gravatar.com\/avatar\/a06875e4b25feb5674296adf8e8a7ae1e587cebce2493fe63c456109967e27d3?s=96&d=mm&r=g","contentUrl":"https:\/\/secure.gravatar.com\/avatar\/a06875e4b25feb5674296adf8e8a7ae1e587cebce2493fe63c456109967e27d3?s=96&d=mm&r=g","caption":"kalem"},"url":"https:\/\/akunq.net\/turkish\/author\/kalem\/"}]}},"_links":{"self":[{"href":"https:\/\/akunq.net\/turkish\/wp-json\/wp\/v2\/posts\/421","targetHints":{"allow":["GET"]}}],"collection":[{"href":"https:\/\/akunq.net\/turkish\/wp-json\/wp\/v2\/posts"}],"about":[{"href":"https:\/\/akunq.net\/turkish\/wp-json\/wp\/v2\/types\/post"}],"author":[{"embeddable":true,"href":"https:\/\/akunq.net\/turkish\/wp-json\/wp\/v2\/users\/3"}],"replies":[{"embeddable":true,"href":"https:\/\/akunq.net\/turkish\/wp-json\/wp\/v2\/comments?post=421"}],"version-history":[{"count":0,"href":"https:\/\/akunq.net\/turkish\/wp-json\/wp\/v2\/posts\/421\/revisions"}],"wp:attachment":[{"href":"https:\/\/akunq.net\/turkish\/wp-json\/wp\/v2\/media?parent=421"}],"wp:term":[{"taxonomy":"category","embeddable":true,"href":"https:\/\/akunq.net\/turkish\/wp-json\/wp\/v2\/categories?post=421"},{"taxonomy":"post_tag","embeddable":true,"href":"https:\/\/akunq.net\/turkish\/wp-json\/wp\/v2\/tags?post=421"}],"curies":[{"name":"wp","href":"https:\/\/api.w.org\/{rel}","templated":true}]}}