{"id":395,"date":"2010-04-23T01:26:51","date_gmt":"2010-04-23T06:26:51","guid":{"rendered":"http:\/\/akunq.net\/tr\/?p=395"},"modified":"2010-04-23T01:26:51","modified_gmt":"2010-04-23T06:26:51","slug":"guvenlik-guzelligi-gizlemis","status":"publish","type":"post","link":"https:\/\/akunq.net\/turkish\/2010\/04\/23\/guvenlik-guzelligi-gizlemis\/","title":{"rendered":"G\u00fcvenlik, g\u00fczelli\u011fi gizlemi\u015f"},"content":{"rendered":"<p style=\"text-align: justify\"><strong><a rel=\"attachment wp-att-396\" href=\"http:\/\/akunq.net\/tr\/2010\/04\/23\/guvenlik-guzelligi-gizlemis\/%d5%bd%d5%b8%d6%82%d6%80%d5%a2-%d5%a9%d5%b8%d5%be%d5%b4%d5%a1%d5%bd-%d5%be%d5%a1%d5%b6%d6%84-%d5%a5%d5%af%d5%a5%d5%b2%d5%a5%d6%81%d5%ab%d5%b6\/\"><img loading=\"lazy\" decoding=\"async\" class=\"alignleft size-medium wp-image-396\" title=\"\u054d\u0578\u0582\u0580\u0562 \u0539\u0578\u057e\u0574\u0561\u057d \u057e\u0561\u0576\u0584-\u0565\u056f\u0565\u0572\u0565\u0581\u056b\u0576\" src=\"http:\/\/akunq.net\/tr\/wp-content\/uploads\/2010\/04\/\u054d\u0578\u0582\u0580\u0562-\u0539\u0578\u057e\u0574\u0561\u057d-\u057e\u0561\u0576\u0584-\u0565\u056f\u0565\u0572\u0565\u0581\u056b\u0576-300x199.jpg\" alt=\"\" width=\"300\" height=\"199\" \/><\/a>G\u00fcneydo\u011fu Anadolu\u2019da g\u00fcvenlik nedeniyle halk\u0131n girmesi yasaklanan b\u00f6lgeler bir bir a\u00e7\u0131l\u0131yor. Van\u2019da gizli kalan cennet gibi bir koy ve 11. y\u00fczy\u0131ldan kalma bir kilise ziyaret\u00e7ilerini bekliyor. <\/strong><\/p>\n<p style=\"text-align: justify\">Van\u2019da, g\u00fcvenlik b\u00f6lgeleri de dahil olmak \u00fczere t\u00fcm yasak yerlerin vatanda\u015flara a\u00e7\u0131lmas\u0131 ile birlikte gizli kalan tarih de g\u00fcn y\u00fcz\u00fcne \u00e7\u0131k\u0131yor.<\/p>\n<p style=\"text-align: justify\">Bu tarih\u00ee yap\u0131lar\u0131n en g\u00fczel g\u00f6rsel par\u00e7alar\u0131ndan olan St. Thomas Manast\u0131r Kilisesi ve \u0130nk\u00f6y Koyu ziyaret\u00e7ileri b\u00fcy\u00fcl\u00fcyor.<\/p>\n<p style=\"text-align: justify\">\u015eimdiye dek Anadolu\u2019daki pek \u00e7ok b\u00f6lgeye giri\u015fler \u00e7e\u015fitli gerek\u00e7elerle yasaklanm\u0131\u015ft\u0131 ancak bu durum yava\u015f yava\u015f de\u011fi\u015fiyor ve Anadolu\u2019nun unutulmu\u015f tarihi, yasaklar\u0131n kald\u0131r\u0131lmas\u0131yla bir kez daha kendini hat\u0131rlat\u0131yor.<\/p>\n<h4 style=\"text-align: justify\">\u00a0Kilise ke\u015ffedilmeyi bekliyor<\/h4>\n<p style=\"text-align: justify\">Van\u2019\u0131n Geva\u015f \u0130l\u00e7esi Alt\u0131nsa\u00e7 K\u00f6y\u00fc\u2019nde bulunan ve bin metre y\u00fcksekli\u011finde bir tepede kurulmu\u015f olan St. Thomas Manast\u0131r Kilisesi de turizme a\u00e7\u0131ld\u0131.<\/p>\n<p style=\"text-align: justify\">Hz. \u0130sa\u2019n\u0131n on iki havarisinden biri olan Aziz Thomas\u2019\u0131n kutsal e\u015fyalar\u0131n\u0131 saklamak i\u00e7in kurulan St. Thomas Manast\u0131r Kilisesi\u2019nin 10. ya da 11. y\u00fczy\u0131lda in\u015fa edildi\u011fi tahmin ediliyor.<\/p>\n<p style=\"text-align: justify\">Aziz Thomas Kilisesi, 18. y\u00fczy\u0131lda u\u011frad\u0131\u011f\u0131 ya\u011fmadan bir y\u00fczy\u0131l sonra tamamen kaderine terk edilmi\u015fti. O g\u00fcnden beri de yeniden ke\u015ffedilmeyi bekliyordu.<\/p>\n<p style=\"text-align: justify\">Van\u2019da ilk olarak Ermeniler i\u00e7in \u00f6nemli bir kutsal mek\u00e2n olan tarih\u00ee Akdamar Kilisesi 2007 y\u0131l\u0131nda a\u00e7\u0131lm\u0131\u015f ve ge\u00e7ti\u011fimiz aylarda bu kilisede y\u0131lda bir g\u00fcn ayin yap\u0131lmas\u0131na dair izin karara ba\u011flanm\u0131\u015ft\u0131.<\/p>\n<p style=\"text-align: justify\">Van Valili\u011fi\u2019nin yasak olan t\u00fcm mek\u00e2nlar\u0131 turizme a\u00e7ma \u00e7al\u0131\u015fmalar\u0131 sayesinde St. Thomas Kilisesi de turizme kazand\u0131r\u0131ld\u0131.<\/p>\n<p style=\"text-align: justify\">34. Turizm Haftas\u0131 etkinlikleri kapsam\u0131nda Van Valili\u011fi ile \u0130l K\u00fclt\u00fcr ve Turizm M\u00fcd\u00fcrl\u00fc\u011f\u00fc\u2019n\u00fcn d\u00fczenledi\u011fi gezi kapsam\u0131nda gidiyoruz kiliseye.<\/p>\n<p style=\"text-align: justify\">Geva\u015f\u2019a 46 kilometre mesafedeki Alt\u0131nsa\u00e7 K\u00f6y\u00fc\u2019nde yer alan ve H\u0131ristiyanlar i\u00e7in Akdamar Kilisesi kadar \u00f6nemli olan St. Thomas Kilisesi\u2019ne giderken Van G\u00f6l\u00fc k\u0131y\u0131lar\u0131ndaki d\u00fcnyan\u0131n en bakir koylar\u0131n\u0131n manzaras\u0131yla b\u00fcy\u00fcleniyoruz. Kilisenin bulundu\u011fu da\u011f\u0131n eteklerine geldi\u011fimizde kalabal\u0131k bir grupla birlikte arabalardan iniyoruz.<\/p>\n<p style=\"text-align: justify\">Burada zorlu bir t\u0131rman\u0131\u015f bekliyor bizi. Bin metre y\u00fckseklikte bulunan kiliseye ula\u015fmak i\u00e7in ba\u015flad\u0131\u011f\u0131m\u0131z t\u0131rman\u0131\u015f epey yorucu ancak da\u011f\u0131n ve kilisenin e\u015fsiz manzaras\u0131 bu zorlu t\u0131rman\u0131\u015f\u0131n t\u00fcm yorgunlu\u011funu al\u0131yor \u00fczerimizden.<\/p>\n<p style=\"text-align: justify\">Y\u00fcr\u00fcy\u00fc\u015f sona erdi\u011finde Van Valisi M\u00fcnir Karalo\u011flu\u2019nun a\u00e7\u0131klamalar\u0131n\u0131 not al\u0131yoruz.<\/p>\n<p style=\"text-align: justify\">M\u00fcnir Karalo\u011flu, \u015fu s\u0131rada sekiz kilisenin restore edildi\u011fini s\u00f6yledi. Vali, St. Thomas Kilisesi\u2019nde de en k\u0131sa s\u00fcrede restorasyon \u00e7al\u0131\u015fmalar\u0131na ba\u015flanaca\u011f\u0131n\u0131 belirtti.<\/p>\n<p style=\"text-align: justify\">\u015eehrin turistik talepleri kar\u015f\u0131lamas\u0131 konusunda \u015fimdilik yetersiz oldu\u011funu a\u00e7\u0131klayan Karalo\u011flu, Akdamar Kilisesi\u2019nde ayin yap\u0131lacak olmas\u0131 dolay\u0131s\u0131yla eyl\u00fcl ay\u0131 rezervasyonlar\u0131n\u0131n doldu\u011funu, talebi kar\u015f\u0131lamak i\u00e7in resm\u00ee konukevlerinin de kullan\u0131ma a\u00e7\u0131laca\u011f\u0131n\u0131 s\u00f6yledi.<\/p>\n<h4 style=\"text-align: justify\">\u00a0St. Thomas Manast\u0131r Kilisesi<\/h4>\n<p style=\"text-align: justify\">Hakk\u0131nda 13. y\u00fczy\u0131la ait bilgilerin bulundu\u011fu kilise, 1671 y\u0131l\u0131ndaki onar\u0131mdan sonra 18.y\u00fczy\u0131l sonlar\u0131nda ya\u011fmaland\u0131ysa da g\u00fcn\u00fcm\u00fcze sa\u011flam olarak ula\u015fabilmeyi ba\u015fard\u0131.<\/p>\n<p style=\"text-align: justify\"><strong>Taraf <\/strong><em>&#8211; Istanbul &#8211; <\/em>19.04.2010, ADEM TAYAN-VAN<\/p>\n","protected":false},"excerpt":{"rendered":"<p>G\u00fcneydo\u011fu Anadolu\u2019da g\u00fcvenlik nedeniyle halk\u0131n girmesi yasaklanan b\u00f6lgeler bir bir a\u00e7\u0131l\u0131yor. Van\u2019da gizli kalan cennet gibi bir koy ve 11. y\u00fczy\u0131ldan kalma bir kilise ziyaret\u00e7ilerini bekliyor. Van\u2019da, g\u00fcvenlik b\u00f6lgeleri de dahil olmak \u00fczere t\u00fcm yasak yerlerin vatanda\u015flara a\u00e7\u0131lmas\u0131 ile birlikte gizli kalan tarih de g\u00fcn y\u00fcz\u00fcne \u00e7\u0131k\u0131yor. Bu tarih\u00ee yap\u0131lar\u0131n en g\u00fczel g\u00f6rsel par\u00e7alar\u0131ndan olan [&hellip;]<\/p>\n","protected":false},"author":3,"featured_media":0,"comment_status":"closed","ping_status":"open","sticky":false,"template":"","format":"standard","meta":{"footnotes":""},"categories":[14],"tags":[],"class_list":["post-395","post","type-post","status-publish","format-standard","hentry","category-haberler"],"yoast_head":"<!-- This site is optimized with the Yoast SEO plugin v27.4 - https:\/\/yoast.com\/product\/yoast-seo-wordpress\/ -->\n<title>G\u00fcvenlik, g\u00fczelli\u011fi gizlemi\u015f - Bati Ermenistan Ve Bati Ermenileri Sorunlari Ara\u015ftirmalar Merkezi<\/title>\n<meta name=\"robots\" content=\"index, follow, max-snippet:-1, max-image-preview:large, max-video-preview:-1\" \/>\n<link rel=\"canonical\" href=\"https:\/\/akunq.net\/turkish\/2010\/04\/23\/guvenlik-guzelligi-gizlemis\/\" \/>\n<meta property=\"og:locale\" content=\"en_US\" \/>\n<meta property=\"og:type\" content=\"article\" \/>\n<meta property=\"og:title\" content=\"G\u00fcvenlik, g\u00fczelli\u011fi gizlemi\u015f - Bati Ermenistan Ve Bati Ermenileri Sorunlari Ara\u015ftirmalar Merkezi\" \/>\n<meta property=\"og:description\" content=\"G\u00fcneydo\u011fu Anadolu\u2019da g\u00fcvenlik nedeniyle halk\u0131n girmesi yasaklanan b\u00f6lgeler bir bir a\u00e7\u0131l\u0131yor. Van\u2019da gizli kalan cennet gibi bir koy ve 11. y\u00fczy\u0131ldan kalma bir kilise ziyaret\u00e7ilerini bekliyor. Van\u2019da, g\u00fcvenlik b\u00f6lgeleri de dahil olmak \u00fczere t\u00fcm yasak yerlerin vatanda\u015flara a\u00e7\u0131lmas\u0131 ile birlikte gizli kalan tarih de g\u00fcn y\u00fcz\u00fcne \u00e7\u0131k\u0131yor. Bu tarih\u00ee yap\u0131lar\u0131n en g\u00fczel g\u00f6rsel par\u00e7alar\u0131ndan olan [&hellip;]\" \/>\n<meta property=\"og:url\" content=\"https:\/\/akunq.net\/turkish\/2010\/04\/23\/guvenlik-guzelligi-gizlemis\/\" \/>\n<meta property=\"og:site_name\" content=\"Bati Ermenistan Ve Bati Ermenileri Sorunlari Ara\u015ftirmalar Merkezi\" \/>\n<meta property=\"article:published_time\" content=\"2010-04-23T06:26:51+00:00\" \/>\n<meta name=\"author\" content=\"kalem\" \/>\n<meta name=\"twitter:card\" content=\"summary_large_image\" \/>\n<meta name=\"twitter:label1\" content=\"Written by\" \/>\n\t<meta name=\"twitter:data1\" content=\"kalem\" \/>\n\t<meta name=\"twitter:label2\" content=\"Est. reading time\" \/>\n\t<meta name=\"twitter:data2\" content=\"3 minutes\" \/>\n<script type=\"application\/ld+json\" class=\"yoast-schema-graph\">{\"@context\":\"https:\\\/\\\/schema.org\",\"@graph\":[{\"@type\":\"Article\",\"@id\":\"https:\\\/\\\/akunq.net\\\/turkish\\\/2010\\\/04\\\/23\\\/guvenlik-guzelligi-gizlemis\\\/#article\",\"isPartOf\":{\"@id\":\"https:\\\/\\\/akunq.net\\\/turkish\\\/2010\\\/04\\\/23\\\/guvenlik-guzelligi-gizlemis\\\/\"},\"author\":{\"name\":\"kalem\",\"@id\":\"https:\\\/\\\/akunq.net\\\/turkish\\\/#\\\/schema\\\/person\\\/135e7923d1aeb8887890799619969a6c\"},\"headline\":\"G\u00fcvenlik, g\u00fczelli\u011fi gizlemi\u015f\",\"datePublished\":\"2010-04-23T06:26:51+00:00\",\"mainEntityOfPage\":{\"@id\":\"https:\\\/\\\/akunq.net\\\/turkish\\\/2010\\\/04\\\/23\\\/guvenlik-guzelligi-gizlemis\\\/\"},\"wordCount\":592,\"articleSection\":[\"Haberler\"],\"inLanguage\":\"en-US\"},{\"@type\":\"WebPage\",\"@id\":\"https:\\\/\\\/akunq.net\\\/turkish\\\/2010\\\/04\\\/23\\\/guvenlik-guzelligi-gizlemis\\\/\",\"url\":\"https:\\\/\\\/akunq.net\\\/turkish\\\/2010\\\/04\\\/23\\\/guvenlik-guzelligi-gizlemis\\\/\",\"name\":\"G\u00fcvenlik, g\u00fczelli\u011fi gizlemi\u015f - Bati Ermenistan Ve Bati Ermenileri Sorunlari Ara\u015ftirmalar Merkezi\",\"isPartOf\":{\"@id\":\"https:\\\/\\\/akunq.net\\\/turkish\\\/#website\"},\"datePublished\":\"2010-04-23T06:26:51+00:00\",\"author\":{\"@id\":\"https:\\\/\\\/akunq.net\\\/turkish\\\/#\\\/schema\\\/person\\\/135e7923d1aeb8887890799619969a6c\"},\"breadcrumb\":{\"@id\":\"https:\\\/\\\/akunq.net\\\/turkish\\\/2010\\\/04\\\/23\\\/guvenlik-guzelligi-gizlemis\\\/#breadcrumb\"},\"inLanguage\":\"en-US\",\"potentialAction\":[{\"@type\":\"ReadAction\",\"target\":[\"https:\\\/\\\/akunq.net\\\/turkish\\\/2010\\\/04\\\/23\\\/guvenlik-guzelligi-gizlemis\\\/\"]}]},{\"@type\":\"BreadcrumbList\",\"@id\":\"https:\\\/\\\/akunq.net\\\/turkish\\\/2010\\\/04\\\/23\\\/guvenlik-guzelligi-gizlemis\\\/#breadcrumb\",\"itemListElement\":[{\"@type\":\"ListItem\",\"position\":1,\"name\":\"Home\",\"item\":\"https:\\\/\\\/akunq.net\\\/turkish\\\/\"},{\"@type\":\"ListItem\",\"position\":2,\"name\":\"G\u00fcvenlik, g\u00fczelli\u011fi gizlemi\u015f\"}]},{\"@type\":\"WebSite\",\"@id\":\"https:\\\/\\\/akunq.net\\\/turkish\\\/#website\",\"url\":\"https:\\\/\\\/akunq.net\\\/turkish\\\/\",\"name\":\"Bati Ermenistan Ve Bati Ermenileri Sorunlari Ara\u015ftirmalar Merkezi\",\"description\":\"\",\"potentialAction\":[{\"@type\":\"SearchAction\",\"target\":{\"@type\":\"EntryPoint\",\"urlTemplate\":\"https:\\\/\\\/akunq.net\\\/turkish\\\/?s={search_term_string}\"},\"query-input\":{\"@type\":\"PropertyValueSpecification\",\"valueRequired\":true,\"valueName\":\"search_term_string\"}}],\"inLanguage\":\"en-US\"},{\"@type\":\"Person\",\"@id\":\"https:\\\/\\\/akunq.net\\\/turkish\\\/#\\\/schema\\\/person\\\/135e7923d1aeb8887890799619969a6c\",\"name\":\"kalem\",\"image\":{\"@type\":\"ImageObject\",\"inLanguage\":\"en-US\",\"@id\":\"https:\\\/\\\/secure.gravatar.com\\\/avatar\\\/a06875e4b25feb5674296adf8e8a7ae1e587cebce2493fe63c456109967e27d3?s=96&d=mm&r=g\",\"url\":\"https:\\\/\\\/secure.gravatar.com\\\/avatar\\\/a06875e4b25feb5674296adf8e8a7ae1e587cebce2493fe63c456109967e27d3?s=96&d=mm&r=g\",\"contentUrl\":\"https:\\\/\\\/secure.gravatar.com\\\/avatar\\\/a06875e4b25feb5674296adf8e8a7ae1e587cebce2493fe63c456109967e27d3?s=96&d=mm&r=g\",\"caption\":\"kalem\"},\"url\":\"https:\\\/\\\/akunq.net\\\/turkish\\\/author\\\/kalem\\\/\"}]}<\/script>\n<!-- \/ Yoast SEO plugin. -->","yoast_head_json":{"title":"G\u00fcvenlik, g\u00fczelli\u011fi gizlemi\u015f - Bati Ermenistan Ve Bati Ermenileri Sorunlari Ara\u015ftirmalar Merkezi","robots":{"index":"index","follow":"follow","max-snippet":"max-snippet:-1","max-image-preview":"max-image-preview:large","max-video-preview":"max-video-preview:-1"},"canonical":"https:\/\/akunq.net\/turkish\/2010\/04\/23\/guvenlik-guzelligi-gizlemis\/","og_locale":"en_US","og_type":"article","og_title":"G\u00fcvenlik, g\u00fczelli\u011fi gizlemi\u015f - Bati Ermenistan Ve Bati Ermenileri Sorunlari Ara\u015ftirmalar Merkezi","og_description":"G\u00fcneydo\u011fu Anadolu\u2019da g\u00fcvenlik nedeniyle halk\u0131n girmesi yasaklanan b\u00f6lgeler bir bir a\u00e7\u0131l\u0131yor. Van\u2019da gizli kalan cennet gibi bir koy ve 11. y\u00fczy\u0131ldan kalma bir kilise ziyaret\u00e7ilerini bekliyor. Van\u2019da, g\u00fcvenlik b\u00f6lgeleri de dahil olmak \u00fczere t\u00fcm yasak yerlerin vatanda\u015flara a\u00e7\u0131lmas\u0131 ile birlikte gizli kalan tarih de g\u00fcn y\u00fcz\u00fcne \u00e7\u0131k\u0131yor. Bu tarih\u00ee yap\u0131lar\u0131n en g\u00fczel g\u00f6rsel par\u00e7alar\u0131ndan olan [&hellip;]","og_url":"https:\/\/akunq.net\/turkish\/2010\/04\/23\/guvenlik-guzelligi-gizlemis\/","og_site_name":"Bati Ermenistan Ve Bati Ermenileri Sorunlari Ara\u015ftirmalar Merkezi","article_published_time":"2010-04-23T06:26:51+00:00","author":"kalem","twitter_card":"summary_large_image","twitter_misc":{"Written by":"kalem","Est. reading time":"3 minutes"},"schema":{"@context":"https:\/\/schema.org","@graph":[{"@type":"Article","@id":"https:\/\/akunq.net\/turkish\/2010\/04\/23\/guvenlik-guzelligi-gizlemis\/#article","isPartOf":{"@id":"https:\/\/akunq.net\/turkish\/2010\/04\/23\/guvenlik-guzelligi-gizlemis\/"},"author":{"name":"kalem","@id":"https:\/\/akunq.net\/turkish\/#\/schema\/person\/135e7923d1aeb8887890799619969a6c"},"headline":"G\u00fcvenlik, g\u00fczelli\u011fi gizlemi\u015f","datePublished":"2010-04-23T06:26:51+00:00","mainEntityOfPage":{"@id":"https:\/\/akunq.net\/turkish\/2010\/04\/23\/guvenlik-guzelligi-gizlemis\/"},"wordCount":592,"articleSection":["Haberler"],"inLanguage":"en-US"},{"@type":"WebPage","@id":"https:\/\/akunq.net\/turkish\/2010\/04\/23\/guvenlik-guzelligi-gizlemis\/","url":"https:\/\/akunq.net\/turkish\/2010\/04\/23\/guvenlik-guzelligi-gizlemis\/","name":"G\u00fcvenlik, g\u00fczelli\u011fi gizlemi\u015f - Bati Ermenistan Ve Bati Ermenileri Sorunlari Ara\u015ftirmalar Merkezi","isPartOf":{"@id":"https:\/\/akunq.net\/turkish\/#website"},"datePublished":"2010-04-23T06:26:51+00:00","author":{"@id":"https:\/\/akunq.net\/turkish\/#\/schema\/person\/135e7923d1aeb8887890799619969a6c"},"breadcrumb":{"@id":"https:\/\/akunq.net\/turkish\/2010\/04\/23\/guvenlik-guzelligi-gizlemis\/#breadcrumb"},"inLanguage":"en-US","potentialAction":[{"@type":"ReadAction","target":["https:\/\/akunq.net\/turkish\/2010\/04\/23\/guvenlik-guzelligi-gizlemis\/"]}]},{"@type":"BreadcrumbList","@id":"https:\/\/akunq.net\/turkish\/2010\/04\/23\/guvenlik-guzelligi-gizlemis\/#breadcrumb","itemListElement":[{"@type":"ListItem","position":1,"name":"Home","item":"https:\/\/akunq.net\/turkish\/"},{"@type":"ListItem","position":2,"name":"G\u00fcvenlik, g\u00fczelli\u011fi gizlemi\u015f"}]},{"@type":"WebSite","@id":"https:\/\/akunq.net\/turkish\/#website","url":"https:\/\/akunq.net\/turkish\/","name":"Bati Ermenistan Ve Bati Ermenileri Sorunlari Ara\u015ftirmalar Merkezi","description":"","potentialAction":[{"@type":"SearchAction","target":{"@type":"EntryPoint","urlTemplate":"https:\/\/akunq.net\/turkish\/?s={search_term_string}"},"query-input":{"@type":"PropertyValueSpecification","valueRequired":true,"valueName":"search_term_string"}}],"inLanguage":"en-US"},{"@type":"Person","@id":"https:\/\/akunq.net\/turkish\/#\/schema\/person\/135e7923d1aeb8887890799619969a6c","name":"kalem","image":{"@type":"ImageObject","inLanguage":"en-US","@id":"https:\/\/secure.gravatar.com\/avatar\/a06875e4b25feb5674296adf8e8a7ae1e587cebce2493fe63c456109967e27d3?s=96&d=mm&r=g","url":"https:\/\/secure.gravatar.com\/avatar\/a06875e4b25feb5674296adf8e8a7ae1e587cebce2493fe63c456109967e27d3?s=96&d=mm&r=g","contentUrl":"https:\/\/secure.gravatar.com\/avatar\/a06875e4b25feb5674296adf8e8a7ae1e587cebce2493fe63c456109967e27d3?s=96&d=mm&r=g","caption":"kalem"},"url":"https:\/\/akunq.net\/turkish\/author\/kalem\/"}]}},"_links":{"self":[{"href":"https:\/\/akunq.net\/turkish\/wp-json\/wp\/v2\/posts\/395","targetHints":{"allow":["GET"]}}],"collection":[{"href":"https:\/\/akunq.net\/turkish\/wp-json\/wp\/v2\/posts"}],"about":[{"href":"https:\/\/akunq.net\/turkish\/wp-json\/wp\/v2\/types\/post"}],"author":[{"embeddable":true,"href":"https:\/\/akunq.net\/turkish\/wp-json\/wp\/v2\/users\/3"}],"replies":[{"embeddable":true,"href":"https:\/\/akunq.net\/turkish\/wp-json\/wp\/v2\/comments?post=395"}],"version-history":[{"count":0,"href":"https:\/\/akunq.net\/turkish\/wp-json\/wp\/v2\/posts\/395\/revisions"}],"wp:attachment":[{"href":"https:\/\/akunq.net\/turkish\/wp-json\/wp\/v2\/media?parent=395"}],"wp:term":[{"taxonomy":"category","embeddable":true,"href":"https:\/\/akunq.net\/turkish\/wp-json\/wp\/v2\/categories?post=395"},{"taxonomy":"post_tag","embeddable":true,"href":"https:\/\/akunq.net\/turkish\/wp-json\/wp\/v2\/tags?post=395"}],"curies":[{"name":"wp","href":"https:\/\/api.w.org\/{rel}","templated":true}]}}