{"id":373,"date":"2010-04-22T07:16:38","date_gmt":"2010-04-22T12:16:38","guid":{"rendered":"http:\/\/akunq.net\/tr\/?p=373"},"modified":"2010-04-22T07:16:38","modified_gmt":"2010-04-22T12:16:38","slug":"baspiskopos-hac-istedi","status":"publish","type":"post","link":"https:\/\/akunq.net\/turkish\/2010\/04\/22\/baspiskopos-hac-istedi\/","title":{"rendered":"Ba\u015fpiskopos Ha\u00e7 \u0130stedi"},"content":{"rendered":"<p style=\"text-align: justify\">\u00a0Van&#8217;da bulunan Ermeni Patri\u011fi Ruhani Meclis Ba\u015fkan\u0131 Ba\u015fpiskopos Aram Ate\u015fyan, Vali M\u00fcnir Karalo\u011flu&#8217;nu ziyaret ettikten sonra 12 Eyl\u00fcl 2010&#8217;da ilk ayinin yap\u0131laca\u011f\u0131 Akdamar Kilisesi&#8217;ne gitti. Tekneyle adaya giden Ate\u015fyan i\u00e7in geni\u015f g\u00fcvenlik \u00f6nlemi al\u0131nd\u0131. Ate\u015fyan, 2 saat s\u00fcrecek ayin i\u00e7in yap\u0131lmas\u0131 gerekenleri tek tek Van Vali Yard\u0131mc\u0131s\u0131 Halil Berk ve Geva\u015f Kaymakam\u0131 Tahsin Aksu&#8217;ya anlatt\u0131.<\/p>\n<p style=\"text-align: justify\">Ayinin en iyi \u015fekilde ge\u00e7mesi i\u00e7in en ince detaylar\u0131 bile d\u00fc\u015f\u00fcnd\u00fcklerini s\u00f6yleyen Ate\u015fyan, o g\u00fcn\u00fcn festival havas\u0131nda ge\u00e7mesi i\u00e7in ellerinden geleni yapacaklar\u0131n\u0131 s\u00f6yledi. Ermeniler ile T\u00fcrkler aras\u0131nda ge\u00e7mi\u015fteki karde\u015fli\u011fi yeniden ya\u015fatmak istediklerine dikkat \u00e7eken Ate\u015fyan, Akdamar Adas\u0131&#8217;nda ayinin kendileri i\u00e7in r\u00fcya oldu\u011funu ve bu r\u00fcyay\u0131 ger\u00e7ekle\u015ftirmenin sevincini ya\u015fad\u0131klar\u0131n\u0131 s\u00f6yledi. Ate\u015fyan, \u015f\u00f6yle konu\u015ftu:<\/p>\n<p style=\"text-align: justify\">&#8220;Bu ibadethanede uzun zamandan beridir \u00e7an ve ilahi sesi duyulmad\u0131. Bu kadar uzun zamandan sonra herkesin hayali ve r\u00fcyas\u0131 ne zaman burada tekrar ilahiler s\u00f6ylenecek, ne zaman kilisemizde ayin yap\u0131lacak. Bu r\u00fcya son d\u00f6nemlerde yeni h\u00fck\u00fcmetimizin sayesinde ger\u00e7ekle\u015fiyor. 12 Ey\u00fcl&#8217;de Anadolu&#8217;da b\u00fcy\u00fck t\u00f6renler yap\u0131l\u0131r. Herkes pikni\u011fe \u00e7\u0131kar, kurbanlar kesilir. Her ne kadar bizim kilisede kurban kesilmese de, Anadolu da ya\u015fayan insanlar kurban ad\u0131 alt\u0131nda festivaller d\u00fczenler. Ben de istiyorum ki o g\u00fcn\u00fc festivale d\u00f6n\u00fc\u015ft\u00fcrelim.&#8221;<\/p>\n<p style=\"text-align: justify\">5 B\u0130N K\u0130\u015e\u0130 AY\u0130NE GELECEK<\/p>\n<p style=\"text-align: justify\">Ayine d\u00fcnyan\u0131n her yerinden en az 5 bin ki\u015finin kat\u0131laca\u011f\u0131n\u0131 belirten Ate\u015fyan, &#8220;Beyrut, \u0130srail, Kud\u00fcs&#8217;teki Ermeniler, Amerika ve Avrupa&#8217;daki karde\u015flerimiz hepsi heyecanla o g\u00fcn\u00fc bekliyor. Umar\u0131m g\u00fcvenlik konusunda bir s\u0131k\u0131nt\u0131 ya\u015fanmayacakt\u0131r. O g\u00fcn problem \u00e7\u0131kmadan birilerini \u00fczecek, olay olmadan ayinimizi g\u00fczelce ger\u00e7ekle\u015ftiririz. Tarih boyunca nas\u0131l ki iki toplum, karde\u015f\u00e7e ya\u015fam\u0131\u015flar, inan\u0131yoruz ki o g\u00fcnde bunu sergileyece\u011fiz. Eski g\u00fcnleri yad edece\u011fiz. Ermeniler ve T\u00fcrk halk\u0131 o g\u00fcn karde\u015fli\u011fini sergileyecektir. Ama g\u00fcvenlik endi\u015femiz vard\u0131r. Biliyorsunuz son bir hafta i\u00e7erisinde ka\u00e7 ki\u015fi burnundan yaraland\u0131. Sald\u0131r\u0131ya u\u011frad\u0131lar. Bu gelenler Ermeni ise tabi ki a\u015f\u0131r\u0131 tutucu birileri olabilir. Bunun tedbirleri zaten al\u0131n\u0131yor. Ama her zaman olay olacakm\u0131\u015f gibi davranmak tedbir almak gerekir. Ben olmamas\u0131n\u0131 tercih ederim. \u0130nan\u0131yorum ki olmayacakt\u0131r&#8221; dedi.<\/p>\n<p style=\"text-align: justify\">K\u0130L\u0130SEDE \u00c7AN SES\u0130 OLMAYACAK<\/p>\n<p style=\"text-align: justify\">Akdamar Kilisesi&#8217;nin etraf\u0131n\u0131 dola\u015fan davetlilerin ve ayine kat\u0131lacaklar i\u00e7in en uygun yerleri inceleyen Ate\u015fyan, kiliseye \u00e7an konulmas\u0131 y\u00f6n\u00fcnde bir taleplerinin olmad\u0131\u011f\u0131n\u0131 belirterek, &#8220;\u00c7an takarsak ayin zamanlar\u0131nda sabah ak\u015fam \u00e7almas\u0131 gerekir. Ama biz senede bir kez ayin yapaca\u011f\u0131m\u0131z i\u00e7in plan\u0131m\u0131zda \u00e7an yok. Bunun \u00fczerinde durmuyoruz. \u00c7ok \u00f6nemli de\u011fil. Ancak ha\u00e7\u0131m\u0131z haz\u0131r. Ha\u00e7\u0131 tak\u0131p takmama konusunu K\u00fclt\u00fcr Bakanl\u0131\u011f\u0131 bilir. Ayinimiz i\u00e7in bir sak\u0131ncas\u0131 yok. Bu bah\u00e7ede de ibadetimizi yapabiliriz. Nereye kutsanm\u0131\u015f masam\u0131 b\u0131rak\u0131rsam oras\u0131 bizim i\u00e7in kilisedir. \u00c7\u00fcnk\u00fc biz kilise olmayan \u015fehirlere giderken evlerde ayin yap\u0131yoruz&#8221; dedi.<\/p>\n<p style=\"text-align: justify\">ABDULHAM\u0130T&#8217;\u0130N K\u0130TABES\u0130N\u0130N T\u00dcRK\u00c7ES\u0130N\u0130 G\u00d6NDERECEK<\/p>\n<p style=\"text-align: justify\">Kilise i\u00e7inde inceleme yapan Ate\u015fyan, Akdamar Kilisesi&#8217;ne yapt\u0131\u011f\u0131 katk\u0131lardan dolay\u0131 Ermeni liderleri taraf\u0131ndan Abdulhamit&#8217;e verilen te\u015fekk\u00fcr kitabesini dikkatle okudu. Kitabenin T\u00fcrk\u00e7e a\u00e7\u0131klamas\u0131n\u0131n olmad\u0131\u011f\u0131n\u0131 g\u00f6ren Ate\u015fyan, kitabenin foto\u011fraf\u0131n\u0131 \u00e7ekerek, T\u00fcrk\u00e7e&#8217;sinin g\u00f6nderece\u011fini s\u00f6yledi. Ate\u015fyan, kilise \u00f6n\u00fcnde hat\u0131r foto\u011fraf\u0131 \u00e7ektirip Akdamar Kilisesi ve Van Kedisi biblolar\u0131 alarak Akdamar Adas\u0131&#8217;ndan ayr\u0131ld\u0131.<\/p>\n<p style=\"text-align: justify\"><a href=\"http:\/\/www.haberler.com\/video-haber\/video.asp?id=2017586\">http:\/\/www.haberler.com\/video-haber\/video.asp?id=2017586<\/a><\/p>\n","protected":false},"excerpt":{"rendered":"<p>\u00a0Van&#8217;da bulunan Ermeni Patri\u011fi Ruhani Meclis Ba\u015fkan\u0131 Ba\u015fpiskopos Aram Ate\u015fyan, Vali M\u00fcnir Karalo\u011flu&#8217;nu ziyaret ettikten sonra 12 Eyl\u00fcl 2010&#8217;da ilk ayinin yap\u0131laca\u011f\u0131 Akdamar Kilisesi&#8217;ne gitti. Tekneyle adaya giden Ate\u015fyan i\u00e7in geni\u015f g\u00fcvenlik \u00f6nlemi al\u0131nd\u0131. Ate\u015fyan, 2 saat s\u00fcrecek ayin i\u00e7in yap\u0131lmas\u0131 gerekenleri tek tek Van Vali Yard\u0131mc\u0131s\u0131 Halil Berk ve Geva\u015f Kaymakam\u0131 Tahsin Aksu&#8217;ya anlatt\u0131. [&hellip;]<\/p>\n","protected":false},"author":3,"featured_media":0,"comment_status":"closed","ping_status":"open","sticky":false,"template":"","format":"standard","meta":{"footnotes":""},"categories":[14],"tags":[],"class_list":["post-373","post","type-post","status-publish","format-standard","hentry","category-haberler"],"yoast_head":"<!-- This site is optimized with the Yoast SEO plugin v27.4 - https:\/\/yoast.com\/product\/yoast-seo-wordpress\/ -->\n<title>Ba\u015fpiskopos Ha\u00e7 \u0130stedi - Bati Ermenistan Ve Bati Ermenileri Sorunlari Ara\u015ftirmalar Merkezi<\/title>\n<meta name=\"robots\" content=\"index, follow, max-snippet:-1, max-image-preview:large, max-video-preview:-1\" \/>\n<link rel=\"canonical\" href=\"https:\/\/akunq.net\/turkish\/2010\/04\/22\/baspiskopos-hac-istedi\/\" \/>\n<meta property=\"og:locale\" content=\"en_US\" \/>\n<meta property=\"og:type\" content=\"article\" \/>\n<meta property=\"og:title\" content=\"Ba\u015fpiskopos Ha\u00e7 \u0130stedi - Bati Ermenistan Ve Bati Ermenileri Sorunlari Ara\u015ftirmalar Merkezi\" \/>\n<meta property=\"og:description\" content=\"\u00a0Van&#8217;da bulunan Ermeni Patri\u011fi Ruhani Meclis Ba\u015fkan\u0131 Ba\u015fpiskopos Aram Ate\u015fyan, Vali M\u00fcnir Karalo\u011flu&#8217;nu ziyaret ettikten sonra 12 Eyl\u00fcl 2010&#8217;da ilk ayinin yap\u0131laca\u011f\u0131 Akdamar Kilisesi&#8217;ne gitti. Tekneyle adaya giden Ate\u015fyan i\u00e7in geni\u015f g\u00fcvenlik \u00f6nlemi al\u0131nd\u0131. Ate\u015fyan, 2 saat s\u00fcrecek ayin i\u00e7in yap\u0131lmas\u0131 gerekenleri tek tek Van Vali Yard\u0131mc\u0131s\u0131 Halil Berk ve Geva\u015f Kaymakam\u0131 Tahsin Aksu&#8217;ya anlatt\u0131. [&hellip;]\" \/>\n<meta property=\"og:url\" content=\"https:\/\/akunq.net\/turkish\/2010\/04\/22\/baspiskopos-hac-istedi\/\" \/>\n<meta property=\"og:site_name\" content=\"Bati Ermenistan Ve Bati Ermenileri Sorunlari Ara\u015ftirmalar Merkezi\" \/>\n<meta property=\"article:published_time\" content=\"2010-04-22T12:16:38+00:00\" \/>\n<meta name=\"author\" content=\"kalem\" \/>\n<meta name=\"twitter:card\" content=\"summary_large_image\" \/>\n<meta name=\"twitter:label1\" content=\"Written by\" \/>\n\t<meta name=\"twitter:data1\" content=\"kalem\" \/>\n\t<meta name=\"twitter:label2\" content=\"Est. reading time\" \/>\n\t<meta name=\"twitter:data2\" content=\"3 minutes\" \/>\n<script type=\"application\/ld+json\" class=\"yoast-schema-graph\">{\"@context\":\"https:\\\/\\\/schema.org\",\"@graph\":[{\"@type\":\"Article\",\"@id\":\"https:\\\/\\\/akunq.net\\\/turkish\\\/2010\\\/04\\\/22\\\/baspiskopos-hac-istedi\\\/#article\",\"isPartOf\":{\"@id\":\"https:\\\/\\\/akunq.net\\\/turkish\\\/2010\\\/04\\\/22\\\/baspiskopos-hac-istedi\\\/\"},\"author\":{\"name\":\"kalem\",\"@id\":\"https:\\\/\\\/akunq.net\\\/turkish\\\/#\\\/schema\\\/person\\\/135e7923d1aeb8887890799619969a6c\"},\"headline\":\"Ba\u015fpiskopos Ha\u00e7 \u0130stedi\",\"datePublished\":\"2010-04-22T12:16:38+00:00\",\"mainEntityOfPage\":{\"@id\":\"https:\\\/\\\/akunq.net\\\/turkish\\\/2010\\\/04\\\/22\\\/baspiskopos-hac-istedi\\\/\"},\"wordCount\":639,\"articleSection\":[\"Haberler\"],\"inLanguage\":\"en-US\"},{\"@type\":\"WebPage\",\"@id\":\"https:\\\/\\\/akunq.net\\\/turkish\\\/2010\\\/04\\\/22\\\/baspiskopos-hac-istedi\\\/\",\"url\":\"https:\\\/\\\/akunq.net\\\/turkish\\\/2010\\\/04\\\/22\\\/baspiskopos-hac-istedi\\\/\",\"name\":\"Ba\u015fpiskopos Ha\u00e7 \u0130stedi - Bati Ermenistan Ve Bati Ermenileri Sorunlari Ara\u015ftirmalar Merkezi\",\"isPartOf\":{\"@id\":\"https:\\\/\\\/akunq.net\\\/turkish\\\/#website\"},\"datePublished\":\"2010-04-22T12:16:38+00:00\",\"author\":{\"@id\":\"https:\\\/\\\/akunq.net\\\/turkish\\\/#\\\/schema\\\/person\\\/135e7923d1aeb8887890799619969a6c\"},\"breadcrumb\":{\"@id\":\"https:\\\/\\\/akunq.net\\\/turkish\\\/2010\\\/04\\\/22\\\/baspiskopos-hac-istedi\\\/#breadcrumb\"},\"inLanguage\":\"en-US\",\"potentialAction\":[{\"@type\":\"ReadAction\",\"target\":[\"https:\\\/\\\/akunq.net\\\/turkish\\\/2010\\\/04\\\/22\\\/baspiskopos-hac-istedi\\\/\"]}]},{\"@type\":\"BreadcrumbList\",\"@id\":\"https:\\\/\\\/akunq.net\\\/turkish\\\/2010\\\/04\\\/22\\\/baspiskopos-hac-istedi\\\/#breadcrumb\",\"itemListElement\":[{\"@type\":\"ListItem\",\"position\":1,\"name\":\"Home\",\"item\":\"https:\\\/\\\/akunq.net\\\/turkish\\\/\"},{\"@type\":\"ListItem\",\"position\":2,\"name\":\"Ba\u015fpiskopos Ha\u00e7 \u0130stedi\"}]},{\"@type\":\"WebSite\",\"@id\":\"https:\\\/\\\/akunq.net\\\/turkish\\\/#website\",\"url\":\"https:\\\/\\\/akunq.net\\\/turkish\\\/\",\"name\":\"Bati Ermenistan Ve Bati Ermenileri Sorunlari Ara\u015ftirmalar Merkezi\",\"description\":\"\",\"potentialAction\":[{\"@type\":\"SearchAction\",\"target\":{\"@type\":\"EntryPoint\",\"urlTemplate\":\"https:\\\/\\\/akunq.net\\\/turkish\\\/?s={search_term_string}\"},\"query-input\":{\"@type\":\"PropertyValueSpecification\",\"valueRequired\":true,\"valueName\":\"search_term_string\"}}],\"inLanguage\":\"en-US\"},{\"@type\":\"Person\",\"@id\":\"https:\\\/\\\/akunq.net\\\/turkish\\\/#\\\/schema\\\/person\\\/135e7923d1aeb8887890799619969a6c\",\"name\":\"kalem\",\"image\":{\"@type\":\"ImageObject\",\"inLanguage\":\"en-US\",\"@id\":\"https:\\\/\\\/secure.gravatar.com\\\/avatar\\\/a06875e4b25feb5674296adf8e8a7ae1e587cebce2493fe63c456109967e27d3?s=96&d=mm&r=g\",\"url\":\"https:\\\/\\\/secure.gravatar.com\\\/avatar\\\/a06875e4b25feb5674296adf8e8a7ae1e587cebce2493fe63c456109967e27d3?s=96&d=mm&r=g\",\"contentUrl\":\"https:\\\/\\\/secure.gravatar.com\\\/avatar\\\/a06875e4b25feb5674296adf8e8a7ae1e587cebce2493fe63c456109967e27d3?s=96&d=mm&r=g\",\"caption\":\"kalem\"},\"url\":\"https:\\\/\\\/akunq.net\\\/turkish\\\/author\\\/kalem\\\/\"}]}<\/script>\n<!-- \/ Yoast SEO plugin. -->","yoast_head_json":{"title":"Ba\u015fpiskopos Ha\u00e7 \u0130stedi - Bati Ermenistan Ve Bati Ermenileri Sorunlari Ara\u015ftirmalar Merkezi","robots":{"index":"index","follow":"follow","max-snippet":"max-snippet:-1","max-image-preview":"max-image-preview:large","max-video-preview":"max-video-preview:-1"},"canonical":"https:\/\/akunq.net\/turkish\/2010\/04\/22\/baspiskopos-hac-istedi\/","og_locale":"en_US","og_type":"article","og_title":"Ba\u015fpiskopos Ha\u00e7 \u0130stedi - Bati Ermenistan Ve Bati Ermenileri Sorunlari Ara\u015ftirmalar Merkezi","og_description":"\u00a0Van&#8217;da bulunan Ermeni Patri\u011fi Ruhani Meclis Ba\u015fkan\u0131 Ba\u015fpiskopos Aram Ate\u015fyan, Vali M\u00fcnir Karalo\u011flu&#8217;nu ziyaret ettikten sonra 12 Eyl\u00fcl 2010&#8217;da ilk ayinin yap\u0131laca\u011f\u0131 Akdamar Kilisesi&#8217;ne gitti. Tekneyle adaya giden Ate\u015fyan i\u00e7in geni\u015f g\u00fcvenlik \u00f6nlemi al\u0131nd\u0131. Ate\u015fyan, 2 saat s\u00fcrecek ayin i\u00e7in yap\u0131lmas\u0131 gerekenleri tek tek Van Vali Yard\u0131mc\u0131s\u0131 Halil Berk ve Geva\u015f Kaymakam\u0131 Tahsin Aksu&#8217;ya anlatt\u0131. [&hellip;]","og_url":"https:\/\/akunq.net\/turkish\/2010\/04\/22\/baspiskopos-hac-istedi\/","og_site_name":"Bati Ermenistan Ve Bati Ermenileri Sorunlari Ara\u015ftirmalar Merkezi","article_published_time":"2010-04-22T12:16:38+00:00","author":"kalem","twitter_card":"summary_large_image","twitter_misc":{"Written by":"kalem","Est. reading time":"3 minutes"},"schema":{"@context":"https:\/\/schema.org","@graph":[{"@type":"Article","@id":"https:\/\/akunq.net\/turkish\/2010\/04\/22\/baspiskopos-hac-istedi\/#article","isPartOf":{"@id":"https:\/\/akunq.net\/turkish\/2010\/04\/22\/baspiskopos-hac-istedi\/"},"author":{"name":"kalem","@id":"https:\/\/akunq.net\/turkish\/#\/schema\/person\/135e7923d1aeb8887890799619969a6c"},"headline":"Ba\u015fpiskopos Ha\u00e7 \u0130stedi","datePublished":"2010-04-22T12:16:38+00:00","mainEntityOfPage":{"@id":"https:\/\/akunq.net\/turkish\/2010\/04\/22\/baspiskopos-hac-istedi\/"},"wordCount":639,"articleSection":["Haberler"],"inLanguage":"en-US"},{"@type":"WebPage","@id":"https:\/\/akunq.net\/turkish\/2010\/04\/22\/baspiskopos-hac-istedi\/","url":"https:\/\/akunq.net\/turkish\/2010\/04\/22\/baspiskopos-hac-istedi\/","name":"Ba\u015fpiskopos Ha\u00e7 \u0130stedi - Bati Ermenistan Ve Bati Ermenileri Sorunlari Ara\u015ftirmalar Merkezi","isPartOf":{"@id":"https:\/\/akunq.net\/turkish\/#website"},"datePublished":"2010-04-22T12:16:38+00:00","author":{"@id":"https:\/\/akunq.net\/turkish\/#\/schema\/person\/135e7923d1aeb8887890799619969a6c"},"breadcrumb":{"@id":"https:\/\/akunq.net\/turkish\/2010\/04\/22\/baspiskopos-hac-istedi\/#breadcrumb"},"inLanguage":"en-US","potentialAction":[{"@type":"ReadAction","target":["https:\/\/akunq.net\/turkish\/2010\/04\/22\/baspiskopos-hac-istedi\/"]}]},{"@type":"BreadcrumbList","@id":"https:\/\/akunq.net\/turkish\/2010\/04\/22\/baspiskopos-hac-istedi\/#breadcrumb","itemListElement":[{"@type":"ListItem","position":1,"name":"Home","item":"https:\/\/akunq.net\/turkish\/"},{"@type":"ListItem","position":2,"name":"Ba\u015fpiskopos Ha\u00e7 \u0130stedi"}]},{"@type":"WebSite","@id":"https:\/\/akunq.net\/turkish\/#website","url":"https:\/\/akunq.net\/turkish\/","name":"Bati Ermenistan Ve Bati Ermenileri Sorunlari Ara\u015ftirmalar Merkezi","description":"","potentialAction":[{"@type":"SearchAction","target":{"@type":"EntryPoint","urlTemplate":"https:\/\/akunq.net\/turkish\/?s={search_term_string}"},"query-input":{"@type":"PropertyValueSpecification","valueRequired":true,"valueName":"search_term_string"}}],"inLanguage":"en-US"},{"@type":"Person","@id":"https:\/\/akunq.net\/turkish\/#\/schema\/person\/135e7923d1aeb8887890799619969a6c","name":"kalem","image":{"@type":"ImageObject","inLanguage":"en-US","@id":"https:\/\/secure.gravatar.com\/avatar\/a06875e4b25feb5674296adf8e8a7ae1e587cebce2493fe63c456109967e27d3?s=96&d=mm&r=g","url":"https:\/\/secure.gravatar.com\/avatar\/a06875e4b25feb5674296adf8e8a7ae1e587cebce2493fe63c456109967e27d3?s=96&d=mm&r=g","contentUrl":"https:\/\/secure.gravatar.com\/avatar\/a06875e4b25feb5674296adf8e8a7ae1e587cebce2493fe63c456109967e27d3?s=96&d=mm&r=g","caption":"kalem"},"url":"https:\/\/akunq.net\/turkish\/author\/kalem\/"}]}},"_links":{"self":[{"href":"https:\/\/akunq.net\/turkish\/wp-json\/wp\/v2\/posts\/373","targetHints":{"allow":["GET"]}}],"collection":[{"href":"https:\/\/akunq.net\/turkish\/wp-json\/wp\/v2\/posts"}],"about":[{"href":"https:\/\/akunq.net\/turkish\/wp-json\/wp\/v2\/types\/post"}],"author":[{"embeddable":true,"href":"https:\/\/akunq.net\/turkish\/wp-json\/wp\/v2\/users\/3"}],"replies":[{"embeddable":true,"href":"https:\/\/akunq.net\/turkish\/wp-json\/wp\/v2\/comments?post=373"}],"version-history":[{"count":0,"href":"https:\/\/akunq.net\/turkish\/wp-json\/wp\/v2\/posts\/373\/revisions"}],"wp:attachment":[{"href":"https:\/\/akunq.net\/turkish\/wp-json\/wp\/v2\/media?parent=373"}],"wp:term":[{"taxonomy":"category","embeddable":true,"href":"https:\/\/akunq.net\/turkish\/wp-json\/wp\/v2\/categories?post=373"},{"taxonomy":"post_tag","embeddable":true,"href":"https:\/\/akunq.net\/turkish\/wp-json\/wp\/v2\/tags?post=373"}],"curies":[{"name":"wp","href":"https:\/\/api.w.org\/{rel}","templated":true}]}}