{"id":371,"date":"2010-04-22T03:20:51","date_gmt":"2010-04-22T08:20:51","guid":{"rendered":"http:\/\/akunq.net\/tr\/2010\/04\/22\/371\/"},"modified":"2010-04-22T03:20:51","modified_gmt":"2010-04-22T08:20:51","slug":"371","status":"publish","type":"post","link":"https:\/\/akunq.net\/turkish\/2010\/04\/22\/371\/","title":{"rendered":"Bu ac\u0131 B\u0130Z\u0130M ac\u0131m\u0131z. Bu yas HEP\u0130M\u0130Z\u0130N"},"content":{"rendered":"<p style=\"text-align: justify\">1915\u2019te, n\u00fcfusumuz hen\u00fcz 13 milyonken, bu topraklarda 1,5 \u2013 2 milyon Ermeni ya\u015f\u0131yordu. Trakya\u2019da, Ege\u2019de, Adana\u2019da, Malatya\u2019da, Van\u2019da, Kars\u2019ta\u2026 Samatya\u2019da, \u015ei\u015fli\u2019de, Adalar\u2019da, Galata\u2019da\u2026<br \/>\nMahalle bakkal\u0131m\u0131z, terzimiz, kuyumcumuz, marangozumuz, kundurac\u0131m\u0131z, yan tarladaki ren\u00e7berimiz, de\u011firmencimiz, s\u0131n\u0131f arkada\u015f\u0131m\u0131z, \u00f6\u011fretmenimiz, subay\u0131m\u0131z, emir erimiz, milletvekilimiz, tarih\u00e7imiz, bestek\u00e2r\u0131m\u0131z\u2026 Arkada\u015flar\u0131m\u0131zd\u0131lar. Kap\u0131 kom\u015fular\u0131m\u0131z, dert ortaklar\u0131m\u0131zd\u0131lar. Trakya\u2019da, Ege\u2019de, Adana\u2019da, Malatya\u2019da, Van\u2019da, Kars\u2019ta\u2026 Samatya\u2019da, \u015ei\u015fli\u2019de, Adalar\u2019da, Galata\u2019da\u2026<\/p>\n<p style=\"text-align: justify\">24 Nisan 1915\u2019te \u201cg\u00f6nderilmeye\u201d ba\u015fland\u0131lar. Onlar\u0131 kaybettik. Art\u0131k yoklar. \u00c7ok b\u00fcy\u00fck \u00e7o\u011funlu\u011fu aram\u0131zda yok. Mezarlar\u0131 bile yok. \u201cB\u00fcy\u00fck Felaket\u201din vicdanlar\u0131m\u0131za y\u00fckledi\u011fi \u201cB\u00fcy\u00fck Ac\u0131\u201d ise olanca a\u011f\u0131rl\u0131\u011f\u0131yla VAR. 95 y\u0131ld\u0131r b\u00fcy\u00fcyor.<\/p>\n<p style=\"text-align: justify\">Bu \u201cB\u00fcy\u00fck Ac\u0131\u201dy\u0131 y\u00fcre\u011finde hisseden b\u00fct\u00fcn T\u00fcrkiyelileri 1915 kurbanlar\u0131n\u0131n an\u0131s\u0131 \u00f6n\u00fcnde sayg\u0131yla e\u011filmeye \u00e7a\u011f\u0131r\u0131yoruz. Siyahlar i\u00e7inde, sessizce. Ruhlar\u0131na yakaca\u011f\u0131m\u0131z mumlarla, \u00e7i\u00e7eklerle\u2026<br \/>\n\u00c7\u00fcnk\u00fc bu ac\u0131 B\u0130Z\u0130M ac\u0131m\u0131z. Bu yas HEP\u0130M\u0130Z\u0130N.<\/p>\n<p style=\"text-align: justify\">24 Nisan 2010, 19.00<\/p>\n<p style=\"text-align: justify\">Taksim Meydan\u0131, Tramvay Dura\u011f\u0131<\/p>\n<p style=\"text-align: justify\"><strong>\u00a0<\/strong><strong>\u00c7a\u011fr\u0131c\u0131lar<br \/>\n<\/strong>Ahmet \u0130nsel, Ali Bayramo\u011flu, Asl\u0131 Erdo\u011fan, Avi Haligua, Ayhan Bilgen, Ayla Y\u0131ld\u0131r\u0131m, Ays\u0131n Ye\u015filay \u0130nan, Ay\u015fe Batumlu, Ay\u015feg\u00fcl Devecio\u011flu, Bask\u0131n Oran, Cafer Solgun, Cengiz Aktar, Cengiz Al\u011fan, Deniz Zarakolu, Dilek G\u00f6k\u00e7in, Do\u011fan Tarkan, Eren Keskin, Erol K\u00f6ro\u011flu, Ferhat Kentel, Fethi \u0130nan, Fethiye \u00c7etin, Garo Paylan, G\u00fclten Kaya, Hakan Tahmaz, Halil Berktay, Hayko Ba\u011fdat, Hilal Kaplan, H\u00fcrriyet \u015eener, \u0130pek \u00c7al\u0131\u015flar, \u0130smail Erdo\u011fan, Jale Mildano\u011flu, Kadir Cang\u0131zbay, Kerem \u00d6ktem, Kutlu\u011f Ataman, Lale Mansur, Leman Yurtsever, Levent \u015eensever, Mahir G\u00fcn\u015f\u0131ray, Mehmet Demir, Mithat Sancar, Ne\u015fe D\u00fczel, Nil Mutluer, Orhan Miro\u011flu, Osman K\u00f6ker, \u00d6zt\u00fcrk T\u00fcrkdo\u011fan, Perihan Ma\u011fden, Roni Margulies, Semra Somersan, Sezgin Tanr\u0131kulu, S\u0131rr\u0131 S\u00fcreyya \u00d6nder, \u015eanar Yurdatapan, \u015eenol Karaka\u015f, Tamar Nalc\u0131, Tan\u0131l Bora, Tatyos Bebe, Turgay O\u011fur, Ufuk Uras, \u00dcmit Karda\u015f, \u00dcmit K\u0131van\u00e7, \u00dcmit \u015eahin, Vivet Kanetti, Yal\u00e7\u0131n Erg\u00fcndo\u011fan, Yaman Y\u0131ld\u0131z, Yasemin \u00c7ongar, Y\u0131ld\u0131z \u00d6nen, Zeynep Gambetti, Zeynep Tanbay.<\/p>\n<p style=\"text-align: justify\">\u00a0<strong>\u00d6zel-N.Uygun,<\/strong> \u00a019.4.2010<\/p>\n","protected":false},"excerpt":{"rendered":"<p>1915\u2019te, n\u00fcfusumuz hen\u00fcz 13 milyonken, bu topraklarda 1,5 \u2013 2 milyon Ermeni ya\u015f\u0131yordu. Trakya\u2019da, Ege\u2019de, Adana\u2019da, Malatya\u2019da, Van\u2019da, Kars\u2019ta\u2026 Samatya\u2019da, \u015ei\u015fli\u2019de, Adalar\u2019da, Galata\u2019da\u2026 Mahalle bakkal\u0131m\u0131z, terzimiz, kuyumcumuz, marangozumuz, kundurac\u0131m\u0131z, yan tarladaki ren\u00e7berimiz, de\u011firmencimiz, s\u0131n\u0131f arkada\u015f\u0131m\u0131z, \u00f6\u011fretmenimiz, subay\u0131m\u0131z, emir erimiz, milletvekilimiz, tarih\u00e7imiz, bestek\u00e2r\u0131m\u0131z\u2026 Arkada\u015flar\u0131m\u0131zd\u0131lar. Kap\u0131 kom\u015fular\u0131m\u0131z, dert ortaklar\u0131m\u0131zd\u0131lar. Trakya\u2019da, Ege\u2019de, Adana\u2019da, Malatya\u2019da, Van\u2019da, Kars\u2019ta\u2026 Samatya\u2019da, \u015ei\u015fli\u2019de, [&hellip;]<\/p>\n","protected":false},"author":3,"featured_media":0,"comment_status":"closed","ping_status":"open","sticky":false,"template":"","format":"standard","meta":{"footnotes":""},"categories":[14],"tags":[],"class_list":["post-371","post","type-post","status-publish","format-standard","hentry","category-haberler"],"yoast_head":"<!-- This site is optimized with the Yoast SEO plugin v27.4 - https:\/\/yoast.com\/product\/yoast-seo-wordpress\/ -->\n<title>Bu ac\u0131 B\u0130Z\u0130M ac\u0131m\u0131z. Bu yas HEP\u0130M\u0130Z\u0130N - Bati Ermenistan Ve Bati Ermenileri Sorunlari Ara\u015ftirmalar Merkezi<\/title>\n<meta name=\"robots\" content=\"index, follow, max-snippet:-1, max-image-preview:large, max-video-preview:-1\" \/>\n<link rel=\"canonical\" href=\"https:\/\/akunq.net\/turkish\/2010\/04\/22\/371\/\" \/>\n<meta property=\"og:locale\" content=\"en_US\" \/>\n<meta property=\"og:type\" content=\"article\" \/>\n<meta property=\"og:title\" content=\"Bu ac\u0131 B\u0130Z\u0130M ac\u0131m\u0131z. Bu yas HEP\u0130M\u0130Z\u0130N - Bati Ermenistan Ve Bati Ermenileri Sorunlari Ara\u015ftirmalar Merkezi\" \/>\n<meta property=\"og:description\" content=\"1915\u2019te, n\u00fcfusumuz hen\u00fcz 13 milyonken, bu topraklarda 1,5 \u2013 2 milyon Ermeni ya\u015f\u0131yordu. Trakya\u2019da, Ege\u2019de, Adana\u2019da, Malatya\u2019da, Van\u2019da, Kars\u2019ta\u2026 Samatya\u2019da, \u015ei\u015fli\u2019de, Adalar\u2019da, Galata\u2019da\u2026 Mahalle bakkal\u0131m\u0131z, terzimiz, kuyumcumuz, marangozumuz, kundurac\u0131m\u0131z, yan tarladaki ren\u00e7berimiz, de\u011firmencimiz, s\u0131n\u0131f arkada\u015f\u0131m\u0131z, \u00f6\u011fretmenimiz, subay\u0131m\u0131z, emir erimiz, milletvekilimiz, tarih\u00e7imiz, bestek\u00e2r\u0131m\u0131z\u2026 Arkada\u015flar\u0131m\u0131zd\u0131lar. Kap\u0131 kom\u015fular\u0131m\u0131z, dert ortaklar\u0131m\u0131zd\u0131lar. Trakya\u2019da, Ege\u2019de, Adana\u2019da, Malatya\u2019da, Van\u2019da, Kars\u2019ta\u2026 Samatya\u2019da, \u015ei\u015fli\u2019de, [&hellip;]\" \/>\n<meta property=\"og:url\" content=\"https:\/\/akunq.net\/turkish\/2010\/04\/22\/371\/\" \/>\n<meta property=\"og:site_name\" content=\"Bati Ermenistan Ve Bati Ermenileri Sorunlari Ara\u015ftirmalar Merkezi\" \/>\n<meta property=\"article:published_time\" content=\"2010-04-22T08:20:51+00:00\" \/>\n<meta name=\"author\" content=\"kalem\" \/>\n<meta name=\"twitter:card\" content=\"summary_large_image\" \/>\n<meta name=\"twitter:label1\" content=\"Written by\" \/>\n\t<meta name=\"twitter:data1\" content=\"kalem\" \/>\n\t<meta name=\"twitter:label2\" content=\"Est. reading time\" \/>\n\t<meta name=\"twitter:data2\" content=\"2 minutes\" \/>\n<script type=\"application\/ld+json\" class=\"yoast-schema-graph\">{\"@context\":\"https:\\\/\\\/schema.org\",\"@graph\":[{\"@type\":\"Article\",\"@id\":\"https:\\\/\\\/akunq.net\\\/turkish\\\/2010\\\/04\\\/22\\\/371\\\/#article\",\"isPartOf\":{\"@id\":\"https:\\\/\\\/akunq.net\\\/turkish\\\/2010\\\/04\\\/22\\\/371\\\/\"},\"author\":{\"name\":\"kalem\",\"@id\":\"https:\\\/\\\/akunq.net\\\/turkish\\\/#\\\/schema\\\/person\\\/135e7923d1aeb8887890799619969a6c\"},\"headline\":\"Bu ac\u0131 B\u0130Z\u0130M ac\u0131m\u0131z. Bu yas HEP\u0130M\u0130Z\u0130N\",\"datePublished\":\"2010-04-22T08:20:51+00:00\",\"mainEntityOfPage\":{\"@id\":\"https:\\\/\\\/akunq.net\\\/turkish\\\/2010\\\/04\\\/22\\\/371\\\/\"},\"wordCount\":421,\"articleSection\":[\"Haberler\"],\"inLanguage\":\"en-US\"},{\"@type\":\"WebPage\",\"@id\":\"https:\\\/\\\/akunq.net\\\/turkish\\\/2010\\\/04\\\/22\\\/371\\\/\",\"url\":\"https:\\\/\\\/akunq.net\\\/turkish\\\/2010\\\/04\\\/22\\\/371\\\/\",\"name\":\"Bu ac\u0131 B\u0130Z\u0130M ac\u0131m\u0131z. Bu yas HEP\u0130M\u0130Z\u0130N - Bati Ermenistan Ve Bati Ermenileri Sorunlari Ara\u015ftirmalar Merkezi\",\"isPartOf\":{\"@id\":\"https:\\\/\\\/akunq.net\\\/turkish\\\/#website\"},\"datePublished\":\"2010-04-22T08:20:51+00:00\",\"author\":{\"@id\":\"https:\\\/\\\/akunq.net\\\/turkish\\\/#\\\/schema\\\/person\\\/135e7923d1aeb8887890799619969a6c\"},\"breadcrumb\":{\"@id\":\"https:\\\/\\\/akunq.net\\\/turkish\\\/2010\\\/04\\\/22\\\/371\\\/#breadcrumb\"},\"inLanguage\":\"en-US\",\"potentialAction\":[{\"@type\":\"ReadAction\",\"target\":[\"https:\\\/\\\/akunq.net\\\/turkish\\\/2010\\\/04\\\/22\\\/371\\\/\"]}]},{\"@type\":\"BreadcrumbList\",\"@id\":\"https:\\\/\\\/akunq.net\\\/turkish\\\/2010\\\/04\\\/22\\\/371\\\/#breadcrumb\",\"itemListElement\":[{\"@type\":\"ListItem\",\"position\":1,\"name\":\"Home\",\"item\":\"https:\\\/\\\/akunq.net\\\/turkish\\\/\"},{\"@type\":\"ListItem\",\"position\":2,\"name\":\"Bu ac\u0131 B\u0130Z\u0130M ac\u0131m\u0131z. Bu yas HEP\u0130M\u0130Z\u0130N\"}]},{\"@type\":\"WebSite\",\"@id\":\"https:\\\/\\\/akunq.net\\\/turkish\\\/#website\",\"url\":\"https:\\\/\\\/akunq.net\\\/turkish\\\/\",\"name\":\"Bati Ermenistan Ve Bati Ermenileri Sorunlari Ara\u015ftirmalar Merkezi\",\"description\":\"\",\"potentialAction\":[{\"@type\":\"SearchAction\",\"target\":{\"@type\":\"EntryPoint\",\"urlTemplate\":\"https:\\\/\\\/akunq.net\\\/turkish\\\/?s={search_term_string}\"},\"query-input\":{\"@type\":\"PropertyValueSpecification\",\"valueRequired\":true,\"valueName\":\"search_term_string\"}}],\"inLanguage\":\"en-US\"},{\"@type\":\"Person\",\"@id\":\"https:\\\/\\\/akunq.net\\\/turkish\\\/#\\\/schema\\\/person\\\/135e7923d1aeb8887890799619969a6c\",\"name\":\"kalem\",\"image\":{\"@type\":\"ImageObject\",\"inLanguage\":\"en-US\",\"@id\":\"https:\\\/\\\/secure.gravatar.com\\\/avatar\\\/a06875e4b25feb5674296adf8e8a7ae1e587cebce2493fe63c456109967e27d3?s=96&d=mm&r=g\",\"url\":\"https:\\\/\\\/secure.gravatar.com\\\/avatar\\\/a06875e4b25feb5674296adf8e8a7ae1e587cebce2493fe63c456109967e27d3?s=96&d=mm&r=g\",\"contentUrl\":\"https:\\\/\\\/secure.gravatar.com\\\/avatar\\\/a06875e4b25feb5674296adf8e8a7ae1e587cebce2493fe63c456109967e27d3?s=96&d=mm&r=g\",\"caption\":\"kalem\"},\"url\":\"https:\\\/\\\/akunq.net\\\/turkish\\\/author\\\/kalem\\\/\"}]}<\/script>\n<!-- \/ Yoast SEO plugin. -->","yoast_head_json":{"title":"Bu ac\u0131 B\u0130Z\u0130M ac\u0131m\u0131z. Bu yas HEP\u0130M\u0130Z\u0130N - Bati Ermenistan Ve Bati Ermenileri Sorunlari Ara\u015ftirmalar Merkezi","robots":{"index":"index","follow":"follow","max-snippet":"max-snippet:-1","max-image-preview":"max-image-preview:large","max-video-preview":"max-video-preview:-1"},"canonical":"https:\/\/akunq.net\/turkish\/2010\/04\/22\/371\/","og_locale":"en_US","og_type":"article","og_title":"Bu ac\u0131 B\u0130Z\u0130M ac\u0131m\u0131z. Bu yas HEP\u0130M\u0130Z\u0130N - Bati Ermenistan Ve Bati Ermenileri Sorunlari Ara\u015ftirmalar Merkezi","og_description":"1915\u2019te, n\u00fcfusumuz hen\u00fcz 13 milyonken, bu topraklarda 1,5 \u2013 2 milyon Ermeni ya\u015f\u0131yordu. Trakya\u2019da, Ege\u2019de, Adana\u2019da, Malatya\u2019da, Van\u2019da, Kars\u2019ta\u2026 Samatya\u2019da, \u015ei\u015fli\u2019de, Adalar\u2019da, Galata\u2019da\u2026 Mahalle bakkal\u0131m\u0131z, terzimiz, kuyumcumuz, marangozumuz, kundurac\u0131m\u0131z, yan tarladaki ren\u00e7berimiz, de\u011firmencimiz, s\u0131n\u0131f arkada\u015f\u0131m\u0131z, \u00f6\u011fretmenimiz, subay\u0131m\u0131z, emir erimiz, milletvekilimiz, tarih\u00e7imiz, bestek\u00e2r\u0131m\u0131z\u2026 Arkada\u015flar\u0131m\u0131zd\u0131lar. Kap\u0131 kom\u015fular\u0131m\u0131z, dert ortaklar\u0131m\u0131zd\u0131lar. Trakya\u2019da, Ege\u2019de, Adana\u2019da, Malatya\u2019da, Van\u2019da, Kars\u2019ta\u2026 Samatya\u2019da, \u015ei\u015fli\u2019de, [&hellip;]","og_url":"https:\/\/akunq.net\/turkish\/2010\/04\/22\/371\/","og_site_name":"Bati Ermenistan Ve Bati Ermenileri Sorunlari Ara\u015ftirmalar Merkezi","article_published_time":"2010-04-22T08:20:51+00:00","author":"kalem","twitter_card":"summary_large_image","twitter_misc":{"Written by":"kalem","Est. reading time":"2 minutes"},"schema":{"@context":"https:\/\/schema.org","@graph":[{"@type":"Article","@id":"https:\/\/akunq.net\/turkish\/2010\/04\/22\/371\/#article","isPartOf":{"@id":"https:\/\/akunq.net\/turkish\/2010\/04\/22\/371\/"},"author":{"name":"kalem","@id":"https:\/\/akunq.net\/turkish\/#\/schema\/person\/135e7923d1aeb8887890799619969a6c"},"headline":"Bu ac\u0131 B\u0130Z\u0130M ac\u0131m\u0131z. Bu yas HEP\u0130M\u0130Z\u0130N","datePublished":"2010-04-22T08:20:51+00:00","mainEntityOfPage":{"@id":"https:\/\/akunq.net\/turkish\/2010\/04\/22\/371\/"},"wordCount":421,"articleSection":["Haberler"],"inLanguage":"en-US"},{"@type":"WebPage","@id":"https:\/\/akunq.net\/turkish\/2010\/04\/22\/371\/","url":"https:\/\/akunq.net\/turkish\/2010\/04\/22\/371\/","name":"Bu ac\u0131 B\u0130Z\u0130M ac\u0131m\u0131z. Bu yas HEP\u0130M\u0130Z\u0130N - Bati Ermenistan Ve Bati Ermenileri Sorunlari Ara\u015ftirmalar Merkezi","isPartOf":{"@id":"https:\/\/akunq.net\/turkish\/#website"},"datePublished":"2010-04-22T08:20:51+00:00","author":{"@id":"https:\/\/akunq.net\/turkish\/#\/schema\/person\/135e7923d1aeb8887890799619969a6c"},"breadcrumb":{"@id":"https:\/\/akunq.net\/turkish\/2010\/04\/22\/371\/#breadcrumb"},"inLanguage":"en-US","potentialAction":[{"@type":"ReadAction","target":["https:\/\/akunq.net\/turkish\/2010\/04\/22\/371\/"]}]},{"@type":"BreadcrumbList","@id":"https:\/\/akunq.net\/turkish\/2010\/04\/22\/371\/#breadcrumb","itemListElement":[{"@type":"ListItem","position":1,"name":"Home","item":"https:\/\/akunq.net\/turkish\/"},{"@type":"ListItem","position":2,"name":"Bu ac\u0131 B\u0130Z\u0130M ac\u0131m\u0131z. Bu yas HEP\u0130M\u0130Z\u0130N"}]},{"@type":"WebSite","@id":"https:\/\/akunq.net\/turkish\/#website","url":"https:\/\/akunq.net\/turkish\/","name":"Bati Ermenistan Ve Bati Ermenileri Sorunlari Ara\u015ftirmalar Merkezi","description":"","potentialAction":[{"@type":"SearchAction","target":{"@type":"EntryPoint","urlTemplate":"https:\/\/akunq.net\/turkish\/?s={search_term_string}"},"query-input":{"@type":"PropertyValueSpecification","valueRequired":true,"valueName":"search_term_string"}}],"inLanguage":"en-US"},{"@type":"Person","@id":"https:\/\/akunq.net\/turkish\/#\/schema\/person\/135e7923d1aeb8887890799619969a6c","name":"kalem","image":{"@type":"ImageObject","inLanguage":"en-US","@id":"https:\/\/secure.gravatar.com\/avatar\/a06875e4b25feb5674296adf8e8a7ae1e587cebce2493fe63c456109967e27d3?s=96&d=mm&r=g","url":"https:\/\/secure.gravatar.com\/avatar\/a06875e4b25feb5674296adf8e8a7ae1e587cebce2493fe63c456109967e27d3?s=96&d=mm&r=g","contentUrl":"https:\/\/secure.gravatar.com\/avatar\/a06875e4b25feb5674296adf8e8a7ae1e587cebce2493fe63c456109967e27d3?s=96&d=mm&r=g","caption":"kalem"},"url":"https:\/\/akunq.net\/turkish\/author\/kalem\/"}]}},"_links":{"self":[{"href":"https:\/\/akunq.net\/turkish\/wp-json\/wp\/v2\/posts\/371","targetHints":{"allow":["GET"]}}],"collection":[{"href":"https:\/\/akunq.net\/turkish\/wp-json\/wp\/v2\/posts"}],"about":[{"href":"https:\/\/akunq.net\/turkish\/wp-json\/wp\/v2\/types\/post"}],"author":[{"embeddable":true,"href":"https:\/\/akunq.net\/turkish\/wp-json\/wp\/v2\/users\/3"}],"replies":[{"embeddable":true,"href":"https:\/\/akunq.net\/turkish\/wp-json\/wp\/v2\/comments?post=371"}],"version-history":[{"count":0,"href":"https:\/\/akunq.net\/turkish\/wp-json\/wp\/v2\/posts\/371\/revisions"}],"wp:attachment":[{"href":"https:\/\/akunq.net\/turkish\/wp-json\/wp\/v2\/media?parent=371"}],"wp:term":[{"taxonomy":"category","embeddable":true,"href":"https:\/\/akunq.net\/turkish\/wp-json\/wp\/v2\/categories?post=371"},{"taxonomy":"post_tag","embeddable":true,"href":"https:\/\/akunq.net\/turkish\/wp-json\/wp\/v2\/tags?post=371"}],"curies":[{"name":"wp","href":"https:\/\/api.w.org\/{rel}","templated":true}]}}