{"id":37,"date":"2010-04-12T01:40:00","date_gmt":"2010-04-12T06:40:00","guid":{"rendered":"http:\/\/akunq.net\/tr\/?p=37"},"modified":"2010-04-12T01:40:00","modified_gmt":"2010-04-12T06:40:00","slug":"ermeni-mezarligi-ustune-koy-odasi","status":"publish","type":"post","link":"https:\/\/akunq.net\/turkish\/2010\/04\/12\/ermeni-mezarligi-ustune-koy-odasi\/","title":{"rendered":"Ermeni mezarl\u0131\u011f\u0131 \u00fcst\u00fcne k\u00f6y odas\u0131"},"content":{"rendered":"<p style=\"text-align: justify\"><strong><a rel=\"attachment wp-att-39\" href=\"http:\/\/akunq.net\/tr\/2010\/04\/12\/ermeni-mezarligi-ustune-koy-odasi\/%d5%b0%d5%a1%d5%b5%d5%af%d5%a1%d5%af%d5%a1%d5%b6-%d5%a3%d5%a5%d6%80%d5%a5%d5%a6%d5%b4%d5%a1%d5%b6%d5%b8%d6%81-%d5%be%d5%a1%d5%b6%d5%ab-%d5%a2%d5%a1%d5%b0%d5%b9%d5%a5%d5%bd%d5%a1%d6%80%d5%a1%d5%b5\/\"><img loading=\"lazy\" decoding=\"async\" class=\"alignleft size-medium wp-image-39\" title=\"\u0540\u0561\u0575\u056f\u0561\u056f\u0561\u0576 \u0563\u0565\u0580\u0565\u0566\u0574\u0561\u0576\u0578\u0581 \u054e\u0561\u0576\u056b \u0532\u0561\u0570\u0579\u0565\u057d\u0561\u0580\u0561\u0575 \u0563\u0561\u057e\u0561\u057c\u056b \u0545\u0561\u0575\u056c\u0561\u0584\u0578\u0576\u0561\u0584 (\u0539\u0565\u0580\u0565\u0574\u0561\u0572)  \u0563\u0575\u0578\u0582\u0572\u0578\u0582\u0574\" src=\"http:\/\/akunq.net\/tr\/wp-content\/uploads\/2010\/04\/\u0540\u0561\u0575\u056f\u0561\u056f\u0561\u0576-\u0563\u0565\u0580\u0565\u0566\u0574\u0561\u0576\u0578\u0581-\u054e\u0561\u0576\u056b-\u0532\u0561\u0570\u0579\u0565\u057d\u0561\u0580\u0561\u0575-\u0563\u0561\u057e\u0561\u057c\u056b-\u0545\u0561\u0575\u056c\u0561\u0584\u0578\u0576\u0561\u0584-\u0539\u0565\u0580\u0565\u0574\u0561\u0572-\u0563\u0575\u0578\u0582\u0572\u0578\u0582\u0574-300x201.jpg\" alt=\"\" width=\"273\" height=\"170\" \/><\/a>Van\u2019\u0131n Bah\u00e7esaray il\u00e7esi Yaylakonak K\u00f6y\u00fc\u2019ndeki Ermeni mezarl\u0131\u011f\u0131 \u00fczerine in\u015faat yap\u0131ld\u0131. <\/strong><\/p>\n<p style=\"text-align: justify\">Eski ad\u0131 Terema\u011f olan k\u00f6yde Muhtar M\u00fcnir Hatim\u2019in yapt\u0131\u011f\u0131 in\u015faat\u0131n durdurulmas\u0131 i\u00e7in k\u00f6yl\u00fcler K\u00fclt\u00fcr ve Turizm M\u00fcd\u00fcrl\u00fc\u011f\u00fc ile M\u00fcze M\u00fcd\u00fcrl\u00fc\u011f\u00fc\u2019ne ba\u015fvuruda bulunurken, Van Milletvekili Fatma Kurtulan da, TBMM\u2019ye \u00f6nerge verdi. Olaydan Kaymakam Mehmet Y\u00fczer\u2019in haberdar oldu\u011funu, ancak m\u00fcdahale etmedi\u011fini iddia eden k\u00f6yl\u00fcler sonunda \u0130nsan Haklar\u0131 Derne\u011fi Van \u015eubesi\u2019ne ba\u015fvurdu.<\/p>\n<p style=\"text-align: justify\">K\u00f6yl\u00fcler ad\u0131na konu\u015fan Hamit Karc\u0131, \u201c\u0130nsan kemikleri ve mezar ta\u015flar\u0131 da\u011f\u0131t\u0131lm\u0131\u015f durumda. \u0130nsan haklar\u0131 savunucular\u0131na sesleniyorum; Yap\u0131lan, hukuka ve insanl\u0131\u011fa ayk\u0131r\u0131d\u0131r\u201d dedi.<\/p>\n<p style=\"text-align: justify\">Taraf &#8211; Istanbul &#8211; 10.04.2010 SEL\u0130M KEMALO\u011eLU<\/p>\n","protected":false},"excerpt":{"rendered":"<p>Van\u2019\u0131n Bah\u00e7esaray il\u00e7esi Yaylakonak K\u00f6y\u00fc\u2019ndeki Ermeni mezarl\u0131\u011f\u0131 \u00fczerine in\u015faat yap\u0131ld\u0131. Eski ad\u0131 Terema\u011f olan k\u00f6yde Muhtar M\u00fcnir Hatim\u2019in yapt\u0131\u011f\u0131 in\u015faat\u0131n durdurulmas\u0131 i\u00e7in k\u00f6yl\u00fcler K\u00fclt\u00fcr ve Turizm M\u00fcd\u00fcrl\u00fc\u011f\u00fc ile M\u00fcze M\u00fcd\u00fcrl\u00fc\u011f\u00fc\u2019ne ba\u015fvuruda bulunurken, Van Milletvekili Fatma Kurtulan da, TBMM\u2019ye \u00f6nerge verdi. Olaydan Kaymakam Mehmet Y\u00fczer\u2019in haberdar oldu\u011funu, ancak m\u00fcdahale etmedi\u011fini iddia eden k\u00f6yl\u00fcler sonunda \u0130nsan Haklar\u0131 [&hellip;]<\/p>\n","protected":false},"author":3,"featured_media":0,"comment_status":"closed","ping_status":"open","sticky":false,"template":"","format":"standard","meta":{"footnotes":""},"categories":[14],"tags":[],"class_list":["post-37","post","type-post","status-publish","format-standard","hentry","category-haberler"],"yoast_head":"<!-- This site is optimized with the Yoast SEO plugin v27.4 - https:\/\/yoast.com\/product\/yoast-seo-wordpress\/ -->\n<title>Ermeni mezarl\u0131\u011f\u0131 \u00fcst\u00fcne k\u00f6y odas\u0131 - Bati Ermenistan Ve Bati Ermenileri Sorunlari Ara\u015ftirmalar Merkezi<\/title>\n<meta name=\"robots\" content=\"index, follow, max-snippet:-1, max-image-preview:large, max-video-preview:-1\" \/>\n<link rel=\"canonical\" href=\"https:\/\/akunq.net\/turkish\/2010\/04\/12\/ermeni-mezarligi-ustune-koy-odasi\/\" \/>\n<meta property=\"og:locale\" content=\"en_US\" \/>\n<meta property=\"og:type\" content=\"article\" \/>\n<meta property=\"og:title\" content=\"Ermeni mezarl\u0131\u011f\u0131 \u00fcst\u00fcne k\u00f6y odas\u0131 - Bati Ermenistan Ve Bati Ermenileri Sorunlari Ara\u015ftirmalar Merkezi\" \/>\n<meta property=\"og:description\" content=\"Van\u2019\u0131n Bah\u00e7esaray il\u00e7esi Yaylakonak K\u00f6y\u00fc\u2019ndeki Ermeni mezarl\u0131\u011f\u0131 \u00fczerine in\u015faat yap\u0131ld\u0131. Eski ad\u0131 Terema\u011f olan k\u00f6yde Muhtar M\u00fcnir Hatim\u2019in yapt\u0131\u011f\u0131 in\u015faat\u0131n durdurulmas\u0131 i\u00e7in k\u00f6yl\u00fcler K\u00fclt\u00fcr ve Turizm M\u00fcd\u00fcrl\u00fc\u011f\u00fc ile M\u00fcze M\u00fcd\u00fcrl\u00fc\u011f\u00fc\u2019ne ba\u015fvuruda bulunurken, Van Milletvekili Fatma Kurtulan da, TBMM\u2019ye \u00f6nerge verdi. Olaydan Kaymakam Mehmet Y\u00fczer\u2019in haberdar oldu\u011funu, ancak m\u00fcdahale etmedi\u011fini iddia eden k\u00f6yl\u00fcler sonunda \u0130nsan Haklar\u0131 [&hellip;]\" \/>\n<meta property=\"og:url\" content=\"https:\/\/akunq.net\/turkish\/2010\/04\/12\/ermeni-mezarligi-ustune-koy-odasi\/\" \/>\n<meta property=\"og:site_name\" content=\"Bati Ermenistan Ve Bati Ermenileri Sorunlari Ara\u015ftirmalar Merkezi\" \/>\n<meta property=\"article:published_time\" content=\"2010-04-12T06:40:00+00:00\" \/>\n<meta name=\"author\" content=\"kalem\" \/>\n<meta name=\"twitter:card\" content=\"summary_large_image\" \/>\n<meta name=\"twitter:label1\" content=\"Written by\" \/>\n\t<meta name=\"twitter:data1\" content=\"kalem\" \/>\n\t<meta name=\"twitter:label2\" content=\"Est. reading time\" \/>\n\t<meta name=\"twitter:data2\" content=\"1 minute\" \/>\n<script type=\"application\/ld+json\" class=\"yoast-schema-graph\">{\"@context\":\"https:\\\/\\\/schema.org\",\"@graph\":[{\"@type\":\"Article\",\"@id\":\"https:\\\/\\\/akunq.net\\\/turkish\\\/2010\\\/04\\\/12\\\/ermeni-mezarligi-ustune-koy-odasi\\\/#article\",\"isPartOf\":{\"@id\":\"https:\\\/\\\/akunq.net\\\/turkish\\\/2010\\\/04\\\/12\\\/ermeni-mezarligi-ustune-koy-odasi\\\/\"},\"author\":{\"name\":\"kalem\",\"@id\":\"https:\\\/\\\/akunq.net\\\/turkish\\\/#\\\/schema\\\/person\\\/135e7923d1aeb8887890799619969a6c\"},\"headline\":\"Ermeni mezarl\u0131\u011f\u0131 \u00fcst\u00fcne k\u00f6y odas\u0131\",\"datePublished\":\"2010-04-12T06:40:00+00:00\",\"mainEntityOfPage\":{\"@id\":\"https:\\\/\\\/akunq.net\\\/turkish\\\/2010\\\/04\\\/12\\\/ermeni-mezarligi-ustune-koy-odasi\\\/\"},\"wordCount\":144,\"articleSection\":[\"Haberler\"],\"inLanguage\":\"en-US\"},{\"@type\":\"WebPage\",\"@id\":\"https:\\\/\\\/akunq.net\\\/turkish\\\/2010\\\/04\\\/12\\\/ermeni-mezarligi-ustune-koy-odasi\\\/\",\"url\":\"https:\\\/\\\/akunq.net\\\/turkish\\\/2010\\\/04\\\/12\\\/ermeni-mezarligi-ustune-koy-odasi\\\/\",\"name\":\"Ermeni mezarl\u0131\u011f\u0131 \u00fcst\u00fcne k\u00f6y odas\u0131 - Bati Ermenistan Ve Bati Ermenileri Sorunlari Ara\u015ftirmalar Merkezi\",\"isPartOf\":{\"@id\":\"https:\\\/\\\/akunq.net\\\/turkish\\\/#website\"},\"datePublished\":\"2010-04-12T06:40:00+00:00\",\"author\":{\"@id\":\"https:\\\/\\\/akunq.net\\\/turkish\\\/#\\\/schema\\\/person\\\/135e7923d1aeb8887890799619969a6c\"},\"breadcrumb\":{\"@id\":\"https:\\\/\\\/akunq.net\\\/turkish\\\/2010\\\/04\\\/12\\\/ermeni-mezarligi-ustune-koy-odasi\\\/#breadcrumb\"},\"inLanguage\":\"en-US\",\"potentialAction\":[{\"@type\":\"ReadAction\",\"target\":[\"https:\\\/\\\/akunq.net\\\/turkish\\\/2010\\\/04\\\/12\\\/ermeni-mezarligi-ustune-koy-odasi\\\/\"]}]},{\"@type\":\"BreadcrumbList\",\"@id\":\"https:\\\/\\\/akunq.net\\\/turkish\\\/2010\\\/04\\\/12\\\/ermeni-mezarligi-ustune-koy-odasi\\\/#breadcrumb\",\"itemListElement\":[{\"@type\":\"ListItem\",\"position\":1,\"name\":\"Home\",\"item\":\"https:\\\/\\\/akunq.net\\\/turkish\\\/\"},{\"@type\":\"ListItem\",\"position\":2,\"name\":\"Ermeni mezarl\u0131\u011f\u0131 \u00fcst\u00fcne k\u00f6y odas\u0131\"}]},{\"@type\":\"WebSite\",\"@id\":\"https:\\\/\\\/akunq.net\\\/turkish\\\/#website\",\"url\":\"https:\\\/\\\/akunq.net\\\/turkish\\\/\",\"name\":\"Bati Ermenistan Ve Bati Ermenileri Sorunlari Ara\u015ftirmalar Merkezi\",\"description\":\"\",\"potentialAction\":[{\"@type\":\"SearchAction\",\"target\":{\"@type\":\"EntryPoint\",\"urlTemplate\":\"https:\\\/\\\/akunq.net\\\/turkish\\\/?s={search_term_string}\"},\"query-input\":{\"@type\":\"PropertyValueSpecification\",\"valueRequired\":true,\"valueName\":\"search_term_string\"}}],\"inLanguage\":\"en-US\"},{\"@type\":\"Person\",\"@id\":\"https:\\\/\\\/akunq.net\\\/turkish\\\/#\\\/schema\\\/person\\\/135e7923d1aeb8887890799619969a6c\",\"name\":\"kalem\",\"image\":{\"@type\":\"ImageObject\",\"inLanguage\":\"en-US\",\"@id\":\"https:\\\/\\\/secure.gravatar.com\\\/avatar\\\/a06875e4b25feb5674296adf8e8a7ae1e587cebce2493fe63c456109967e27d3?s=96&d=mm&r=g\",\"url\":\"https:\\\/\\\/secure.gravatar.com\\\/avatar\\\/a06875e4b25feb5674296adf8e8a7ae1e587cebce2493fe63c456109967e27d3?s=96&d=mm&r=g\",\"contentUrl\":\"https:\\\/\\\/secure.gravatar.com\\\/avatar\\\/a06875e4b25feb5674296adf8e8a7ae1e587cebce2493fe63c456109967e27d3?s=96&d=mm&r=g\",\"caption\":\"kalem\"},\"url\":\"https:\\\/\\\/akunq.net\\\/turkish\\\/author\\\/kalem\\\/\"}]}<\/script>\n<!-- \/ Yoast SEO plugin. -->","yoast_head_json":{"title":"Ermeni mezarl\u0131\u011f\u0131 \u00fcst\u00fcne k\u00f6y odas\u0131 - Bati Ermenistan Ve Bati Ermenileri Sorunlari Ara\u015ftirmalar Merkezi","robots":{"index":"index","follow":"follow","max-snippet":"max-snippet:-1","max-image-preview":"max-image-preview:large","max-video-preview":"max-video-preview:-1"},"canonical":"https:\/\/akunq.net\/turkish\/2010\/04\/12\/ermeni-mezarligi-ustune-koy-odasi\/","og_locale":"en_US","og_type":"article","og_title":"Ermeni mezarl\u0131\u011f\u0131 \u00fcst\u00fcne k\u00f6y odas\u0131 - Bati Ermenistan Ve Bati Ermenileri Sorunlari Ara\u015ftirmalar Merkezi","og_description":"Van\u2019\u0131n Bah\u00e7esaray il\u00e7esi Yaylakonak K\u00f6y\u00fc\u2019ndeki Ermeni mezarl\u0131\u011f\u0131 \u00fczerine in\u015faat yap\u0131ld\u0131. Eski ad\u0131 Terema\u011f olan k\u00f6yde Muhtar M\u00fcnir Hatim\u2019in yapt\u0131\u011f\u0131 in\u015faat\u0131n durdurulmas\u0131 i\u00e7in k\u00f6yl\u00fcler K\u00fclt\u00fcr ve Turizm M\u00fcd\u00fcrl\u00fc\u011f\u00fc ile M\u00fcze M\u00fcd\u00fcrl\u00fc\u011f\u00fc\u2019ne ba\u015fvuruda bulunurken, Van Milletvekili Fatma Kurtulan da, TBMM\u2019ye \u00f6nerge verdi. Olaydan Kaymakam Mehmet Y\u00fczer\u2019in haberdar oldu\u011funu, ancak m\u00fcdahale etmedi\u011fini iddia eden k\u00f6yl\u00fcler sonunda \u0130nsan Haklar\u0131 [&hellip;]","og_url":"https:\/\/akunq.net\/turkish\/2010\/04\/12\/ermeni-mezarligi-ustune-koy-odasi\/","og_site_name":"Bati Ermenistan Ve Bati Ermenileri Sorunlari Ara\u015ftirmalar Merkezi","article_published_time":"2010-04-12T06:40:00+00:00","author":"kalem","twitter_card":"summary_large_image","twitter_misc":{"Written by":"kalem","Est. reading time":"1 minute"},"schema":{"@context":"https:\/\/schema.org","@graph":[{"@type":"Article","@id":"https:\/\/akunq.net\/turkish\/2010\/04\/12\/ermeni-mezarligi-ustune-koy-odasi\/#article","isPartOf":{"@id":"https:\/\/akunq.net\/turkish\/2010\/04\/12\/ermeni-mezarligi-ustune-koy-odasi\/"},"author":{"name":"kalem","@id":"https:\/\/akunq.net\/turkish\/#\/schema\/person\/135e7923d1aeb8887890799619969a6c"},"headline":"Ermeni mezarl\u0131\u011f\u0131 \u00fcst\u00fcne k\u00f6y odas\u0131","datePublished":"2010-04-12T06:40:00+00:00","mainEntityOfPage":{"@id":"https:\/\/akunq.net\/turkish\/2010\/04\/12\/ermeni-mezarligi-ustune-koy-odasi\/"},"wordCount":144,"articleSection":["Haberler"],"inLanguage":"en-US"},{"@type":"WebPage","@id":"https:\/\/akunq.net\/turkish\/2010\/04\/12\/ermeni-mezarligi-ustune-koy-odasi\/","url":"https:\/\/akunq.net\/turkish\/2010\/04\/12\/ermeni-mezarligi-ustune-koy-odasi\/","name":"Ermeni mezarl\u0131\u011f\u0131 \u00fcst\u00fcne k\u00f6y odas\u0131 - Bati Ermenistan Ve Bati Ermenileri Sorunlari Ara\u015ftirmalar Merkezi","isPartOf":{"@id":"https:\/\/akunq.net\/turkish\/#website"},"datePublished":"2010-04-12T06:40:00+00:00","author":{"@id":"https:\/\/akunq.net\/turkish\/#\/schema\/person\/135e7923d1aeb8887890799619969a6c"},"breadcrumb":{"@id":"https:\/\/akunq.net\/turkish\/2010\/04\/12\/ermeni-mezarligi-ustune-koy-odasi\/#breadcrumb"},"inLanguage":"en-US","potentialAction":[{"@type":"ReadAction","target":["https:\/\/akunq.net\/turkish\/2010\/04\/12\/ermeni-mezarligi-ustune-koy-odasi\/"]}]},{"@type":"BreadcrumbList","@id":"https:\/\/akunq.net\/turkish\/2010\/04\/12\/ermeni-mezarligi-ustune-koy-odasi\/#breadcrumb","itemListElement":[{"@type":"ListItem","position":1,"name":"Home","item":"https:\/\/akunq.net\/turkish\/"},{"@type":"ListItem","position":2,"name":"Ermeni mezarl\u0131\u011f\u0131 \u00fcst\u00fcne k\u00f6y odas\u0131"}]},{"@type":"WebSite","@id":"https:\/\/akunq.net\/turkish\/#website","url":"https:\/\/akunq.net\/turkish\/","name":"Bati Ermenistan Ve Bati Ermenileri Sorunlari Ara\u015ftirmalar Merkezi","description":"","potentialAction":[{"@type":"SearchAction","target":{"@type":"EntryPoint","urlTemplate":"https:\/\/akunq.net\/turkish\/?s={search_term_string}"},"query-input":{"@type":"PropertyValueSpecification","valueRequired":true,"valueName":"search_term_string"}}],"inLanguage":"en-US"},{"@type":"Person","@id":"https:\/\/akunq.net\/turkish\/#\/schema\/person\/135e7923d1aeb8887890799619969a6c","name":"kalem","image":{"@type":"ImageObject","inLanguage":"en-US","@id":"https:\/\/secure.gravatar.com\/avatar\/a06875e4b25feb5674296adf8e8a7ae1e587cebce2493fe63c456109967e27d3?s=96&d=mm&r=g","url":"https:\/\/secure.gravatar.com\/avatar\/a06875e4b25feb5674296adf8e8a7ae1e587cebce2493fe63c456109967e27d3?s=96&d=mm&r=g","contentUrl":"https:\/\/secure.gravatar.com\/avatar\/a06875e4b25feb5674296adf8e8a7ae1e587cebce2493fe63c456109967e27d3?s=96&d=mm&r=g","caption":"kalem"},"url":"https:\/\/akunq.net\/turkish\/author\/kalem\/"}]}},"_links":{"self":[{"href":"https:\/\/akunq.net\/turkish\/wp-json\/wp\/v2\/posts\/37","targetHints":{"allow":["GET"]}}],"collection":[{"href":"https:\/\/akunq.net\/turkish\/wp-json\/wp\/v2\/posts"}],"about":[{"href":"https:\/\/akunq.net\/turkish\/wp-json\/wp\/v2\/types\/post"}],"author":[{"embeddable":true,"href":"https:\/\/akunq.net\/turkish\/wp-json\/wp\/v2\/users\/3"}],"replies":[{"embeddable":true,"href":"https:\/\/akunq.net\/turkish\/wp-json\/wp\/v2\/comments?post=37"}],"version-history":[{"count":0,"href":"https:\/\/akunq.net\/turkish\/wp-json\/wp\/v2\/posts\/37\/revisions"}],"wp:attachment":[{"href":"https:\/\/akunq.net\/turkish\/wp-json\/wp\/v2\/media?parent=37"}],"wp:term":[{"taxonomy":"category","embeddable":true,"href":"https:\/\/akunq.net\/turkish\/wp-json\/wp\/v2\/categories?post=37"},{"taxonomy":"post_tag","embeddable":true,"href":"https:\/\/akunq.net\/turkish\/wp-json\/wp\/v2\/tags?post=37"}],"curies":[{"name":"wp","href":"https:\/\/api.w.org\/{rel}","templated":true}]}}