{"id":368,"date":"2010-04-22T03:19:02","date_gmt":"2010-04-22T08:19:02","guid":{"rendered":"http:\/\/akunq.net\/tr\/?p=368"},"modified":"2010-04-22T03:19:02","modified_gmt":"2010-04-22T08:19:02","slug":"ermeni-kilisesi-cok-amacli-hale-geliyor","status":"publish","type":"post","link":"https:\/\/akunq.net\/turkish\/2010\/04\/22\/ermeni-kilisesi-cok-amacli-hale-geliyor\/","title":{"rendered":"Ermeni Kilisesi \u00e7ok ama\u00e7l\u0131 hale geliyor"},"content":{"rendered":"<h3 style=\"text-align: justify\">Ermeni Patrikhanesi&#8217;ne ait &#8216;\u0130kinci Vortvorts Vorodman Kilisesi&#8217;nin restore edilerek hem ibadethane hem de konferans, sergi ve konser salonu olarak kullan\u0131lmas\u0131 hedefleniyor.<\/h3>\n<p style=\"text-align: justify\">Ermeni Patrikhanesi&#8217;nin kar\u015f\u0131s\u0131nda bulunan \u0130kinci Vortvorts Vorodman Kilisesi, Birinci D\u00fcnya Sava\u015f\u0131&#8217;ndan bu yana harabe durumda. 2010 Ajans\u0131, 19. Y\u00fczy\u0131l ortalar\u0131nda Saray Mimar\u0131 Kirkor Balyan taraf\u0131ndan in\u015fa edilen kilisenin \u00e7ok ama\u00e7l\u0131 hale getirilmesi i\u00e7in kollar\u0131 s\u0131vad\u0131. Proje kapsam\u0131nda kilisenin restore edilerek ibadethane, konferans, sergi ve konser salonu olarak de\u011ferlendirilmesi hedefleniyor. Proje ger\u00e7ekle\u015firse, bu dinler tarihi a\u00e7\u0131s\u0131ndan bir ilk olacak. D\u00f6n\u00fc\u015f\u00fcm\u00fcn mimari ve sanatsal y\u00f6nlerini geli\u015ftirmek i\u00e7in proje b\u00fct\u00fcnsel bir yakla\u015f\u0131mla ele al\u0131n\u0131yor ve at\u00f6lye \u00e7al\u0131\u015fmalar\u0131 mimarlara ve sanat insanlar\u0131n\u0131n kat\u0131l\u0131m\u0131na a\u00e7\u0131l\u0131yor.<\/p>\n<p style=\"text-align: justify\">FAT\u0130H&#8217;\u0130N HED\u0130YES\u0130<\/p>\n<p style=\"text-align: justify\">Patrikhane yetkilileri, &#8216;Fatih Sultan Mehmet&#8217;in \u0130stanbul&#8217;u ald\u0131ktan sonra bize hediye etti\u011fi bir kilise. Asl\u0131nda kiliseden ziyade manast\u0131r, kiliseler kompleksi. 3 b\u00fcy\u00fck kilise var. Bug\u00fcn sadece giri\u015fteki kilise kullan\u0131l\u0131yor. Vortvorts Vorodman Kilisesi ise Birinci D\u00fcnya Sava\u015f\u0131&#8217;ndan bu yana kullan\u0131lm\u0131yor&#8217; dedi.<\/p>\n<p style=\"text-align: justify\">\u00a0aksam.com.tr\/2,\u00a0 18.4.2010<\/p>\n<p style=\"text-align: justify\">B\u00fclent \u015eANLIKAN \/\u0130STANBUL \u00a0<\/p>\n","protected":false},"excerpt":{"rendered":"<p>Ermeni Patrikhanesi&#8217;ne ait &#8216;\u0130kinci Vortvorts Vorodman Kilisesi&#8217;nin restore edilerek hem ibadethane hem de konferans, sergi ve konser salonu olarak kullan\u0131lmas\u0131 hedefleniyor. Ermeni Patrikhanesi&#8217;nin kar\u015f\u0131s\u0131nda bulunan \u0130kinci Vortvorts Vorodman Kilisesi, Birinci D\u00fcnya Sava\u015f\u0131&#8217;ndan bu yana harabe durumda. 2010 Ajans\u0131, 19. Y\u00fczy\u0131l ortalar\u0131nda Saray Mimar\u0131 Kirkor Balyan taraf\u0131ndan in\u015fa edilen kilisenin \u00e7ok ama\u00e7l\u0131 hale getirilmesi i\u00e7in kollar\u0131 [&hellip;]<\/p>\n","protected":false},"author":3,"featured_media":0,"comment_status":"closed","ping_status":"open","sticky":false,"template":"","format":"standard","meta":{"footnotes":""},"categories":[14],"tags":[],"class_list":["post-368","post","type-post","status-publish","format-standard","hentry","category-haberler"],"yoast_head":"<!-- This site is optimized with the Yoast SEO plugin v27.4 - https:\/\/yoast.com\/product\/yoast-seo-wordpress\/ -->\n<title>Ermeni Kilisesi \u00e7ok ama\u00e7l\u0131 hale geliyor - Bati Ermenistan Ve Bati Ermenileri Sorunlari Ara\u015ftirmalar Merkezi<\/title>\n<meta name=\"robots\" content=\"index, follow, max-snippet:-1, max-image-preview:large, max-video-preview:-1\" \/>\n<link rel=\"canonical\" href=\"https:\/\/akunq.net\/turkish\/2010\/04\/22\/ermeni-kilisesi-cok-amacli-hale-geliyor\/\" \/>\n<meta property=\"og:locale\" content=\"en_US\" \/>\n<meta property=\"og:type\" content=\"article\" \/>\n<meta property=\"og:title\" content=\"Ermeni Kilisesi \u00e7ok ama\u00e7l\u0131 hale geliyor - Bati Ermenistan Ve Bati Ermenileri Sorunlari Ara\u015ftirmalar Merkezi\" \/>\n<meta property=\"og:description\" content=\"Ermeni Patrikhanesi&#8217;ne ait &#8216;\u0130kinci Vortvorts Vorodman Kilisesi&#8217;nin restore edilerek hem ibadethane hem de konferans, sergi ve konser salonu olarak kullan\u0131lmas\u0131 hedefleniyor. Ermeni Patrikhanesi&#8217;nin kar\u015f\u0131s\u0131nda bulunan \u0130kinci Vortvorts Vorodman Kilisesi, Birinci D\u00fcnya Sava\u015f\u0131&#8217;ndan bu yana harabe durumda. 2010 Ajans\u0131, 19. Y\u00fczy\u0131l ortalar\u0131nda Saray Mimar\u0131 Kirkor Balyan taraf\u0131ndan in\u015fa edilen kilisenin \u00e7ok ama\u00e7l\u0131 hale getirilmesi i\u00e7in kollar\u0131 [&hellip;]\" \/>\n<meta property=\"og:url\" content=\"https:\/\/akunq.net\/turkish\/2010\/04\/22\/ermeni-kilisesi-cok-amacli-hale-geliyor\/\" \/>\n<meta property=\"og:site_name\" content=\"Bati Ermenistan Ve Bati Ermenileri Sorunlari Ara\u015ftirmalar Merkezi\" \/>\n<meta property=\"article:published_time\" content=\"2010-04-22T08:19:02+00:00\" \/>\n<meta name=\"author\" content=\"kalem\" \/>\n<meta name=\"twitter:card\" content=\"summary_large_image\" \/>\n<meta name=\"twitter:label1\" content=\"Written by\" \/>\n\t<meta name=\"twitter:data1\" content=\"kalem\" \/>\n\t<meta name=\"twitter:label2\" content=\"Est. reading time\" \/>\n\t<meta name=\"twitter:data2\" content=\"1 minute\" \/>\n<script type=\"application\/ld+json\" class=\"yoast-schema-graph\">{\"@context\":\"https:\\\/\\\/schema.org\",\"@graph\":[{\"@type\":\"Article\",\"@id\":\"https:\\\/\\\/akunq.net\\\/turkish\\\/2010\\\/04\\\/22\\\/ermeni-kilisesi-cok-amacli-hale-geliyor\\\/#article\",\"isPartOf\":{\"@id\":\"https:\\\/\\\/akunq.net\\\/turkish\\\/2010\\\/04\\\/22\\\/ermeni-kilisesi-cok-amacli-hale-geliyor\\\/\"},\"author\":{\"name\":\"kalem\",\"@id\":\"https:\\\/\\\/akunq.net\\\/turkish\\\/#\\\/schema\\\/person\\\/135e7923d1aeb8887890799619969a6c\"},\"headline\":\"Ermeni Kilisesi \u00e7ok ama\u00e7l\u0131 hale geliyor\",\"datePublished\":\"2010-04-22T08:19:02+00:00\",\"mainEntityOfPage\":{\"@id\":\"https:\\\/\\\/akunq.net\\\/turkish\\\/2010\\\/04\\\/22\\\/ermeni-kilisesi-cok-amacli-hale-geliyor\\\/\"},\"wordCount\":210,\"articleSection\":[\"Haberler\"],\"inLanguage\":\"en-US\"},{\"@type\":\"WebPage\",\"@id\":\"https:\\\/\\\/akunq.net\\\/turkish\\\/2010\\\/04\\\/22\\\/ermeni-kilisesi-cok-amacli-hale-geliyor\\\/\",\"url\":\"https:\\\/\\\/akunq.net\\\/turkish\\\/2010\\\/04\\\/22\\\/ermeni-kilisesi-cok-amacli-hale-geliyor\\\/\",\"name\":\"Ermeni Kilisesi \u00e7ok ama\u00e7l\u0131 hale geliyor - Bati Ermenistan Ve Bati Ermenileri Sorunlari Ara\u015ftirmalar Merkezi\",\"isPartOf\":{\"@id\":\"https:\\\/\\\/akunq.net\\\/turkish\\\/#website\"},\"datePublished\":\"2010-04-22T08:19:02+00:00\",\"author\":{\"@id\":\"https:\\\/\\\/akunq.net\\\/turkish\\\/#\\\/schema\\\/person\\\/135e7923d1aeb8887890799619969a6c\"},\"breadcrumb\":{\"@id\":\"https:\\\/\\\/akunq.net\\\/turkish\\\/2010\\\/04\\\/22\\\/ermeni-kilisesi-cok-amacli-hale-geliyor\\\/#breadcrumb\"},\"inLanguage\":\"en-US\",\"potentialAction\":[{\"@type\":\"ReadAction\",\"target\":[\"https:\\\/\\\/akunq.net\\\/turkish\\\/2010\\\/04\\\/22\\\/ermeni-kilisesi-cok-amacli-hale-geliyor\\\/\"]}]},{\"@type\":\"BreadcrumbList\",\"@id\":\"https:\\\/\\\/akunq.net\\\/turkish\\\/2010\\\/04\\\/22\\\/ermeni-kilisesi-cok-amacli-hale-geliyor\\\/#breadcrumb\",\"itemListElement\":[{\"@type\":\"ListItem\",\"position\":1,\"name\":\"Home\",\"item\":\"https:\\\/\\\/akunq.net\\\/turkish\\\/\"},{\"@type\":\"ListItem\",\"position\":2,\"name\":\"Ermeni Kilisesi \u00e7ok ama\u00e7l\u0131 hale geliyor\"}]},{\"@type\":\"WebSite\",\"@id\":\"https:\\\/\\\/akunq.net\\\/turkish\\\/#website\",\"url\":\"https:\\\/\\\/akunq.net\\\/turkish\\\/\",\"name\":\"Bati Ermenistan Ve Bati Ermenileri Sorunlari Ara\u015ftirmalar Merkezi\",\"description\":\"\",\"potentialAction\":[{\"@type\":\"SearchAction\",\"target\":{\"@type\":\"EntryPoint\",\"urlTemplate\":\"https:\\\/\\\/akunq.net\\\/turkish\\\/?s={search_term_string}\"},\"query-input\":{\"@type\":\"PropertyValueSpecification\",\"valueRequired\":true,\"valueName\":\"search_term_string\"}}],\"inLanguage\":\"en-US\"},{\"@type\":\"Person\",\"@id\":\"https:\\\/\\\/akunq.net\\\/turkish\\\/#\\\/schema\\\/person\\\/135e7923d1aeb8887890799619969a6c\",\"name\":\"kalem\",\"image\":{\"@type\":\"ImageObject\",\"inLanguage\":\"en-US\",\"@id\":\"https:\\\/\\\/secure.gravatar.com\\\/avatar\\\/a06875e4b25feb5674296adf8e8a7ae1e587cebce2493fe63c456109967e27d3?s=96&d=mm&r=g\",\"url\":\"https:\\\/\\\/secure.gravatar.com\\\/avatar\\\/a06875e4b25feb5674296adf8e8a7ae1e587cebce2493fe63c456109967e27d3?s=96&d=mm&r=g\",\"contentUrl\":\"https:\\\/\\\/secure.gravatar.com\\\/avatar\\\/a06875e4b25feb5674296adf8e8a7ae1e587cebce2493fe63c456109967e27d3?s=96&d=mm&r=g\",\"caption\":\"kalem\"},\"url\":\"https:\\\/\\\/akunq.net\\\/turkish\\\/author\\\/kalem\\\/\"}]}<\/script>\n<!-- \/ Yoast SEO plugin. -->","yoast_head_json":{"title":"Ermeni Kilisesi \u00e7ok ama\u00e7l\u0131 hale geliyor - Bati Ermenistan Ve Bati Ermenileri Sorunlari Ara\u015ftirmalar Merkezi","robots":{"index":"index","follow":"follow","max-snippet":"max-snippet:-1","max-image-preview":"max-image-preview:large","max-video-preview":"max-video-preview:-1"},"canonical":"https:\/\/akunq.net\/turkish\/2010\/04\/22\/ermeni-kilisesi-cok-amacli-hale-geliyor\/","og_locale":"en_US","og_type":"article","og_title":"Ermeni Kilisesi \u00e7ok ama\u00e7l\u0131 hale geliyor - Bati Ermenistan Ve Bati Ermenileri Sorunlari Ara\u015ftirmalar Merkezi","og_description":"Ermeni Patrikhanesi&#8217;ne ait &#8216;\u0130kinci Vortvorts Vorodman Kilisesi&#8217;nin restore edilerek hem ibadethane hem de konferans, sergi ve konser salonu olarak kullan\u0131lmas\u0131 hedefleniyor. Ermeni Patrikhanesi&#8217;nin kar\u015f\u0131s\u0131nda bulunan \u0130kinci Vortvorts Vorodman Kilisesi, Birinci D\u00fcnya Sava\u015f\u0131&#8217;ndan bu yana harabe durumda. 2010 Ajans\u0131, 19. Y\u00fczy\u0131l ortalar\u0131nda Saray Mimar\u0131 Kirkor Balyan taraf\u0131ndan in\u015fa edilen kilisenin \u00e7ok ama\u00e7l\u0131 hale getirilmesi i\u00e7in kollar\u0131 [&hellip;]","og_url":"https:\/\/akunq.net\/turkish\/2010\/04\/22\/ermeni-kilisesi-cok-amacli-hale-geliyor\/","og_site_name":"Bati Ermenistan Ve Bati Ermenileri Sorunlari Ara\u015ftirmalar Merkezi","article_published_time":"2010-04-22T08:19:02+00:00","author":"kalem","twitter_card":"summary_large_image","twitter_misc":{"Written by":"kalem","Est. reading time":"1 minute"},"schema":{"@context":"https:\/\/schema.org","@graph":[{"@type":"Article","@id":"https:\/\/akunq.net\/turkish\/2010\/04\/22\/ermeni-kilisesi-cok-amacli-hale-geliyor\/#article","isPartOf":{"@id":"https:\/\/akunq.net\/turkish\/2010\/04\/22\/ermeni-kilisesi-cok-amacli-hale-geliyor\/"},"author":{"name":"kalem","@id":"https:\/\/akunq.net\/turkish\/#\/schema\/person\/135e7923d1aeb8887890799619969a6c"},"headline":"Ermeni Kilisesi \u00e7ok ama\u00e7l\u0131 hale geliyor","datePublished":"2010-04-22T08:19:02+00:00","mainEntityOfPage":{"@id":"https:\/\/akunq.net\/turkish\/2010\/04\/22\/ermeni-kilisesi-cok-amacli-hale-geliyor\/"},"wordCount":210,"articleSection":["Haberler"],"inLanguage":"en-US"},{"@type":"WebPage","@id":"https:\/\/akunq.net\/turkish\/2010\/04\/22\/ermeni-kilisesi-cok-amacli-hale-geliyor\/","url":"https:\/\/akunq.net\/turkish\/2010\/04\/22\/ermeni-kilisesi-cok-amacli-hale-geliyor\/","name":"Ermeni Kilisesi \u00e7ok ama\u00e7l\u0131 hale geliyor - Bati Ermenistan Ve Bati Ermenileri Sorunlari Ara\u015ftirmalar Merkezi","isPartOf":{"@id":"https:\/\/akunq.net\/turkish\/#website"},"datePublished":"2010-04-22T08:19:02+00:00","author":{"@id":"https:\/\/akunq.net\/turkish\/#\/schema\/person\/135e7923d1aeb8887890799619969a6c"},"breadcrumb":{"@id":"https:\/\/akunq.net\/turkish\/2010\/04\/22\/ermeni-kilisesi-cok-amacli-hale-geliyor\/#breadcrumb"},"inLanguage":"en-US","potentialAction":[{"@type":"ReadAction","target":["https:\/\/akunq.net\/turkish\/2010\/04\/22\/ermeni-kilisesi-cok-amacli-hale-geliyor\/"]}]},{"@type":"BreadcrumbList","@id":"https:\/\/akunq.net\/turkish\/2010\/04\/22\/ermeni-kilisesi-cok-amacli-hale-geliyor\/#breadcrumb","itemListElement":[{"@type":"ListItem","position":1,"name":"Home","item":"https:\/\/akunq.net\/turkish\/"},{"@type":"ListItem","position":2,"name":"Ermeni Kilisesi \u00e7ok ama\u00e7l\u0131 hale geliyor"}]},{"@type":"WebSite","@id":"https:\/\/akunq.net\/turkish\/#website","url":"https:\/\/akunq.net\/turkish\/","name":"Bati Ermenistan Ve Bati Ermenileri Sorunlari Ara\u015ftirmalar Merkezi","description":"","potentialAction":[{"@type":"SearchAction","target":{"@type":"EntryPoint","urlTemplate":"https:\/\/akunq.net\/turkish\/?s={search_term_string}"},"query-input":{"@type":"PropertyValueSpecification","valueRequired":true,"valueName":"search_term_string"}}],"inLanguage":"en-US"},{"@type":"Person","@id":"https:\/\/akunq.net\/turkish\/#\/schema\/person\/135e7923d1aeb8887890799619969a6c","name":"kalem","image":{"@type":"ImageObject","inLanguage":"en-US","@id":"https:\/\/secure.gravatar.com\/avatar\/a06875e4b25feb5674296adf8e8a7ae1e587cebce2493fe63c456109967e27d3?s=96&d=mm&r=g","url":"https:\/\/secure.gravatar.com\/avatar\/a06875e4b25feb5674296adf8e8a7ae1e587cebce2493fe63c456109967e27d3?s=96&d=mm&r=g","contentUrl":"https:\/\/secure.gravatar.com\/avatar\/a06875e4b25feb5674296adf8e8a7ae1e587cebce2493fe63c456109967e27d3?s=96&d=mm&r=g","caption":"kalem"},"url":"https:\/\/akunq.net\/turkish\/author\/kalem\/"}]}},"_links":{"self":[{"href":"https:\/\/akunq.net\/turkish\/wp-json\/wp\/v2\/posts\/368","targetHints":{"allow":["GET"]}}],"collection":[{"href":"https:\/\/akunq.net\/turkish\/wp-json\/wp\/v2\/posts"}],"about":[{"href":"https:\/\/akunq.net\/turkish\/wp-json\/wp\/v2\/types\/post"}],"author":[{"embeddable":true,"href":"https:\/\/akunq.net\/turkish\/wp-json\/wp\/v2\/users\/3"}],"replies":[{"embeddable":true,"href":"https:\/\/akunq.net\/turkish\/wp-json\/wp\/v2\/comments?post=368"}],"version-history":[{"count":0,"href":"https:\/\/akunq.net\/turkish\/wp-json\/wp\/v2\/posts\/368\/revisions"}],"wp:attachment":[{"href":"https:\/\/akunq.net\/turkish\/wp-json\/wp\/v2\/media?parent=368"}],"wp:term":[{"taxonomy":"category","embeddable":true,"href":"https:\/\/akunq.net\/turkish\/wp-json\/wp\/v2\/categories?post=368"},{"taxonomy":"post_tag","embeddable":true,"href":"https:\/\/akunq.net\/turkish\/wp-json\/wp\/v2\/tags?post=368"}],"curies":[{"name":"wp","href":"https:\/\/api.w.org\/{rel}","templated":true}]}}