{"id":363,"date":"2010-04-22T03:16:03","date_gmt":"2010-04-22T08:16:03","guid":{"rendered":"http:\/\/akunq.net\/tr\/?p=363"},"modified":"2010-04-22T03:16:03","modified_gmt":"2010-04-22T08:16:03","slug":"363","status":"publish","type":"post","link":"https:\/\/akunq.net\/turkish\/2010\/04\/22\/363\/","title":{"rendered":"H\u0131ristiyan \u00f6\u011frenciye &#8216;\u015fahadet&#8217; daya\u011f\u0131 iddias\u0131"},"content":{"rendered":"<p style=\"text-align: justify\">Diyarbak\u0131r\u2019da ailesi ile birlikte din de\u011fi\u015ftirip Protestan cemaatine kat\u0131lan ilk\u00f6\u011fretim \u00f6\u011frencisi H.B.\u2019nin, din dersinde \u201cKelime-i \u015eahadet\u201d getirmedi\u011fi i\u00e7in \u00f6\u011fretmen taraf\u0131ndan d\u00f6v\u00fcld\u00fc\u011f\u00fc \u00f6ne s\u00fcr\u00fcld\u00fc. H\u0131ristiyan ailenin \u015fik\u00e2yeti \u00fczerine Valilik soru\u015fturma ba\u015flatt\u0131.<\/p>\n<p style=\"text-align: justify\">Ailesi ile birlikte 2008 y\u0131l\u0131nda din de\u011fi\u015ftirip G\u00fcneydo\u011fu\u2019nun tek Protestan Kilisesi cemaatine kat\u0131lan \u0130lk\u00f6\u011fretim 5. s\u0131n\u0131f \u00f6\u011frencisi H.B., 2009-2010 e\u011fitim \u00f6\u011fretim y\u0131l\u0131 ba\u015f\u0131nda merkez Ba\u011flar \u0130l\u00e7esi\u2019nde bulunan Eczac\u0131lar \u0130lk\u00f6\u011fretim Okulu\u2019na kay\u0131t yapt\u0131rd\u0131. N\u00fcfus c\u00fczdan\u0131n\u0131n din hanesine \u201c\u0130slam\u201d yaz\u0131ld\u0131\u011f\u0131 i\u00e7in H.B. zorunlu olarak din k\u00fclt\u00fcr\u00fc ve ahlak bilgisi dersine tabi tutuldu. \u0130ddiaya g\u00f6re dersi dinlemeyen ve yaz\u0131l\u0131larda ba\u015far\u0131s\u0131z olan H.B., din k\u00fclt\u00fcr\u00fc \u00f6\u011fretmeni A.D\u2019nin dikkatini \u00e7ekti. \u00d6\u011fretmen A.D., yakla\u015f\u0131k 3 hafta \u00f6nce, H\u0131ristiyan oldu\u011funu bilmedi\u011fi \u00f6\u011frenciye sordu\u011fu dini sorulara cevap veremedi\u011fi i\u00e7in, H.B.\u2019yi azarlad\u0131. \u00d6\u011fretmen A.D. bunun ard\u0131ndan, t\u00fcm s\u0131n\u0131f\u0131n hep bir a\u011f\u0131zdan 3 kez \u201cKelime-i \u015eahadet\u201d getirmesini istedi. Ancak H.B. istenileni yapmad\u0131.<\/p>\n<p style=\"text-align: justify\">\u00d6\u011fretmenin \u201cNeden arkada\u015flar\u0131na e\u015flik etmiyorsun\u201d sorusuna, \u201c\u00d6\u011fretmenim ben kiliseye gidiyorum. Kelime-i \u015fahadet bilmiyorum ve \u00f6\u011frenmek istemiyorum\u201d yan\u0131t\u0131n\u0131 verdi. \u00d6\u011fretmen A.D.\u2019nin bu cevap \u00fczerine \u00f6\u011frenciyi tokatlad\u0131\u011f\u0131 \u00f6ne s\u00fcr\u00fcld\u00fc.<\/p>\n<p style=\"text-align: justify\">YEN\u0130 N\u00dcFUS C\u00dcZDANI<\/p>\n<p style=\"text-align: justify\">H.B. okulda ya\u015fad\u0131klar\u0131n\u0131 ailesine anlat\u0131nca, 2008\u2019de 7 \u00e7ocu\u011fu ve e\u015fi ile birlikte din de\u011fi\u015ftirip Protestan cemaatine kat\u0131lan baba Abdulhekim B., \u00f6\u011fretmen ve okul idaresi hakk\u0131nda Diyarbak\u0131r Valili\u011fi ve Milli E\u011fitim M\u00fcd\u00fcrl\u00fc\u011f\u00fc\u2019ne su\u00e7 duyurusunda bulundu. Daha sonra Ba\u011flar \u0130l\u00e7e N\u00fcfus M\u00fcd\u00fcrl\u00fc\u011f\u00fc\u2019ne ba\u015fvuran baba, \u0130ran do\u011fumlu o\u011flu H.B.\u2019nin din hanesindeki \u201c\u0130slam\u201d ibaresini kald\u0131r\u0131p \u201cH\u0131ristiyan\u201d yazd\u0131rd\u0131. \u00c7ocu\u011fun din dersinden muaf tutulmas\u0131 i\u00e7in de okula dilek\u00e7e verdi. H.B.\u2019nin 3 haftadan bu yana din derslerine girmedi\u011fi ifade edildi.<\/p>\n<p style=\"text-align: justify\">\u2018SIRA DAYA\u011eI ATTI\u2019<\/p>\n<p style=\"text-align: justify\">H.B., \u00f6\u011fretmeninin sordu\u011fu sorular\u0131 bilmedi\u011fi i\u00e7in kendisi ile birlikte baz\u0131 \u00f6\u011frencileri s\u0131ra aya\u011f\u0131na \u00e7ekti\u011fini \u00f6ne s\u00fcrd\u00fc. \u00d6\u011fretmeninin s\u00fcrekli kendisi ile alay etti\u011fini iddia eden H.B., \u201cBen din dersinde \u00e7ok s\u0131k\u0131ld\u0131\u011f\u0131m i\u00e7in arkada\u015flar ile konu\u015ftu\u011fumda bana k\u0131z\u0131p \u00fcst s\u0131n\u0131flar\u0131n sorular\u0131n\u0131 y\u00f6neltiyordu. Cevap veremedi\u011fim i\u00e7in bana k\u0131z\u0131yordu. Ben kiliseye gitti\u011fimi s\u00f6yleyince bu kez kilise ile ilgili sorular sorup \u2018Ha\u00e7 nas\u0131l \u00e7\u0131kar\u0131l\u0131r\u2019 diye alay ediyordu. \u2018Di\u011fer dinler ile ilgili bilgileri de \u00fcst s\u0131n\u0131flarda g\u00f6receksiniz\u2019 diyordu. Son olarak Kelime-i \u015eahadet sorusuna cevap veremedi\u011fim i\u00e7in beni ve baz\u0131 \u00f6\u011frencileri tokatlad\u0131\u201d diye konu\u015ftu.<\/p>\n<p style=\"text-align: justify\">Ba\u011flar \u0130l\u00e7e Kaymakam\u0131 Mehmet Cengiz Y\u00fccedal, konunun hassas bir olay oldu\u011funu belirterek, \u201cH.B.\u2019nin ailesinin iddialar\u0131n\u0131 ciddi buldu\u011fumuz i\u00e7in \u00e7ok y\u00f6nl\u00fc soru\u015fturma ba\u015flatt\u0131k. \u00d6\u011fretmen ve okul y\u00f6neticilerinin ifadeleri al\u0131nd\u0131. G\u00f6revlendirdi\u011fimiz m\u00fcfetti\u015flerin soru\u015fturmas\u0131 devam ediyor\u201d dedi.<br \/>\n\u2018Sorular\u0131 bilmeyen \u00f6\u011frencileri azarlad\u0131m, ama hi\u00e7 d\u00f6vmedim\u2019<\/p>\n<p style=\"text-align: justify\">HIR\u0130ST\u0130YAN \u00f6\u011frenciyi d\u00f6vd\u00fc\u011f\u00fc iddia edilen Eczac\u0131lar \u0130lk\u00f6\u011fretim Okulu Din K\u00fclt\u00fcr\u00fc \u00d6\u011fretmeni A.D. dayak olay\u0131n\u0131 yalanlayarak \u201c\u00d6\u011frencinin ba\u015fka bir dine mensup oldu\u011funu bilmiyordum. M\u00fcfredat gere\u011fi kitaptaki konular\u0131 \u00f6\u011fretiyorum. Konular \u00fczerine zaman zaman sorular soruyorum. Dersi dinlemeyen ve \u00f6devlerini yapmayan \u00f6\u011frencilerin ba\u015far\u0131s\u0131zl\u0131\u011f\u0131n\u0131 \u00f6nlemek i\u00e7in ba\u011f\u0131rd\u0131\u011f\u0131m oldu ancak dayak atmad\u0131m. Sonradan H\u0131ristiyan oldu\u011funu \u00f6\u011frendi\u011fim \u00f6\u011frenci, n\u00fcfus c\u00fczdan\u0131 de\u011fi\u015ftirdikten sonra zaten derslerime girmiyor\u201d dedi.<\/p>\n<p style=\"text-align: justify\">\u2018K\u0131z\u0131m gavurlu\u011fu b\u0131rak\u2019<\/p>\n<p style=\"text-align: justify\">D\u0130YARBAKIR Protestan Kilisesi ruhani lideri Ahmet G\u00fcvener, son d\u00f6nemlerde \u00f6\u011frencilere y\u00f6nelik sald\u0131r\u0131lar\u0131n artt\u0131\u011f\u0131n\u0131 \u00f6ne s\u00fcrerek \u015funlar\u0131 s\u00f6yledi: \u201c\u00c7ocuklar\u0131m\u0131z \u00f6\u011frencilerin yan\u0131 s\u0131ra \u00f6\u011fretmenlerden de bask\u0131 g\u00f6r\u00fcyorlar. \u0130MKB Lisesi\u2019nde okuyan k\u0131z\u0131m Sevin\u00e7\u2019e, benim g\u00f6zlerimin \u00f6n\u00fcnde \u00f6\u011fretmeni y\u00fcksek sesle \u2018Sevin\u00e7 g\u00e2vurlu\u011fu b\u0131rak. Seni dine davet ediyorum\u2019 \u015feklinde ba\u011f\u0131rd\u0131. \u00c7ocuklar\u0131m\u0131z ba\u015fka bir dinin mensuplar\u0131 oldu\u011fu i\u00e7in rencide ediliyorlar.<\/p>\n<p style=\"text-align: justify\">\u00a0haberturk.com, \u00a017.4.2010\/GAZETE HABERTURK <strong>Ahmet YUKU\u015e<\/strong><\/p>\n","protected":false},"excerpt":{"rendered":"<p>Diyarbak\u0131r\u2019da ailesi ile birlikte din de\u011fi\u015ftirip Protestan cemaatine kat\u0131lan ilk\u00f6\u011fretim \u00f6\u011frencisi H.B.\u2019nin, din dersinde \u201cKelime-i \u015eahadet\u201d getirmedi\u011fi i\u00e7in \u00f6\u011fretmen taraf\u0131ndan d\u00f6v\u00fcld\u00fc\u011f\u00fc \u00f6ne s\u00fcr\u00fcld\u00fc. H\u0131ristiyan ailenin \u015fik\u00e2yeti \u00fczerine Valilik soru\u015fturma ba\u015flatt\u0131. Ailesi ile birlikte 2008 y\u0131l\u0131nda din de\u011fi\u015ftirip G\u00fcneydo\u011fu\u2019nun tek Protestan Kilisesi cemaatine kat\u0131lan \u0130lk\u00f6\u011fretim 5. s\u0131n\u0131f \u00f6\u011frencisi H.B., 2009-2010 e\u011fitim \u00f6\u011fretim y\u0131l\u0131 ba\u015f\u0131nda merkez Ba\u011flar [&hellip;]<\/p>\n","protected":false},"author":3,"featured_media":0,"comment_status":"closed","ping_status":"open","sticky":false,"template":"","format":"standard","meta":{"footnotes":""},"categories":[14],"tags":[],"class_list":["post-363","post","type-post","status-publish","format-standard","hentry","category-haberler"],"yoast_head":"<!-- This site is optimized with the Yoast SEO plugin v27.4 - https:\/\/yoast.com\/product\/yoast-seo-wordpress\/ -->\n<title>H\u0131ristiyan \u00f6\u011frenciye &#039;\u015fahadet&#039; daya\u011f\u0131 iddias\u0131 - Bati Ermenistan Ve Bati Ermenileri Sorunlari Ara\u015ftirmalar Merkezi<\/title>\n<meta name=\"robots\" content=\"index, follow, max-snippet:-1, max-image-preview:large, max-video-preview:-1\" \/>\n<link rel=\"canonical\" href=\"https:\/\/akunq.net\/turkish\/2010\/04\/22\/363\/\" \/>\n<meta property=\"og:locale\" content=\"en_US\" \/>\n<meta property=\"og:type\" content=\"article\" \/>\n<meta property=\"og:title\" content=\"H\u0131ristiyan \u00f6\u011frenciye &#039;\u015fahadet&#039; daya\u011f\u0131 iddias\u0131 - Bati Ermenistan Ve Bati Ermenileri Sorunlari Ara\u015ftirmalar Merkezi\" \/>\n<meta property=\"og:description\" content=\"Diyarbak\u0131r\u2019da ailesi ile birlikte din de\u011fi\u015ftirip Protestan cemaatine kat\u0131lan ilk\u00f6\u011fretim \u00f6\u011frencisi H.B.\u2019nin, din dersinde \u201cKelime-i \u015eahadet\u201d getirmedi\u011fi i\u00e7in \u00f6\u011fretmen taraf\u0131ndan d\u00f6v\u00fcld\u00fc\u011f\u00fc \u00f6ne s\u00fcr\u00fcld\u00fc. H\u0131ristiyan ailenin \u015fik\u00e2yeti \u00fczerine Valilik soru\u015fturma ba\u015flatt\u0131. Ailesi ile birlikte 2008 y\u0131l\u0131nda din de\u011fi\u015ftirip G\u00fcneydo\u011fu\u2019nun tek Protestan Kilisesi cemaatine kat\u0131lan \u0130lk\u00f6\u011fretim 5. s\u0131n\u0131f \u00f6\u011frencisi H.B., 2009-2010 e\u011fitim \u00f6\u011fretim y\u0131l\u0131 ba\u015f\u0131nda merkez Ba\u011flar [&hellip;]\" \/>\n<meta property=\"og:url\" content=\"https:\/\/akunq.net\/turkish\/2010\/04\/22\/363\/\" \/>\n<meta property=\"og:site_name\" content=\"Bati Ermenistan Ve Bati Ermenileri Sorunlari Ara\u015ftirmalar Merkezi\" \/>\n<meta property=\"article:published_time\" content=\"2010-04-22T08:16:03+00:00\" \/>\n<meta name=\"author\" content=\"kalem\" \/>\n<meta name=\"twitter:card\" content=\"summary_large_image\" \/>\n<meta name=\"twitter:label1\" content=\"Written by\" \/>\n\t<meta name=\"twitter:data1\" content=\"kalem\" \/>\n\t<meta name=\"twitter:label2\" content=\"Est. reading time\" \/>\n\t<meta name=\"twitter:data2\" content=\"4 minutes\" \/>\n<script type=\"application\/ld+json\" class=\"yoast-schema-graph\">{\"@context\":\"https:\\\/\\\/schema.org\",\"@graph\":[{\"@type\":\"Article\",\"@id\":\"https:\\\/\\\/akunq.net\\\/turkish\\\/2010\\\/04\\\/22\\\/363\\\/#article\",\"isPartOf\":{\"@id\":\"https:\\\/\\\/akunq.net\\\/turkish\\\/2010\\\/04\\\/22\\\/363\\\/\"},\"author\":{\"name\":\"kalem\",\"@id\":\"https:\\\/\\\/akunq.net\\\/turkish\\\/#\\\/schema\\\/person\\\/135e7923d1aeb8887890799619969a6c\"},\"headline\":\"H\u0131ristiyan \u00f6\u011frenciye &#8216;\u015fahadet&#8217; daya\u011f\u0131 iddias\u0131\",\"datePublished\":\"2010-04-22T08:16:03+00:00\",\"mainEntityOfPage\":{\"@id\":\"https:\\\/\\\/akunq.net\\\/turkish\\\/2010\\\/04\\\/22\\\/363\\\/\"},\"wordCount\":746,\"articleSection\":[\"Haberler\"],\"inLanguage\":\"en-US\"},{\"@type\":\"WebPage\",\"@id\":\"https:\\\/\\\/akunq.net\\\/turkish\\\/2010\\\/04\\\/22\\\/363\\\/\",\"url\":\"https:\\\/\\\/akunq.net\\\/turkish\\\/2010\\\/04\\\/22\\\/363\\\/\",\"name\":\"H\u0131ristiyan \u00f6\u011frenciye '\u015fahadet' daya\u011f\u0131 iddias\u0131 - Bati Ermenistan Ve Bati Ermenileri Sorunlari Ara\u015ftirmalar Merkezi\",\"isPartOf\":{\"@id\":\"https:\\\/\\\/akunq.net\\\/turkish\\\/#website\"},\"datePublished\":\"2010-04-22T08:16:03+00:00\",\"author\":{\"@id\":\"https:\\\/\\\/akunq.net\\\/turkish\\\/#\\\/schema\\\/person\\\/135e7923d1aeb8887890799619969a6c\"},\"breadcrumb\":{\"@id\":\"https:\\\/\\\/akunq.net\\\/turkish\\\/2010\\\/04\\\/22\\\/363\\\/#breadcrumb\"},\"inLanguage\":\"en-US\",\"potentialAction\":[{\"@type\":\"ReadAction\",\"target\":[\"https:\\\/\\\/akunq.net\\\/turkish\\\/2010\\\/04\\\/22\\\/363\\\/\"]}]},{\"@type\":\"BreadcrumbList\",\"@id\":\"https:\\\/\\\/akunq.net\\\/turkish\\\/2010\\\/04\\\/22\\\/363\\\/#breadcrumb\",\"itemListElement\":[{\"@type\":\"ListItem\",\"position\":1,\"name\":\"Home\",\"item\":\"https:\\\/\\\/akunq.net\\\/turkish\\\/\"},{\"@type\":\"ListItem\",\"position\":2,\"name\":\"H\u0131ristiyan \u00f6\u011frenciye &#8216;\u015fahadet&#8217; daya\u011f\u0131 iddias\u0131\"}]},{\"@type\":\"WebSite\",\"@id\":\"https:\\\/\\\/akunq.net\\\/turkish\\\/#website\",\"url\":\"https:\\\/\\\/akunq.net\\\/turkish\\\/\",\"name\":\"Bati Ermenistan Ve Bati Ermenileri Sorunlari Ara\u015ftirmalar Merkezi\",\"description\":\"\",\"potentialAction\":[{\"@type\":\"SearchAction\",\"target\":{\"@type\":\"EntryPoint\",\"urlTemplate\":\"https:\\\/\\\/akunq.net\\\/turkish\\\/?s={search_term_string}\"},\"query-input\":{\"@type\":\"PropertyValueSpecification\",\"valueRequired\":true,\"valueName\":\"search_term_string\"}}],\"inLanguage\":\"en-US\"},{\"@type\":\"Person\",\"@id\":\"https:\\\/\\\/akunq.net\\\/turkish\\\/#\\\/schema\\\/person\\\/135e7923d1aeb8887890799619969a6c\",\"name\":\"kalem\",\"image\":{\"@type\":\"ImageObject\",\"inLanguage\":\"en-US\",\"@id\":\"https:\\\/\\\/secure.gravatar.com\\\/avatar\\\/a06875e4b25feb5674296adf8e8a7ae1e587cebce2493fe63c456109967e27d3?s=96&d=mm&r=g\",\"url\":\"https:\\\/\\\/secure.gravatar.com\\\/avatar\\\/a06875e4b25feb5674296adf8e8a7ae1e587cebce2493fe63c456109967e27d3?s=96&d=mm&r=g\",\"contentUrl\":\"https:\\\/\\\/secure.gravatar.com\\\/avatar\\\/a06875e4b25feb5674296adf8e8a7ae1e587cebce2493fe63c456109967e27d3?s=96&d=mm&r=g\",\"caption\":\"kalem\"},\"url\":\"https:\\\/\\\/akunq.net\\\/turkish\\\/author\\\/kalem\\\/\"}]}<\/script>\n<!-- \/ Yoast SEO plugin. -->","yoast_head_json":{"title":"H\u0131ristiyan \u00f6\u011frenciye '\u015fahadet' daya\u011f\u0131 iddias\u0131 - Bati Ermenistan Ve Bati Ermenileri Sorunlari Ara\u015ftirmalar Merkezi","robots":{"index":"index","follow":"follow","max-snippet":"max-snippet:-1","max-image-preview":"max-image-preview:large","max-video-preview":"max-video-preview:-1"},"canonical":"https:\/\/akunq.net\/turkish\/2010\/04\/22\/363\/","og_locale":"en_US","og_type":"article","og_title":"H\u0131ristiyan \u00f6\u011frenciye '\u015fahadet' daya\u011f\u0131 iddias\u0131 - Bati Ermenistan Ve Bati Ermenileri Sorunlari Ara\u015ftirmalar Merkezi","og_description":"Diyarbak\u0131r\u2019da ailesi ile birlikte din de\u011fi\u015ftirip Protestan cemaatine kat\u0131lan ilk\u00f6\u011fretim \u00f6\u011frencisi H.B.\u2019nin, din dersinde \u201cKelime-i \u015eahadet\u201d getirmedi\u011fi i\u00e7in \u00f6\u011fretmen taraf\u0131ndan d\u00f6v\u00fcld\u00fc\u011f\u00fc \u00f6ne s\u00fcr\u00fcld\u00fc. H\u0131ristiyan ailenin \u015fik\u00e2yeti \u00fczerine Valilik soru\u015fturma ba\u015flatt\u0131. Ailesi ile birlikte 2008 y\u0131l\u0131nda din de\u011fi\u015ftirip G\u00fcneydo\u011fu\u2019nun tek Protestan Kilisesi cemaatine kat\u0131lan \u0130lk\u00f6\u011fretim 5. s\u0131n\u0131f \u00f6\u011frencisi H.B., 2009-2010 e\u011fitim \u00f6\u011fretim y\u0131l\u0131 ba\u015f\u0131nda merkez Ba\u011flar [&hellip;]","og_url":"https:\/\/akunq.net\/turkish\/2010\/04\/22\/363\/","og_site_name":"Bati Ermenistan Ve Bati Ermenileri Sorunlari Ara\u015ftirmalar Merkezi","article_published_time":"2010-04-22T08:16:03+00:00","author":"kalem","twitter_card":"summary_large_image","twitter_misc":{"Written by":"kalem","Est. reading time":"4 minutes"},"schema":{"@context":"https:\/\/schema.org","@graph":[{"@type":"Article","@id":"https:\/\/akunq.net\/turkish\/2010\/04\/22\/363\/#article","isPartOf":{"@id":"https:\/\/akunq.net\/turkish\/2010\/04\/22\/363\/"},"author":{"name":"kalem","@id":"https:\/\/akunq.net\/turkish\/#\/schema\/person\/135e7923d1aeb8887890799619969a6c"},"headline":"H\u0131ristiyan \u00f6\u011frenciye &#8216;\u015fahadet&#8217; daya\u011f\u0131 iddias\u0131","datePublished":"2010-04-22T08:16:03+00:00","mainEntityOfPage":{"@id":"https:\/\/akunq.net\/turkish\/2010\/04\/22\/363\/"},"wordCount":746,"articleSection":["Haberler"],"inLanguage":"en-US"},{"@type":"WebPage","@id":"https:\/\/akunq.net\/turkish\/2010\/04\/22\/363\/","url":"https:\/\/akunq.net\/turkish\/2010\/04\/22\/363\/","name":"H\u0131ristiyan \u00f6\u011frenciye '\u015fahadet' daya\u011f\u0131 iddias\u0131 - Bati Ermenistan Ve Bati Ermenileri Sorunlari Ara\u015ftirmalar Merkezi","isPartOf":{"@id":"https:\/\/akunq.net\/turkish\/#website"},"datePublished":"2010-04-22T08:16:03+00:00","author":{"@id":"https:\/\/akunq.net\/turkish\/#\/schema\/person\/135e7923d1aeb8887890799619969a6c"},"breadcrumb":{"@id":"https:\/\/akunq.net\/turkish\/2010\/04\/22\/363\/#breadcrumb"},"inLanguage":"en-US","potentialAction":[{"@type":"ReadAction","target":["https:\/\/akunq.net\/turkish\/2010\/04\/22\/363\/"]}]},{"@type":"BreadcrumbList","@id":"https:\/\/akunq.net\/turkish\/2010\/04\/22\/363\/#breadcrumb","itemListElement":[{"@type":"ListItem","position":1,"name":"Home","item":"https:\/\/akunq.net\/turkish\/"},{"@type":"ListItem","position":2,"name":"H\u0131ristiyan \u00f6\u011frenciye &#8216;\u015fahadet&#8217; daya\u011f\u0131 iddias\u0131"}]},{"@type":"WebSite","@id":"https:\/\/akunq.net\/turkish\/#website","url":"https:\/\/akunq.net\/turkish\/","name":"Bati Ermenistan Ve Bati Ermenileri Sorunlari Ara\u015ftirmalar Merkezi","description":"","potentialAction":[{"@type":"SearchAction","target":{"@type":"EntryPoint","urlTemplate":"https:\/\/akunq.net\/turkish\/?s={search_term_string}"},"query-input":{"@type":"PropertyValueSpecification","valueRequired":true,"valueName":"search_term_string"}}],"inLanguage":"en-US"},{"@type":"Person","@id":"https:\/\/akunq.net\/turkish\/#\/schema\/person\/135e7923d1aeb8887890799619969a6c","name":"kalem","image":{"@type":"ImageObject","inLanguage":"en-US","@id":"https:\/\/secure.gravatar.com\/avatar\/a06875e4b25feb5674296adf8e8a7ae1e587cebce2493fe63c456109967e27d3?s=96&d=mm&r=g","url":"https:\/\/secure.gravatar.com\/avatar\/a06875e4b25feb5674296adf8e8a7ae1e587cebce2493fe63c456109967e27d3?s=96&d=mm&r=g","contentUrl":"https:\/\/secure.gravatar.com\/avatar\/a06875e4b25feb5674296adf8e8a7ae1e587cebce2493fe63c456109967e27d3?s=96&d=mm&r=g","caption":"kalem"},"url":"https:\/\/akunq.net\/turkish\/author\/kalem\/"}]}},"_links":{"self":[{"href":"https:\/\/akunq.net\/turkish\/wp-json\/wp\/v2\/posts\/363","targetHints":{"allow":["GET"]}}],"collection":[{"href":"https:\/\/akunq.net\/turkish\/wp-json\/wp\/v2\/posts"}],"about":[{"href":"https:\/\/akunq.net\/turkish\/wp-json\/wp\/v2\/types\/post"}],"author":[{"embeddable":true,"href":"https:\/\/akunq.net\/turkish\/wp-json\/wp\/v2\/users\/3"}],"replies":[{"embeddable":true,"href":"https:\/\/akunq.net\/turkish\/wp-json\/wp\/v2\/comments?post=363"}],"version-history":[{"count":0,"href":"https:\/\/akunq.net\/turkish\/wp-json\/wp\/v2\/posts\/363\/revisions"}],"wp:attachment":[{"href":"https:\/\/akunq.net\/turkish\/wp-json\/wp\/v2\/media?parent=363"}],"wp:term":[{"taxonomy":"category","embeddable":true,"href":"https:\/\/akunq.net\/turkish\/wp-json\/wp\/v2\/categories?post=363"},{"taxonomy":"post_tag","embeddable":true,"href":"https:\/\/akunq.net\/turkish\/wp-json\/wp\/v2\/tags?post=363"}],"curies":[{"name":"wp","href":"https:\/\/api.w.org\/{rel}","templated":true}]}}