{"id":361,"date":"2010-04-22T03:13:01","date_gmt":"2010-04-22T08:13:01","guid":{"rendered":"http:\/\/akunq.net\/tr\/?p=361"},"modified":"2010-04-22T03:13:01","modified_gmt":"2010-04-22T08:13:01","slug":"haydarpasa-garinda-1915-tehcir-edilen-ermeniler-anilacak","status":"publish","type":"post","link":"https:\/\/akunq.net\/turkish\/2010\/04\/22\/haydarpasa-garinda-1915-tehcir-edilen-ermeniler-anilacak\/","title":{"rendered":"Haydarpa\u015fa Gar\u0131&#8217;nda 1915 Tehcir edilen Ermeniler an\u0131lacak"},"content":{"rendered":"<p style=\"text-align: justify\">21 Nisan 2010 \u00c7ar\u015famba, 09:28:39<\/p>\n<p style=\"text-align: justify\">\u0130HD, 1915\u2019te 220 Ermeni ayd\u0131n\u0131n trenle Anadolu\u2019ya g\u00f6nderildi\u011fi Haydarpa\u015fa Gar\u0131\u2019nda, tehcir edilen<\/p>\n<p style=\"text-align: justify\">Ermeniler i\u00e7in bir anma program\u0131 ger\u00e7ekle\u015ftirecek.<\/p>\n<p style=\"text-align: justify\"><strong>T\u00fclay \u015eUBATLI\/AHT <\/strong><\/p>\n<p style=\"text-align: justify\">\u0130NSAN Haklar\u0131 Derne\u011fi (\u0130HD), 24 Nisan\u2019da tehcir edilen Ermeniler i\u00e7in Haydarpa\u015fa Gar\u0131\u2019nda anma t\u00f6reni d\u00fczenleyecek. Haydarpa\u015fa Gar\u0131 giri\u015finde saat 13.30\u2019da yap\u0131lacak anma t\u00f6reniyle ilgili duyurumetninde, 24 Nisan 1915\u2019de Ermeni toplumunun \u00f6nde gelen 220 ayd\u0131n\u0131n tutuklanarak ve Haydarpa\u015fa Tren \u0130stasyonu\u2019ndan Anadolu\u2019nun i\u00e7lerine do\u011fru yola \u00e7\u0131kar\u0131ld\u0131\u011f\u0131 ve \u00e7ok az\u0131n\u0131n bu yolculuktan sa\u011f kurtuldu\u011fu belirtildi.<\/p>\n<p style=\"text-align: justify\"><strong>B\u0130R DAHA ASLA <\/strong><\/p>\n<p style=\"text-align: justify\">Bildiride, \u201c95. y\u0131l d\u00f6n\u00fcm\u00fcnde 24 Nisan kurbanlar\u0131n\u0131 anmak ve B\u0130R DAHA ASLA demek i\u00e7in, 1915 utanc\u0131n\u0131 y\u00fcre\u011finde duyan herkesi 24 Nisan 2010 Cumartesi g\u00fcn\u00fc Haydarpa\u015fa Gar\u0131\u2019n\u0131n giri\u015finde d\u00fczenlenecek anma bulu\u015fmas\u0131na davet ediyoruz\u201d denildi.<\/p>\n<p style=\"text-align: justify\">http:\/\/www.haberturk.com\/yasam\/haber\/509559-haydarpasa-garinda-1915<\/p>\n","protected":false},"excerpt":{"rendered":"<p>21 Nisan 2010 \u00c7ar\u015famba, 09:28:39 \u0130HD, 1915\u2019te 220 Ermeni ayd\u0131n\u0131n trenle Anadolu\u2019ya g\u00f6nderildi\u011fi Haydarpa\u015fa Gar\u0131\u2019nda, tehcir edilen Ermeniler i\u00e7in bir anma program\u0131 ger\u00e7ekle\u015ftirecek. T\u00fclay \u015eUBATLI\/AHT \u0130NSAN Haklar\u0131 Derne\u011fi (\u0130HD), 24 Nisan\u2019da tehcir edilen Ermeniler i\u00e7in Haydarpa\u015fa Gar\u0131\u2019nda anma t\u00f6reni d\u00fczenleyecek. Haydarpa\u015fa Gar\u0131 giri\u015finde saat 13.30\u2019da yap\u0131lacak anma t\u00f6reniyle ilgili duyurumetninde, 24 Nisan 1915\u2019de Ermeni toplumunun [&hellip;]<\/p>\n","protected":false},"author":3,"featured_media":0,"comment_status":"closed","ping_status":"open","sticky":false,"template":"","format":"standard","meta":{"footnotes":""},"categories":[14],"tags":[],"class_list":["post-361","post","type-post","status-publish","format-standard","hentry","category-haberler"],"yoast_head":"<!-- This site is optimized with the Yoast SEO plugin v27.4 - https:\/\/yoast.com\/product\/yoast-seo-wordpress\/ -->\n<title>Haydarpa\u015fa Gar\u0131&#039;nda 1915 Tehcir edilen Ermeniler an\u0131lacak - Bati Ermenistan Ve Bati Ermenileri Sorunlari Ara\u015ftirmalar Merkezi<\/title>\n<meta name=\"robots\" content=\"index, follow, max-snippet:-1, max-image-preview:large, max-video-preview:-1\" \/>\n<link rel=\"canonical\" href=\"https:\/\/akunq.net\/turkish\/2010\/04\/22\/haydarpasa-garinda-1915-tehcir-edilen-ermeniler-anilacak\/\" \/>\n<meta property=\"og:locale\" content=\"en_US\" \/>\n<meta property=\"og:type\" content=\"article\" \/>\n<meta property=\"og:title\" content=\"Haydarpa\u015fa Gar\u0131&#039;nda 1915 Tehcir edilen Ermeniler an\u0131lacak - Bati Ermenistan Ve Bati Ermenileri Sorunlari Ara\u015ftirmalar Merkezi\" \/>\n<meta property=\"og:description\" content=\"21 Nisan 2010 \u00c7ar\u015famba, 09:28:39 \u0130HD, 1915\u2019te 220 Ermeni ayd\u0131n\u0131n trenle Anadolu\u2019ya g\u00f6nderildi\u011fi Haydarpa\u015fa Gar\u0131\u2019nda, tehcir edilen Ermeniler i\u00e7in bir anma program\u0131 ger\u00e7ekle\u015ftirecek. T\u00fclay \u015eUBATLI\/AHT \u0130NSAN Haklar\u0131 Derne\u011fi (\u0130HD), 24 Nisan\u2019da tehcir edilen Ermeniler i\u00e7in Haydarpa\u015fa Gar\u0131\u2019nda anma t\u00f6reni d\u00fczenleyecek. Haydarpa\u015fa Gar\u0131 giri\u015finde saat 13.30\u2019da yap\u0131lacak anma t\u00f6reniyle ilgili duyurumetninde, 24 Nisan 1915\u2019de Ermeni toplumunun [&hellip;]\" \/>\n<meta property=\"og:url\" content=\"https:\/\/akunq.net\/turkish\/2010\/04\/22\/haydarpasa-garinda-1915-tehcir-edilen-ermeniler-anilacak\/\" \/>\n<meta property=\"og:site_name\" content=\"Bati Ermenistan Ve Bati Ermenileri Sorunlari Ara\u015ftirmalar Merkezi\" \/>\n<meta property=\"article:published_time\" content=\"2010-04-22T08:13:01+00:00\" \/>\n<meta name=\"author\" content=\"kalem\" \/>\n<meta name=\"twitter:card\" content=\"summary_large_image\" \/>\n<meta name=\"twitter:label1\" content=\"Written by\" \/>\n\t<meta name=\"twitter:data1\" content=\"kalem\" \/>\n\t<meta name=\"twitter:label2\" content=\"Est. reading time\" \/>\n\t<meta name=\"twitter:data2\" content=\"1 minute\" \/>\n<script type=\"application\/ld+json\" class=\"yoast-schema-graph\">{\"@context\":\"https:\\\/\\\/schema.org\",\"@graph\":[{\"@type\":\"Article\",\"@id\":\"https:\\\/\\\/akunq.net\\\/turkish\\\/2010\\\/04\\\/22\\\/haydarpasa-garinda-1915-tehcir-edilen-ermeniler-anilacak\\\/#article\",\"isPartOf\":{\"@id\":\"https:\\\/\\\/akunq.net\\\/turkish\\\/2010\\\/04\\\/22\\\/haydarpasa-garinda-1915-tehcir-edilen-ermeniler-anilacak\\\/\"},\"author\":{\"name\":\"kalem\",\"@id\":\"https:\\\/\\\/akunq.net\\\/turkish\\\/#\\\/schema\\\/person\\\/135e7923d1aeb8887890799619969a6c\"},\"headline\":\"Haydarpa\u015fa Gar\u0131&#8217;nda 1915 Tehcir edilen Ermeniler an\u0131lacak\",\"datePublished\":\"2010-04-22T08:13:01+00:00\",\"mainEntityOfPage\":{\"@id\":\"https:\\\/\\\/akunq.net\\\/turkish\\\/2010\\\/04\\\/22\\\/haydarpasa-garinda-1915-tehcir-edilen-ermeniler-anilacak\\\/\"},\"wordCount\":171,\"articleSection\":[\"Haberler\"],\"inLanguage\":\"en-US\"},{\"@type\":\"WebPage\",\"@id\":\"https:\\\/\\\/akunq.net\\\/turkish\\\/2010\\\/04\\\/22\\\/haydarpasa-garinda-1915-tehcir-edilen-ermeniler-anilacak\\\/\",\"url\":\"https:\\\/\\\/akunq.net\\\/turkish\\\/2010\\\/04\\\/22\\\/haydarpasa-garinda-1915-tehcir-edilen-ermeniler-anilacak\\\/\",\"name\":\"Haydarpa\u015fa Gar\u0131'nda 1915 Tehcir edilen Ermeniler an\u0131lacak - Bati Ermenistan Ve Bati Ermenileri Sorunlari Ara\u015ftirmalar Merkezi\",\"isPartOf\":{\"@id\":\"https:\\\/\\\/akunq.net\\\/turkish\\\/#website\"},\"datePublished\":\"2010-04-22T08:13:01+00:00\",\"author\":{\"@id\":\"https:\\\/\\\/akunq.net\\\/turkish\\\/#\\\/schema\\\/person\\\/135e7923d1aeb8887890799619969a6c\"},\"breadcrumb\":{\"@id\":\"https:\\\/\\\/akunq.net\\\/turkish\\\/2010\\\/04\\\/22\\\/haydarpasa-garinda-1915-tehcir-edilen-ermeniler-anilacak\\\/#breadcrumb\"},\"inLanguage\":\"en-US\",\"potentialAction\":[{\"@type\":\"ReadAction\",\"target\":[\"https:\\\/\\\/akunq.net\\\/turkish\\\/2010\\\/04\\\/22\\\/haydarpasa-garinda-1915-tehcir-edilen-ermeniler-anilacak\\\/\"]}]},{\"@type\":\"BreadcrumbList\",\"@id\":\"https:\\\/\\\/akunq.net\\\/turkish\\\/2010\\\/04\\\/22\\\/haydarpasa-garinda-1915-tehcir-edilen-ermeniler-anilacak\\\/#breadcrumb\",\"itemListElement\":[{\"@type\":\"ListItem\",\"position\":1,\"name\":\"Home\",\"item\":\"https:\\\/\\\/akunq.net\\\/turkish\\\/\"},{\"@type\":\"ListItem\",\"position\":2,\"name\":\"Haydarpa\u015fa Gar\u0131&#8217;nda 1915 Tehcir edilen Ermeniler an\u0131lacak\"}]},{\"@type\":\"WebSite\",\"@id\":\"https:\\\/\\\/akunq.net\\\/turkish\\\/#website\",\"url\":\"https:\\\/\\\/akunq.net\\\/turkish\\\/\",\"name\":\"Bati Ermenistan Ve Bati Ermenileri Sorunlari Ara\u015ftirmalar Merkezi\",\"description\":\"\",\"potentialAction\":[{\"@type\":\"SearchAction\",\"target\":{\"@type\":\"EntryPoint\",\"urlTemplate\":\"https:\\\/\\\/akunq.net\\\/turkish\\\/?s={search_term_string}\"},\"query-input\":{\"@type\":\"PropertyValueSpecification\",\"valueRequired\":true,\"valueName\":\"search_term_string\"}}],\"inLanguage\":\"en-US\"},{\"@type\":\"Person\",\"@id\":\"https:\\\/\\\/akunq.net\\\/turkish\\\/#\\\/schema\\\/person\\\/135e7923d1aeb8887890799619969a6c\",\"name\":\"kalem\",\"image\":{\"@type\":\"ImageObject\",\"inLanguage\":\"en-US\",\"@id\":\"https:\\\/\\\/secure.gravatar.com\\\/avatar\\\/a06875e4b25feb5674296adf8e8a7ae1e587cebce2493fe63c456109967e27d3?s=96&d=mm&r=g\",\"url\":\"https:\\\/\\\/secure.gravatar.com\\\/avatar\\\/a06875e4b25feb5674296adf8e8a7ae1e587cebce2493fe63c456109967e27d3?s=96&d=mm&r=g\",\"contentUrl\":\"https:\\\/\\\/secure.gravatar.com\\\/avatar\\\/a06875e4b25feb5674296adf8e8a7ae1e587cebce2493fe63c456109967e27d3?s=96&d=mm&r=g\",\"caption\":\"kalem\"},\"url\":\"https:\\\/\\\/akunq.net\\\/turkish\\\/author\\\/kalem\\\/\"}]}<\/script>\n<!-- \/ Yoast SEO plugin. -->","yoast_head_json":{"title":"Haydarpa\u015fa Gar\u0131'nda 1915 Tehcir edilen Ermeniler an\u0131lacak - Bati Ermenistan Ve Bati Ermenileri Sorunlari Ara\u015ftirmalar Merkezi","robots":{"index":"index","follow":"follow","max-snippet":"max-snippet:-1","max-image-preview":"max-image-preview:large","max-video-preview":"max-video-preview:-1"},"canonical":"https:\/\/akunq.net\/turkish\/2010\/04\/22\/haydarpasa-garinda-1915-tehcir-edilen-ermeniler-anilacak\/","og_locale":"en_US","og_type":"article","og_title":"Haydarpa\u015fa Gar\u0131'nda 1915 Tehcir edilen Ermeniler an\u0131lacak - Bati Ermenistan Ve Bati Ermenileri Sorunlari Ara\u015ftirmalar Merkezi","og_description":"21 Nisan 2010 \u00c7ar\u015famba, 09:28:39 \u0130HD, 1915\u2019te 220 Ermeni ayd\u0131n\u0131n trenle Anadolu\u2019ya g\u00f6nderildi\u011fi Haydarpa\u015fa Gar\u0131\u2019nda, tehcir edilen Ermeniler i\u00e7in bir anma program\u0131 ger\u00e7ekle\u015ftirecek. T\u00fclay \u015eUBATLI\/AHT \u0130NSAN Haklar\u0131 Derne\u011fi (\u0130HD), 24 Nisan\u2019da tehcir edilen Ermeniler i\u00e7in Haydarpa\u015fa Gar\u0131\u2019nda anma t\u00f6reni d\u00fczenleyecek. Haydarpa\u015fa Gar\u0131 giri\u015finde saat 13.30\u2019da yap\u0131lacak anma t\u00f6reniyle ilgili duyurumetninde, 24 Nisan 1915\u2019de Ermeni toplumunun [&hellip;]","og_url":"https:\/\/akunq.net\/turkish\/2010\/04\/22\/haydarpasa-garinda-1915-tehcir-edilen-ermeniler-anilacak\/","og_site_name":"Bati Ermenistan Ve Bati Ermenileri Sorunlari Ara\u015ftirmalar Merkezi","article_published_time":"2010-04-22T08:13:01+00:00","author":"kalem","twitter_card":"summary_large_image","twitter_misc":{"Written by":"kalem","Est. reading time":"1 minute"},"schema":{"@context":"https:\/\/schema.org","@graph":[{"@type":"Article","@id":"https:\/\/akunq.net\/turkish\/2010\/04\/22\/haydarpasa-garinda-1915-tehcir-edilen-ermeniler-anilacak\/#article","isPartOf":{"@id":"https:\/\/akunq.net\/turkish\/2010\/04\/22\/haydarpasa-garinda-1915-tehcir-edilen-ermeniler-anilacak\/"},"author":{"name":"kalem","@id":"https:\/\/akunq.net\/turkish\/#\/schema\/person\/135e7923d1aeb8887890799619969a6c"},"headline":"Haydarpa\u015fa Gar\u0131&#8217;nda 1915 Tehcir edilen Ermeniler an\u0131lacak","datePublished":"2010-04-22T08:13:01+00:00","mainEntityOfPage":{"@id":"https:\/\/akunq.net\/turkish\/2010\/04\/22\/haydarpasa-garinda-1915-tehcir-edilen-ermeniler-anilacak\/"},"wordCount":171,"articleSection":["Haberler"],"inLanguage":"en-US"},{"@type":"WebPage","@id":"https:\/\/akunq.net\/turkish\/2010\/04\/22\/haydarpasa-garinda-1915-tehcir-edilen-ermeniler-anilacak\/","url":"https:\/\/akunq.net\/turkish\/2010\/04\/22\/haydarpasa-garinda-1915-tehcir-edilen-ermeniler-anilacak\/","name":"Haydarpa\u015fa Gar\u0131'nda 1915 Tehcir edilen Ermeniler an\u0131lacak - Bati Ermenistan Ve Bati Ermenileri Sorunlari Ara\u015ftirmalar Merkezi","isPartOf":{"@id":"https:\/\/akunq.net\/turkish\/#website"},"datePublished":"2010-04-22T08:13:01+00:00","author":{"@id":"https:\/\/akunq.net\/turkish\/#\/schema\/person\/135e7923d1aeb8887890799619969a6c"},"breadcrumb":{"@id":"https:\/\/akunq.net\/turkish\/2010\/04\/22\/haydarpasa-garinda-1915-tehcir-edilen-ermeniler-anilacak\/#breadcrumb"},"inLanguage":"en-US","potentialAction":[{"@type":"ReadAction","target":["https:\/\/akunq.net\/turkish\/2010\/04\/22\/haydarpasa-garinda-1915-tehcir-edilen-ermeniler-anilacak\/"]}]},{"@type":"BreadcrumbList","@id":"https:\/\/akunq.net\/turkish\/2010\/04\/22\/haydarpasa-garinda-1915-tehcir-edilen-ermeniler-anilacak\/#breadcrumb","itemListElement":[{"@type":"ListItem","position":1,"name":"Home","item":"https:\/\/akunq.net\/turkish\/"},{"@type":"ListItem","position":2,"name":"Haydarpa\u015fa Gar\u0131&#8217;nda 1915 Tehcir edilen Ermeniler an\u0131lacak"}]},{"@type":"WebSite","@id":"https:\/\/akunq.net\/turkish\/#website","url":"https:\/\/akunq.net\/turkish\/","name":"Bati Ermenistan Ve Bati Ermenileri Sorunlari Ara\u015ftirmalar Merkezi","description":"","potentialAction":[{"@type":"SearchAction","target":{"@type":"EntryPoint","urlTemplate":"https:\/\/akunq.net\/turkish\/?s={search_term_string}"},"query-input":{"@type":"PropertyValueSpecification","valueRequired":true,"valueName":"search_term_string"}}],"inLanguage":"en-US"},{"@type":"Person","@id":"https:\/\/akunq.net\/turkish\/#\/schema\/person\/135e7923d1aeb8887890799619969a6c","name":"kalem","image":{"@type":"ImageObject","inLanguage":"en-US","@id":"https:\/\/secure.gravatar.com\/avatar\/a06875e4b25feb5674296adf8e8a7ae1e587cebce2493fe63c456109967e27d3?s=96&d=mm&r=g","url":"https:\/\/secure.gravatar.com\/avatar\/a06875e4b25feb5674296adf8e8a7ae1e587cebce2493fe63c456109967e27d3?s=96&d=mm&r=g","contentUrl":"https:\/\/secure.gravatar.com\/avatar\/a06875e4b25feb5674296adf8e8a7ae1e587cebce2493fe63c456109967e27d3?s=96&d=mm&r=g","caption":"kalem"},"url":"https:\/\/akunq.net\/turkish\/author\/kalem\/"}]}},"_links":{"self":[{"href":"https:\/\/akunq.net\/turkish\/wp-json\/wp\/v2\/posts\/361","targetHints":{"allow":["GET"]}}],"collection":[{"href":"https:\/\/akunq.net\/turkish\/wp-json\/wp\/v2\/posts"}],"about":[{"href":"https:\/\/akunq.net\/turkish\/wp-json\/wp\/v2\/types\/post"}],"author":[{"embeddable":true,"href":"https:\/\/akunq.net\/turkish\/wp-json\/wp\/v2\/users\/3"}],"replies":[{"embeddable":true,"href":"https:\/\/akunq.net\/turkish\/wp-json\/wp\/v2\/comments?post=361"}],"version-history":[{"count":0,"href":"https:\/\/akunq.net\/turkish\/wp-json\/wp\/v2\/posts\/361\/revisions"}],"wp:attachment":[{"href":"https:\/\/akunq.net\/turkish\/wp-json\/wp\/v2\/media?parent=361"}],"wp:term":[{"taxonomy":"category","embeddable":true,"href":"https:\/\/akunq.net\/turkish\/wp-json\/wp\/v2\/categories?post=361"},{"taxonomy":"post_tag","embeddable":true,"href":"https:\/\/akunq.net\/turkish\/wp-json\/wp\/v2\/tags?post=361"}],"curies":[{"name":"wp","href":"https:\/\/api.w.org\/{rel}","templated":true}]}}