{"id":332,"date":"2010-04-17T01:52:46","date_gmt":"2010-04-17T06:52:46","guid":{"rendered":"http:\/\/akunq.net\/tr\/?p=332"},"modified":"2010-04-17T01:52:46","modified_gmt":"2010-04-17T06:52:46","slug":"turkiye-artik-gecmisiyle-yuzlesmeli","status":"publish","type":"post","link":"https:\/\/akunq.net\/turkish\/2010\/04\/17\/turkiye-artik-gecmisiyle-yuzlesmeli\/","title":{"rendered":"&#8216;T\u00fcrkiye art\u0131k ge\u00e7mi\u015fiyle y\u00fczle\u015fmeli&#8217;"},"content":{"rendered":"<p style=\"text-align: justify\">Avrupa Edebiyat\u0131 T\u00fcrkiye&#8217;de projesi i\u00e7in <strong>\u0130stanbul<\/strong>&#8216;a gelen G\u00fcnter Grass, Almanya B\u00fcy\u00fckel\u00e7isi Echart Cuntz, AB B\u00fcy\u00fckel\u00e7isi Marc Pierini ve Goethe Enstit\u00fcs\u00fc m\u00fcd\u00fcr\u00fc Claudia Hahn Raabe ve tan\u0131nm\u0131\u015f yazar Ya\u015far Kemal\u2019\u0131n kat\u0131ld\u0131\u011f\u0131 bas\u0131n toplant\u0131s\u0131nda T\u00fcrkiye siyasetine ili\u015fkin \u00e7arp\u0131c\u0131 s\u00f6zler s\u00f6yledi:<\/p>\n<p style=\"text-align: justify\">\u0559\u00a0Ben 1945\u2019te 17 ya\u015f\u0131ndayd\u0131m. Nazi ideolojisinin etkisinde kalm\u0131\u015ft\u0131m. 12 y\u0131l boyunca Nazilerin yapt\u0131\u011f\u0131 vah\u015feti kabul etmek istemedim. Bunlar\u0131 yapm\u0131\u015f olamay\u0131z dedim. Sonra kan\u0131tlar gelmeye ba\u015flad\u0131, yap\u0131lanlara dair foto\u011fraflar g\u00f6rd\u00fcm. Sonra bunlar\u0131 kabul etmeyi \u00f6\u011frenmek zorunda kald\u0131m. Ben ve neslim i\u00e7in kolay olmad\u0131. Ama Almanya\u2019da bu yap\u0131ld\u0131. Bunu kabul etmek istemeyenler, \u2018sapt\u0131r\u0131yorsunuz\u2019 dedi ama ge\u00e7mi\u015f hep geldi bizi buldu. <strong>T\u00fcrkiye\u2019de de ge\u00e7mi\u015ften kalan a\u011f\u0131r bir y\u00fck var. T\u00fcrkiye, 1915-1916\u2019da Ermeni toplumuna yap\u0131lanlarla ne zaman y\u00fczle\u015fecek?<\/strong> T\u00fcrkiye\u2019nin de bunlarla y\u00fczle\u015fmesini ve Avrupa toplumuna ait olmas\u0131n\u0131 istiyorum. Tabular\u0131n \u00fczerine gitmek laz\u0131m. Nerede bir tabu varsa bunun \u00fczerine gitmek laz\u0131m. Biz bunu yapt\u0131k, T\u00fcrkiye de yapmal\u0131.<\/p>\n<p style=\"text-align: justify\">\u00a0Bir \u00fclkenin tarihten gelen y\u00fck\u00fcyle y\u00fczle\u015fmesinin ne kadar zor oldu\u011funu biliyorum. P\u0131nar Selek h\u00e2l\u00e2 mahkemelere \u00e7\u0131kmak zorunda. Bir Ermeni gazeteci \u00f6ld\u00fcr\u00fcld\u00fc. Ama o \u00f6ld\u00fc\u011f\u00fcnde y\u00fczbinlerin y\u00fcr\u00fcd\u00fc\u011f\u00fcn\u00fc hat\u0131rl\u0131yorum. T\u00fcrkiye\u2019de bu de\u011fi\u015fim ba\u015flam\u0131\u015ft\u0131r ve hi\u00e7bir diplomatik ve siyasi s\u00fcre\u00e7 bunu durduramaz. Bu T\u00fcrkiye\u2019nin Avrupa Biril\u011fi\u2019ne giden yolda ataca\u011f\u0131 ilk ad\u0131md\u0131r.<\/p>\n<p style=\"text-align: justify\">Bug\u00fcn kat\u0131ld\u0131\u011f\u0131m bir \u00fcniversitedeki s\u00f6yle\u015fide de bir \u00f6\u011frenci <strong>\u2018ge\u00e7mi\u015fi ge\u00e7mi\u015fte b\u0131rakal\u0131m ve gelece\u011fe bakal\u0131m\u2019 d\u00fc\u015f\u00fcncesini dile getirdi. Bunun yersiz olaca\u011f\u0131n\u0131 d\u00fc\u015f\u00fcn\u00fcyorum.<\/strong> Bunlar\u0131 biz Almanya\u2019da da \u00e7ok duyduk. Ama \u00e7ok dikkatli olmak laz\u0131m. 1970\u2019te Willy Brandt Polonya\u2019ya gitmi\u015fti ve binlerce ki\u015finin toplama kamp\u0131na g\u00f6nderildi\u011fi yerde diz \u00e7\u00f6kt\u00fc ve Polonyal\u0131lardan \u00f6z\u00fcr diledi. Bu Almanya\u2019da pek \u00e7oklar\u0131n\u0131n tepkisini \u00e7ekti ama Polonyal\u0131lar \u00e7ok rahatlad\u0131. B\u00f6yle bir jestin, Ermeniler\u2019den \u00f6z\u00fcr dileminin zaman\u0131n\u0131n geldi\u011fini d\u00fc\u015f\u00fcn\u00fcyorum.<\/p>\n<p style=\"text-align: justify\">Dikkat ederseniz ben soyk\u0131r\u0131m kavram\u0131n\u0131 kullanm\u0131yorum. Bence T\u00fcrkiye bu olaylar\u0131 nas\u0131l adland\u0131raca\u011f\u0131na kendi karar vermeli.\u00a0<\/p>\n<p style=\"text-align: justify\">www.radikal.com.tr, 15.04.2010, CEM ERC\u0130YES<\/p>\n","protected":false},"excerpt":{"rendered":"<p>Avrupa Edebiyat\u0131 T\u00fcrkiye&#8217;de projesi i\u00e7in \u0130stanbul&#8216;a gelen G\u00fcnter Grass, Almanya B\u00fcy\u00fckel\u00e7isi Echart Cuntz, AB B\u00fcy\u00fckel\u00e7isi Marc Pierini ve Goethe Enstit\u00fcs\u00fc m\u00fcd\u00fcr\u00fc Claudia Hahn Raabe ve tan\u0131nm\u0131\u015f yazar Ya\u015far Kemal\u2019\u0131n kat\u0131ld\u0131\u011f\u0131 bas\u0131n toplant\u0131s\u0131nda T\u00fcrkiye siyasetine ili\u015fkin \u00e7arp\u0131c\u0131 s\u00f6zler s\u00f6yledi: \u0559\u00a0Ben 1945\u2019te 17 ya\u015f\u0131ndayd\u0131m. Nazi ideolojisinin etkisinde kalm\u0131\u015ft\u0131m. 12 y\u0131l boyunca Nazilerin yapt\u0131\u011f\u0131 vah\u015feti kabul etmek istemedim. [&hellip;]<\/p>\n","protected":false},"author":3,"featured_media":0,"comment_status":"closed","ping_status":"open","sticky":false,"template":"","format":"standard","meta":{"footnotes":""},"categories":[14],"tags":[],"class_list":["post-332","post","type-post","status-publish","format-standard","hentry","category-haberler"],"yoast_head":"<!-- This site is optimized with the Yoast SEO plugin v27.4 - https:\/\/yoast.com\/product\/yoast-seo-wordpress\/ -->\n<title>&#039;T\u00fcrkiye art\u0131k ge\u00e7mi\u015fiyle y\u00fczle\u015fmeli&#039; - Bati Ermenistan Ve Bati Ermenileri Sorunlari Ara\u015ftirmalar Merkezi<\/title>\n<meta name=\"robots\" content=\"index, follow, max-snippet:-1, max-image-preview:large, max-video-preview:-1\" \/>\n<link rel=\"canonical\" href=\"https:\/\/akunq.net\/turkish\/2010\/04\/17\/turkiye-artik-gecmisiyle-yuzlesmeli\/\" \/>\n<meta property=\"og:locale\" content=\"en_US\" \/>\n<meta property=\"og:type\" content=\"article\" \/>\n<meta property=\"og:title\" content=\"&#039;T\u00fcrkiye art\u0131k ge\u00e7mi\u015fiyle y\u00fczle\u015fmeli&#039; - Bati Ermenistan Ve Bati Ermenileri Sorunlari Ara\u015ftirmalar Merkezi\" \/>\n<meta property=\"og:description\" content=\"Avrupa Edebiyat\u0131 T\u00fcrkiye&#8217;de projesi i\u00e7in \u0130stanbul&#8216;a gelen G\u00fcnter Grass, Almanya B\u00fcy\u00fckel\u00e7isi Echart Cuntz, AB B\u00fcy\u00fckel\u00e7isi Marc Pierini ve Goethe Enstit\u00fcs\u00fc m\u00fcd\u00fcr\u00fc Claudia Hahn Raabe ve tan\u0131nm\u0131\u015f yazar Ya\u015far Kemal\u2019\u0131n kat\u0131ld\u0131\u011f\u0131 bas\u0131n toplant\u0131s\u0131nda T\u00fcrkiye siyasetine ili\u015fkin \u00e7arp\u0131c\u0131 s\u00f6zler s\u00f6yledi: \u0559\u00a0Ben 1945\u2019te 17 ya\u015f\u0131ndayd\u0131m. Nazi ideolojisinin etkisinde kalm\u0131\u015ft\u0131m. 12 y\u0131l boyunca Nazilerin yapt\u0131\u011f\u0131 vah\u015feti kabul etmek istemedim. [&hellip;]\" \/>\n<meta property=\"og:url\" content=\"https:\/\/akunq.net\/turkish\/2010\/04\/17\/turkiye-artik-gecmisiyle-yuzlesmeli\/\" \/>\n<meta property=\"og:site_name\" content=\"Bati Ermenistan Ve Bati Ermenileri Sorunlari Ara\u015ftirmalar Merkezi\" \/>\n<meta property=\"article:published_time\" content=\"2010-04-17T06:52:46+00:00\" \/>\n<meta name=\"author\" content=\"kalem\" \/>\n<meta name=\"twitter:card\" content=\"summary_large_image\" \/>\n<meta name=\"twitter:label1\" content=\"Written by\" \/>\n\t<meta name=\"twitter:data1\" content=\"kalem\" \/>\n\t<meta name=\"twitter:label2\" content=\"Est. reading time\" \/>\n\t<meta name=\"twitter:data2\" content=\"2 minutes\" \/>\n<script type=\"application\/ld+json\" class=\"yoast-schema-graph\">{\"@context\":\"https:\\\/\\\/schema.org\",\"@graph\":[{\"@type\":\"Article\",\"@id\":\"https:\\\/\\\/akunq.net\\\/turkish\\\/2010\\\/04\\\/17\\\/turkiye-artik-gecmisiyle-yuzlesmeli\\\/#article\",\"isPartOf\":{\"@id\":\"https:\\\/\\\/akunq.net\\\/turkish\\\/2010\\\/04\\\/17\\\/turkiye-artik-gecmisiyle-yuzlesmeli\\\/\"},\"author\":{\"name\":\"kalem\",\"@id\":\"https:\\\/\\\/akunq.net\\\/turkish\\\/#\\\/schema\\\/person\\\/135e7923d1aeb8887890799619969a6c\"},\"headline\":\"&#8216;T\u00fcrkiye art\u0131k ge\u00e7mi\u015fiyle y\u00fczle\u015fmeli&#8217;\",\"datePublished\":\"2010-04-17T06:52:46+00:00\",\"mainEntityOfPage\":{\"@id\":\"https:\\\/\\\/akunq.net\\\/turkish\\\/2010\\\/04\\\/17\\\/turkiye-artik-gecmisiyle-yuzlesmeli\\\/\"},\"wordCount\":430,\"articleSection\":[\"Haberler\"],\"inLanguage\":\"en-US\"},{\"@type\":\"WebPage\",\"@id\":\"https:\\\/\\\/akunq.net\\\/turkish\\\/2010\\\/04\\\/17\\\/turkiye-artik-gecmisiyle-yuzlesmeli\\\/\",\"url\":\"https:\\\/\\\/akunq.net\\\/turkish\\\/2010\\\/04\\\/17\\\/turkiye-artik-gecmisiyle-yuzlesmeli\\\/\",\"name\":\"'T\u00fcrkiye art\u0131k ge\u00e7mi\u015fiyle y\u00fczle\u015fmeli' - Bati Ermenistan Ve Bati Ermenileri Sorunlari Ara\u015ftirmalar Merkezi\",\"isPartOf\":{\"@id\":\"https:\\\/\\\/akunq.net\\\/turkish\\\/#website\"},\"datePublished\":\"2010-04-17T06:52:46+00:00\",\"author\":{\"@id\":\"https:\\\/\\\/akunq.net\\\/turkish\\\/#\\\/schema\\\/person\\\/135e7923d1aeb8887890799619969a6c\"},\"breadcrumb\":{\"@id\":\"https:\\\/\\\/akunq.net\\\/turkish\\\/2010\\\/04\\\/17\\\/turkiye-artik-gecmisiyle-yuzlesmeli\\\/#breadcrumb\"},\"inLanguage\":\"en-US\",\"potentialAction\":[{\"@type\":\"ReadAction\",\"target\":[\"https:\\\/\\\/akunq.net\\\/turkish\\\/2010\\\/04\\\/17\\\/turkiye-artik-gecmisiyle-yuzlesmeli\\\/\"]}]},{\"@type\":\"BreadcrumbList\",\"@id\":\"https:\\\/\\\/akunq.net\\\/turkish\\\/2010\\\/04\\\/17\\\/turkiye-artik-gecmisiyle-yuzlesmeli\\\/#breadcrumb\",\"itemListElement\":[{\"@type\":\"ListItem\",\"position\":1,\"name\":\"Home\",\"item\":\"https:\\\/\\\/akunq.net\\\/turkish\\\/\"},{\"@type\":\"ListItem\",\"position\":2,\"name\":\"&#8216;T\u00fcrkiye art\u0131k ge\u00e7mi\u015fiyle y\u00fczle\u015fmeli&#8217;\"}]},{\"@type\":\"WebSite\",\"@id\":\"https:\\\/\\\/akunq.net\\\/turkish\\\/#website\",\"url\":\"https:\\\/\\\/akunq.net\\\/turkish\\\/\",\"name\":\"Bati Ermenistan Ve Bati Ermenileri Sorunlari Ara\u015ftirmalar Merkezi\",\"description\":\"\",\"potentialAction\":[{\"@type\":\"SearchAction\",\"target\":{\"@type\":\"EntryPoint\",\"urlTemplate\":\"https:\\\/\\\/akunq.net\\\/turkish\\\/?s={search_term_string}\"},\"query-input\":{\"@type\":\"PropertyValueSpecification\",\"valueRequired\":true,\"valueName\":\"search_term_string\"}}],\"inLanguage\":\"en-US\"},{\"@type\":\"Person\",\"@id\":\"https:\\\/\\\/akunq.net\\\/turkish\\\/#\\\/schema\\\/person\\\/135e7923d1aeb8887890799619969a6c\",\"name\":\"kalem\",\"image\":{\"@type\":\"ImageObject\",\"inLanguage\":\"en-US\",\"@id\":\"https:\\\/\\\/secure.gravatar.com\\\/avatar\\\/a06875e4b25feb5674296adf8e8a7ae1e587cebce2493fe63c456109967e27d3?s=96&d=mm&r=g\",\"url\":\"https:\\\/\\\/secure.gravatar.com\\\/avatar\\\/a06875e4b25feb5674296adf8e8a7ae1e587cebce2493fe63c456109967e27d3?s=96&d=mm&r=g\",\"contentUrl\":\"https:\\\/\\\/secure.gravatar.com\\\/avatar\\\/a06875e4b25feb5674296adf8e8a7ae1e587cebce2493fe63c456109967e27d3?s=96&d=mm&r=g\",\"caption\":\"kalem\"},\"url\":\"https:\\\/\\\/akunq.net\\\/turkish\\\/author\\\/kalem\\\/\"}]}<\/script>\n<!-- \/ Yoast SEO plugin. -->","yoast_head_json":{"title":"'T\u00fcrkiye art\u0131k ge\u00e7mi\u015fiyle y\u00fczle\u015fmeli' - Bati Ermenistan Ve Bati Ermenileri Sorunlari Ara\u015ftirmalar Merkezi","robots":{"index":"index","follow":"follow","max-snippet":"max-snippet:-1","max-image-preview":"max-image-preview:large","max-video-preview":"max-video-preview:-1"},"canonical":"https:\/\/akunq.net\/turkish\/2010\/04\/17\/turkiye-artik-gecmisiyle-yuzlesmeli\/","og_locale":"en_US","og_type":"article","og_title":"'T\u00fcrkiye art\u0131k ge\u00e7mi\u015fiyle y\u00fczle\u015fmeli' - Bati Ermenistan Ve Bati Ermenileri Sorunlari Ara\u015ftirmalar Merkezi","og_description":"Avrupa Edebiyat\u0131 T\u00fcrkiye&#8217;de projesi i\u00e7in \u0130stanbul&#8216;a gelen G\u00fcnter Grass, Almanya B\u00fcy\u00fckel\u00e7isi Echart Cuntz, AB B\u00fcy\u00fckel\u00e7isi Marc Pierini ve Goethe Enstit\u00fcs\u00fc m\u00fcd\u00fcr\u00fc Claudia Hahn Raabe ve tan\u0131nm\u0131\u015f yazar Ya\u015far Kemal\u2019\u0131n kat\u0131ld\u0131\u011f\u0131 bas\u0131n toplant\u0131s\u0131nda T\u00fcrkiye siyasetine ili\u015fkin \u00e7arp\u0131c\u0131 s\u00f6zler s\u00f6yledi: \u0559\u00a0Ben 1945\u2019te 17 ya\u015f\u0131ndayd\u0131m. Nazi ideolojisinin etkisinde kalm\u0131\u015ft\u0131m. 12 y\u0131l boyunca Nazilerin yapt\u0131\u011f\u0131 vah\u015feti kabul etmek istemedim. [&hellip;]","og_url":"https:\/\/akunq.net\/turkish\/2010\/04\/17\/turkiye-artik-gecmisiyle-yuzlesmeli\/","og_site_name":"Bati Ermenistan Ve Bati Ermenileri Sorunlari Ara\u015ftirmalar Merkezi","article_published_time":"2010-04-17T06:52:46+00:00","author":"kalem","twitter_card":"summary_large_image","twitter_misc":{"Written by":"kalem","Est. reading time":"2 minutes"},"schema":{"@context":"https:\/\/schema.org","@graph":[{"@type":"Article","@id":"https:\/\/akunq.net\/turkish\/2010\/04\/17\/turkiye-artik-gecmisiyle-yuzlesmeli\/#article","isPartOf":{"@id":"https:\/\/akunq.net\/turkish\/2010\/04\/17\/turkiye-artik-gecmisiyle-yuzlesmeli\/"},"author":{"name":"kalem","@id":"https:\/\/akunq.net\/turkish\/#\/schema\/person\/135e7923d1aeb8887890799619969a6c"},"headline":"&#8216;T\u00fcrkiye art\u0131k ge\u00e7mi\u015fiyle y\u00fczle\u015fmeli&#8217;","datePublished":"2010-04-17T06:52:46+00:00","mainEntityOfPage":{"@id":"https:\/\/akunq.net\/turkish\/2010\/04\/17\/turkiye-artik-gecmisiyle-yuzlesmeli\/"},"wordCount":430,"articleSection":["Haberler"],"inLanguage":"en-US"},{"@type":"WebPage","@id":"https:\/\/akunq.net\/turkish\/2010\/04\/17\/turkiye-artik-gecmisiyle-yuzlesmeli\/","url":"https:\/\/akunq.net\/turkish\/2010\/04\/17\/turkiye-artik-gecmisiyle-yuzlesmeli\/","name":"'T\u00fcrkiye art\u0131k ge\u00e7mi\u015fiyle y\u00fczle\u015fmeli' - Bati Ermenistan Ve Bati Ermenileri Sorunlari Ara\u015ftirmalar Merkezi","isPartOf":{"@id":"https:\/\/akunq.net\/turkish\/#website"},"datePublished":"2010-04-17T06:52:46+00:00","author":{"@id":"https:\/\/akunq.net\/turkish\/#\/schema\/person\/135e7923d1aeb8887890799619969a6c"},"breadcrumb":{"@id":"https:\/\/akunq.net\/turkish\/2010\/04\/17\/turkiye-artik-gecmisiyle-yuzlesmeli\/#breadcrumb"},"inLanguage":"en-US","potentialAction":[{"@type":"ReadAction","target":["https:\/\/akunq.net\/turkish\/2010\/04\/17\/turkiye-artik-gecmisiyle-yuzlesmeli\/"]}]},{"@type":"BreadcrumbList","@id":"https:\/\/akunq.net\/turkish\/2010\/04\/17\/turkiye-artik-gecmisiyle-yuzlesmeli\/#breadcrumb","itemListElement":[{"@type":"ListItem","position":1,"name":"Home","item":"https:\/\/akunq.net\/turkish\/"},{"@type":"ListItem","position":2,"name":"&#8216;T\u00fcrkiye art\u0131k ge\u00e7mi\u015fiyle y\u00fczle\u015fmeli&#8217;"}]},{"@type":"WebSite","@id":"https:\/\/akunq.net\/turkish\/#website","url":"https:\/\/akunq.net\/turkish\/","name":"Bati Ermenistan Ve Bati Ermenileri Sorunlari Ara\u015ftirmalar Merkezi","description":"","potentialAction":[{"@type":"SearchAction","target":{"@type":"EntryPoint","urlTemplate":"https:\/\/akunq.net\/turkish\/?s={search_term_string}"},"query-input":{"@type":"PropertyValueSpecification","valueRequired":true,"valueName":"search_term_string"}}],"inLanguage":"en-US"},{"@type":"Person","@id":"https:\/\/akunq.net\/turkish\/#\/schema\/person\/135e7923d1aeb8887890799619969a6c","name":"kalem","image":{"@type":"ImageObject","inLanguage":"en-US","@id":"https:\/\/secure.gravatar.com\/avatar\/a06875e4b25feb5674296adf8e8a7ae1e587cebce2493fe63c456109967e27d3?s=96&d=mm&r=g","url":"https:\/\/secure.gravatar.com\/avatar\/a06875e4b25feb5674296adf8e8a7ae1e587cebce2493fe63c456109967e27d3?s=96&d=mm&r=g","contentUrl":"https:\/\/secure.gravatar.com\/avatar\/a06875e4b25feb5674296adf8e8a7ae1e587cebce2493fe63c456109967e27d3?s=96&d=mm&r=g","caption":"kalem"},"url":"https:\/\/akunq.net\/turkish\/author\/kalem\/"}]}},"_links":{"self":[{"href":"https:\/\/akunq.net\/turkish\/wp-json\/wp\/v2\/posts\/332","targetHints":{"allow":["GET"]}}],"collection":[{"href":"https:\/\/akunq.net\/turkish\/wp-json\/wp\/v2\/posts"}],"about":[{"href":"https:\/\/akunq.net\/turkish\/wp-json\/wp\/v2\/types\/post"}],"author":[{"embeddable":true,"href":"https:\/\/akunq.net\/turkish\/wp-json\/wp\/v2\/users\/3"}],"replies":[{"embeddable":true,"href":"https:\/\/akunq.net\/turkish\/wp-json\/wp\/v2\/comments?post=332"}],"version-history":[{"count":0,"href":"https:\/\/akunq.net\/turkish\/wp-json\/wp\/v2\/posts\/332\/revisions"}],"wp:attachment":[{"href":"https:\/\/akunq.net\/turkish\/wp-json\/wp\/v2\/media?parent=332"}],"wp:term":[{"taxonomy":"category","embeddable":true,"href":"https:\/\/akunq.net\/turkish\/wp-json\/wp\/v2\/categories?post=332"},{"taxonomy":"post_tag","embeddable":true,"href":"https:\/\/akunq.net\/turkish\/wp-json\/wp\/v2\/tags?post=332"}],"curies":[{"name":"wp","href":"https:\/\/api.w.org\/{rel}","templated":true}]}}