{"id":330,"date":"2010-04-17T01:48:41","date_gmt":"2010-04-17T06:48:41","guid":{"rendered":"http:\/\/akunq.net\/tr\/?p=330"},"modified":"2010-04-17T01:48:41","modified_gmt":"2010-04-17T06:48:41","slug":"harp-okulunda-10-yildir-ermenice-dersi-veriliyor","status":"publish","type":"post","link":"https:\/\/akunq.net\/turkish\/2010\/04\/17\/harp-okulunda-10-yildir-ermenice-dersi-veriliyor\/","title":{"rendered":"Harp Okulu&#8217;nda 10 Y\u0131ld\u0131r Ermenice Dersi Veriliyor"},"content":{"rendered":"<p style=\"text-align: justify\">ARA Harp Okulu Komutan\u0131 T\u00fcmgeneral Kenan H\u00fcsn\u00fco\u011flu, zorunlu \u0130ngilizce dil e\u011fitimin yan\u0131s\u0131ra 12 ayr\u0131 dilde de ikinci dil e\u011fitimi verildi\u011fini a\u00e7\u0131klad\u0131. T\u00fcmgeneral H\u00fcsn\u00fco\u011flu, ikinci dil e\u011fitimi aras\u0131nda Arap\u00e7a, \u00c7ince bulundu\u011fu Ermenice&#8217;yi de 10 y\u0131ld\u0131r \u00f6\u011frencilerine \u00f6\u011frettiklerini belirterek, &#8220;Bug\u00fcne kadar 120 \u00f6\u011frencimiz Ermenice ders ald\u0131. \u015euan d\u00f6rt \u00f6\u011frencimiz Ermenice ders al\u0131yor. Bu y\u0131l \u0130talyanca ve \u0130spanyolcay\u0131 da ders olarak vermeye ba\u015flad\u0131k&#8221; diye konu\u015ftu.<\/p>\n<p style=\"text-align: justify\"><a href=\"http:\/\/www.haberler.com\/video-haber\/video.asp?id=2010039\">http:\/\/www.haberler.com\/video-haber\/video.asp?id=2010039<\/a><\/p>\n","protected":false},"excerpt":{"rendered":"<p>ARA Harp Okulu Komutan\u0131 T\u00fcmgeneral Kenan H\u00fcsn\u00fco\u011flu, zorunlu \u0130ngilizce dil e\u011fitimin yan\u0131s\u0131ra 12 ayr\u0131 dilde de ikinci dil e\u011fitimi verildi\u011fini a\u00e7\u0131klad\u0131. T\u00fcmgeneral H\u00fcsn\u00fco\u011flu, ikinci dil e\u011fitimi aras\u0131nda Arap\u00e7a, \u00c7ince bulundu\u011fu Ermenice&#8217;yi de 10 y\u0131ld\u0131r \u00f6\u011frencilerine \u00f6\u011frettiklerini belirterek, &#8220;Bug\u00fcne kadar 120 \u00f6\u011frencimiz Ermenice ders ald\u0131. \u015euan d\u00f6rt \u00f6\u011frencimiz Ermenice ders al\u0131yor. Bu y\u0131l \u0130talyanca ve \u0130spanyolcay\u0131 [&hellip;]<\/p>\n","protected":false},"author":3,"featured_media":0,"comment_status":"closed","ping_status":"open","sticky":false,"template":"","format":"standard","meta":{"footnotes":""},"categories":[14],"tags":[],"class_list":["post-330","post","type-post","status-publish","format-standard","hentry","category-haberler"],"yoast_head":"<!-- This site is optimized with the Yoast SEO plugin v27.4 - https:\/\/yoast.com\/product\/yoast-seo-wordpress\/ -->\n<title>Harp Okulu&#039;nda 10 Y\u0131ld\u0131r Ermenice Dersi Veriliyor - Bati Ermenistan Ve Bati Ermenileri Sorunlari Ara\u015ftirmalar Merkezi<\/title>\n<meta name=\"robots\" content=\"index, follow, max-snippet:-1, max-image-preview:large, max-video-preview:-1\" \/>\n<link rel=\"canonical\" href=\"https:\/\/akunq.net\/turkish\/2010\/04\/17\/harp-okulunda-10-yildir-ermenice-dersi-veriliyor\/\" \/>\n<meta property=\"og:locale\" content=\"en_US\" \/>\n<meta property=\"og:type\" content=\"article\" \/>\n<meta property=\"og:title\" content=\"Harp Okulu&#039;nda 10 Y\u0131ld\u0131r Ermenice Dersi Veriliyor - Bati Ermenistan Ve Bati Ermenileri Sorunlari Ara\u015ftirmalar Merkezi\" \/>\n<meta property=\"og:description\" content=\"ARA Harp Okulu Komutan\u0131 T\u00fcmgeneral Kenan H\u00fcsn\u00fco\u011flu, zorunlu \u0130ngilizce dil e\u011fitimin yan\u0131s\u0131ra 12 ayr\u0131 dilde de ikinci dil e\u011fitimi verildi\u011fini a\u00e7\u0131klad\u0131. T\u00fcmgeneral H\u00fcsn\u00fco\u011flu, ikinci dil e\u011fitimi aras\u0131nda Arap\u00e7a, \u00c7ince bulundu\u011fu Ermenice&#8217;yi de 10 y\u0131ld\u0131r \u00f6\u011frencilerine \u00f6\u011frettiklerini belirterek, &#8220;Bug\u00fcne kadar 120 \u00f6\u011frencimiz Ermenice ders ald\u0131. \u015euan d\u00f6rt \u00f6\u011frencimiz Ermenice ders al\u0131yor. Bu y\u0131l \u0130talyanca ve \u0130spanyolcay\u0131 [&hellip;]\" \/>\n<meta property=\"og:url\" content=\"https:\/\/akunq.net\/turkish\/2010\/04\/17\/harp-okulunda-10-yildir-ermenice-dersi-veriliyor\/\" \/>\n<meta property=\"og:site_name\" content=\"Bati Ermenistan Ve Bati Ermenileri Sorunlari Ara\u015ftirmalar Merkezi\" \/>\n<meta property=\"article:published_time\" content=\"2010-04-17T06:48:41+00:00\" \/>\n<meta name=\"author\" content=\"kalem\" \/>\n<meta name=\"twitter:card\" content=\"summary_large_image\" \/>\n<meta name=\"twitter:label1\" content=\"Written by\" \/>\n\t<meta name=\"twitter:data1\" content=\"kalem\" \/>\n<script type=\"application\/ld+json\" class=\"yoast-schema-graph\">{\"@context\":\"https:\\\/\\\/schema.org\",\"@graph\":[{\"@type\":\"Article\",\"@id\":\"https:\\\/\\\/akunq.net\\\/turkish\\\/2010\\\/04\\\/17\\\/harp-okulunda-10-yildir-ermenice-dersi-veriliyor\\\/#article\",\"isPartOf\":{\"@id\":\"https:\\\/\\\/akunq.net\\\/turkish\\\/2010\\\/04\\\/17\\\/harp-okulunda-10-yildir-ermenice-dersi-veriliyor\\\/\"},\"author\":{\"name\":\"kalem\",\"@id\":\"https:\\\/\\\/akunq.net\\\/turkish\\\/#\\\/schema\\\/person\\\/135e7923d1aeb8887890799619969a6c\"},\"headline\":\"Harp Okulu&#8217;nda 10 Y\u0131ld\u0131r Ermenice Dersi Veriliyor\",\"datePublished\":\"2010-04-17T06:48:41+00:00\",\"mainEntityOfPage\":{\"@id\":\"https:\\\/\\\/akunq.net\\\/turkish\\\/2010\\\/04\\\/17\\\/harp-okulunda-10-yildir-ermenice-dersi-veriliyor\\\/\"},\"wordCount\":102,\"articleSection\":[\"Haberler\"],\"inLanguage\":\"en-US\"},{\"@type\":\"WebPage\",\"@id\":\"https:\\\/\\\/akunq.net\\\/turkish\\\/2010\\\/04\\\/17\\\/harp-okulunda-10-yildir-ermenice-dersi-veriliyor\\\/\",\"url\":\"https:\\\/\\\/akunq.net\\\/turkish\\\/2010\\\/04\\\/17\\\/harp-okulunda-10-yildir-ermenice-dersi-veriliyor\\\/\",\"name\":\"Harp Okulu'nda 10 Y\u0131ld\u0131r Ermenice Dersi Veriliyor - Bati Ermenistan Ve Bati Ermenileri Sorunlari Ara\u015ftirmalar Merkezi\",\"isPartOf\":{\"@id\":\"https:\\\/\\\/akunq.net\\\/turkish\\\/#website\"},\"datePublished\":\"2010-04-17T06:48:41+00:00\",\"author\":{\"@id\":\"https:\\\/\\\/akunq.net\\\/turkish\\\/#\\\/schema\\\/person\\\/135e7923d1aeb8887890799619969a6c\"},\"breadcrumb\":{\"@id\":\"https:\\\/\\\/akunq.net\\\/turkish\\\/2010\\\/04\\\/17\\\/harp-okulunda-10-yildir-ermenice-dersi-veriliyor\\\/#breadcrumb\"},\"inLanguage\":\"en-US\",\"potentialAction\":[{\"@type\":\"ReadAction\",\"target\":[\"https:\\\/\\\/akunq.net\\\/turkish\\\/2010\\\/04\\\/17\\\/harp-okulunda-10-yildir-ermenice-dersi-veriliyor\\\/\"]}]},{\"@type\":\"BreadcrumbList\",\"@id\":\"https:\\\/\\\/akunq.net\\\/turkish\\\/2010\\\/04\\\/17\\\/harp-okulunda-10-yildir-ermenice-dersi-veriliyor\\\/#breadcrumb\",\"itemListElement\":[{\"@type\":\"ListItem\",\"position\":1,\"name\":\"Home\",\"item\":\"https:\\\/\\\/akunq.net\\\/turkish\\\/\"},{\"@type\":\"ListItem\",\"position\":2,\"name\":\"Harp Okulu&#8217;nda 10 Y\u0131ld\u0131r Ermenice Dersi Veriliyor\"}]},{\"@type\":\"WebSite\",\"@id\":\"https:\\\/\\\/akunq.net\\\/turkish\\\/#website\",\"url\":\"https:\\\/\\\/akunq.net\\\/turkish\\\/\",\"name\":\"Bati Ermenistan Ve Bati Ermenileri Sorunlari Ara\u015ftirmalar Merkezi\",\"description\":\"\",\"potentialAction\":[{\"@type\":\"SearchAction\",\"target\":{\"@type\":\"EntryPoint\",\"urlTemplate\":\"https:\\\/\\\/akunq.net\\\/turkish\\\/?s={search_term_string}\"},\"query-input\":{\"@type\":\"PropertyValueSpecification\",\"valueRequired\":true,\"valueName\":\"search_term_string\"}}],\"inLanguage\":\"en-US\"},{\"@type\":\"Person\",\"@id\":\"https:\\\/\\\/akunq.net\\\/turkish\\\/#\\\/schema\\\/person\\\/135e7923d1aeb8887890799619969a6c\",\"name\":\"kalem\",\"image\":{\"@type\":\"ImageObject\",\"inLanguage\":\"en-US\",\"@id\":\"https:\\\/\\\/secure.gravatar.com\\\/avatar\\\/a06875e4b25feb5674296adf8e8a7ae1e587cebce2493fe63c456109967e27d3?s=96&d=mm&r=g\",\"url\":\"https:\\\/\\\/secure.gravatar.com\\\/avatar\\\/a06875e4b25feb5674296adf8e8a7ae1e587cebce2493fe63c456109967e27d3?s=96&d=mm&r=g\",\"contentUrl\":\"https:\\\/\\\/secure.gravatar.com\\\/avatar\\\/a06875e4b25feb5674296adf8e8a7ae1e587cebce2493fe63c456109967e27d3?s=96&d=mm&r=g\",\"caption\":\"kalem\"},\"url\":\"https:\\\/\\\/akunq.net\\\/turkish\\\/author\\\/kalem\\\/\"}]}<\/script>\n<!-- \/ Yoast SEO plugin. -->","yoast_head_json":{"title":"Harp Okulu'nda 10 Y\u0131ld\u0131r Ermenice Dersi Veriliyor - Bati Ermenistan Ve Bati Ermenileri Sorunlari Ara\u015ftirmalar Merkezi","robots":{"index":"index","follow":"follow","max-snippet":"max-snippet:-1","max-image-preview":"max-image-preview:large","max-video-preview":"max-video-preview:-1"},"canonical":"https:\/\/akunq.net\/turkish\/2010\/04\/17\/harp-okulunda-10-yildir-ermenice-dersi-veriliyor\/","og_locale":"en_US","og_type":"article","og_title":"Harp Okulu'nda 10 Y\u0131ld\u0131r Ermenice Dersi Veriliyor - Bati Ermenistan Ve Bati Ermenileri Sorunlari Ara\u015ftirmalar Merkezi","og_description":"ARA Harp Okulu Komutan\u0131 T\u00fcmgeneral Kenan H\u00fcsn\u00fco\u011flu, zorunlu \u0130ngilizce dil e\u011fitimin yan\u0131s\u0131ra 12 ayr\u0131 dilde de ikinci dil e\u011fitimi verildi\u011fini a\u00e7\u0131klad\u0131. T\u00fcmgeneral H\u00fcsn\u00fco\u011flu, ikinci dil e\u011fitimi aras\u0131nda Arap\u00e7a, \u00c7ince bulundu\u011fu Ermenice&#8217;yi de 10 y\u0131ld\u0131r \u00f6\u011frencilerine \u00f6\u011frettiklerini belirterek, &#8220;Bug\u00fcne kadar 120 \u00f6\u011frencimiz Ermenice ders ald\u0131. \u015euan d\u00f6rt \u00f6\u011frencimiz Ermenice ders al\u0131yor. Bu y\u0131l \u0130talyanca ve \u0130spanyolcay\u0131 [&hellip;]","og_url":"https:\/\/akunq.net\/turkish\/2010\/04\/17\/harp-okulunda-10-yildir-ermenice-dersi-veriliyor\/","og_site_name":"Bati Ermenistan Ve Bati Ermenileri Sorunlari Ara\u015ftirmalar Merkezi","article_published_time":"2010-04-17T06:48:41+00:00","author":"kalem","twitter_card":"summary_large_image","twitter_misc":{"Written by":"kalem"},"schema":{"@context":"https:\/\/schema.org","@graph":[{"@type":"Article","@id":"https:\/\/akunq.net\/turkish\/2010\/04\/17\/harp-okulunda-10-yildir-ermenice-dersi-veriliyor\/#article","isPartOf":{"@id":"https:\/\/akunq.net\/turkish\/2010\/04\/17\/harp-okulunda-10-yildir-ermenice-dersi-veriliyor\/"},"author":{"name":"kalem","@id":"https:\/\/akunq.net\/turkish\/#\/schema\/person\/135e7923d1aeb8887890799619969a6c"},"headline":"Harp Okulu&#8217;nda 10 Y\u0131ld\u0131r Ermenice Dersi Veriliyor","datePublished":"2010-04-17T06:48:41+00:00","mainEntityOfPage":{"@id":"https:\/\/akunq.net\/turkish\/2010\/04\/17\/harp-okulunda-10-yildir-ermenice-dersi-veriliyor\/"},"wordCount":102,"articleSection":["Haberler"],"inLanguage":"en-US"},{"@type":"WebPage","@id":"https:\/\/akunq.net\/turkish\/2010\/04\/17\/harp-okulunda-10-yildir-ermenice-dersi-veriliyor\/","url":"https:\/\/akunq.net\/turkish\/2010\/04\/17\/harp-okulunda-10-yildir-ermenice-dersi-veriliyor\/","name":"Harp Okulu'nda 10 Y\u0131ld\u0131r Ermenice Dersi Veriliyor - Bati Ermenistan Ve Bati Ermenileri Sorunlari Ara\u015ftirmalar Merkezi","isPartOf":{"@id":"https:\/\/akunq.net\/turkish\/#website"},"datePublished":"2010-04-17T06:48:41+00:00","author":{"@id":"https:\/\/akunq.net\/turkish\/#\/schema\/person\/135e7923d1aeb8887890799619969a6c"},"breadcrumb":{"@id":"https:\/\/akunq.net\/turkish\/2010\/04\/17\/harp-okulunda-10-yildir-ermenice-dersi-veriliyor\/#breadcrumb"},"inLanguage":"en-US","potentialAction":[{"@type":"ReadAction","target":["https:\/\/akunq.net\/turkish\/2010\/04\/17\/harp-okulunda-10-yildir-ermenice-dersi-veriliyor\/"]}]},{"@type":"BreadcrumbList","@id":"https:\/\/akunq.net\/turkish\/2010\/04\/17\/harp-okulunda-10-yildir-ermenice-dersi-veriliyor\/#breadcrumb","itemListElement":[{"@type":"ListItem","position":1,"name":"Home","item":"https:\/\/akunq.net\/turkish\/"},{"@type":"ListItem","position":2,"name":"Harp Okulu&#8217;nda 10 Y\u0131ld\u0131r Ermenice Dersi Veriliyor"}]},{"@type":"WebSite","@id":"https:\/\/akunq.net\/turkish\/#website","url":"https:\/\/akunq.net\/turkish\/","name":"Bati Ermenistan Ve Bati Ermenileri Sorunlari Ara\u015ftirmalar Merkezi","description":"","potentialAction":[{"@type":"SearchAction","target":{"@type":"EntryPoint","urlTemplate":"https:\/\/akunq.net\/turkish\/?s={search_term_string}"},"query-input":{"@type":"PropertyValueSpecification","valueRequired":true,"valueName":"search_term_string"}}],"inLanguage":"en-US"},{"@type":"Person","@id":"https:\/\/akunq.net\/turkish\/#\/schema\/person\/135e7923d1aeb8887890799619969a6c","name":"kalem","image":{"@type":"ImageObject","inLanguage":"en-US","@id":"https:\/\/secure.gravatar.com\/avatar\/a06875e4b25feb5674296adf8e8a7ae1e587cebce2493fe63c456109967e27d3?s=96&d=mm&r=g","url":"https:\/\/secure.gravatar.com\/avatar\/a06875e4b25feb5674296adf8e8a7ae1e587cebce2493fe63c456109967e27d3?s=96&d=mm&r=g","contentUrl":"https:\/\/secure.gravatar.com\/avatar\/a06875e4b25feb5674296adf8e8a7ae1e587cebce2493fe63c456109967e27d3?s=96&d=mm&r=g","caption":"kalem"},"url":"https:\/\/akunq.net\/turkish\/author\/kalem\/"}]}},"_links":{"self":[{"href":"https:\/\/akunq.net\/turkish\/wp-json\/wp\/v2\/posts\/330","targetHints":{"allow":["GET"]}}],"collection":[{"href":"https:\/\/akunq.net\/turkish\/wp-json\/wp\/v2\/posts"}],"about":[{"href":"https:\/\/akunq.net\/turkish\/wp-json\/wp\/v2\/types\/post"}],"author":[{"embeddable":true,"href":"https:\/\/akunq.net\/turkish\/wp-json\/wp\/v2\/users\/3"}],"replies":[{"embeddable":true,"href":"https:\/\/akunq.net\/turkish\/wp-json\/wp\/v2\/comments?post=330"}],"version-history":[{"count":0,"href":"https:\/\/akunq.net\/turkish\/wp-json\/wp\/v2\/posts\/330\/revisions"}],"wp:attachment":[{"href":"https:\/\/akunq.net\/turkish\/wp-json\/wp\/v2\/media?parent=330"}],"wp:term":[{"taxonomy":"category","embeddable":true,"href":"https:\/\/akunq.net\/turkish\/wp-json\/wp\/v2\/categories?post=330"},{"taxonomy":"post_tag","embeddable":true,"href":"https:\/\/akunq.net\/turkish\/wp-json\/wp\/v2\/tags?post=330"}],"curies":[{"name":"wp","href":"https:\/\/api.w.org\/{rel}","templated":true}]}}