{"id":3289,"date":"2010-12-15T01:19:41","date_gmt":"2010-12-15T06:19:41","guid":{"rendered":"http:\/\/akunq.net\/tr\/?p=3289"},"modified":"2010-12-15T01:19:41","modified_gmt":"2010-12-15T06:19:41","slug":"misirli-bilim-adami-ermeni-soykirimi-kurbanlari-mirascilarinin-turkiyeden-tazminat-talep-etmeye-haklari-var","status":"publish","type":"post","link":"https:\/\/akunq.net\/turkish\/2010\/12\/15\/misirli-bilim-adami-ermeni-soykirimi-kurbanlari-mirascilarinin-turkiyeden-tazminat-talep-etmeye-haklari-var\/","title":{"rendered":"M\u0131s\u0131rl\u0131 bilim adam\u0131: Ermeni Soyk\u0131r\u0131m\u0131 kurbanlar\u0131 miras\u00e7\u0131lar\u0131n\u0131n T\u00fcrkiye\u2019den tazminat talep etmeye haklar\u0131 var"},"content":{"rendered":"<p style=\"text-align: justify\">14 Aral\u0131k\u2019ta\u00a0 Erivan\u2019da \u00e7al\u0131\u015fmalar\u0131na ba\u015flayan \u2033Soyk\u0131r\u0131m su\u00e7u: Engellenmesi, k\u0131nanmas\u0131 ve sonu\u00e7lar\u0131\u2033 ba\u015fl\u0131kl\u0131 uluslararas\u0131 konferanstaki konu\u015fmas\u0131nda M\u0131s\u0131rl\u0131 bilim adam\u0131 Ahman Abgel Avi Salami \u2033Ermeni Soyk\u0131r\u0131m\u0131 kurbanlar\u0131 miras\u00e7\u0131lar\u0131n\u0131n T\u00fcrkiye\u2019den tazminat talep etmeye haklar\u0131 var\u2033 dedi.<\/p>\n<p style=\"text-align: justify\">Salami\u2019nin ifadesiyle T\u00fcrkiye Ermeni Soyk\u0131r\u0131m\u0131n\u0131 tan\u0131mak, sebep oldu\u011fu maddi zararlar\u0131 tazmin etmek ve benzeri bir su\u00e7 i\u015flemeyece\u011fine s\u00f6z vermek zorunda.<\/p>\n<p style=\"text-align: justify\">Bilim adam\u0131 s\u00f6zlerinde \u015funlar\u0131 da kaydetti: \u2033ABD, Fransa, Kanada da vatanda\u015f\u0131 olan soyk\u0131r\u0131mda kurban olanlar\u0131n akrabalar\u0131n\u0131n tazminatlar\u0131n\u0131 talep etmeli. Soyk\u0131r\u0131m cezai m\u00fceyideye tabidir ve zamn a\u015f\u0131m\u0131 s\u00fcresine sahip olamaz, bu konuda BM Deklerasyonunda da ifade edilmekte. Ancak halihaz\u0131rdaki siyasi durum, deklerasyonda ifade edilenlerin hyata ge\u00e7irilmesine engel oluyor.\u2033<\/p>\n<p style=\"text-align: justify\"><strong>Aral\u0131k 14, 2010 | 16:47\u00a0<\/strong><\/p>\n<p style=\"text-align: justify\">\u00a0<a href=\"http:\/\/news.am\/tur\/\">News from Armenia &#8211; NEWS.am<\/a><\/p>\n","protected":false},"excerpt":{"rendered":"<p>14 Aral\u0131k\u2019ta\u00a0 Erivan\u2019da \u00e7al\u0131\u015fmalar\u0131na ba\u015flayan \u2033Soyk\u0131r\u0131m su\u00e7u: Engellenmesi, k\u0131nanmas\u0131 ve sonu\u00e7lar\u0131\u2033 ba\u015fl\u0131kl\u0131 uluslararas\u0131 konferanstaki konu\u015fmas\u0131nda M\u0131s\u0131rl\u0131 bilim adam\u0131 Ahman Abgel Avi Salami \u2033Ermeni Soyk\u0131r\u0131m\u0131 kurbanlar\u0131 miras\u00e7\u0131lar\u0131n\u0131n T\u00fcrkiye\u2019den tazminat talep etmeye haklar\u0131 var\u2033 dedi. Salami\u2019nin ifadesiyle T\u00fcrkiye Ermeni Soyk\u0131r\u0131m\u0131n\u0131 tan\u0131mak, sebep oldu\u011fu maddi zararlar\u0131 tazmin etmek ve benzeri bir su\u00e7 i\u015flemeyece\u011fine s\u00f6z vermek zorunda. Bilim adam\u0131 [&hellip;]<\/p>\n","protected":false},"author":3,"featured_media":0,"comment_status":"open","ping_status":"open","sticky":false,"template":"","format":"standard","meta":{"footnotes":""},"categories":[6,14],"tags":[],"class_list":["post-3289","post","type-post","status-publish","format-standard","hentry","category-ermeni-soykirimi","category-haberler"],"yoast_head":"<!-- This site is optimized with the Yoast SEO plugin v26.6 - https:\/\/yoast.com\/wordpress\/plugins\/seo\/ -->\n<title>M\u0131s\u0131rl\u0131 bilim adam\u0131: Ermeni Soyk\u0131r\u0131m\u0131 kurbanlar\u0131 miras\u00e7\u0131lar\u0131n\u0131n T\u00fcrkiye\u2019den tazminat talep etmeye haklar\u0131 var - Bati Ermenistan Ve Bati Ermenileri Sorunlari Ara\u015ftirmalar Merkezi<\/title>\n<meta name=\"robots\" content=\"index, follow, max-snippet:-1, max-image-preview:large, max-video-preview:-1\" \/>\n<link rel=\"canonical\" href=\"https:\/\/akunq.net\/turkish\/2010\/12\/15\/misirli-bilim-adami-ermeni-soykirimi-kurbanlari-mirascilarinin-turkiyeden-tazminat-talep-etmeye-haklari-var\/\" \/>\n<meta property=\"og:locale\" content=\"en_US\" \/>\n<meta property=\"og:type\" content=\"article\" \/>\n<meta property=\"og:title\" content=\"M\u0131s\u0131rl\u0131 bilim adam\u0131: Ermeni Soyk\u0131r\u0131m\u0131 kurbanlar\u0131 miras\u00e7\u0131lar\u0131n\u0131n T\u00fcrkiye\u2019den tazminat talep etmeye haklar\u0131 var - Bati Ermenistan Ve Bati Ermenileri Sorunlari Ara\u015ftirmalar Merkezi\" \/>\n<meta property=\"og:description\" content=\"14 Aral\u0131k\u2019ta\u00a0 Erivan\u2019da \u00e7al\u0131\u015fmalar\u0131na ba\u015flayan \u2033Soyk\u0131r\u0131m su\u00e7u: Engellenmesi, k\u0131nanmas\u0131 ve sonu\u00e7lar\u0131\u2033 ba\u015fl\u0131kl\u0131 uluslararas\u0131 konferanstaki konu\u015fmas\u0131nda M\u0131s\u0131rl\u0131 bilim adam\u0131 Ahman Abgel Avi Salami \u2033Ermeni Soyk\u0131r\u0131m\u0131 kurbanlar\u0131 miras\u00e7\u0131lar\u0131n\u0131n T\u00fcrkiye\u2019den tazminat talep etmeye haklar\u0131 var\u2033 dedi. Salami\u2019nin ifadesiyle T\u00fcrkiye Ermeni Soyk\u0131r\u0131m\u0131n\u0131 tan\u0131mak, sebep oldu\u011fu maddi zararlar\u0131 tazmin etmek ve benzeri bir su\u00e7 i\u015flemeyece\u011fine s\u00f6z vermek zorunda. Bilim adam\u0131 [&hellip;]\" \/>\n<meta property=\"og:url\" content=\"https:\/\/akunq.net\/turkish\/2010\/12\/15\/misirli-bilim-adami-ermeni-soykirimi-kurbanlari-mirascilarinin-turkiyeden-tazminat-talep-etmeye-haklari-var\/\" \/>\n<meta property=\"og:site_name\" content=\"Bati Ermenistan Ve Bati Ermenileri Sorunlari Ara\u015ftirmalar Merkezi\" \/>\n<meta property=\"article:published_time\" content=\"2010-12-15T06:19:41+00:00\" \/>\n<meta name=\"author\" content=\"kalem\" \/>\n<meta name=\"twitter:card\" content=\"summary_large_image\" \/>\n<meta name=\"twitter:label1\" content=\"Written by\" \/>\n\t<meta name=\"twitter:data1\" content=\"kalem\" \/>\n\t<meta name=\"twitter:label2\" content=\"Est. reading time\" \/>\n\t<meta name=\"twitter:data2\" content=\"1 minute\" \/>\n<script type=\"application\/ld+json\" class=\"yoast-schema-graph\">{\"@context\":\"https:\/\/schema.org\",\"@graph\":[{\"@type\":\"WebPage\",\"@id\":\"https:\/\/akunq.net\/turkish\/2010\/12\/15\/misirli-bilim-adami-ermeni-soykirimi-kurbanlari-mirascilarinin-turkiyeden-tazminat-talep-etmeye-haklari-var\/\",\"url\":\"https:\/\/akunq.net\/turkish\/2010\/12\/15\/misirli-bilim-adami-ermeni-soykirimi-kurbanlari-mirascilarinin-turkiyeden-tazminat-talep-etmeye-haklari-var\/\",\"name\":\"M\u0131s\u0131rl\u0131 bilim adam\u0131: Ermeni Soyk\u0131r\u0131m\u0131 kurbanlar\u0131 miras\u00e7\u0131lar\u0131n\u0131n T\u00fcrkiye\u2019den tazminat talep etmeye haklar\u0131 var - Bati Ermenistan Ve Bati Ermenileri Sorunlari Ara\u015ftirmalar Merkezi\",\"isPartOf\":{\"@id\":\"https:\/\/akunq.net\/turkish\/#website\"},\"datePublished\":\"2010-12-15T06:19:41+00:00\",\"author\":{\"@id\":\"https:\/\/akunq.net\/turkish\/#\/schema\/person\/135e7923d1aeb8887890799619969a6c\"},\"breadcrumb\":{\"@id\":\"https:\/\/akunq.net\/turkish\/2010\/12\/15\/misirli-bilim-adami-ermeni-soykirimi-kurbanlari-mirascilarinin-turkiyeden-tazminat-talep-etmeye-haklari-var\/#breadcrumb\"},\"inLanguage\":\"en-US\",\"potentialAction\":[{\"@type\":\"ReadAction\",\"target\":[\"https:\/\/akunq.net\/turkish\/2010\/12\/15\/misirli-bilim-adami-ermeni-soykirimi-kurbanlari-mirascilarinin-turkiyeden-tazminat-talep-etmeye-haklari-var\/\"]}]},{\"@type\":\"BreadcrumbList\",\"@id\":\"https:\/\/akunq.net\/turkish\/2010\/12\/15\/misirli-bilim-adami-ermeni-soykirimi-kurbanlari-mirascilarinin-turkiyeden-tazminat-talep-etmeye-haklari-var\/#breadcrumb\",\"itemListElement\":[{\"@type\":\"ListItem\",\"position\":1,\"name\":\"Home\",\"item\":\"https:\/\/akunq.net\/turkish\/\"},{\"@type\":\"ListItem\",\"position\":2,\"name\":\"M\u0131s\u0131rl\u0131 bilim adam\u0131: Ermeni Soyk\u0131r\u0131m\u0131 kurbanlar\u0131 miras\u00e7\u0131lar\u0131n\u0131n T\u00fcrkiye\u2019den tazminat talep etmeye haklar\u0131 var\"}]},{\"@type\":\"WebSite\",\"@id\":\"https:\/\/akunq.net\/turkish\/#website\",\"url\":\"https:\/\/akunq.net\/turkish\/\",\"name\":\"Bati Ermenistan Ve Bati Ermenileri Sorunlari Ara\u015ftirmalar Merkezi\",\"description\":\"\",\"potentialAction\":[{\"@type\":\"SearchAction\",\"target\":{\"@type\":\"EntryPoint\",\"urlTemplate\":\"https:\/\/akunq.net\/turkish\/?s={search_term_string}\"},\"query-input\":{\"@type\":\"PropertyValueSpecification\",\"valueRequired\":true,\"valueName\":\"search_term_string\"}}],\"inLanguage\":\"en-US\"},{\"@type\":\"Person\",\"@id\":\"https:\/\/akunq.net\/turkish\/#\/schema\/person\/135e7923d1aeb8887890799619969a6c\",\"name\":\"kalem\",\"image\":{\"@type\":\"ImageObject\",\"inLanguage\":\"en-US\",\"@id\":\"https:\/\/akunq.net\/turkish\/#\/schema\/person\/image\/\",\"url\":\"https:\/\/secure.gravatar.com\/avatar\/a06875e4b25feb5674296adf8e8a7ae1e587cebce2493fe63c456109967e27d3?s=96&d=mm&r=g\",\"contentUrl\":\"https:\/\/secure.gravatar.com\/avatar\/a06875e4b25feb5674296adf8e8a7ae1e587cebce2493fe63c456109967e27d3?s=96&d=mm&r=g\",\"caption\":\"kalem\"},\"url\":\"https:\/\/akunq.net\/turkish\/author\/kalem\/\"}]}<\/script>\n<!-- \/ Yoast SEO plugin. -->","yoast_head_json":{"title":"M\u0131s\u0131rl\u0131 bilim adam\u0131: Ermeni Soyk\u0131r\u0131m\u0131 kurbanlar\u0131 miras\u00e7\u0131lar\u0131n\u0131n T\u00fcrkiye\u2019den tazminat talep etmeye haklar\u0131 var - Bati Ermenistan Ve Bati Ermenileri Sorunlari Ara\u015ftirmalar Merkezi","robots":{"index":"index","follow":"follow","max-snippet":"max-snippet:-1","max-image-preview":"max-image-preview:large","max-video-preview":"max-video-preview:-1"},"canonical":"https:\/\/akunq.net\/turkish\/2010\/12\/15\/misirli-bilim-adami-ermeni-soykirimi-kurbanlari-mirascilarinin-turkiyeden-tazminat-talep-etmeye-haklari-var\/","og_locale":"en_US","og_type":"article","og_title":"M\u0131s\u0131rl\u0131 bilim adam\u0131: Ermeni Soyk\u0131r\u0131m\u0131 kurbanlar\u0131 miras\u00e7\u0131lar\u0131n\u0131n T\u00fcrkiye\u2019den tazminat talep etmeye haklar\u0131 var - Bati Ermenistan Ve Bati Ermenileri Sorunlari Ara\u015ftirmalar Merkezi","og_description":"14 Aral\u0131k\u2019ta\u00a0 Erivan\u2019da \u00e7al\u0131\u015fmalar\u0131na ba\u015flayan \u2033Soyk\u0131r\u0131m su\u00e7u: Engellenmesi, k\u0131nanmas\u0131 ve sonu\u00e7lar\u0131\u2033 ba\u015fl\u0131kl\u0131 uluslararas\u0131 konferanstaki konu\u015fmas\u0131nda M\u0131s\u0131rl\u0131 bilim adam\u0131 Ahman Abgel Avi Salami \u2033Ermeni Soyk\u0131r\u0131m\u0131 kurbanlar\u0131 miras\u00e7\u0131lar\u0131n\u0131n T\u00fcrkiye\u2019den tazminat talep etmeye haklar\u0131 var\u2033 dedi. Salami\u2019nin ifadesiyle T\u00fcrkiye Ermeni Soyk\u0131r\u0131m\u0131n\u0131 tan\u0131mak, sebep oldu\u011fu maddi zararlar\u0131 tazmin etmek ve benzeri bir su\u00e7 i\u015flemeyece\u011fine s\u00f6z vermek zorunda. Bilim adam\u0131 [&hellip;]","og_url":"https:\/\/akunq.net\/turkish\/2010\/12\/15\/misirli-bilim-adami-ermeni-soykirimi-kurbanlari-mirascilarinin-turkiyeden-tazminat-talep-etmeye-haklari-var\/","og_site_name":"Bati Ermenistan Ve Bati Ermenileri Sorunlari Ara\u015ftirmalar Merkezi","article_published_time":"2010-12-15T06:19:41+00:00","author":"kalem","twitter_card":"summary_large_image","twitter_misc":{"Written by":"kalem","Est. reading time":"1 minute"},"schema":{"@context":"https:\/\/schema.org","@graph":[{"@type":"WebPage","@id":"https:\/\/akunq.net\/turkish\/2010\/12\/15\/misirli-bilim-adami-ermeni-soykirimi-kurbanlari-mirascilarinin-turkiyeden-tazminat-talep-etmeye-haklari-var\/","url":"https:\/\/akunq.net\/turkish\/2010\/12\/15\/misirli-bilim-adami-ermeni-soykirimi-kurbanlari-mirascilarinin-turkiyeden-tazminat-talep-etmeye-haklari-var\/","name":"M\u0131s\u0131rl\u0131 bilim adam\u0131: Ermeni Soyk\u0131r\u0131m\u0131 kurbanlar\u0131 miras\u00e7\u0131lar\u0131n\u0131n T\u00fcrkiye\u2019den tazminat talep etmeye haklar\u0131 var - Bati Ermenistan Ve Bati Ermenileri Sorunlari Ara\u015ftirmalar Merkezi","isPartOf":{"@id":"https:\/\/akunq.net\/turkish\/#website"},"datePublished":"2010-12-15T06:19:41+00:00","author":{"@id":"https:\/\/akunq.net\/turkish\/#\/schema\/person\/135e7923d1aeb8887890799619969a6c"},"breadcrumb":{"@id":"https:\/\/akunq.net\/turkish\/2010\/12\/15\/misirli-bilim-adami-ermeni-soykirimi-kurbanlari-mirascilarinin-turkiyeden-tazminat-talep-etmeye-haklari-var\/#breadcrumb"},"inLanguage":"en-US","potentialAction":[{"@type":"ReadAction","target":["https:\/\/akunq.net\/turkish\/2010\/12\/15\/misirli-bilim-adami-ermeni-soykirimi-kurbanlari-mirascilarinin-turkiyeden-tazminat-talep-etmeye-haklari-var\/"]}]},{"@type":"BreadcrumbList","@id":"https:\/\/akunq.net\/turkish\/2010\/12\/15\/misirli-bilim-adami-ermeni-soykirimi-kurbanlari-mirascilarinin-turkiyeden-tazminat-talep-etmeye-haklari-var\/#breadcrumb","itemListElement":[{"@type":"ListItem","position":1,"name":"Home","item":"https:\/\/akunq.net\/turkish\/"},{"@type":"ListItem","position":2,"name":"M\u0131s\u0131rl\u0131 bilim adam\u0131: Ermeni Soyk\u0131r\u0131m\u0131 kurbanlar\u0131 miras\u00e7\u0131lar\u0131n\u0131n T\u00fcrkiye\u2019den tazminat talep etmeye haklar\u0131 var"}]},{"@type":"WebSite","@id":"https:\/\/akunq.net\/turkish\/#website","url":"https:\/\/akunq.net\/turkish\/","name":"Bati Ermenistan Ve Bati Ermenileri Sorunlari Ara\u015ftirmalar Merkezi","description":"","potentialAction":[{"@type":"SearchAction","target":{"@type":"EntryPoint","urlTemplate":"https:\/\/akunq.net\/turkish\/?s={search_term_string}"},"query-input":{"@type":"PropertyValueSpecification","valueRequired":true,"valueName":"search_term_string"}}],"inLanguage":"en-US"},{"@type":"Person","@id":"https:\/\/akunq.net\/turkish\/#\/schema\/person\/135e7923d1aeb8887890799619969a6c","name":"kalem","image":{"@type":"ImageObject","inLanguage":"en-US","@id":"https:\/\/akunq.net\/turkish\/#\/schema\/person\/image\/","url":"https:\/\/secure.gravatar.com\/avatar\/a06875e4b25feb5674296adf8e8a7ae1e587cebce2493fe63c456109967e27d3?s=96&d=mm&r=g","contentUrl":"https:\/\/secure.gravatar.com\/avatar\/a06875e4b25feb5674296adf8e8a7ae1e587cebce2493fe63c456109967e27d3?s=96&d=mm&r=g","caption":"kalem"},"url":"https:\/\/akunq.net\/turkish\/author\/kalem\/"}]}},"_links":{"self":[{"href":"https:\/\/akunq.net\/turkish\/wp-json\/wp\/v2\/posts\/3289","targetHints":{"allow":["GET"]}}],"collection":[{"href":"https:\/\/akunq.net\/turkish\/wp-json\/wp\/v2\/posts"}],"about":[{"href":"https:\/\/akunq.net\/turkish\/wp-json\/wp\/v2\/types\/post"}],"author":[{"embeddable":true,"href":"https:\/\/akunq.net\/turkish\/wp-json\/wp\/v2\/users\/3"}],"replies":[{"embeddable":true,"href":"https:\/\/akunq.net\/turkish\/wp-json\/wp\/v2\/comments?post=3289"}],"version-history":[{"count":0,"href":"https:\/\/akunq.net\/turkish\/wp-json\/wp\/v2\/posts\/3289\/revisions"}],"wp:attachment":[{"href":"https:\/\/akunq.net\/turkish\/wp-json\/wp\/v2\/media?parent=3289"}],"wp:term":[{"taxonomy":"category","embeddable":true,"href":"https:\/\/akunq.net\/turkish\/wp-json\/wp\/v2\/categories?post=3289"},{"taxonomy":"post_tag","embeddable":true,"href":"https:\/\/akunq.net\/turkish\/wp-json\/wp\/v2\/tags?post=3289"}],"curies":[{"name":"wp","href":"https:\/\/api.w.org\/{rel}","templated":true}]}}