{"id":3277,"date":"2010-12-14T02:53:43","date_gmt":"2010-12-14T07:53:43","guid":{"rendered":"http:\/\/akunq.net\/tr\/?p=3277"},"modified":"2010-12-14T02:53:43","modified_gmt":"2010-12-14T07:53:43","slug":"taner-akcam-erivana-geliyor","status":"publish","type":"post","link":"https:\/\/akunq.net\/turkish\/2010\/12\/14\/taner-akcam-erivana-geliyor\/","title":{"rendered":"Taner Ak\u00e7am Erivan\u2019a geliyor"},"content":{"rendered":"<p style=\"text-align: justify\"><a rel=\"attachment wp-att-3279\" href=\"http:\/\/akunq.net\/tr\/?attachment_id=3279\"><img loading=\"lazy\" decoding=\"async\" class=\"alignleft size-full wp-image-3279\" title=\"Taner Akcam\" src=\"http:\/\/akunq.net\/tr\/wp-content\/uploads\/2010\/12\/Taner-Akcam.jpg\" alt=\"\" width=\"307\" height=\"210\" srcset=\"https:\/\/akunq.net\/turkish\/wp-content\/uploads\/sites\/5\/2010\/12\/Taner-Akcam.jpg 307w, https:\/\/akunq.net\/turkish\/wp-content\/uploads\/sites\/5\/2010\/12\/Taner-Akcam-300x205.jpg 300w\" sizes=\"auto, (max-width: 307px) 100vw, 307px\" \/><\/a>14-15 Aral\u0131k 2010 tarihleri aras\u0131nda Erivan\u2019da Ermeni Soyk\u0131r\u0131m\u0131 ve Birle\u015fmi\u015f Milletler\u2019in (BM) 1948 tarihli Soyk\u0131r\u0131m\u0131n \u00d6nlenmesi ve Cezaland\u0131r\u0131lmas\u0131 S\u00f6zle\u015fmesi ile ilgili bir konferans d\u00fczenlenecek.<\/p>\n<p style=\"text-align: justify\">Ermenistan D\u0131\u015fi\u015fleri Bakanl\u0131\u011f\u0131 taraf\u0131ndan d\u00fczenlenecek \u201cSoyk\u0131r\u0131m su\u00e7unun \u00f6nlenmesi, cezaland\u0131r\u0131lmas\u0131 ve sonu\u00e7lar\u0131n\u0131n ortadan kald\u0131r\u0131lmas\u0131\u201d konulu konferansa 20 \u00fclkeden akademisyenler ve soyk\u0131r\u0131m uzmanlar\u0131 kat\u0131lacak. Konferansa \u00fcnl\u00fc T\u00fcrk tarih\u00e7i Taner Ak\u00e7am da kat\u0131lacak.<\/p>\n<p style=\"text-align: justify\">Konferansta Ermenistan Cumhurba\u015fkan\u0131 Serj Sarkisyan ile D\u0131\u015fi\u015fleri Bakan\u0131 Edvard Nalbandyan birer konu\u015fma yapacak.<\/p>\n<p style=\"text-align: justify\">\u00a0<strong>21:07 \u2022 13.12.10<\/strong><\/p>\n","protected":false},"excerpt":{"rendered":"<p>14-15 Aral\u0131k 2010 tarihleri aras\u0131nda Erivan\u2019da Ermeni Soyk\u0131r\u0131m\u0131 ve Birle\u015fmi\u015f Milletler\u2019in (BM) 1948 tarihli Soyk\u0131r\u0131m\u0131n \u00d6nlenmesi ve Cezaland\u0131r\u0131lmas\u0131 S\u00f6zle\u015fmesi ile ilgili bir konferans d\u00fczenlenecek. Ermenistan D\u0131\u015fi\u015fleri Bakanl\u0131\u011f\u0131 taraf\u0131ndan d\u00fczenlenecek \u201cSoyk\u0131r\u0131m su\u00e7unun \u00f6nlenmesi, cezaland\u0131r\u0131lmas\u0131 ve sonu\u00e7lar\u0131n\u0131n ortadan kald\u0131r\u0131lmas\u0131\u201d konulu konferansa 20 \u00fclkeden akademisyenler ve soyk\u0131r\u0131m uzmanlar\u0131 kat\u0131lacak. Konferansa \u00fcnl\u00fc T\u00fcrk tarih\u00e7i Taner Ak\u00e7am da kat\u0131lacak. Konferansta [&hellip;]<\/p>\n","protected":false},"author":3,"featured_media":0,"comment_status":"open","ping_status":"open","sticky":false,"template":"","format":"standard","meta":{"footnotes":""},"categories":[14],"tags":[],"class_list":["post-3277","post","type-post","status-publish","format-standard","hentry","category-haberler"],"yoast_head":"<!-- This site is optimized with the Yoast SEO plugin v26.6 - https:\/\/yoast.com\/wordpress\/plugins\/seo\/ -->\n<title>Taner Ak\u00e7am Erivan\u2019a geliyor - Bati Ermenistan Ve Bati Ermenileri Sorunlari Ara\u015ftirmalar Merkezi<\/title>\n<meta name=\"robots\" content=\"index, follow, max-snippet:-1, max-image-preview:large, max-video-preview:-1\" \/>\n<link rel=\"canonical\" href=\"https:\/\/akunq.net\/turkish\/2010\/12\/14\/taner-akcam-erivana-geliyor\/\" \/>\n<meta property=\"og:locale\" content=\"en_US\" \/>\n<meta property=\"og:type\" content=\"article\" \/>\n<meta property=\"og:title\" content=\"Taner Ak\u00e7am Erivan\u2019a geliyor - Bati Ermenistan Ve Bati Ermenileri Sorunlari Ara\u015ftirmalar Merkezi\" \/>\n<meta property=\"og:description\" content=\"14-15 Aral\u0131k 2010 tarihleri aras\u0131nda Erivan\u2019da Ermeni Soyk\u0131r\u0131m\u0131 ve Birle\u015fmi\u015f Milletler\u2019in (BM) 1948 tarihli Soyk\u0131r\u0131m\u0131n \u00d6nlenmesi ve Cezaland\u0131r\u0131lmas\u0131 S\u00f6zle\u015fmesi ile ilgili bir konferans d\u00fczenlenecek. Ermenistan D\u0131\u015fi\u015fleri Bakanl\u0131\u011f\u0131 taraf\u0131ndan d\u00fczenlenecek \u201cSoyk\u0131r\u0131m su\u00e7unun \u00f6nlenmesi, cezaland\u0131r\u0131lmas\u0131 ve sonu\u00e7lar\u0131n\u0131n ortadan kald\u0131r\u0131lmas\u0131\u201d konulu konferansa 20 \u00fclkeden akademisyenler ve soyk\u0131r\u0131m uzmanlar\u0131 kat\u0131lacak. Konferansa \u00fcnl\u00fc T\u00fcrk tarih\u00e7i Taner Ak\u00e7am da kat\u0131lacak. Konferansta [&hellip;]\" \/>\n<meta property=\"og:url\" content=\"https:\/\/akunq.net\/turkish\/2010\/12\/14\/taner-akcam-erivana-geliyor\/\" \/>\n<meta property=\"og:site_name\" content=\"Bati Ermenistan Ve Bati Ermenileri Sorunlari Ara\u015ftirmalar Merkezi\" \/>\n<meta property=\"article:published_time\" content=\"2010-12-14T07:53:43+00:00\" \/>\n<meta property=\"og:image\" content=\"https:\/\/akunq.net\/turkish\/wp-content\/uploads\/sites\/5\/2010\/12\/Taner-Akcam.jpg\" \/>\n\t<meta property=\"og:image:width\" content=\"307\" \/>\n\t<meta property=\"og:image:height\" content=\"210\" \/>\n\t<meta property=\"og:image:type\" content=\"image\/jpeg\" \/>\n<meta name=\"author\" content=\"kalem\" \/>\n<meta name=\"twitter:card\" content=\"summary_large_image\" \/>\n<meta name=\"twitter:label1\" content=\"Written by\" \/>\n\t<meta name=\"twitter:data1\" content=\"kalem\" \/>\n\t<meta name=\"twitter:label2\" content=\"Est. reading time\" \/>\n\t<meta name=\"twitter:data2\" content=\"1 minute\" \/>\n<script type=\"application\/ld+json\" class=\"yoast-schema-graph\">{\"@context\":\"https:\/\/schema.org\",\"@graph\":[{\"@type\":\"WebPage\",\"@id\":\"https:\/\/akunq.net\/turkish\/2010\/12\/14\/taner-akcam-erivana-geliyor\/\",\"url\":\"https:\/\/akunq.net\/turkish\/2010\/12\/14\/taner-akcam-erivana-geliyor\/\",\"name\":\"Taner Ak\u00e7am Erivan\u2019a geliyor - Bati Ermenistan Ve Bati Ermenileri Sorunlari Ara\u015ftirmalar Merkezi\",\"isPartOf\":{\"@id\":\"https:\/\/akunq.net\/turkish\/#website\"},\"primaryImageOfPage\":{\"@id\":\"https:\/\/akunq.net\/turkish\/2010\/12\/14\/taner-akcam-erivana-geliyor\/#primaryimage\"},\"image\":{\"@id\":\"https:\/\/akunq.net\/turkish\/2010\/12\/14\/taner-akcam-erivana-geliyor\/#primaryimage\"},\"thumbnailUrl\":\"http:\/\/akunq.net\/tr\/wp-content\/uploads\/2010\/12\/Taner-Akcam.jpg\",\"datePublished\":\"2010-12-14T07:53:43+00:00\",\"author\":{\"@id\":\"https:\/\/akunq.net\/turkish\/#\/schema\/person\/135e7923d1aeb8887890799619969a6c\"},\"breadcrumb\":{\"@id\":\"https:\/\/akunq.net\/turkish\/2010\/12\/14\/taner-akcam-erivana-geliyor\/#breadcrumb\"},\"inLanguage\":\"en-US\",\"potentialAction\":[{\"@type\":\"ReadAction\",\"target\":[\"https:\/\/akunq.net\/turkish\/2010\/12\/14\/taner-akcam-erivana-geliyor\/\"]}]},{\"@type\":\"ImageObject\",\"inLanguage\":\"en-US\",\"@id\":\"https:\/\/akunq.net\/turkish\/2010\/12\/14\/taner-akcam-erivana-geliyor\/#primaryimage\",\"url\":\"http:\/\/akunq.net\/tr\/wp-content\/uploads\/2010\/12\/Taner-Akcam.jpg\",\"contentUrl\":\"http:\/\/akunq.net\/tr\/wp-content\/uploads\/2010\/12\/Taner-Akcam.jpg\"},{\"@type\":\"BreadcrumbList\",\"@id\":\"https:\/\/akunq.net\/turkish\/2010\/12\/14\/taner-akcam-erivana-geliyor\/#breadcrumb\",\"itemListElement\":[{\"@type\":\"ListItem\",\"position\":1,\"name\":\"Home\",\"item\":\"https:\/\/akunq.net\/turkish\/\"},{\"@type\":\"ListItem\",\"position\":2,\"name\":\"Taner Ak\u00e7am Erivan\u2019a geliyor\"}]},{\"@type\":\"WebSite\",\"@id\":\"https:\/\/akunq.net\/turkish\/#website\",\"url\":\"https:\/\/akunq.net\/turkish\/\",\"name\":\"Bati Ermenistan Ve Bati Ermenileri Sorunlari Ara\u015ftirmalar Merkezi\",\"description\":\"\",\"potentialAction\":[{\"@type\":\"SearchAction\",\"target\":{\"@type\":\"EntryPoint\",\"urlTemplate\":\"https:\/\/akunq.net\/turkish\/?s={search_term_string}\"},\"query-input\":{\"@type\":\"PropertyValueSpecification\",\"valueRequired\":true,\"valueName\":\"search_term_string\"}}],\"inLanguage\":\"en-US\"},{\"@type\":\"Person\",\"@id\":\"https:\/\/akunq.net\/turkish\/#\/schema\/person\/135e7923d1aeb8887890799619969a6c\",\"name\":\"kalem\",\"image\":{\"@type\":\"ImageObject\",\"inLanguage\":\"en-US\",\"@id\":\"https:\/\/akunq.net\/turkish\/#\/schema\/person\/image\/\",\"url\":\"https:\/\/secure.gravatar.com\/avatar\/a06875e4b25feb5674296adf8e8a7ae1e587cebce2493fe63c456109967e27d3?s=96&d=mm&r=g\",\"contentUrl\":\"https:\/\/secure.gravatar.com\/avatar\/a06875e4b25feb5674296adf8e8a7ae1e587cebce2493fe63c456109967e27d3?s=96&d=mm&r=g\",\"caption\":\"kalem\"},\"url\":\"https:\/\/akunq.net\/turkish\/author\/kalem\/\"}]}<\/script>\n<!-- \/ Yoast SEO plugin. -->","yoast_head_json":{"title":"Taner Ak\u00e7am Erivan\u2019a geliyor - Bati Ermenistan Ve Bati Ermenileri Sorunlari Ara\u015ftirmalar Merkezi","robots":{"index":"index","follow":"follow","max-snippet":"max-snippet:-1","max-image-preview":"max-image-preview:large","max-video-preview":"max-video-preview:-1"},"canonical":"https:\/\/akunq.net\/turkish\/2010\/12\/14\/taner-akcam-erivana-geliyor\/","og_locale":"en_US","og_type":"article","og_title":"Taner Ak\u00e7am Erivan\u2019a geliyor - Bati Ermenistan Ve Bati Ermenileri Sorunlari Ara\u015ftirmalar Merkezi","og_description":"14-15 Aral\u0131k 2010 tarihleri aras\u0131nda Erivan\u2019da Ermeni Soyk\u0131r\u0131m\u0131 ve Birle\u015fmi\u015f Milletler\u2019in (BM) 1948 tarihli Soyk\u0131r\u0131m\u0131n \u00d6nlenmesi ve Cezaland\u0131r\u0131lmas\u0131 S\u00f6zle\u015fmesi ile ilgili bir konferans d\u00fczenlenecek. Ermenistan D\u0131\u015fi\u015fleri Bakanl\u0131\u011f\u0131 taraf\u0131ndan d\u00fczenlenecek \u201cSoyk\u0131r\u0131m su\u00e7unun \u00f6nlenmesi, cezaland\u0131r\u0131lmas\u0131 ve sonu\u00e7lar\u0131n\u0131n ortadan kald\u0131r\u0131lmas\u0131\u201d konulu konferansa 20 \u00fclkeden akademisyenler ve soyk\u0131r\u0131m uzmanlar\u0131 kat\u0131lacak. Konferansa \u00fcnl\u00fc T\u00fcrk tarih\u00e7i Taner Ak\u00e7am da kat\u0131lacak. Konferansta [&hellip;]","og_url":"https:\/\/akunq.net\/turkish\/2010\/12\/14\/taner-akcam-erivana-geliyor\/","og_site_name":"Bati Ermenistan Ve Bati Ermenileri Sorunlari Ara\u015ftirmalar Merkezi","article_published_time":"2010-12-14T07:53:43+00:00","og_image":[{"width":307,"height":210,"url":"https:\/\/akunq.net\/turkish\/wp-content\/uploads\/sites\/5\/2010\/12\/Taner-Akcam.jpg","type":"image\/jpeg"}],"author":"kalem","twitter_card":"summary_large_image","twitter_misc":{"Written by":"kalem","Est. reading time":"1 minute"},"schema":{"@context":"https:\/\/schema.org","@graph":[{"@type":"WebPage","@id":"https:\/\/akunq.net\/turkish\/2010\/12\/14\/taner-akcam-erivana-geliyor\/","url":"https:\/\/akunq.net\/turkish\/2010\/12\/14\/taner-akcam-erivana-geliyor\/","name":"Taner Ak\u00e7am Erivan\u2019a geliyor - Bati Ermenistan Ve Bati Ermenileri Sorunlari Ara\u015ftirmalar Merkezi","isPartOf":{"@id":"https:\/\/akunq.net\/turkish\/#website"},"primaryImageOfPage":{"@id":"https:\/\/akunq.net\/turkish\/2010\/12\/14\/taner-akcam-erivana-geliyor\/#primaryimage"},"image":{"@id":"https:\/\/akunq.net\/turkish\/2010\/12\/14\/taner-akcam-erivana-geliyor\/#primaryimage"},"thumbnailUrl":"http:\/\/akunq.net\/tr\/wp-content\/uploads\/2010\/12\/Taner-Akcam.jpg","datePublished":"2010-12-14T07:53:43+00:00","author":{"@id":"https:\/\/akunq.net\/turkish\/#\/schema\/person\/135e7923d1aeb8887890799619969a6c"},"breadcrumb":{"@id":"https:\/\/akunq.net\/turkish\/2010\/12\/14\/taner-akcam-erivana-geliyor\/#breadcrumb"},"inLanguage":"en-US","potentialAction":[{"@type":"ReadAction","target":["https:\/\/akunq.net\/turkish\/2010\/12\/14\/taner-akcam-erivana-geliyor\/"]}]},{"@type":"ImageObject","inLanguage":"en-US","@id":"https:\/\/akunq.net\/turkish\/2010\/12\/14\/taner-akcam-erivana-geliyor\/#primaryimage","url":"http:\/\/akunq.net\/tr\/wp-content\/uploads\/2010\/12\/Taner-Akcam.jpg","contentUrl":"http:\/\/akunq.net\/tr\/wp-content\/uploads\/2010\/12\/Taner-Akcam.jpg"},{"@type":"BreadcrumbList","@id":"https:\/\/akunq.net\/turkish\/2010\/12\/14\/taner-akcam-erivana-geliyor\/#breadcrumb","itemListElement":[{"@type":"ListItem","position":1,"name":"Home","item":"https:\/\/akunq.net\/turkish\/"},{"@type":"ListItem","position":2,"name":"Taner Ak\u00e7am Erivan\u2019a geliyor"}]},{"@type":"WebSite","@id":"https:\/\/akunq.net\/turkish\/#website","url":"https:\/\/akunq.net\/turkish\/","name":"Bati Ermenistan Ve Bati Ermenileri Sorunlari Ara\u015ftirmalar Merkezi","description":"","potentialAction":[{"@type":"SearchAction","target":{"@type":"EntryPoint","urlTemplate":"https:\/\/akunq.net\/turkish\/?s={search_term_string}"},"query-input":{"@type":"PropertyValueSpecification","valueRequired":true,"valueName":"search_term_string"}}],"inLanguage":"en-US"},{"@type":"Person","@id":"https:\/\/akunq.net\/turkish\/#\/schema\/person\/135e7923d1aeb8887890799619969a6c","name":"kalem","image":{"@type":"ImageObject","inLanguage":"en-US","@id":"https:\/\/akunq.net\/turkish\/#\/schema\/person\/image\/","url":"https:\/\/secure.gravatar.com\/avatar\/a06875e4b25feb5674296adf8e8a7ae1e587cebce2493fe63c456109967e27d3?s=96&d=mm&r=g","contentUrl":"https:\/\/secure.gravatar.com\/avatar\/a06875e4b25feb5674296adf8e8a7ae1e587cebce2493fe63c456109967e27d3?s=96&d=mm&r=g","caption":"kalem"},"url":"https:\/\/akunq.net\/turkish\/author\/kalem\/"}]}},"_links":{"self":[{"href":"https:\/\/akunq.net\/turkish\/wp-json\/wp\/v2\/posts\/3277","targetHints":{"allow":["GET"]}}],"collection":[{"href":"https:\/\/akunq.net\/turkish\/wp-json\/wp\/v2\/posts"}],"about":[{"href":"https:\/\/akunq.net\/turkish\/wp-json\/wp\/v2\/types\/post"}],"author":[{"embeddable":true,"href":"https:\/\/akunq.net\/turkish\/wp-json\/wp\/v2\/users\/3"}],"replies":[{"embeddable":true,"href":"https:\/\/akunq.net\/turkish\/wp-json\/wp\/v2\/comments?post=3277"}],"version-history":[{"count":0,"href":"https:\/\/akunq.net\/turkish\/wp-json\/wp\/v2\/posts\/3277\/revisions"}],"wp:attachment":[{"href":"https:\/\/akunq.net\/turkish\/wp-json\/wp\/v2\/media?parent=3277"}],"wp:term":[{"taxonomy":"category","embeddable":true,"href":"https:\/\/akunq.net\/turkish\/wp-json\/wp\/v2\/categories?post=3277"},{"taxonomy":"post_tag","embeddable":true,"href":"https:\/\/akunq.net\/turkish\/wp-json\/wp\/v2\/tags?post=3277"}],"curies":[{"name":"wp","href":"https:\/\/api.w.org\/{rel}","templated":true}]}}