{"id":3262,"date":"2010-12-13T05:15:03","date_gmt":"2010-12-13T10:15:03","guid":{"rendered":"http:\/\/akunq.net\/tr\/?p=3262"},"modified":"2010-12-13T05:15:03","modified_gmt":"2010-12-13T10:15:03","slug":"erivanda-soykirima-yonelik-uluslararasi-bir-konferans-gerceklestirilecek","status":"publish","type":"post","link":"https:\/\/akunq.net\/turkish\/2010\/12\/13\/erivanda-soykirima-yonelik-uluslararasi-bir-konferans-gerceklestirilecek\/","title":{"rendered":"Erivan\u2019da Soyk\u0131r\u0131ma y\u00f6nelik uluslararas\u0131 bir konferans ger\u00e7ekle\u015ftirilecek"},"content":{"rendered":"<p style=\"text-align: justify\">14-15 Aral\u0131k tarihlerinde Erivan\u2019da \u2033Soyk\u0131r\u0131m Su\u00e7u, Engellenmesi, K\u0131nanmas\u0131 ve Sonu\u00e7lar\u0131\u2033 ba\u015fl\u0131kl\u0131 uluslararas\u0131 bir konferans ger\u00e7ekle\u015ftirilecek.<\/p>\n<p style=\"text-align: justify\">Ermenistan D\u0131\u015fi\u015fleri bakanl\u0131\u011f\u0131 bas\u0131n servisinden <a href=\"http:\/\/news.am\/\">NEWS.am<\/a>\u2019e verilen bilgiye g\u00f6re; konferans Soyk\u0131r\u0131m su\u00e7unun\u00a0 engellenmesi ve cezaland\u0131r\u0131lmas\u0131na ili\u015fkin BM Konvansiyonunun kabul\u00fc vesilesiyle d\u00fczenlenmekte. Konferansa aralar\u0131nda Yves Ternon, Leandro Despui, Israel Charny, William Shabas, Taner Ak\u00e7am, Tessa Hoffman, Frank Chok gibi soyk\u0131r\u0131m alan\u0131nda uluslararas\u0131 tan\u0131nm\u0131\u015f uzmanlar dahil olmak \u00fczere 20 \u00fclkeden bilim adamlar\u0131 kat\u0131lmakta.<\/p>\n<p style=\"text-align: justify\">Uluslararas\u0131 konferans Ermenistan Cumhurba\u015fkan\u0131 Serj Sarkisyan ve D\u0131\u015fi\u015fleri Bakan\u0131 Edward Nalbandyan\u2019\u0131n a\u00e7\u0131l\u0131\u015f konu\u015fmalar\u0131 sonras\u0131nda \u00e7al\u0131\u015fmalar\u0131na ba\u015flayacak.<\/p>\n<p style=\"text-align: justify\">Bilim adamlar\u0131 Tsitsernakaberd Soyk\u0131r\u0131m An\u0131t Kompleksini de ziyaret edecek ve \u2033Hat\u0131ra Korulu\u011fu\u2033na \u00e7am a\u011fac\u0131\u00a0 (15 Aral\u0131k saat 08:30\u2019da) dikecekler. Konferans \u00e7al\u0131\u015fmalar\u0131 15 Aral\u0131k saat 12:30\u2019da D\u0131\u015fi\u015fleri Bakan\u0131 Edward Nalbandyan\u2019\u0131n kapan\u0131\u015f konu\u015fmas\u0131yla sona erecek.<\/p>\n<p style=\"text-align: justify\">\u00a0<\/p>\n<p style=\"text-align: justify\"><a href=\"http:\/\/news.am\/tur\/\"><strong><em>News from Armenia &#8211; NEWS.am<\/em><\/strong><\/a><strong><em> <\/em><\/strong><\/p>\n","protected":false},"excerpt":{"rendered":"<p>14-15 Aral\u0131k tarihlerinde Erivan\u2019da \u2033Soyk\u0131r\u0131m Su\u00e7u, Engellenmesi, K\u0131nanmas\u0131 ve Sonu\u00e7lar\u0131\u2033 ba\u015fl\u0131kl\u0131 uluslararas\u0131 bir konferans ger\u00e7ekle\u015ftirilecek. Ermenistan D\u0131\u015fi\u015fleri bakanl\u0131\u011f\u0131 bas\u0131n servisinden NEWS.am\u2019e verilen bilgiye g\u00f6re; konferans Soyk\u0131r\u0131m su\u00e7unun\u00a0 engellenmesi ve cezaland\u0131r\u0131lmas\u0131na ili\u015fkin BM Konvansiyonunun kabul\u00fc vesilesiyle d\u00fczenlenmekte. Konferansa aralar\u0131nda Yves Ternon, Leandro Despui, Israel Charny, William Shabas, Taner Ak\u00e7am, Tessa Hoffman, Frank Chok gibi soyk\u0131r\u0131m alan\u0131nda [&hellip;]<\/p>\n","protected":false},"author":3,"featured_media":0,"comment_status":"open","ping_status":"open","sticky":false,"template":"","format":"standard","meta":{"footnotes":""},"categories":[14],"tags":[],"class_list":["post-3262","post","type-post","status-publish","format-standard","hentry","category-haberler"],"yoast_head":"<!-- This site is optimized with the Yoast SEO plugin v26.6 - https:\/\/yoast.com\/wordpress\/plugins\/seo\/ -->\n<title>Erivan\u2019da Soyk\u0131r\u0131ma y\u00f6nelik uluslararas\u0131 bir konferans ger\u00e7ekle\u015ftirilecek - Bati Ermenistan Ve Bati Ermenileri Sorunlari Ara\u015ftirmalar Merkezi<\/title>\n<meta name=\"robots\" content=\"index, follow, max-snippet:-1, max-image-preview:large, max-video-preview:-1\" \/>\n<link rel=\"canonical\" href=\"https:\/\/akunq.net\/turkish\/2010\/12\/13\/erivanda-soykirima-yonelik-uluslararasi-bir-konferans-gerceklestirilecek\/\" \/>\n<meta property=\"og:locale\" content=\"en_US\" \/>\n<meta property=\"og:type\" content=\"article\" \/>\n<meta property=\"og:title\" content=\"Erivan\u2019da Soyk\u0131r\u0131ma y\u00f6nelik uluslararas\u0131 bir konferans ger\u00e7ekle\u015ftirilecek - Bati Ermenistan Ve Bati Ermenileri Sorunlari Ara\u015ftirmalar Merkezi\" \/>\n<meta property=\"og:description\" content=\"14-15 Aral\u0131k tarihlerinde Erivan\u2019da \u2033Soyk\u0131r\u0131m Su\u00e7u, Engellenmesi, K\u0131nanmas\u0131 ve Sonu\u00e7lar\u0131\u2033 ba\u015fl\u0131kl\u0131 uluslararas\u0131 bir konferans ger\u00e7ekle\u015ftirilecek. Ermenistan D\u0131\u015fi\u015fleri bakanl\u0131\u011f\u0131 bas\u0131n servisinden NEWS.am\u2019e verilen bilgiye g\u00f6re; konferans Soyk\u0131r\u0131m su\u00e7unun\u00a0 engellenmesi ve cezaland\u0131r\u0131lmas\u0131na ili\u015fkin BM Konvansiyonunun kabul\u00fc vesilesiyle d\u00fczenlenmekte. Konferansa aralar\u0131nda Yves Ternon, Leandro Despui, Israel Charny, William Shabas, Taner Ak\u00e7am, Tessa Hoffman, Frank Chok gibi soyk\u0131r\u0131m alan\u0131nda [&hellip;]\" \/>\n<meta property=\"og:url\" content=\"https:\/\/akunq.net\/turkish\/2010\/12\/13\/erivanda-soykirima-yonelik-uluslararasi-bir-konferans-gerceklestirilecek\/\" \/>\n<meta property=\"og:site_name\" content=\"Bati Ermenistan Ve Bati Ermenileri Sorunlari Ara\u015ftirmalar Merkezi\" \/>\n<meta property=\"article:published_time\" content=\"2010-12-13T10:15:03+00:00\" \/>\n<meta name=\"author\" content=\"kalem\" \/>\n<meta name=\"twitter:card\" content=\"summary_large_image\" \/>\n<meta name=\"twitter:label1\" content=\"Written by\" \/>\n\t<meta name=\"twitter:data1\" content=\"kalem\" \/>\n\t<meta name=\"twitter:label2\" content=\"Est. reading time\" \/>\n\t<meta name=\"twitter:data2\" content=\"1 minute\" \/>\n<script type=\"application\/ld+json\" class=\"yoast-schema-graph\">{\"@context\":\"https:\/\/schema.org\",\"@graph\":[{\"@type\":\"WebPage\",\"@id\":\"https:\/\/akunq.net\/turkish\/2010\/12\/13\/erivanda-soykirima-yonelik-uluslararasi-bir-konferans-gerceklestirilecek\/\",\"url\":\"https:\/\/akunq.net\/turkish\/2010\/12\/13\/erivanda-soykirima-yonelik-uluslararasi-bir-konferans-gerceklestirilecek\/\",\"name\":\"Erivan\u2019da Soyk\u0131r\u0131ma y\u00f6nelik uluslararas\u0131 bir konferans ger\u00e7ekle\u015ftirilecek - Bati Ermenistan Ve Bati Ermenileri Sorunlari Ara\u015ftirmalar Merkezi\",\"isPartOf\":{\"@id\":\"https:\/\/akunq.net\/turkish\/#website\"},\"datePublished\":\"2010-12-13T10:15:03+00:00\",\"author\":{\"@id\":\"https:\/\/akunq.net\/turkish\/#\/schema\/person\/135e7923d1aeb8887890799619969a6c\"},\"breadcrumb\":{\"@id\":\"https:\/\/akunq.net\/turkish\/2010\/12\/13\/erivanda-soykirima-yonelik-uluslararasi-bir-konferans-gerceklestirilecek\/#breadcrumb\"},\"inLanguage\":\"en-US\",\"potentialAction\":[{\"@type\":\"ReadAction\",\"target\":[\"https:\/\/akunq.net\/turkish\/2010\/12\/13\/erivanda-soykirima-yonelik-uluslararasi-bir-konferans-gerceklestirilecek\/\"]}]},{\"@type\":\"BreadcrumbList\",\"@id\":\"https:\/\/akunq.net\/turkish\/2010\/12\/13\/erivanda-soykirima-yonelik-uluslararasi-bir-konferans-gerceklestirilecek\/#breadcrumb\",\"itemListElement\":[{\"@type\":\"ListItem\",\"position\":1,\"name\":\"Home\",\"item\":\"https:\/\/akunq.net\/turkish\/\"},{\"@type\":\"ListItem\",\"position\":2,\"name\":\"Erivan\u2019da Soyk\u0131r\u0131ma y\u00f6nelik uluslararas\u0131 bir konferans ger\u00e7ekle\u015ftirilecek\"}]},{\"@type\":\"WebSite\",\"@id\":\"https:\/\/akunq.net\/turkish\/#website\",\"url\":\"https:\/\/akunq.net\/turkish\/\",\"name\":\"Bati Ermenistan Ve Bati Ermenileri Sorunlari Ara\u015ftirmalar Merkezi\",\"description\":\"\",\"potentialAction\":[{\"@type\":\"SearchAction\",\"target\":{\"@type\":\"EntryPoint\",\"urlTemplate\":\"https:\/\/akunq.net\/turkish\/?s={search_term_string}\"},\"query-input\":{\"@type\":\"PropertyValueSpecification\",\"valueRequired\":true,\"valueName\":\"search_term_string\"}}],\"inLanguage\":\"en-US\"},{\"@type\":\"Person\",\"@id\":\"https:\/\/akunq.net\/turkish\/#\/schema\/person\/135e7923d1aeb8887890799619969a6c\",\"name\":\"kalem\",\"image\":{\"@type\":\"ImageObject\",\"inLanguage\":\"en-US\",\"@id\":\"https:\/\/akunq.net\/turkish\/#\/schema\/person\/image\/\",\"url\":\"https:\/\/secure.gravatar.com\/avatar\/a06875e4b25feb5674296adf8e8a7ae1e587cebce2493fe63c456109967e27d3?s=96&d=mm&r=g\",\"contentUrl\":\"https:\/\/secure.gravatar.com\/avatar\/a06875e4b25feb5674296adf8e8a7ae1e587cebce2493fe63c456109967e27d3?s=96&d=mm&r=g\",\"caption\":\"kalem\"},\"url\":\"https:\/\/akunq.net\/turkish\/author\/kalem\/\"}]}<\/script>\n<!-- \/ Yoast SEO plugin. -->","yoast_head_json":{"title":"Erivan\u2019da Soyk\u0131r\u0131ma y\u00f6nelik uluslararas\u0131 bir konferans ger\u00e7ekle\u015ftirilecek - Bati Ermenistan Ve Bati Ermenileri Sorunlari Ara\u015ftirmalar Merkezi","robots":{"index":"index","follow":"follow","max-snippet":"max-snippet:-1","max-image-preview":"max-image-preview:large","max-video-preview":"max-video-preview:-1"},"canonical":"https:\/\/akunq.net\/turkish\/2010\/12\/13\/erivanda-soykirima-yonelik-uluslararasi-bir-konferans-gerceklestirilecek\/","og_locale":"en_US","og_type":"article","og_title":"Erivan\u2019da Soyk\u0131r\u0131ma y\u00f6nelik uluslararas\u0131 bir konferans ger\u00e7ekle\u015ftirilecek - Bati Ermenistan Ve Bati Ermenileri Sorunlari Ara\u015ftirmalar Merkezi","og_description":"14-15 Aral\u0131k tarihlerinde Erivan\u2019da \u2033Soyk\u0131r\u0131m Su\u00e7u, Engellenmesi, K\u0131nanmas\u0131 ve Sonu\u00e7lar\u0131\u2033 ba\u015fl\u0131kl\u0131 uluslararas\u0131 bir konferans ger\u00e7ekle\u015ftirilecek. Ermenistan D\u0131\u015fi\u015fleri bakanl\u0131\u011f\u0131 bas\u0131n servisinden NEWS.am\u2019e verilen bilgiye g\u00f6re; konferans Soyk\u0131r\u0131m su\u00e7unun\u00a0 engellenmesi ve cezaland\u0131r\u0131lmas\u0131na ili\u015fkin BM Konvansiyonunun kabul\u00fc vesilesiyle d\u00fczenlenmekte. Konferansa aralar\u0131nda Yves Ternon, Leandro Despui, Israel Charny, William Shabas, Taner Ak\u00e7am, Tessa Hoffman, Frank Chok gibi soyk\u0131r\u0131m alan\u0131nda [&hellip;]","og_url":"https:\/\/akunq.net\/turkish\/2010\/12\/13\/erivanda-soykirima-yonelik-uluslararasi-bir-konferans-gerceklestirilecek\/","og_site_name":"Bati Ermenistan Ve Bati Ermenileri Sorunlari Ara\u015ftirmalar Merkezi","article_published_time":"2010-12-13T10:15:03+00:00","author":"kalem","twitter_card":"summary_large_image","twitter_misc":{"Written by":"kalem","Est. reading time":"1 minute"},"schema":{"@context":"https:\/\/schema.org","@graph":[{"@type":"WebPage","@id":"https:\/\/akunq.net\/turkish\/2010\/12\/13\/erivanda-soykirima-yonelik-uluslararasi-bir-konferans-gerceklestirilecek\/","url":"https:\/\/akunq.net\/turkish\/2010\/12\/13\/erivanda-soykirima-yonelik-uluslararasi-bir-konferans-gerceklestirilecek\/","name":"Erivan\u2019da Soyk\u0131r\u0131ma y\u00f6nelik uluslararas\u0131 bir konferans ger\u00e7ekle\u015ftirilecek - Bati Ermenistan Ve Bati Ermenileri Sorunlari Ara\u015ftirmalar Merkezi","isPartOf":{"@id":"https:\/\/akunq.net\/turkish\/#website"},"datePublished":"2010-12-13T10:15:03+00:00","author":{"@id":"https:\/\/akunq.net\/turkish\/#\/schema\/person\/135e7923d1aeb8887890799619969a6c"},"breadcrumb":{"@id":"https:\/\/akunq.net\/turkish\/2010\/12\/13\/erivanda-soykirima-yonelik-uluslararasi-bir-konferans-gerceklestirilecek\/#breadcrumb"},"inLanguage":"en-US","potentialAction":[{"@type":"ReadAction","target":["https:\/\/akunq.net\/turkish\/2010\/12\/13\/erivanda-soykirima-yonelik-uluslararasi-bir-konferans-gerceklestirilecek\/"]}]},{"@type":"BreadcrumbList","@id":"https:\/\/akunq.net\/turkish\/2010\/12\/13\/erivanda-soykirima-yonelik-uluslararasi-bir-konferans-gerceklestirilecek\/#breadcrumb","itemListElement":[{"@type":"ListItem","position":1,"name":"Home","item":"https:\/\/akunq.net\/turkish\/"},{"@type":"ListItem","position":2,"name":"Erivan\u2019da Soyk\u0131r\u0131ma y\u00f6nelik uluslararas\u0131 bir konferans ger\u00e7ekle\u015ftirilecek"}]},{"@type":"WebSite","@id":"https:\/\/akunq.net\/turkish\/#website","url":"https:\/\/akunq.net\/turkish\/","name":"Bati Ermenistan Ve Bati Ermenileri Sorunlari Ara\u015ftirmalar Merkezi","description":"","potentialAction":[{"@type":"SearchAction","target":{"@type":"EntryPoint","urlTemplate":"https:\/\/akunq.net\/turkish\/?s={search_term_string}"},"query-input":{"@type":"PropertyValueSpecification","valueRequired":true,"valueName":"search_term_string"}}],"inLanguage":"en-US"},{"@type":"Person","@id":"https:\/\/akunq.net\/turkish\/#\/schema\/person\/135e7923d1aeb8887890799619969a6c","name":"kalem","image":{"@type":"ImageObject","inLanguage":"en-US","@id":"https:\/\/akunq.net\/turkish\/#\/schema\/person\/image\/","url":"https:\/\/secure.gravatar.com\/avatar\/a06875e4b25feb5674296adf8e8a7ae1e587cebce2493fe63c456109967e27d3?s=96&d=mm&r=g","contentUrl":"https:\/\/secure.gravatar.com\/avatar\/a06875e4b25feb5674296adf8e8a7ae1e587cebce2493fe63c456109967e27d3?s=96&d=mm&r=g","caption":"kalem"},"url":"https:\/\/akunq.net\/turkish\/author\/kalem\/"}]}},"_links":{"self":[{"href":"https:\/\/akunq.net\/turkish\/wp-json\/wp\/v2\/posts\/3262","targetHints":{"allow":["GET"]}}],"collection":[{"href":"https:\/\/akunq.net\/turkish\/wp-json\/wp\/v2\/posts"}],"about":[{"href":"https:\/\/akunq.net\/turkish\/wp-json\/wp\/v2\/types\/post"}],"author":[{"embeddable":true,"href":"https:\/\/akunq.net\/turkish\/wp-json\/wp\/v2\/users\/3"}],"replies":[{"embeddable":true,"href":"https:\/\/akunq.net\/turkish\/wp-json\/wp\/v2\/comments?post=3262"}],"version-history":[{"count":0,"href":"https:\/\/akunq.net\/turkish\/wp-json\/wp\/v2\/posts\/3262\/revisions"}],"wp:attachment":[{"href":"https:\/\/akunq.net\/turkish\/wp-json\/wp\/v2\/media?parent=3262"}],"wp:term":[{"taxonomy":"category","embeddable":true,"href":"https:\/\/akunq.net\/turkish\/wp-json\/wp\/v2\/categories?post=3262"},{"taxonomy":"post_tag","embeddable":true,"href":"https:\/\/akunq.net\/turkish\/wp-json\/wp\/v2\/tags?post=3262"}],"curies":[{"name":"wp","href":"https:\/\/api.w.org\/{rel}","templated":true}]}}