{"id":3253,"date":"2010-12-11T09:36:39","date_gmt":"2010-12-11T14:36:39","guid":{"rendered":"http:\/\/akunq.net\/tr\/?p=3253"},"modified":"2010-12-11T09:36:39","modified_gmt":"2010-12-11T14:36:39","slug":"abd-temyiz-mahkemesi-ermenilerin-talepleri-amerikan-dis-politikalari-ile-bir-celiski-yaratmayacak","status":"publish","type":"post","link":"https:\/\/akunq.net\/turkish\/2010\/12\/11\/abd-temyiz-mahkemesi-ermenilerin-talepleri-amerikan-dis-politikalari-ile-bir-celiski-yaratmayacak\/","title":{"rendered":"ABD Temyiz Mahkemesi: Ermenilerin talepleri Amerikan d\u0131\u015f politikalar\u0131 ile bir \u00e7eli\u015fki yaratmayacak"},"content":{"rendered":"<p style=\"text-align: justify\">ABD Federal Temyiz Mahkemesi, ge\u00e7en y\u0131l kendi verdi\u011fi karar\u0131 bozarak, Ermeni Soyk\u0131r\u0131m\u0131 y\u0131llar\u0131nda \u00f6len Ermenilerin miras\u00e7\u0131lar\u0131n\u0131n, kendilerine \u00f6deme yap\u0131lmas\u0131 i\u00e7in sigorta \u015firketlerine dava a\u00e7abilece\u011fine h\u00fckmetti.<\/p>\n<p style=\"text-align: justify\">Anka\u2019n\u0131n bildirdi\u011fine g\u00f6re, ABD 9. B\u00f6lge Federal Temyiz Mahkemesi, Ermeni Soyk\u0131r\u0131m\u0131\u2019n\u0131 Kaliforniya eyaletinde tan\u0131man\u0131n, Amerikan d\u0131\u015f politikalar\u0131 ile bir \u00e7eli\u015fki yaratmayaca\u011f\u0131na karar verdi.<\/p>\n<p style=\"text-align: justify\">Kad\u0131n yarg\u0131\u00e7 Dorothy Nelson fikrini de\u011fi\u015ftirerek ge\u00e7ti\u011fimiz y\u0131l ald\u0131\u011f\u0131 karar\u0131ndan vazge\u00e7ti ve ABD temyiz mahkemesi b\u00f6ylece bu karara imza atm\u0131\u015f oldu. Temyiz mahkeme heyeti taraf\u0131ndan 2-1 olarak al\u0131nan karar\u0131n ard\u0131ndan Ermeni Soyk\u0131r\u0131m\u0131 y\u0131llar\u0131nda yak\u0131nlar\u0131n\u0131 kaybedenlerin, ABD&#8217;de sigorta \u015firketlerine karar\u0131 emsal g\u00f6sterip dava a\u00e7ma hakk\u0131 do\u011fmu\u015f oldu.<\/p>\n<p style=\"text-align: justify\">Ayn\u0131 mahkeme ge\u00e7ti\u011fimiz y\u0131l ald\u0131\u011f\u0131 kararda ABD d\u0131\u015f politikas\u0131n\u0131n federal h\u00fck\u00fcmetin yetkisinde oldu\u011funa karar vermi\u015f ve Ermeni Soyk\u0131r\u0131m\u0131\u2019n\u0131n federal h\u00fck\u00fcmet\u00e7e resmen tan\u0131nmad\u0131\u011f\u0131 i\u00e7in 1915 olaylar\u0131nda \u00f6lenlerin yak\u0131nlar\u0131n\u0131n yabanc\u0131 sigorta \u015firketlerine dava edemeyece\u011fine h\u00fckmetmi\u015fti.\u00a0<br \/>\n\u00a0<\/p>\n<p style=\"text-align: justify\"><strong><em>Tert.am<\/em><\/strong><\/p>\n<p style=\"text-align: justify\"><em>11.12.10<\/em><\/p>\n","protected":false},"excerpt":{"rendered":"<p>ABD Federal Temyiz Mahkemesi, ge\u00e7en y\u0131l kendi verdi\u011fi karar\u0131 bozarak, Ermeni Soyk\u0131r\u0131m\u0131 y\u0131llar\u0131nda \u00f6len Ermenilerin miras\u00e7\u0131lar\u0131n\u0131n, kendilerine \u00f6deme yap\u0131lmas\u0131 i\u00e7in sigorta \u015firketlerine dava a\u00e7abilece\u011fine h\u00fckmetti. Anka\u2019n\u0131n bildirdi\u011fine g\u00f6re, ABD 9. B\u00f6lge Federal Temyiz Mahkemesi, Ermeni Soyk\u0131r\u0131m\u0131\u2019n\u0131 Kaliforniya eyaletinde tan\u0131man\u0131n, Amerikan d\u0131\u015f politikalar\u0131 ile bir \u00e7eli\u015fki yaratmayaca\u011f\u0131na karar verdi. Kad\u0131n yarg\u0131\u00e7 Dorothy Nelson fikrini de\u011fi\u015ftirerek ge\u00e7ti\u011fimiz [&hellip;]<\/p>\n","protected":false},"author":3,"featured_media":0,"comment_status":"open","ping_status":"open","sticky":false,"template":"","format":"standard","meta":{"footnotes":""},"categories":[14],"tags":[],"class_list":["post-3253","post","type-post","status-publish","format-standard","hentry","category-haberler"],"yoast_head":"<!-- This site is optimized with the Yoast SEO plugin v26.6 - https:\/\/yoast.com\/wordpress\/plugins\/seo\/ -->\n<title>ABD Temyiz Mahkemesi: Ermenilerin talepleri Amerikan d\u0131\u015f politikalar\u0131 ile bir \u00e7eli\u015fki yaratmayacak - Bati Ermenistan Ve Bati Ermenileri Sorunlari Ara\u015ftirmalar Merkezi<\/title>\n<meta name=\"robots\" content=\"index, follow, max-snippet:-1, max-image-preview:large, max-video-preview:-1\" \/>\n<link rel=\"canonical\" href=\"https:\/\/akunq.net\/turkish\/2010\/12\/11\/abd-temyiz-mahkemesi-ermenilerin-talepleri-amerikan-dis-politikalari-ile-bir-celiski-yaratmayacak\/\" \/>\n<meta property=\"og:locale\" content=\"en_US\" \/>\n<meta property=\"og:type\" content=\"article\" \/>\n<meta property=\"og:title\" content=\"ABD Temyiz Mahkemesi: Ermenilerin talepleri Amerikan d\u0131\u015f politikalar\u0131 ile bir \u00e7eli\u015fki yaratmayacak - Bati Ermenistan Ve Bati Ermenileri Sorunlari Ara\u015ftirmalar Merkezi\" \/>\n<meta property=\"og:description\" content=\"ABD Federal Temyiz Mahkemesi, ge\u00e7en y\u0131l kendi verdi\u011fi karar\u0131 bozarak, Ermeni Soyk\u0131r\u0131m\u0131 y\u0131llar\u0131nda \u00f6len Ermenilerin miras\u00e7\u0131lar\u0131n\u0131n, kendilerine \u00f6deme yap\u0131lmas\u0131 i\u00e7in sigorta \u015firketlerine dava a\u00e7abilece\u011fine h\u00fckmetti. Anka\u2019n\u0131n bildirdi\u011fine g\u00f6re, ABD 9. B\u00f6lge Federal Temyiz Mahkemesi, Ermeni Soyk\u0131r\u0131m\u0131\u2019n\u0131 Kaliforniya eyaletinde tan\u0131man\u0131n, Amerikan d\u0131\u015f politikalar\u0131 ile bir \u00e7eli\u015fki yaratmayaca\u011f\u0131na karar verdi. Kad\u0131n yarg\u0131\u00e7 Dorothy Nelson fikrini de\u011fi\u015ftirerek ge\u00e7ti\u011fimiz [&hellip;]\" \/>\n<meta property=\"og:url\" content=\"https:\/\/akunq.net\/turkish\/2010\/12\/11\/abd-temyiz-mahkemesi-ermenilerin-talepleri-amerikan-dis-politikalari-ile-bir-celiski-yaratmayacak\/\" \/>\n<meta property=\"og:site_name\" content=\"Bati Ermenistan Ve Bati Ermenileri Sorunlari Ara\u015ftirmalar Merkezi\" \/>\n<meta property=\"article:published_time\" content=\"2010-12-11T14:36:39+00:00\" \/>\n<meta name=\"author\" content=\"kalem\" \/>\n<meta name=\"twitter:card\" content=\"summary_large_image\" \/>\n<meta name=\"twitter:label1\" content=\"Written by\" \/>\n\t<meta name=\"twitter:data1\" content=\"kalem\" \/>\n\t<meta name=\"twitter:label2\" content=\"Est. reading time\" \/>\n\t<meta name=\"twitter:data2\" content=\"1 minute\" \/>\n<script type=\"application\/ld+json\" class=\"yoast-schema-graph\">{\"@context\":\"https:\/\/schema.org\",\"@graph\":[{\"@type\":\"WebPage\",\"@id\":\"https:\/\/akunq.net\/turkish\/2010\/12\/11\/abd-temyiz-mahkemesi-ermenilerin-talepleri-amerikan-dis-politikalari-ile-bir-celiski-yaratmayacak\/\",\"url\":\"https:\/\/akunq.net\/turkish\/2010\/12\/11\/abd-temyiz-mahkemesi-ermenilerin-talepleri-amerikan-dis-politikalari-ile-bir-celiski-yaratmayacak\/\",\"name\":\"ABD Temyiz Mahkemesi: Ermenilerin talepleri Amerikan d\u0131\u015f politikalar\u0131 ile bir \u00e7eli\u015fki yaratmayacak - Bati Ermenistan Ve Bati Ermenileri Sorunlari Ara\u015ftirmalar Merkezi\",\"isPartOf\":{\"@id\":\"https:\/\/akunq.net\/turkish\/#website\"},\"datePublished\":\"2010-12-11T14:36:39+00:00\",\"author\":{\"@id\":\"https:\/\/akunq.net\/turkish\/#\/schema\/person\/135e7923d1aeb8887890799619969a6c\"},\"breadcrumb\":{\"@id\":\"https:\/\/akunq.net\/turkish\/2010\/12\/11\/abd-temyiz-mahkemesi-ermenilerin-talepleri-amerikan-dis-politikalari-ile-bir-celiski-yaratmayacak\/#breadcrumb\"},\"inLanguage\":\"en-US\",\"potentialAction\":[{\"@type\":\"ReadAction\",\"target\":[\"https:\/\/akunq.net\/turkish\/2010\/12\/11\/abd-temyiz-mahkemesi-ermenilerin-talepleri-amerikan-dis-politikalari-ile-bir-celiski-yaratmayacak\/\"]}]},{\"@type\":\"BreadcrumbList\",\"@id\":\"https:\/\/akunq.net\/turkish\/2010\/12\/11\/abd-temyiz-mahkemesi-ermenilerin-talepleri-amerikan-dis-politikalari-ile-bir-celiski-yaratmayacak\/#breadcrumb\",\"itemListElement\":[{\"@type\":\"ListItem\",\"position\":1,\"name\":\"Home\",\"item\":\"https:\/\/akunq.net\/turkish\/\"},{\"@type\":\"ListItem\",\"position\":2,\"name\":\"ABD Temyiz Mahkemesi: Ermenilerin talepleri Amerikan d\u0131\u015f politikalar\u0131 ile bir \u00e7eli\u015fki yaratmayacak\"}]},{\"@type\":\"WebSite\",\"@id\":\"https:\/\/akunq.net\/turkish\/#website\",\"url\":\"https:\/\/akunq.net\/turkish\/\",\"name\":\"Bati Ermenistan Ve Bati Ermenileri Sorunlari Ara\u015ftirmalar Merkezi\",\"description\":\"\",\"potentialAction\":[{\"@type\":\"SearchAction\",\"target\":{\"@type\":\"EntryPoint\",\"urlTemplate\":\"https:\/\/akunq.net\/turkish\/?s={search_term_string}\"},\"query-input\":{\"@type\":\"PropertyValueSpecification\",\"valueRequired\":true,\"valueName\":\"search_term_string\"}}],\"inLanguage\":\"en-US\"},{\"@type\":\"Person\",\"@id\":\"https:\/\/akunq.net\/turkish\/#\/schema\/person\/135e7923d1aeb8887890799619969a6c\",\"name\":\"kalem\",\"image\":{\"@type\":\"ImageObject\",\"inLanguage\":\"en-US\",\"@id\":\"https:\/\/akunq.net\/turkish\/#\/schema\/person\/image\/\",\"url\":\"https:\/\/secure.gravatar.com\/avatar\/a06875e4b25feb5674296adf8e8a7ae1e587cebce2493fe63c456109967e27d3?s=96&d=mm&r=g\",\"contentUrl\":\"https:\/\/secure.gravatar.com\/avatar\/a06875e4b25feb5674296adf8e8a7ae1e587cebce2493fe63c456109967e27d3?s=96&d=mm&r=g\",\"caption\":\"kalem\"},\"url\":\"https:\/\/akunq.net\/turkish\/author\/kalem\/\"}]}<\/script>\n<!-- \/ Yoast SEO plugin. -->","yoast_head_json":{"title":"ABD Temyiz Mahkemesi: Ermenilerin talepleri Amerikan d\u0131\u015f politikalar\u0131 ile bir \u00e7eli\u015fki yaratmayacak - Bati Ermenistan Ve Bati Ermenileri Sorunlari Ara\u015ftirmalar Merkezi","robots":{"index":"index","follow":"follow","max-snippet":"max-snippet:-1","max-image-preview":"max-image-preview:large","max-video-preview":"max-video-preview:-1"},"canonical":"https:\/\/akunq.net\/turkish\/2010\/12\/11\/abd-temyiz-mahkemesi-ermenilerin-talepleri-amerikan-dis-politikalari-ile-bir-celiski-yaratmayacak\/","og_locale":"en_US","og_type":"article","og_title":"ABD Temyiz Mahkemesi: Ermenilerin talepleri Amerikan d\u0131\u015f politikalar\u0131 ile bir \u00e7eli\u015fki yaratmayacak - Bati Ermenistan Ve Bati Ermenileri Sorunlari Ara\u015ftirmalar Merkezi","og_description":"ABD Federal Temyiz Mahkemesi, ge\u00e7en y\u0131l kendi verdi\u011fi karar\u0131 bozarak, Ermeni Soyk\u0131r\u0131m\u0131 y\u0131llar\u0131nda \u00f6len Ermenilerin miras\u00e7\u0131lar\u0131n\u0131n, kendilerine \u00f6deme yap\u0131lmas\u0131 i\u00e7in sigorta \u015firketlerine dava a\u00e7abilece\u011fine h\u00fckmetti. Anka\u2019n\u0131n bildirdi\u011fine g\u00f6re, ABD 9. B\u00f6lge Federal Temyiz Mahkemesi, Ermeni Soyk\u0131r\u0131m\u0131\u2019n\u0131 Kaliforniya eyaletinde tan\u0131man\u0131n, Amerikan d\u0131\u015f politikalar\u0131 ile bir \u00e7eli\u015fki yaratmayaca\u011f\u0131na karar verdi. Kad\u0131n yarg\u0131\u00e7 Dorothy Nelson fikrini de\u011fi\u015ftirerek ge\u00e7ti\u011fimiz [&hellip;]","og_url":"https:\/\/akunq.net\/turkish\/2010\/12\/11\/abd-temyiz-mahkemesi-ermenilerin-talepleri-amerikan-dis-politikalari-ile-bir-celiski-yaratmayacak\/","og_site_name":"Bati Ermenistan Ve Bati Ermenileri Sorunlari Ara\u015ftirmalar Merkezi","article_published_time":"2010-12-11T14:36:39+00:00","author":"kalem","twitter_card":"summary_large_image","twitter_misc":{"Written by":"kalem","Est. reading time":"1 minute"},"schema":{"@context":"https:\/\/schema.org","@graph":[{"@type":"WebPage","@id":"https:\/\/akunq.net\/turkish\/2010\/12\/11\/abd-temyiz-mahkemesi-ermenilerin-talepleri-amerikan-dis-politikalari-ile-bir-celiski-yaratmayacak\/","url":"https:\/\/akunq.net\/turkish\/2010\/12\/11\/abd-temyiz-mahkemesi-ermenilerin-talepleri-amerikan-dis-politikalari-ile-bir-celiski-yaratmayacak\/","name":"ABD Temyiz Mahkemesi: Ermenilerin talepleri Amerikan d\u0131\u015f politikalar\u0131 ile bir \u00e7eli\u015fki yaratmayacak - Bati Ermenistan Ve Bati Ermenileri Sorunlari Ara\u015ftirmalar Merkezi","isPartOf":{"@id":"https:\/\/akunq.net\/turkish\/#website"},"datePublished":"2010-12-11T14:36:39+00:00","author":{"@id":"https:\/\/akunq.net\/turkish\/#\/schema\/person\/135e7923d1aeb8887890799619969a6c"},"breadcrumb":{"@id":"https:\/\/akunq.net\/turkish\/2010\/12\/11\/abd-temyiz-mahkemesi-ermenilerin-talepleri-amerikan-dis-politikalari-ile-bir-celiski-yaratmayacak\/#breadcrumb"},"inLanguage":"en-US","potentialAction":[{"@type":"ReadAction","target":["https:\/\/akunq.net\/turkish\/2010\/12\/11\/abd-temyiz-mahkemesi-ermenilerin-talepleri-amerikan-dis-politikalari-ile-bir-celiski-yaratmayacak\/"]}]},{"@type":"BreadcrumbList","@id":"https:\/\/akunq.net\/turkish\/2010\/12\/11\/abd-temyiz-mahkemesi-ermenilerin-talepleri-amerikan-dis-politikalari-ile-bir-celiski-yaratmayacak\/#breadcrumb","itemListElement":[{"@type":"ListItem","position":1,"name":"Home","item":"https:\/\/akunq.net\/turkish\/"},{"@type":"ListItem","position":2,"name":"ABD Temyiz Mahkemesi: Ermenilerin talepleri Amerikan d\u0131\u015f politikalar\u0131 ile bir \u00e7eli\u015fki yaratmayacak"}]},{"@type":"WebSite","@id":"https:\/\/akunq.net\/turkish\/#website","url":"https:\/\/akunq.net\/turkish\/","name":"Bati Ermenistan Ve Bati Ermenileri Sorunlari Ara\u015ftirmalar Merkezi","description":"","potentialAction":[{"@type":"SearchAction","target":{"@type":"EntryPoint","urlTemplate":"https:\/\/akunq.net\/turkish\/?s={search_term_string}"},"query-input":{"@type":"PropertyValueSpecification","valueRequired":true,"valueName":"search_term_string"}}],"inLanguage":"en-US"},{"@type":"Person","@id":"https:\/\/akunq.net\/turkish\/#\/schema\/person\/135e7923d1aeb8887890799619969a6c","name":"kalem","image":{"@type":"ImageObject","inLanguage":"en-US","@id":"https:\/\/akunq.net\/turkish\/#\/schema\/person\/image\/","url":"https:\/\/secure.gravatar.com\/avatar\/a06875e4b25feb5674296adf8e8a7ae1e587cebce2493fe63c456109967e27d3?s=96&d=mm&r=g","contentUrl":"https:\/\/secure.gravatar.com\/avatar\/a06875e4b25feb5674296adf8e8a7ae1e587cebce2493fe63c456109967e27d3?s=96&d=mm&r=g","caption":"kalem"},"url":"https:\/\/akunq.net\/turkish\/author\/kalem\/"}]}},"_links":{"self":[{"href":"https:\/\/akunq.net\/turkish\/wp-json\/wp\/v2\/posts\/3253","targetHints":{"allow":["GET"]}}],"collection":[{"href":"https:\/\/akunq.net\/turkish\/wp-json\/wp\/v2\/posts"}],"about":[{"href":"https:\/\/akunq.net\/turkish\/wp-json\/wp\/v2\/types\/post"}],"author":[{"embeddable":true,"href":"https:\/\/akunq.net\/turkish\/wp-json\/wp\/v2\/users\/3"}],"replies":[{"embeddable":true,"href":"https:\/\/akunq.net\/turkish\/wp-json\/wp\/v2\/comments?post=3253"}],"version-history":[{"count":0,"href":"https:\/\/akunq.net\/turkish\/wp-json\/wp\/v2\/posts\/3253\/revisions"}],"wp:attachment":[{"href":"https:\/\/akunq.net\/turkish\/wp-json\/wp\/v2\/media?parent=3253"}],"wp:term":[{"taxonomy":"category","embeddable":true,"href":"https:\/\/akunq.net\/turkish\/wp-json\/wp\/v2\/categories?post=3253"},{"taxonomy":"post_tag","embeddable":true,"href":"https:\/\/akunq.net\/turkish\/wp-json\/wp\/v2\/tags?post=3253"}],"curies":[{"name":"wp","href":"https:\/\/api.w.org\/{rel}","templated":true}]}}