{"id":3243,"date":"2010-12-11T01:35:38","date_gmt":"2010-12-11T06:35:38","guid":{"rendered":"http:\/\/akunq.net\/tr\/?p=3243"},"modified":"2010-12-11T01:35:38","modified_gmt":"2010-12-11T06:35:38","slug":"yahudi-profesor-ermeni-soykirimini-tanima-cagrisinda-bulunuyor","status":"publish","type":"post","link":"https:\/\/akunq.net\/turkish\/2010\/12\/11\/yahudi-profesor-ermeni-soykirimini-tanima-cagrisinda-bulunuyor\/","title":{"rendered":"YAHUD\u0130 PROFES\u00d6R ERMEN\u0130 SOYKIRIMINI TANIMA \u00c7A\u011eRISINDA BULUNUYOR"},"content":{"rendered":"<p style=\"text-align: justify\">\u2033Armenian Mirror Spectator\u2033 haftal\u0131k gazetesinin 20 Kas\u0131m tarihli say\u0131s\u0131nda yer alan israelnationalnews.com kaynakl\u0131 habere g\u00f6re; Birle\u015fik Devletler ve \u0130srail\u2019de ya\u015fayan bir grup Yahudi profes\u00f6r \u0130srail H\u00fck\u00fcmetine, I. D\u00fcnya Sava\u015f\u0131 y\u0131llar\u0131nda ger\u00e7ekle\u015ftirilen Ermeni Soyk\u0131r\u0131m\u0131n\u0131 resmen tan\u0131ma \u00e7a\u011fr\u0131s\u0131nda bulundular.<\/p>\n<p style=\"text-align: justify\">\u2033F\u0131rat News\u2033 Ajans\u0131n\u0131n haberine g\u00f6re \u0130srail&#8217;deki Bar-Ilan \u00fcniversitesi ile Washington&#8217;daki Georgetown \u00fcniversitesinden d\u00f6rt profes\u00f6r \u0130srail Ba\u015fbakan\u0131 Benyamin Netanyahu\u2019ya bir mektup yazarak, Ermenilerin taleplerine ili\u015fkin &#8220;etik bir karar almas\u0131n\u0131&#8221; istedi. \u00c7a\u011fr\u0131da T\u00fcrkiye\u2019de ya\u015fayan milyonlarca K\u00fcrde otonomi verilmesi s\u00fcrecine katk\u0131 da istendi.<\/p>\n<p style=\"text-align: justify\">Profes\u00f6rler mektupta \u203326 \u00fclke ve Amerikan\u0131n 44 eyaleti Ermenilere kar\u015f\u0131 i\u015flenen Soyk\u0131r\u0131m\u0131 tan\u0131makta, ancak Holokost ya\u015fam\u0131\u015f \u0130srial hen\u00fcz an\u0131lan \u00fclkeler aras\u0131nda yer almamakta\u2033 demekte.<\/p>\n<p style=\"text-align: justify\">Mektubun sonunda imzac\u0131lar \u0130srail h\u00fck\u00fcmetinin Kud\u00fcs\u2019\u00fcn el de\u011fi\u015ftirmesini isteyen Ankara taraf\u0131ndan d\u00fczenlenen oyunun yeni kurallar\u0131na uymas\u0131n\u0131, &#8220;T\u00fcrklerin direkt veya endirekt sald\u0131r\u0131lar\u0131na gerekti\u011fi gibi cevap vermesini&#8221; istedi.<\/p>\n<p style=\"text-align: justify\"><strong>AZG DAILY #228,<\/strong><strong><\/strong><\/p>\n<p style=\"text-align: justify\"><strong>10-12-2010<\/strong><\/p>\n","protected":false},"excerpt":{"rendered":"<p>\u2033Armenian Mirror Spectator\u2033 haftal\u0131k gazetesinin 20 Kas\u0131m tarihli say\u0131s\u0131nda yer alan israelnationalnews.com kaynakl\u0131 habere g\u00f6re; Birle\u015fik Devletler ve \u0130srail\u2019de ya\u015fayan bir grup Yahudi profes\u00f6r \u0130srail H\u00fck\u00fcmetine, I. D\u00fcnya Sava\u015f\u0131 y\u0131llar\u0131nda ger\u00e7ekle\u015ftirilen Ermeni Soyk\u0131r\u0131m\u0131n\u0131 resmen tan\u0131ma \u00e7a\u011fr\u0131s\u0131nda bulundular. \u2033F\u0131rat News\u2033 Ajans\u0131n\u0131n haberine g\u00f6re \u0130srail&#8217;deki Bar-Ilan \u00fcniversitesi ile Washington&#8217;daki Georgetown \u00fcniversitesinden d\u00f6rt profes\u00f6r \u0130srail Ba\u015fbakan\u0131 Benyamin Netanyahu\u2019ya [&hellip;]<\/p>\n","protected":false},"author":3,"featured_media":0,"comment_status":"open","ping_status":"open","sticky":false,"template":"","format":"standard","meta":{"footnotes":""},"categories":[14],"tags":[],"class_list":["post-3243","post","type-post","status-publish","format-standard","hentry","category-haberler"],"yoast_head":"<!-- This site is optimized with the Yoast SEO plugin v26.6 - https:\/\/yoast.com\/wordpress\/plugins\/seo\/ -->\n<title>YAHUD\u0130 PROFES\u00d6R ERMEN\u0130 SOYKIRIMINI TANIMA \u00c7A\u011eRISINDA BULUNUYOR - Bati Ermenistan Ve Bati Ermenileri Sorunlari Ara\u015ftirmalar Merkezi<\/title>\n<meta name=\"robots\" content=\"index, follow, max-snippet:-1, max-image-preview:large, max-video-preview:-1\" \/>\n<link rel=\"canonical\" href=\"https:\/\/akunq.net\/turkish\/2010\/12\/11\/yahudi-profesor-ermeni-soykirimini-tanima-cagrisinda-bulunuyor\/\" \/>\n<meta property=\"og:locale\" content=\"en_US\" \/>\n<meta property=\"og:type\" content=\"article\" \/>\n<meta property=\"og:title\" content=\"YAHUD\u0130 PROFES\u00d6R ERMEN\u0130 SOYKIRIMINI TANIMA \u00c7A\u011eRISINDA BULUNUYOR - Bati Ermenistan Ve Bati Ermenileri Sorunlari Ara\u015ftirmalar Merkezi\" \/>\n<meta property=\"og:description\" content=\"\u2033Armenian Mirror Spectator\u2033 haftal\u0131k gazetesinin 20 Kas\u0131m tarihli say\u0131s\u0131nda yer alan israelnationalnews.com kaynakl\u0131 habere g\u00f6re; Birle\u015fik Devletler ve \u0130srail\u2019de ya\u015fayan bir grup Yahudi profes\u00f6r \u0130srail H\u00fck\u00fcmetine, I. D\u00fcnya Sava\u015f\u0131 y\u0131llar\u0131nda ger\u00e7ekle\u015ftirilen Ermeni Soyk\u0131r\u0131m\u0131n\u0131 resmen tan\u0131ma \u00e7a\u011fr\u0131s\u0131nda bulundular. \u2033F\u0131rat News\u2033 Ajans\u0131n\u0131n haberine g\u00f6re \u0130srail&#8217;deki Bar-Ilan \u00fcniversitesi ile Washington&#8217;daki Georgetown \u00fcniversitesinden d\u00f6rt profes\u00f6r \u0130srail Ba\u015fbakan\u0131 Benyamin Netanyahu\u2019ya [&hellip;]\" \/>\n<meta property=\"og:url\" content=\"https:\/\/akunq.net\/turkish\/2010\/12\/11\/yahudi-profesor-ermeni-soykirimini-tanima-cagrisinda-bulunuyor\/\" \/>\n<meta property=\"og:site_name\" content=\"Bati Ermenistan Ve Bati Ermenileri Sorunlari Ara\u015ftirmalar Merkezi\" \/>\n<meta property=\"article:published_time\" content=\"2010-12-11T06:35:38+00:00\" \/>\n<meta name=\"author\" content=\"kalem\" \/>\n<meta name=\"twitter:card\" content=\"summary_large_image\" \/>\n<meta name=\"twitter:label1\" content=\"Written by\" \/>\n\t<meta name=\"twitter:data1\" content=\"kalem\" \/>\n\t<meta name=\"twitter:label2\" content=\"Est. reading time\" \/>\n\t<meta name=\"twitter:data2\" content=\"1 minute\" \/>\n<script type=\"application\/ld+json\" class=\"yoast-schema-graph\">{\"@context\":\"https:\/\/schema.org\",\"@graph\":[{\"@type\":\"WebPage\",\"@id\":\"https:\/\/akunq.net\/turkish\/2010\/12\/11\/yahudi-profesor-ermeni-soykirimini-tanima-cagrisinda-bulunuyor\/\",\"url\":\"https:\/\/akunq.net\/turkish\/2010\/12\/11\/yahudi-profesor-ermeni-soykirimini-tanima-cagrisinda-bulunuyor\/\",\"name\":\"YAHUD\u0130 PROFES\u00d6R ERMEN\u0130 SOYKIRIMINI TANIMA \u00c7A\u011eRISINDA BULUNUYOR - Bati Ermenistan Ve Bati Ermenileri Sorunlari Ara\u015ftirmalar Merkezi\",\"isPartOf\":{\"@id\":\"https:\/\/akunq.net\/turkish\/#website\"},\"datePublished\":\"2010-12-11T06:35:38+00:00\",\"author\":{\"@id\":\"https:\/\/akunq.net\/turkish\/#\/schema\/person\/135e7923d1aeb8887890799619969a6c\"},\"breadcrumb\":{\"@id\":\"https:\/\/akunq.net\/turkish\/2010\/12\/11\/yahudi-profesor-ermeni-soykirimini-tanima-cagrisinda-bulunuyor\/#breadcrumb\"},\"inLanguage\":\"en-US\",\"potentialAction\":[{\"@type\":\"ReadAction\",\"target\":[\"https:\/\/akunq.net\/turkish\/2010\/12\/11\/yahudi-profesor-ermeni-soykirimini-tanima-cagrisinda-bulunuyor\/\"]}]},{\"@type\":\"BreadcrumbList\",\"@id\":\"https:\/\/akunq.net\/turkish\/2010\/12\/11\/yahudi-profesor-ermeni-soykirimini-tanima-cagrisinda-bulunuyor\/#breadcrumb\",\"itemListElement\":[{\"@type\":\"ListItem\",\"position\":1,\"name\":\"Home\",\"item\":\"https:\/\/akunq.net\/turkish\/\"},{\"@type\":\"ListItem\",\"position\":2,\"name\":\"YAHUD\u0130 PROFES\u00d6R ERMEN\u0130 SOYKIRIMINI TANIMA \u00c7A\u011eRISINDA BULUNUYOR\"}]},{\"@type\":\"WebSite\",\"@id\":\"https:\/\/akunq.net\/turkish\/#website\",\"url\":\"https:\/\/akunq.net\/turkish\/\",\"name\":\"Bati Ermenistan Ve Bati Ermenileri Sorunlari Ara\u015ftirmalar Merkezi\",\"description\":\"\",\"potentialAction\":[{\"@type\":\"SearchAction\",\"target\":{\"@type\":\"EntryPoint\",\"urlTemplate\":\"https:\/\/akunq.net\/turkish\/?s={search_term_string}\"},\"query-input\":{\"@type\":\"PropertyValueSpecification\",\"valueRequired\":true,\"valueName\":\"search_term_string\"}}],\"inLanguage\":\"en-US\"},{\"@type\":\"Person\",\"@id\":\"https:\/\/akunq.net\/turkish\/#\/schema\/person\/135e7923d1aeb8887890799619969a6c\",\"name\":\"kalem\",\"image\":{\"@type\":\"ImageObject\",\"inLanguage\":\"en-US\",\"@id\":\"https:\/\/akunq.net\/turkish\/#\/schema\/person\/image\/\",\"url\":\"https:\/\/secure.gravatar.com\/avatar\/a06875e4b25feb5674296adf8e8a7ae1e587cebce2493fe63c456109967e27d3?s=96&d=mm&r=g\",\"contentUrl\":\"https:\/\/secure.gravatar.com\/avatar\/a06875e4b25feb5674296adf8e8a7ae1e587cebce2493fe63c456109967e27d3?s=96&d=mm&r=g\",\"caption\":\"kalem\"},\"url\":\"https:\/\/akunq.net\/turkish\/author\/kalem\/\"}]}<\/script>\n<!-- \/ Yoast SEO plugin. -->","yoast_head_json":{"title":"YAHUD\u0130 PROFES\u00d6R ERMEN\u0130 SOYKIRIMINI TANIMA \u00c7A\u011eRISINDA BULUNUYOR - Bati Ermenistan Ve Bati Ermenileri Sorunlari Ara\u015ftirmalar Merkezi","robots":{"index":"index","follow":"follow","max-snippet":"max-snippet:-1","max-image-preview":"max-image-preview:large","max-video-preview":"max-video-preview:-1"},"canonical":"https:\/\/akunq.net\/turkish\/2010\/12\/11\/yahudi-profesor-ermeni-soykirimini-tanima-cagrisinda-bulunuyor\/","og_locale":"en_US","og_type":"article","og_title":"YAHUD\u0130 PROFES\u00d6R ERMEN\u0130 SOYKIRIMINI TANIMA \u00c7A\u011eRISINDA BULUNUYOR - Bati Ermenistan Ve Bati Ermenileri Sorunlari Ara\u015ftirmalar Merkezi","og_description":"\u2033Armenian Mirror Spectator\u2033 haftal\u0131k gazetesinin 20 Kas\u0131m tarihli say\u0131s\u0131nda yer alan israelnationalnews.com kaynakl\u0131 habere g\u00f6re; Birle\u015fik Devletler ve \u0130srail\u2019de ya\u015fayan bir grup Yahudi profes\u00f6r \u0130srail H\u00fck\u00fcmetine, I. D\u00fcnya Sava\u015f\u0131 y\u0131llar\u0131nda ger\u00e7ekle\u015ftirilen Ermeni Soyk\u0131r\u0131m\u0131n\u0131 resmen tan\u0131ma \u00e7a\u011fr\u0131s\u0131nda bulundular. \u2033F\u0131rat News\u2033 Ajans\u0131n\u0131n haberine g\u00f6re \u0130srail&#8217;deki Bar-Ilan \u00fcniversitesi ile Washington&#8217;daki Georgetown \u00fcniversitesinden d\u00f6rt profes\u00f6r \u0130srail Ba\u015fbakan\u0131 Benyamin Netanyahu\u2019ya [&hellip;]","og_url":"https:\/\/akunq.net\/turkish\/2010\/12\/11\/yahudi-profesor-ermeni-soykirimini-tanima-cagrisinda-bulunuyor\/","og_site_name":"Bati Ermenistan Ve Bati Ermenileri Sorunlari Ara\u015ftirmalar Merkezi","article_published_time":"2010-12-11T06:35:38+00:00","author":"kalem","twitter_card":"summary_large_image","twitter_misc":{"Written by":"kalem","Est. reading time":"1 minute"},"schema":{"@context":"https:\/\/schema.org","@graph":[{"@type":"WebPage","@id":"https:\/\/akunq.net\/turkish\/2010\/12\/11\/yahudi-profesor-ermeni-soykirimini-tanima-cagrisinda-bulunuyor\/","url":"https:\/\/akunq.net\/turkish\/2010\/12\/11\/yahudi-profesor-ermeni-soykirimini-tanima-cagrisinda-bulunuyor\/","name":"YAHUD\u0130 PROFES\u00d6R ERMEN\u0130 SOYKIRIMINI TANIMA \u00c7A\u011eRISINDA BULUNUYOR - Bati Ermenistan Ve Bati Ermenileri Sorunlari Ara\u015ftirmalar Merkezi","isPartOf":{"@id":"https:\/\/akunq.net\/turkish\/#website"},"datePublished":"2010-12-11T06:35:38+00:00","author":{"@id":"https:\/\/akunq.net\/turkish\/#\/schema\/person\/135e7923d1aeb8887890799619969a6c"},"breadcrumb":{"@id":"https:\/\/akunq.net\/turkish\/2010\/12\/11\/yahudi-profesor-ermeni-soykirimini-tanima-cagrisinda-bulunuyor\/#breadcrumb"},"inLanguage":"en-US","potentialAction":[{"@type":"ReadAction","target":["https:\/\/akunq.net\/turkish\/2010\/12\/11\/yahudi-profesor-ermeni-soykirimini-tanima-cagrisinda-bulunuyor\/"]}]},{"@type":"BreadcrumbList","@id":"https:\/\/akunq.net\/turkish\/2010\/12\/11\/yahudi-profesor-ermeni-soykirimini-tanima-cagrisinda-bulunuyor\/#breadcrumb","itemListElement":[{"@type":"ListItem","position":1,"name":"Home","item":"https:\/\/akunq.net\/turkish\/"},{"@type":"ListItem","position":2,"name":"YAHUD\u0130 PROFES\u00d6R ERMEN\u0130 SOYKIRIMINI TANIMA \u00c7A\u011eRISINDA BULUNUYOR"}]},{"@type":"WebSite","@id":"https:\/\/akunq.net\/turkish\/#website","url":"https:\/\/akunq.net\/turkish\/","name":"Bati Ermenistan Ve Bati Ermenileri Sorunlari Ara\u015ftirmalar Merkezi","description":"","potentialAction":[{"@type":"SearchAction","target":{"@type":"EntryPoint","urlTemplate":"https:\/\/akunq.net\/turkish\/?s={search_term_string}"},"query-input":{"@type":"PropertyValueSpecification","valueRequired":true,"valueName":"search_term_string"}}],"inLanguage":"en-US"},{"@type":"Person","@id":"https:\/\/akunq.net\/turkish\/#\/schema\/person\/135e7923d1aeb8887890799619969a6c","name":"kalem","image":{"@type":"ImageObject","inLanguage":"en-US","@id":"https:\/\/akunq.net\/turkish\/#\/schema\/person\/image\/","url":"https:\/\/secure.gravatar.com\/avatar\/a06875e4b25feb5674296adf8e8a7ae1e587cebce2493fe63c456109967e27d3?s=96&d=mm&r=g","contentUrl":"https:\/\/secure.gravatar.com\/avatar\/a06875e4b25feb5674296adf8e8a7ae1e587cebce2493fe63c456109967e27d3?s=96&d=mm&r=g","caption":"kalem"},"url":"https:\/\/akunq.net\/turkish\/author\/kalem\/"}]}},"_links":{"self":[{"href":"https:\/\/akunq.net\/turkish\/wp-json\/wp\/v2\/posts\/3243","targetHints":{"allow":["GET"]}}],"collection":[{"href":"https:\/\/akunq.net\/turkish\/wp-json\/wp\/v2\/posts"}],"about":[{"href":"https:\/\/akunq.net\/turkish\/wp-json\/wp\/v2\/types\/post"}],"author":[{"embeddable":true,"href":"https:\/\/akunq.net\/turkish\/wp-json\/wp\/v2\/users\/3"}],"replies":[{"embeddable":true,"href":"https:\/\/akunq.net\/turkish\/wp-json\/wp\/v2\/comments?post=3243"}],"version-history":[{"count":0,"href":"https:\/\/akunq.net\/turkish\/wp-json\/wp\/v2\/posts\/3243\/revisions"}],"wp:attachment":[{"href":"https:\/\/akunq.net\/turkish\/wp-json\/wp\/v2\/media?parent=3243"}],"wp:term":[{"taxonomy":"category","embeddable":true,"href":"https:\/\/akunq.net\/turkish\/wp-json\/wp\/v2\/categories?post=3243"},{"taxonomy":"post_tag","embeddable":true,"href":"https:\/\/akunq.net\/turkish\/wp-json\/wp\/v2\/tags?post=3243"}],"curies":[{"name":"wp","href":"https:\/\/api.w.org\/{rel}","templated":true}]}}