{"id":3239,"date":"2010-12-11T01:31:56","date_gmt":"2010-12-11T06:31:56","guid":{"rendered":"http:\/\/akunq.net\/tr\/?p=3239"},"modified":"2010-12-11T01:31:56","modified_gmt":"2010-12-11T06:31:56","slug":"musluman-mezarliginda-hristiyan-olmaz","status":"publish","type":"post","link":"https:\/\/akunq.net\/turkish\/2010\/12\/11\/musluman-mezarliginda-hristiyan-olmaz\/","title":{"rendered":"&#8221;M\u00fcsl\u00fcman mezarl\u0131\u011f\u0131nda Hristiyan olmaz&#8221;"},"content":{"rendered":"<p style=\"text-align: justify\"><strong><em>T\u00fcrkler itiraz etti, Kanadal\u0131 diplomat\u0131n mezar\u0131 ta\u015f\u0131nd\u0131.\u00a0<\/em><\/strong><\/p>\n<p style=\"text-align: justify\">Mu\u011fla&#8217;n\u0131n Bodrum \u0130l\u00e7esi&#8217;ne 6 y\u0131l \u00f6nce yerle\u015fen Alman as\u0131ll\u0131 Kanadal\u0131 emekli diplomat Hans Himmelbach, ekim ay\u0131nda ya\u015fam\u0131n\u0131 yitirince, vasiyeti gere\u011fi T\u00fcrk e\u015fi taraf\u0131ndan Torba Mezarl\u0131\u011f\u0131&#8217;na defnedildi. Ancak \u00e7evreden gelen &#8221;M\u00fcsl\u00fcman mezarl\u0131\u011f\u0131nda Hristiyan olmaz&#8221; tepkisi \u00fczerine Himmelbach&#8217;\u0131n mezar\u0131, mezarl\u0131\u011f\u0131n \u00fccra bir k\u00f6\u015fesine ta\u015f\u0131nd\u0131.<\/p>\n<p style=\"text-align: justify\">Alman as\u0131ll\u0131 Kanadal\u0131 emekli diplomat Hans Himmelbach, 6 y\u0131l \u00f6nce Mu\u011fla&#8217;n\u0131n Bodrum \u0130l\u00e7esi&#8217;ne yerle\u015fti. Himmelbach, ekim ay\u0131nda y\u00fcksek tansiyon nedeniyle kald\u0131r\u0131ld\u0131\u011f\u0131 hastanede hayat\u0131n\u0131 kaybedince ailesi taraf\u0131ndan vasiyeti gere\u011fince, Almanca ve T\u00fcrk\u00e7e dualar e\u015fli\u011finde Torba Mezarl\u0131\u011f\u0131&#8217;na defnedildi. Ancak \u00e7evreden gelen &#8221;M\u00fcsl\u00fcman mezarl\u0131\u011f\u0131nda Hristiyan olmaz&#8221; tepkisi \u00fczerine Himmelbach&#8217;\u0131n mezar\u0131, mezarl\u0131\u011f\u0131n tenha bir k\u00f6\u015fesine ta\u015f\u0131nd\u0131. Himmelbach&#8217;\u0131n ailesi \u00e7evreden g\u00f6rd\u00fckleri tepki ve ya\u015fad\u0131klar\u0131 \u00fcz\u00fcc\u00fc olay kar\u015f\u0131s\u0131nda sessizliklerini korurken, Bodrum halk\u0131ndan Nur Banu \u0130\u015fcan, &#8221;Duydu\u011fum anda inan\u0131lmaz bir \u015fok ya\u015fad\u0131m. O adam\u0131n topra\u011f\u0131n alt\u0131ndan ba\u015fka yere nakledilmesi beni ciddi boyutta y\u0131kt\u0131. Hepimiz insan\u0131z, dinimiz ne olursa olsun Allah\u0131m\u0131z tek. \u00f6lm\u00fc\u015f bir insana sayg\u0131s\u0131zl\u0131k edilip oradan al\u0131n\u0131p ba\u015fka bir yere g\u00f6t\u00fcr\u00fclmesi benim y\u00fcre\u011fimi ac\u0131tt\u0131 a\u00e7\u0131k\u00e7as\u0131&#8221; \u015feklinde konu\u015ftu.<\/p>\n<p style=\"text-align: justify\">Belediye bir yabanc\u0131lar mezarl\u0131\u011f\u0131 olu\u015fturmak i\u00e7in harekete ge\u00e7erken, Bodrum Belediye Ba\u015fkan\u0131 Mehmet Kocadon, &#8221;Torba&#8217;n\u0131n \u00e7\u0131k\u0131\u015f\u0131nda orman ile ortak bir \u00e7al\u0131\u015fma yapt\u0131k. Orada 150 d\u00f6n\u00fcm bir mezar alan\u0131m\u0131z olacak, ayr\u0131 bir d\u00fczenleme yapaca\u011f\u0131z orada bu problemlerin hepsi bitecek&#8221; dedi.<\/p>\n<p style=\"text-align: justify\"><strong>\u00a0<\/strong><\/p>\n<p style=\"text-align: justify\"><strong><em>Kaynak: haberturk.com<br \/>\nTarih: <\/em><\/strong><strong><em>0<\/em><\/strong><strong><em>9.12.2010<\/em><\/strong><strong><em><\/em><\/strong><\/p>\n","protected":false},"excerpt":{"rendered":"<p>T\u00fcrkler itiraz etti, Kanadal\u0131 diplomat\u0131n mezar\u0131 ta\u015f\u0131nd\u0131.\u00a0 Mu\u011fla&#8217;n\u0131n Bodrum \u0130l\u00e7esi&#8217;ne 6 y\u0131l \u00f6nce yerle\u015fen Alman as\u0131ll\u0131 Kanadal\u0131 emekli diplomat Hans Himmelbach, ekim ay\u0131nda ya\u015fam\u0131n\u0131 yitirince, vasiyeti gere\u011fi T\u00fcrk e\u015fi taraf\u0131ndan Torba Mezarl\u0131\u011f\u0131&#8217;na defnedildi. Ancak \u00e7evreden gelen &#8221;M\u00fcsl\u00fcman mezarl\u0131\u011f\u0131nda Hristiyan olmaz&#8221; tepkisi \u00fczerine Himmelbach&#8217;\u0131n mezar\u0131, mezarl\u0131\u011f\u0131n \u00fccra bir k\u00f6\u015fesine ta\u015f\u0131nd\u0131. Alman as\u0131ll\u0131 Kanadal\u0131 emekli diplomat Hans [&hellip;]<\/p>\n","protected":false},"author":3,"featured_media":0,"comment_status":"open","ping_status":"open","sticky":false,"template":"","format":"standard","meta":{"footnotes":""},"categories":[14],"tags":[],"class_list":["post-3239","post","type-post","status-publish","format-standard","hentry","category-haberler"],"yoast_head":"<!-- This site is optimized with the Yoast SEO plugin v26.6 - https:\/\/yoast.com\/wordpress\/plugins\/seo\/ -->\n<title>&#039;&#039;M\u00fcsl\u00fcman mezarl\u0131\u011f\u0131nda Hristiyan olmaz&#039;&#039; - Bati Ermenistan Ve Bati Ermenileri Sorunlari Ara\u015ftirmalar Merkezi<\/title>\n<meta name=\"robots\" content=\"index, follow, max-snippet:-1, max-image-preview:large, max-video-preview:-1\" \/>\n<link rel=\"canonical\" href=\"https:\/\/akunq.net\/turkish\/2010\/12\/11\/musluman-mezarliginda-hristiyan-olmaz\/\" \/>\n<meta property=\"og:locale\" content=\"en_US\" \/>\n<meta property=\"og:type\" content=\"article\" \/>\n<meta property=\"og:title\" content=\"&#039;&#039;M\u00fcsl\u00fcman mezarl\u0131\u011f\u0131nda Hristiyan olmaz&#039;&#039; - Bati Ermenistan Ve Bati Ermenileri Sorunlari Ara\u015ftirmalar Merkezi\" \/>\n<meta property=\"og:description\" content=\"T\u00fcrkler itiraz etti, Kanadal\u0131 diplomat\u0131n mezar\u0131 ta\u015f\u0131nd\u0131.\u00a0 Mu\u011fla&#8217;n\u0131n Bodrum \u0130l\u00e7esi&#8217;ne 6 y\u0131l \u00f6nce yerle\u015fen Alman as\u0131ll\u0131 Kanadal\u0131 emekli diplomat Hans Himmelbach, ekim ay\u0131nda ya\u015fam\u0131n\u0131 yitirince, vasiyeti gere\u011fi T\u00fcrk e\u015fi taraf\u0131ndan Torba Mezarl\u0131\u011f\u0131&#8217;na defnedildi. Ancak \u00e7evreden gelen &#8221;M\u00fcsl\u00fcman mezarl\u0131\u011f\u0131nda Hristiyan olmaz&#8221; tepkisi \u00fczerine Himmelbach&#8217;\u0131n mezar\u0131, mezarl\u0131\u011f\u0131n \u00fccra bir k\u00f6\u015fesine ta\u015f\u0131nd\u0131. Alman as\u0131ll\u0131 Kanadal\u0131 emekli diplomat Hans [&hellip;]\" \/>\n<meta property=\"og:url\" content=\"https:\/\/akunq.net\/turkish\/2010\/12\/11\/musluman-mezarliginda-hristiyan-olmaz\/\" \/>\n<meta property=\"og:site_name\" content=\"Bati Ermenistan Ve Bati Ermenileri Sorunlari Ara\u015ftirmalar Merkezi\" \/>\n<meta property=\"article:published_time\" content=\"2010-12-11T06:31:56+00:00\" \/>\n<meta name=\"author\" content=\"kalem\" \/>\n<meta name=\"twitter:card\" content=\"summary_large_image\" \/>\n<meta name=\"twitter:label1\" content=\"Written by\" \/>\n\t<meta name=\"twitter:data1\" content=\"kalem\" \/>\n\t<meta name=\"twitter:label2\" content=\"Est. reading time\" \/>\n\t<meta name=\"twitter:data2\" content=\"2 minutes\" \/>\n<script type=\"application\/ld+json\" class=\"yoast-schema-graph\">{\"@context\":\"https:\/\/schema.org\",\"@graph\":[{\"@type\":\"WebPage\",\"@id\":\"https:\/\/akunq.net\/turkish\/2010\/12\/11\/musluman-mezarliginda-hristiyan-olmaz\/\",\"url\":\"https:\/\/akunq.net\/turkish\/2010\/12\/11\/musluman-mezarliginda-hristiyan-olmaz\/\",\"name\":\"''M\u00fcsl\u00fcman mezarl\u0131\u011f\u0131nda Hristiyan olmaz'' - Bati Ermenistan Ve Bati Ermenileri Sorunlari Ara\u015ftirmalar Merkezi\",\"isPartOf\":{\"@id\":\"https:\/\/akunq.net\/turkish\/#website\"},\"datePublished\":\"2010-12-11T06:31:56+00:00\",\"author\":{\"@id\":\"https:\/\/akunq.net\/turkish\/#\/schema\/person\/135e7923d1aeb8887890799619969a6c\"},\"breadcrumb\":{\"@id\":\"https:\/\/akunq.net\/turkish\/2010\/12\/11\/musluman-mezarliginda-hristiyan-olmaz\/#breadcrumb\"},\"inLanguage\":\"en-US\",\"potentialAction\":[{\"@type\":\"ReadAction\",\"target\":[\"https:\/\/akunq.net\/turkish\/2010\/12\/11\/musluman-mezarliginda-hristiyan-olmaz\/\"]}]},{\"@type\":\"BreadcrumbList\",\"@id\":\"https:\/\/akunq.net\/turkish\/2010\/12\/11\/musluman-mezarliginda-hristiyan-olmaz\/#breadcrumb\",\"itemListElement\":[{\"@type\":\"ListItem\",\"position\":1,\"name\":\"Home\",\"item\":\"https:\/\/akunq.net\/turkish\/\"},{\"@type\":\"ListItem\",\"position\":2,\"name\":\"&#8221;M\u00fcsl\u00fcman mezarl\u0131\u011f\u0131nda Hristiyan olmaz&#8221;\"}]},{\"@type\":\"WebSite\",\"@id\":\"https:\/\/akunq.net\/turkish\/#website\",\"url\":\"https:\/\/akunq.net\/turkish\/\",\"name\":\"Bati Ermenistan Ve Bati Ermenileri Sorunlari Ara\u015ftirmalar Merkezi\",\"description\":\"\",\"potentialAction\":[{\"@type\":\"SearchAction\",\"target\":{\"@type\":\"EntryPoint\",\"urlTemplate\":\"https:\/\/akunq.net\/turkish\/?s={search_term_string}\"},\"query-input\":{\"@type\":\"PropertyValueSpecification\",\"valueRequired\":true,\"valueName\":\"search_term_string\"}}],\"inLanguage\":\"en-US\"},{\"@type\":\"Person\",\"@id\":\"https:\/\/akunq.net\/turkish\/#\/schema\/person\/135e7923d1aeb8887890799619969a6c\",\"name\":\"kalem\",\"image\":{\"@type\":\"ImageObject\",\"inLanguage\":\"en-US\",\"@id\":\"https:\/\/akunq.net\/turkish\/#\/schema\/person\/image\/\",\"url\":\"https:\/\/secure.gravatar.com\/avatar\/a06875e4b25feb5674296adf8e8a7ae1e587cebce2493fe63c456109967e27d3?s=96&d=mm&r=g\",\"contentUrl\":\"https:\/\/secure.gravatar.com\/avatar\/a06875e4b25feb5674296adf8e8a7ae1e587cebce2493fe63c456109967e27d3?s=96&d=mm&r=g\",\"caption\":\"kalem\"},\"url\":\"https:\/\/akunq.net\/turkish\/author\/kalem\/\"}]}<\/script>\n<!-- \/ Yoast SEO plugin. -->","yoast_head_json":{"title":"''M\u00fcsl\u00fcman mezarl\u0131\u011f\u0131nda Hristiyan olmaz'' - Bati Ermenistan Ve Bati Ermenileri Sorunlari Ara\u015ftirmalar Merkezi","robots":{"index":"index","follow":"follow","max-snippet":"max-snippet:-1","max-image-preview":"max-image-preview:large","max-video-preview":"max-video-preview:-1"},"canonical":"https:\/\/akunq.net\/turkish\/2010\/12\/11\/musluman-mezarliginda-hristiyan-olmaz\/","og_locale":"en_US","og_type":"article","og_title":"''M\u00fcsl\u00fcman mezarl\u0131\u011f\u0131nda Hristiyan olmaz'' - Bati Ermenistan Ve Bati Ermenileri Sorunlari Ara\u015ftirmalar Merkezi","og_description":"T\u00fcrkler itiraz etti, Kanadal\u0131 diplomat\u0131n mezar\u0131 ta\u015f\u0131nd\u0131.\u00a0 Mu\u011fla&#8217;n\u0131n Bodrum \u0130l\u00e7esi&#8217;ne 6 y\u0131l \u00f6nce yerle\u015fen Alman as\u0131ll\u0131 Kanadal\u0131 emekli diplomat Hans Himmelbach, ekim ay\u0131nda ya\u015fam\u0131n\u0131 yitirince, vasiyeti gere\u011fi T\u00fcrk e\u015fi taraf\u0131ndan Torba Mezarl\u0131\u011f\u0131&#8217;na defnedildi. Ancak \u00e7evreden gelen &#8221;M\u00fcsl\u00fcman mezarl\u0131\u011f\u0131nda Hristiyan olmaz&#8221; tepkisi \u00fczerine Himmelbach&#8217;\u0131n mezar\u0131, mezarl\u0131\u011f\u0131n \u00fccra bir k\u00f6\u015fesine ta\u015f\u0131nd\u0131. Alman as\u0131ll\u0131 Kanadal\u0131 emekli diplomat Hans [&hellip;]","og_url":"https:\/\/akunq.net\/turkish\/2010\/12\/11\/musluman-mezarliginda-hristiyan-olmaz\/","og_site_name":"Bati Ermenistan Ve Bati Ermenileri Sorunlari Ara\u015ftirmalar Merkezi","article_published_time":"2010-12-11T06:31:56+00:00","author":"kalem","twitter_card":"summary_large_image","twitter_misc":{"Written by":"kalem","Est. reading time":"2 minutes"},"schema":{"@context":"https:\/\/schema.org","@graph":[{"@type":"WebPage","@id":"https:\/\/akunq.net\/turkish\/2010\/12\/11\/musluman-mezarliginda-hristiyan-olmaz\/","url":"https:\/\/akunq.net\/turkish\/2010\/12\/11\/musluman-mezarliginda-hristiyan-olmaz\/","name":"''M\u00fcsl\u00fcman mezarl\u0131\u011f\u0131nda Hristiyan olmaz'' - Bati Ermenistan Ve Bati Ermenileri Sorunlari Ara\u015ftirmalar Merkezi","isPartOf":{"@id":"https:\/\/akunq.net\/turkish\/#website"},"datePublished":"2010-12-11T06:31:56+00:00","author":{"@id":"https:\/\/akunq.net\/turkish\/#\/schema\/person\/135e7923d1aeb8887890799619969a6c"},"breadcrumb":{"@id":"https:\/\/akunq.net\/turkish\/2010\/12\/11\/musluman-mezarliginda-hristiyan-olmaz\/#breadcrumb"},"inLanguage":"en-US","potentialAction":[{"@type":"ReadAction","target":["https:\/\/akunq.net\/turkish\/2010\/12\/11\/musluman-mezarliginda-hristiyan-olmaz\/"]}]},{"@type":"BreadcrumbList","@id":"https:\/\/akunq.net\/turkish\/2010\/12\/11\/musluman-mezarliginda-hristiyan-olmaz\/#breadcrumb","itemListElement":[{"@type":"ListItem","position":1,"name":"Home","item":"https:\/\/akunq.net\/turkish\/"},{"@type":"ListItem","position":2,"name":"&#8221;M\u00fcsl\u00fcman mezarl\u0131\u011f\u0131nda Hristiyan olmaz&#8221;"}]},{"@type":"WebSite","@id":"https:\/\/akunq.net\/turkish\/#website","url":"https:\/\/akunq.net\/turkish\/","name":"Bati Ermenistan Ve Bati Ermenileri Sorunlari Ara\u015ftirmalar Merkezi","description":"","potentialAction":[{"@type":"SearchAction","target":{"@type":"EntryPoint","urlTemplate":"https:\/\/akunq.net\/turkish\/?s={search_term_string}"},"query-input":{"@type":"PropertyValueSpecification","valueRequired":true,"valueName":"search_term_string"}}],"inLanguage":"en-US"},{"@type":"Person","@id":"https:\/\/akunq.net\/turkish\/#\/schema\/person\/135e7923d1aeb8887890799619969a6c","name":"kalem","image":{"@type":"ImageObject","inLanguage":"en-US","@id":"https:\/\/akunq.net\/turkish\/#\/schema\/person\/image\/","url":"https:\/\/secure.gravatar.com\/avatar\/a06875e4b25feb5674296adf8e8a7ae1e587cebce2493fe63c456109967e27d3?s=96&d=mm&r=g","contentUrl":"https:\/\/secure.gravatar.com\/avatar\/a06875e4b25feb5674296adf8e8a7ae1e587cebce2493fe63c456109967e27d3?s=96&d=mm&r=g","caption":"kalem"},"url":"https:\/\/akunq.net\/turkish\/author\/kalem\/"}]}},"_links":{"self":[{"href":"https:\/\/akunq.net\/turkish\/wp-json\/wp\/v2\/posts\/3239","targetHints":{"allow":["GET"]}}],"collection":[{"href":"https:\/\/akunq.net\/turkish\/wp-json\/wp\/v2\/posts"}],"about":[{"href":"https:\/\/akunq.net\/turkish\/wp-json\/wp\/v2\/types\/post"}],"author":[{"embeddable":true,"href":"https:\/\/akunq.net\/turkish\/wp-json\/wp\/v2\/users\/3"}],"replies":[{"embeddable":true,"href":"https:\/\/akunq.net\/turkish\/wp-json\/wp\/v2\/comments?post=3239"}],"version-history":[{"count":0,"href":"https:\/\/akunq.net\/turkish\/wp-json\/wp\/v2\/posts\/3239\/revisions"}],"wp:attachment":[{"href":"https:\/\/akunq.net\/turkish\/wp-json\/wp\/v2\/media?parent=3239"}],"wp:term":[{"taxonomy":"category","embeddable":true,"href":"https:\/\/akunq.net\/turkish\/wp-json\/wp\/v2\/categories?post=3239"},{"taxonomy":"post_tag","embeddable":true,"href":"https:\/\/akunq.net\/turkish\/wp-json\/wp\/v2\/tags?post=3239"}],"curies":[{"name":"wp","href":"https:\/\/api.w.org\/{rel}","templated":true}]}}