{"id":323,"date":"2010-04-17T01:26:49","date_gmt":"2010-04-17T06:26:49","guid":{"rendered":"http:\/\/akunq.net\/tr\/?p=323"},"modified":"2010-04-17T01:26:49","modified_gmt":"2010-04-17T06:26:49","slug":"vanda-kilise-bereketi","status":"publish","type":"post","link":"https:\/\/akunq.net\/turkish\/2010\/04\/17\/vanda-kilise-bereketi\/","title":{"rendered":"VAN&#8217;DA K\u0130L\u0130SE BEREKET\u0130"},"content":{"rendered":"<p style=\"text-align: justify\"><strong><em><a rel=\"attachment wp-att-324\" href=\"http:\/\/akunq.net\/tr\/2010\/04\/17\/vanda-kilise-bereketi\/%d5%bd%d5%b8%d6%82%d6%80%d5%a2-%d5%ad%d5%a1%d5%b9\/\"><img loading=\"lazy\" decoding=\"async\" class=\"alignleft size-full wp-image-324\" title=\"\u054d\u0578\u0582\u0580\u0562 \u053d\u0561\u0579\" src=\"http:\/\/akunq.net\/tr\/wp-content\/uploads\/2010\/04\/\u054d\u0578\u0582\u0580\u0562-\u053d\u0561\u0579.jpg\" alt=\"\" width=\"263\" height=\"181\" \/><\/a>Akdamar Kilisesi&#8217;nde ibadet i\u00e7in rezervasyonlar \u015fimdiden ba\u015flarken, \u015fehre ilk kez 5 YILDIZLI OTEL yap\u0131l\u0131yor. <\/em><\/strong><strong>2011 y\u0131l\u0131n\u0131n nisan ay\u0131nda hizmete a\u00e7\u0131lacak olan otelde, 150 ki\u015fi istihdam edilecek. <em><\/em><\/strong><\/p>\n<p style=\"text-align: justify\">Van\u2019da ilk be\u015f y\u0131ld\u0131zl\u0131 otelin yap\u0131m\u0131na ba\u015fland\u0131. Van Valisi M\u00fcnir Karalo\u011flu, Van-Edremit kara yolu \u00fczerinde yap\u0131m\u0131na ba\u015flanan be\u015f y\u0131ld\u0131zl\u0131 otelin in\u015faat\u0131nda incelemede bulunarak, \u00e7al\u0131\u015fmalar hakk\u0131nda bilgi ald\u0131.<\/p>\n<p style=\"text-align: justify\">Kentin ge\u00e7mi\u015f y\u0131llarda \u00e7ok say\u0131da turist a\u011f\u0131rlad\u0131\u011f\u0131n\u0131 belirten Karao\u011flu, ge\u00e7mi\u015f y\u0131llardaki bu ba\u015far\u0131y\u0131 yeniden yakalamak amac\u0131yla t\u00fcm turistik alanlar\u0131 hizmete a\u00e7acaklar\u0131n\u0131 belirtti.<\/p>\n<p style=\"text-align: justify\">Akdamar Kilisesi\u2019nin, 12 Eyl\u00fcl\u2019de bir g\u00fcnl\u00fc\u011f\u00fcne ibadete a\u00e7\u0131lmas\u0131n\u0131n da kente gelecek turist say\u0131s\u0131ndaki art\u0131\u015f\u0131 sa\u011flayaca\u011f\u0131n\u0131 anlatan Karalo\u011flu, \u201c\u015eimdiden otellerde rezervasyonlar yap\u0131lmaya ba\u015fland\u0131. Otellerin doluluk oran\u0131, ge\u00e7en y\u0131llara g\u00f6re \u00f6nemli \u00f6l\u00e7\u00fcde artt\u0131. Geli\u015fmekte olan bir kentte be\u015f y\u0131ld\u0131zl\u0131 bir otele b\u00fcy\u00fck ihtiya\u00e7 vard\u0131\u201d dedi.<\/p>\n<p style=\"text-align: justify\">Kentin ilk be\u015f y\u0131ld\u0131z\u0131 otelini yapt\u0131ran i\u015f adam\u0131 Kurtulu\u015f Akay da Van G\u00f6l\u00fc k\u0131y\u0131s\u0131nda 9 bin 850 metrekarelik alanda yap\u0131m\u0131na ba\u015flanan otelin, 10 milyon dolara mal olaca\u011f\u0131n\u0131 s\u00f6yledi. Otelin, 2011 y\u0131l\u0131n\u0131n nisan ay\u0131nda hizmete a\u00e7\u0131laca\u011f\u0131n\u0131 bildiren Akay, 150 ki\u015finin istihdam edilece\u011fini anlatt\u0131. <strong><\/strong><\/p>\n<p style=\"text-align: justify\"><a href=\"http:\/\/www.nethaber.com\/Ekonomi\/141961\/VANDA-KILISE-BEREKETI-Akdamar-Kilisesinde\">http:\/\/www.nethaber.com\/Ekonomi\/141961\/VANDA-KILISE-BEREKETI-Akdamar-Kilisesinde<\/a><strong><\/strong><\/p>\n","protected":false},"excerpt":{"rendered":"<p>Akdamar Kilisesi&#8217;nde ibadet i\u00e7in rezervasyonlar \u015fimdiden ba\u015flarken, \u015fehre ilk kez 5 YILDIZLI OTEL yap\u0131l\u0131yor. 2011 y\u0131l\u0131n\u0131n nisan ay\u0131nda hizmete a\u00e7\u0131lacak olan otelde, 150 ki\u015fi istihdam edilecek. Van\u2019da ilk be\u015f y\u0131ld\u0131zl\u0131 otelin yap\u0131m\u0131na ba\u015fland\u0131. Van Valisi M\u00fcnir Karalo\u011flu, Van-Edremit kara yolu \u00fczerinde yap\u0131m\u0131na ba\u015flanan be\u015f y\u0131ld\u0131zl\u0131 otelin in\u015faat\u0131nda incelemede bulunarak, \u00e7al\u0131\u015fmalar hakk\u0131nda bilgi ald\u0131. Kentin ge\u00e7mi\u015f [&hellip;]<\/p>\n","protected":false},"author":3,"featured_media":0,"comment_status":"closed","ping_status":"open","sticky":false,"template":"","format":"standard","meta":{"footnotes":""},"categories":[14],"tags":[],"class_list":["post-323","post","type-post","status-publish","format-standard","hentry","category-haberler"],"yoast_head":"<!-- This site is optimized with the Yoast SEO plugin v27.4 - https:\/\/yoast.com\/product\/yoast-seo-wordpress\/ -->\n<title>VAN&#039;DA K\u0130L\u0130SE BEREKET\u0130 - Bati Ermenistan Ve Bati Ermenileri Sorunlari Ara\u015ftirmalar Merkezi<\/title>\n<meta name=\"robots\" content=\"index, follow, max-snippet:-1, max-image-preview:large, max-video-preview:-1\" \/>\n<link rel=\"canonical\" href=\"https:\/\/akunq.net\/turkish\/2010\/04\/17\/vanda-kilise-bereketi\/\" \/>\n<meta property=\"og:locale\" content=\"en_US\" \/>\n<meta property=\"og:type\" content=\"article\" \/>\n<meta property=\"og:title\" content=\"VAN&#039;DA K\u0130L\u0130SE BEREKET\u0130 - Bati Ermenistan Ve Bati Ermenileri Sorunlari Ara\u015ftirmalar Merkezi\" \/>\n<meta property=\"og:description\" content=\"Akdamar Kilisesi&#8217;nde ibadet i\u00e7in rezervasyonlar \u015fimdiden ba\u015flarken, \u015fehre ilk kez 5 YILDIZLI OTEL yap\u0131l\u0131yor. 2011 y\u0131l\u0131n\u0131n nisan ay\u0131nda hizmete a\u00e7\u0131lacak olan otelde, 150 ki\u015fi istihdam edilecek. Van\u2019da ilk be\u015f y\u0131ld\u0131zl\u0131 otelin yap\u0131m\u0131na ba\u015fland\u0131. Van Valisi M\u00fcnir Karalo\u011flu, Van-Edremit kara yolu \u00fczerinde yap\u0131m\u0131na ba\u015flanan be\u015f y\u0131ld\u0131zl\u0131 otelin in\u015faat\u0131nda incelemede bulunarak, \u00e7al\u0131\u015fmalar hakk\u0131nda bilgi ald\u0131. Kentin ge\u00e7mi\u015f [&hellip;]\" \/>\n<meta property=\"og:url\" content=\"https:\/\/akunq.net\/turkish\/2010\/04\/17\/vanda-kilise-bereketi\/\" \/>\n<meta property=\"og:site_name\" content=\"Bati Ermenistan Ve Bati Ermenileri Sorunlari Ara\u015ftirmalar Merkezi\" \/>\n<meta property=\"article:published_time\" content=\"2010-04-17T06:26:49+00:00\" \/>\n<meta name=\"author\" content=\"kalem\" \/>\n<meta name=\"twitter:card\" content=\"summary_large_image\" \/>\n<meta name=\"twitter:label1\" content=\"Written by\" \/>\n\t<meta name=\"twitter:data1\" content=\"kalem\" \/>\n\t<meta name=\"twitter:label2\" content=\"Est. reading time\" \/>\n\t<meta name=\"twitter:data2\" content=\"1 minute\" \/>\n<script type=\"application\/ld+json\" class=\"yoast-schema-graph\">{\"@context\":\"https:\\\/\\\/schema.org\",\"@graph\":[{\"@type\":\"Article\",\"@id\":\"https:\\\/\\\/akunq.net\\\/turkish\\\/2010\\\/04\\\/17\\\/vanda-kilise-bereketi\\\/#article\",\"isPartOf\":{\"@id\":\"https:\\\/\\\/akunq.net\\\/turkish\\\/2010\\\/04\\\/17\\\/vanda-kilise-bereketi\\\/\"},\"author\":{\"name\":\"kalem\",\"@id\":\"https:\\\/\\\/akunq.net\\\/turkish\\\/#\\\/schema\\\/person\\\/135e7923d1aeb8887890799619969a6c\"},\"headline\":\"VAN&#8217;DA K\u0130L\u0130SE BEREKET\u0130\",\"datePublished\":\"2010-04-17T06:26:49+00:00\",\"mainEntityOfPage\":{\"@id\":\"https:\\\/\\\/akunq.net\\\/turkish\\\/2010\\\/04\\\/17\\\/vanda-kilise-bereketi\\\/\"},\"wordCount\":247,\"articleSection\":[\"Haberler\"],\"inLanguage\":\"en-US\"},{\"@type\":\"WebPage\",\"@id\":\"https:\\\/\\\/akunq.net\\\/turkish\\\/2010\\\/04\\\/17\\\/vanda-kilise-bereketi\\\/\",\"url\":\"https:\\\/\\\/akunq.net\\\/turkish\\\/2010\\\/04\\\/17\\\/vanda-kilise-bereketi\\\/\",\"name\":\"VAN'DA K\u0130L\u0130SE BEREKET\u0130 - Bati Ermenistan Ve Bati Ermenileri Sorunlari Ara\u015ftirmalar Merkezi\",\"isPartOf\":{\"@id\":\"https:\\\/\\\/akunq.net\\\/turkish\\\/#website\"},\"datePublished\":\"2010-04-17T06:26:49+00:00\",\"author\":{\"@id\":\"https:\\\/\\\/akunq.net\\\/turkish\\\/#\\\/schema\\\/person\\\/135e7923d1aeb8887890799619969a6c\"},\"breadcrumb\":{\"@id\":\"https:\\\/\\\/akunq.net\\\/turkish\\\/2010\\\/04\\\/17\\\/vanda-kilise-bereketi\\\/#breadcrumb\"},\"inLanguage\":\"en-US\",\"potentialAction\":[{\"@type\":\"ReadAction\",\"target\":[\"https:\\\/\\\/akunq.net\\\/turkish\\\/2010\\\/04\\\/17\\\/vanda-kilise-bereketi\\\/\"]}]},{\"@type\":\"BreadcrumbList\",\"@id\":\"https:\\\/\\\/akunq.net\\\/turkish\\\/2010\\\/04\\\/17\\\/vanda-kilise-bereketi\\\/#breadcrumb\",\"itemListElement\":[{\"@type\":\"ListItem\",\"position\":1,\"name\":\"Home\",\"item\":\"https:\\\/\\\/akunq.net\\\/turkish\\\/\"},{\"@type\":\"ListItem\",\"position\":2,\"name\":\"VAN&#8217;DA K\u0130L\u0130SE BEREKET\u0130\"}]},{\"@type\":\"WebSite\",\"@id\":\"https:\\\/\\\/akunq.net\\\/turkish\\\/#website\",\"url\":\"https:\\\/\\\/akunq.net\\\/turkish\\\/\",\"name\":\"Bati Ermenistan Ve Bati Ermenileri Sorunlari Ara\u015ftirmalar Merkezi\",\"description\":\"\",\"potentialAction\":[{\"@type\":\"SearchAction\",\"target\":{\"@type\":\"EntryPoint\",\"urlTemplate\":\"https:\\\/\\\/akunq.net\\\/turkish\\\/?s={search_term_string}\"},\"query-input\":{\"@type\":\"PropertyValueSpecification\",\"valueRequired\":true,\"valueName\":\"search_term_string\"}}],\"inLanguage\":\"en-US\"},{\"@type\":\"Person\",\"@id\":\"https:\\\/\\\/akunq.net\\\/turkish\\\/#\\\/schema\\\/person\\\/135e7923d1aeb8887890799619969a6c\",\"name\":\"kalem\",\"image\":{\"@type\":\"ImageObject\",\"inLanguage\":\"en-US\",\"@id\":\"https:\\\/\\\/secure.gravatar.com\\\/avatar\\\/a06875e4b25feb5674296adf8e8a7ae1e587cebce2493fe63c456109967e27d3?s=96&d=mm&r=g\",\"url\":\"https:\\\/\\\/secure.gravatar.com\\\/avatar\\\/a06875e4b25feb5674296adf8e8a7ae1e587cebce2493fe63c456109967e27d3?s=96&d=mm&r=g\",\"contentUrl\":\"https:\\\/\\\/secure.gravatar.com\\\/avatar\\\/a06875e4b25feb5674296adf8e8a7ae1e587cebce2493fe63c456109967e27d3?s=96&d=mm&r=g\",\"caption\":\"kalem\"},\"url\":\"https:\\\/\\\/akunq.net\\\/turkish\\\/author\\\/kalem\\\/\"}]}<\/script>\n<!-- \/ Yoast SEO plugin. -->","yoast_head_json":{"title":"VAN'DA K\u0130L\u0130SE BEREKET\u0130 - Bati Ermenistan Ve Bati Ermenileri Sorunlari Ara\u015ftirmalar Merkezi","robots":{"index":"index","follow":"follow","max-snippet":"max-snippet:-1","max-image-preview":"max-image-preview:large","max-video-preview":"max-video-preview:-1"},"canonical":"https:\/\/akunq.net\/turkish\/2010\/04\/17\/vanda-kilise-bereketi\/","og_locale":"en_US","og_type":"article","og_title":"VAN'DA K\u0130L\u0130SE BEREKET\u0130 - Bati Ermenistan Ve Bati Ermenileri Sorunlari Ara\u015ftirmalar Merkezi","og_description":"Akdamar Kilisesi&#8217;nde ibadet i\u00e7in rezervasyonlar \u015fimdiden ba\u015flarken, \u015fehre ilk kez 5 YILDIZLI OTEL yap\u0131l\u0131yor. 2011 y\u0131l\u0131n\u0131n nisan ay\u0131nda hizmete a\u00e7\u0131lacak olan otelde, 150 ki\u015fi istihdam edilecek. Van\u2019da ilk be\u015f y\u0131ld\u0131zl\u0131 otelin yap\u0131m\u0131na ba\u015fland\u0131. Van Valisi M\u00fcnir Karalo\u011flu, Van-Edremit kara yolu \u00fczerinde yap\u0131m\u0131na ba\u015flanan be\u015f y\u0131ld\u0131zl\u0131 otelin in\u015faat\u0131nda incelemede bulunarak, \u00e7al\u0131\u015fmalar hakk\u0131nda bilgi ald\u0131. Kentin ge\u00e7mi\u015f [&hellip;]","og_url":"https:\/\/akunq.net\/turkish\/2010\/04\/17\/vanda-kilise-bereketi\/","og_site_name":"Bati Ermenistan Ve Bati Ermenileri Sorunlari Ara\u015ftirmalar Merkezi","article_published_time":"2010-04-17T06:26:49+00:00","author":"kalem","twitter_card":"summary_large_image","twitter_misc":{"Written by":"kalem","Est. reading time":"1 minute"},"schema":{"@context":"https:\/\/schema.org","@graph":[{"@type":"Article","@id":"https:\/\/akunq.net\/turkish\/2010\/04\/17\/vanda-kilise-bereketi\/#article","isPartOf":{"@id":"https:\/\/akunq.net\/turkish\/2010\/04\/17\/vanda-kilise-bereketi\/"},"author":{"name":"kalem","@id":"https:\/\/akunq.net\/turkish\/#\/schema\/person\/135e7923d1aeb8887890799619969a6c"},"headline":"VAN&#8217;DA K\u0130L\u0130SE BEREKET\u0130","datePublished":"2010-04-17T06:26:49+00:00","mainEntityOfPage":{"@id":"https:\/\/akunq.net\/turkish\/2010\/04\/17\/vanda-kilise-bereketi\/"},"wordCount":247,"articleSection":["Haberler"],"inLanguage":"en-US"},{"@type":"WebPage","@id":"https:\/\/akunq.net\/turkish\/2010\/04\/17\/vanda-kilise-bereketi\/","url":"https:\/\/akunq.net\/turkish\/2010\/04\/17\/vanda-kilise-bereketi\/","name":"VAN'DA K\u0130L\u0130SE BEREKET\u0130 - Bati Ermenistan Ve Bati Ermenileri Sorunlari Ara\u015ftirmalar Merkezi","isPartOf":{"@id":"https:\/\/akunq.net\/turkish\/#website"},"datePublished":"2010-04-17T06:26:49+00:00","author":{"@id":"https:\/\/akunq.net\/turkish\/#\/schema\/person\/135e7923d1aeb8887890799619969a6c"},"breadcrumb":{"@id":"https:\/\/akunq.net\/turkish\/2010\/04\/17\/vanda-kilise-bereketi\/#breadcrumb"},"inLanguage":"en-US","potentialAction":[{"@type":"ReadAction","target":["https:\/\/akunq.net\/turkish\/2010\/04\/17\/vanda-kilise-bereketi\/"]}]},{"@type":"BreadcrumbList","@id":"https:\/\/akunq.net\/turkish\/2010\/04\/17\/vanda-kilise-bereketi\/#breadcrumb","itemListElement":[{"@type":"ListItem","position":1,"name":"Home","item":"https:\/\/akunq.net\/turkish\/"},{"@type":"ListItem","position":2,"name":"VAN&#8217;DA K\u0130L\u0130SE BEREKET\u0130"}]},{"@type":"WebSite","@id":"https:\/\/akunq.net\/turkish\/#website","url":"https:\/\/akunq.net\/turkish\/","name":"Bati Ermenistan Ve Bati Ermenileri Sorunlari Ara\u015ftirmalar Merkezi","description":"","potentialAction":[{"@type":"SearchAction","target":{"@type":"EntryPoint","urlTemplate":"https:\/\/akunq.net\/turkish\/?s={search_term_string}"},"query-input":{"@type":"PropertyValueSpecification","valueRequired":true,"valueName":"search_term_string"}}],"inLanguage":"en-US"},{"@type":"Person","@id":"https:\/\/akunq.net\/turkish\/#\/schema\/person\/135e7923d1aeb8887890799619969a6c","name":"kalem","image":{"@type":"ImageObject","inLanguage":"en-US","@id":"https:\/\/secure.gravatar.com\/avatar\/a06875e4b25feb5674296adf8e8a7ae1e587cebce2493fe63c456109967e27d3?s=96&d=mm&r=g","url":"https:\/\/secure.gravatar.com\/avatar\/a06875e4b25feb5674296adf8e8a7ae1e587cebce2493fe63c456109967e27d3?s=96&d=mm&r=g","contentUrl":"https:\/\/secure.gravatar.com\/avatar\/a06875e4b25feb5674296adf8e8a7ae1e587cebce2493fe63c456109967e27d3?s=96&d=mm&r=g","caption":"kalem"},"url":"https:\/\/akunq.net\/turkish\/author\/kalem\/"}]}},"_links":{"self":[{"href":"https:\/\/akunq.net\/turkish\/wp-json\/wp\/v2\/posts\/323","targetHints":{"allow":["GET"]}}],"collection":[{"href":"https:\/\/akunq.net\/turkish\/wp-json\/wp\/v2\/posts"}],"about":[{"href":"https:\/\/akunq.net\/turkish\/wp-json\/wp\/v2\/types\/post"}],"author":[{"embeddable":true,"href":"https:\/\/akunq.net\/turkish\/wp-json\/wp\/v2\/users\/3"}],"replies":[{"embeddable":true,"href":"https:\/\/akunq.net\/turkish\/wp-json\/wp\/v2\/comments?post=323"}],"version-history":[{"count":0,"href":"https:\/\/akunq.net\/turkish\/wp-json\/wp\/v2\/posts\/323\/revisions"}],"wp:attachment":[{"href":"https:\/\/akunq.net\/turkish\/wp-json\/wp\/v2\/media?parent=323"}],"wp:term":[{"taxonomy":"category","embeddable":true,"href":"https:\/\/akunq.net\/turkish\/wp-json\/wp\/v2\/categories?post=323"},{"taxonomy":"post_tag","embeddable":true,"href":"https:\/\/akunq.net\/turkish\/wp-json\/wp\/v2\/tags?post=323"}],"curies":[{"name":"wp","href":"https:\/\/api.w.org\/{rel}","templated":true}]}}