{"id":321,"date":"2010-04-16T10:25:25","date_gmt":"2010-04-16T15:25:25","guid":{"rendered":"http:\/\/akunq.net\/tr\/?p=321"},"modified":"2010-04-16T10:25:25","modified_gmt":"2010-04-16T15:25:25","slug":"vakif-sorunlari-ankaraya-iletilecek","status":"publish","type":"post","link":"https:\/\/akunq.net\/turkish\/2010\/04\/16\/vakif-sorunlari-ankaraya-iletilecek\/","title":{"rendered":"Vak\u0131f sorunlar\u0131 Ankara\u2019ya iletilecek"},"content":{"rendered":"<p style=\"text-align: justify\"><em>\u2018Devlet tasarrufuna al\u0131nm\u0131\u015f ta\u015f\u0131nmazlar\u2019\u0131n iadesi i\u00e7in yap\u0131lan \u00e7al\u0131\u015fmalara \u00f6nderlik etmek i\u00e7in 2008\u2019de kurulan Ortak Emlak Komisyonu\u2019nun \u00fcyeleri, vak\u0131flara ula\u015fan sonu\u00e7lar\u0131 de\u011ferlendirmek \u00fczere, 31 Mart \u00c7ar\u015famba ak\u015fam\u0131, VAD\u0130P \u00fcyeleri ve Cemaat Vak\u0131flar\u0131 Temsilcisi Laki Vingas\u2019la T\u00fcrkiye Ermeni Patrikhanesi\u2019nde bir araya geldi. Patriklik Ruhani Kurulu Ba\u015fkan\u0131 Ba\u015fepiskopos Aram Ate\u015fyan\u2019\u0131n da haz\u0131r bulundu\u011fu toplant\u0131da var\u0131lan ortak kan\u0131, sonu\u00e7lar\u0131n tatmink\u00e2r olmaktan uzak oldu\u011fu ve eksik evraklar\u0131n tamamlanmas\u0131 i\u00e7in verilen 2 ayl\u0131k s\u00fcrenin de hakkaniyetli olmad\u0131\u011f\u0131 y\u00f6n\u00fcndeydi.<\/em><\/p>\n<p style=\"text-align: justify\"><strong>Kanunun iptali\u00a0\u00a0s\u00f6z konusu olabilir<\/strong><\/p>\n<p style=\"text-align: justify\">Toplant\u0131da s\u00f6z alan baz\u0131 vak\u0131f y\u00f6neticileri, ellerindeki t\u00fcm evraklar\u0131 Vak\u0131flar Genel M\u00fcd\u00fcrl\u00fc\u011f\u00fc\u2019ne (VGM) sunduklar\u0131n\u0131, dosyaya ekleyecek evraklar\u0131 bulunmad\u0131\u011f\u0131ndan, 2 ay sonra ayn\u0131 dosyalarla bir kez daha ba\u015fvurman\u0131n tuhaf olaca\u011f\u0131n\u0131 dile getirdiler. Mevcut ko\u015fullarda yarg\u0131ya gitmeden \u00e7\u00f6z\u00fcm araman\u0131n imk\u00e2ns\u0131z oldu\u011funu belirten avukat Sebu Aslangil, 2 ay gibi k\u0131sa bir s\u00fcre i\u00e7inde, kayd\u0131 bulunmayan ta\u015f\u0131nmazlarla ilgili belgelere ula\u015fman\u0131n imk\u00e2ns\u0131z oldu\u011funu vurgulad\u0131. Aslangil, CHP\u2019nin a\u00e7t\u0131\u011f\u0131 iptal davas\u0131na dikkat \u00e7ekerek, kanunun iptalinin de s\u00f6z konusu olabilece\u011fini an\u0131msatt\u0131.<br \/>\nM\u00fclk al\u0131m sat\u0131m\u0131n\u0131 ve az\u0131nl\u0131k temsilcisi tayin etmeyi m\u00fcmk\u00fcn k\u0131lsa da, kanunun temelde eksik oldu\u011funu yineleyen Cemaat Vak\u0131flar\u0131 Temsilcisi Laki Vingas, bu eksikli\u011fin, kanun haz\u0131rlan\u0131rken vak\u0131f y\u00f6neticileriyle ciddi bir diyalo\u011fa girilmemesinden kaynakland\u0131\u011f\u0131n\u0131 belirterek, bug\u00fcn gelinen noktada, cemaatlerin daha \u00e7ok dikkate al\u0131nd\u0131\u011f\u0131n\u0131 g\u00f6zlemledi\u011fine, dolay\u0131s\u0131yla daha sa\u011fl\u0131kl\u0131 bir diyalog ortam\u0131ndan s\u00f6z etmenin m\u00fcmk\u00fcn oldu\u011funa dikkat \u00e7ekti: \u201cBakanl\u0131klar baz\u0131 konularda hakl\u0131l\u0131\u011f\u0131m\u0131z\u0131 kabullenmi\u015f vaziyette. Niye icraatta g\u00f6z\u00fckm\u00fcyor, niye bu kadar s\u0131k\u0131nt\u0131 oluyor? \u00c7\u00fcnk\u00fc topal bir kanundu bu. 1936 Beyannamesi\u2019ni bir vak\u0131f senedi olarak alg\u0131lam\u0131\u015flar, b\u00fct\u00fcn hukuku bunun \u00fczerine kurmu\u015flar. \u015eimdi h\u00e2l\u00e2 1936 Beyannamesi\u2019nde var olanlar\u0131 ispatlamam\u0131z isteniyor.\u201d<\/p>\n<p style=\"text-align: justify\"><strong>Ankara\u2019ya gidecek\u00a0\u00a0 bir heyet<\/strong><\/p>\n<p style=\"text-align: justify\">\u201cNeticede daha proaktif bir politika y\u00fcr\u00fctmeliyiz\u201d diyen Vingas, sorunlar\u0131n \u00e7\u00f6z\u00fcm\u00fcn\u00fc kolayla\u015ft\u0131rmak i\u00e7in Ankara\u2019yla diyalogun s\u00fcrd\u00fcr\u00fclmesinin gerekli oldu\u011funu vurgulayarak, Ermeni kurumlar\u0131n\u0131 temsilen Ankara\u2019ya gidecek bir heyet olu\u015fturulmas\u0131n\u0131 teklif etti. Sonu\u00e7 olarak yasa kapsam\u0131ndaki ge\u00e7ici 7. maddenin bu i\u015fi \u00e7\u00f6zemeyece\u011finin a\u015fik\u00e2r oldu\u011fu ve avukatlar taraf\u0131ndan kanun maddesinin geni\u015fletilmesine dair haz\u0131rlanan ortak metinle, ilgili bakanl\u0131\u011fa ba\u015fvurup, \u201cBu konuda bize yard\u0131mc\u0131 olmak istiyorsan\u0131z, maddeyi geni\u015fletin\u201d teklifinde bulunulmas\u0131nda da fikir birli\u011fine var\u0131ld\u0131. Toplant\u0131n\u0131n sonunda Vingas\u2019la birlikte Ermeni kurumlar\u0131n\u0131 temsilen Ankara\u2019ya gidecek bir heyet olu\u015fturuldu. Heyette Yetesiya T\u0131rt\u0131r, \u015eahin Gezer, \u0130skender \u015eahing\u00f6z ve Sebu Aslangil\u2019in yer almas\u0131 kararla\u015ft\u0131r\u0131ld\u0131.<\/p>\n<p style=\"text-align: justify\"><strong>Agos, Sayi:732, 10 Nisan 2010<em><\/em><\/strong><\/p>\n","protected":false},"excerpt":{"rendered":"<p>\u2018Devlet tasarrufuna al\u0131nm\u0131\u015f ta\u015f\u0131nmazlar\u2019\u0131n iadesi i\u00e7in yap\u0131lan \u00e7al\u0131\u015fmalara \u00f6nderlik etmek i\u00e7in 2008\u2019de kurulan Ortak Emlak Komisyonu\u2019nun \u00fcyeleri, vak\u0131flara ula\u015fan sonu\u00e7lar\u0131 de\u011ferlendirmek \u00fczere, 31 Mart \u00c7ar\u015famba ak\u015fam\u0131, VAD\u0130P \u00fcyeleri ve Cemaat Vak\u0131flar\u0131 Temsilcisi Laki Vingas\u2019la T\u00fcrkiye Ermeni Patrikhanesi\u2019nde bir araya geldi. Patriklik Ruhani Kurulu Ba\u015fkan\u0131 Ba\u015fepiskopos Aram Ate\u015fyan\u2019\u0131n da haz\u0131r bulundu\u011fu toplant\u0131da var\u0131lan ortak kan\u0131, sonu\u00e7lar\u0131n [&hellip;]<\/p>\n","protected":false},"author":3,"featured_media":0,"comment_status":"closed","ping_status":"open","sticky":false,"template":"","format":"standard","meta":{"footnotes":""},"categories":[14],"tags":[],"class_list":["post-321","post","type-post","status-publish","format-standard","hentry","category-haberler"],"yoast_head":"<!-- This site is optimized with the Yoast SEO plugin v27.4 - https:\/\/yoast.com\/product\/yoast-seo-wordpress\/ -->\n<title>Vak\u0131f sorunlar\u0131 Ankara\u2019ya iletilecek - Bati Ermenistan Ve Bati Ermenileri Sorunlari Ara\u015ftirmalar Merkezi<\/title>\n<meta name=\"robots\" content=\"index, follow, max-snippet:-1, max-image-preview:large, max-video-preview:-1\" \/>\n<link rel=\"canonical\" href=\"https:\/\/akunq.net\/turkish\/2010\/04\/16\/vakif-sorunlari-ankaraya-iletilecek\/\" \/>\n<meta property=\"og:locale\" content=\"en_US\" \/>\n<meta property=\"og:type\" content=\"article\" \/>\n<meta property=\"og:title\" content=\"Vak\u0131f sorunlar\u0131 Ankara\u2019ya iletilecek - Bati Ermenistan Ve Bati Ermenileri Sorunlari Ara\u015ftirmalar Merkezi\" \/>\n<meta property=\"og:description\" content=\"\u2018Devlet tasarrufuna al\u0131nm\u0131\u015f ta\u015f\u0131nmazlar\u2019\u0131n iadesi i\u00e7in yap\u0131lan \u00e7al\u0131\u015fmalara \u00f6nderlik etmek i\u00e7in 2008\u2019de kurulan Ortak Emlak Komisyonu\u2019nun \u00fcyeleri, vak\u0131flara ula\u015fan sonu\u00e7lar\u0131 de\u011ferlendirmek \u00fczere, 31 Mart \u00c7ar\u015famba ak\u015fam\u0131, VAD\u0130P \u00fcyeleri ve Cemaat Vak\u0131flar\u0131 Temsilcisi Laki Vingas\u2019la T\u00fcrkiye Ermeni Patrikhanesi\u2019nde bir araya geldi. Patriklik Ruhani Kurulu Ba\u015fkan\u0131 Ba\u015fepiskopos Aram Ate\u015fyan\u2019\u0131n da haz\u0131r bulundu\u011fu toplant\u0131da var\u0131lan ortak kan\u0131, sonu\u00e7lar\u0131n [&hellip;]\" \/>\n<meta property=\"og:url\" content=\"https:\/\/akunq.net\/turkish\/2010\/04\/16\/vakif-sorunlari-ankaraya-iletilecek\/\" \/>\n<meta property=\"og:site_name\" content=\"Bati Ermenistan Ve Bati Ermenileri Sorunlari Ara\u015ftirmalar Merkezi\" \/>\n<meta property=\"article:published_time\" content=\"2010-04-16T15:25:25+00:00\" \/>\n<meta name=\"author\" content=\"kalem\" \/>\n<meta name=\"twitter:card\" content=\"summary_large_image\" \/>\n<meta name=\"twitter:label1\" content=\"Written by\" \/>\n\t<meta name=\"twitter:data1\" content=\"kalem\" \/>\n\t<meta name=\"twitter:label2\" content=\"Est. reading time\" \/>\n\t<meta name=\"twitter:data2\" content=\"3 minutes\" \/>\n<script type=\"application\/ld+json\" class=\"yoast-schema-graph\">{\"@context\":\"https:\\\/\\\/schema.org\",\"@graph\":[{\"@type\":\"Article\",\"@id\":\"https:\\\/\\\/akunq.net\\\/turkish\\\/2010\\\/04\\\/16\\\/vakif-sorunlari-ankaraya-iletilecek\\\/#article\",\"isPartOf\":{\"@id\":\"https:\\\/\\\/akunq.net\\\/turkish\\\/2010\\\/04\\\/16\\\/vakif-sorunlari-ankaraya-iletilecek\\\/\"},\"author\":{\"name\":\"kalem\",\"@id\":\"https:\\\/\\\/akunq.net\\\/turkish\\\/#\\\/schema\\\/person\\\/135e7923d1aeb8887890799619969a6c\"},\"headline\":\"Vak\u0131f sorunlar\u0131 Ankara\u2019ya iletilecek\",\"datePublished\":\"2010-04-16T15:25:25+00:00\",\"mainEntityOfPage\":{\"@id\":\"https:\\\/\\\/akunq.net\\\/turkish\\\/2010\\\/04\\\/16\\\/vakif-sorunlari-ankaraya-iletilecek\\\/\"},\"wordCount\":515,\"articleSection\":[\"Haberler\"],\"inLanguage\":\"en-US\"},{\"@type\":\"WebPage\",\"@id\":\"https:\\\/\\\/akunq.net\\\/turkish\\\/2010\\\/04\\\/16\\\/vakif-sorunlari-ankaraya-iletilecek\\\/\",\"url\":\"https:\\\/\\\/akunq.net\\\/turkish\\\/2010\\\/04\\\/16\\\/vakif-sorunlari-ankaraya-iletilecek\\\/\",\"name\":\"Vak\u0131f sorunlar\u0131 Ankara\u2019ya iletilecek - Bati Ermenistan Ve Bati Ermenileri Sorunlari Ara\u015ftirmalar Merkezi\",\"isPartOf\":{\"@id\":\"https:\\\/\\\/akunq.net\\\/turkish\\\/#website\"},\"datePublished\":\"2010-04-16T15:25:25+00:00\",\"author\":{\"@id\":\"https:\\\/\\\/akunq.net\\\/turkish\\\/#\\\/schema\\\/person\\\/135e7923d1aeb8887890799619969a6c\"},\"breadcrumb\":{\"@id\":\"https:\\\/\\\/akunq.net\\\/turkish\\\/2010\\\/04\\\/16\\\/vakif-sorunlari-ankaraya-iletilecek\\\/#breadcrumb\"},\"inLanguage\":\"en-US\",\"potentialAction\":[{\"@type\":\"ReadAction\",\"target\":[\"https:\\\/\\\/akunq.net\\\/turkish\\\/2010\\\/04\\\/16\\\/vakif-sorunlari-ankaraya-iletilecek\\\/\"]}]},{\"@type\":\"BreadcrumbList\",\"@id\":\"https:\\\/\\\/akunq.net\\\/turkish\\\/2010\\\/04\\\/16\\\/vakif-sorunlari-ankaraya-iletilecek\\\/#breadcrumb\",\"itemListElement\":[{\"@type\":\"ListItem\",\"position\":1,\"name\":\"Home\",\"item\":\"https:\\\/\\\/akunq.net\\\/turkish\\\/\"},{\"@type\":\"ListItem\",\"position\":2,\"name\":\"Vak\u0131f sorunlar\u0131 Ankara\u2019ya iletilecek\"}]},{\"@type\":\"WebSite\",\"@id\":\"https:\\\/\\\/akunq.net\\\/turkish\\\/#website\",\"url\":\"https:\\\/\\\/akunq.net\\\/turkish\\\/\",\"name\":\"Bati Ermenistan Ve Bati Ermenileri Sorunlari Ara\u015ftirmalar Merkezi\",\"description\":\"\",\"potentialAction\":[{\"@type\":\"SearchAction\",\"target\":{\"@type\":\"EntryPoint\",\"urlTemplate\":\"https:\\\/\\\/akunq.net\\\/turkish\\\/?s={search_term_string}\"},\"query-input\":{\"@type\":\"PropertyValueSpecification\",\"valueRequired\":true,\"valueName\":\"search_term_string\"}}],\"inLanguage\":\"en-US\"},{\"@type\":\"Person\",\"@id\":\"https:\\\/\\\/akunq.net\\\/turkish\\\/#\\\/schema\\\/person\\\/135e7923d1aeb8887890799619969a6c\",\"name\":\"kalem\",\"image\":{\"@type\":\"ImageObject\",\"inLanguage\":\"en-US\",\"@id\":\"https:\\\/\\\/secure.gravatar.com\\\/avatar\\\/a06875e4b25feb5674296adf8e8a7ae1e587cebce2493fe63c456109967e27d3?s=96&d=mm&r=g\",\"url\":\"https:\\\/\\\/secure.gravatar.com\\\/avatar\\\/a06875e4b25feb5674296adf8e8a7ae1e587cebce2493fe63c456109967e27d3?s=96&d=mm&r=g\",\"contentUrl\":\"https:\\\/\\\/secure.gravatar.com\\\/avatar\\\/a06875e4b25feb5674296adf8e8a7ae1e587cebce2493fe63c456109967e27d3?s=96&d=mm&r=g\",\"caption\":\"kalem\"},\"url\":\"https:\\\/\\\/akunq.net\\\/turkish\\\/author\\\/kalem\\\/\"}]}<\/script>\n<!-- \/ Yoast SEO plugin. -->","yoast_head_json":{"title":"Vak\u0131f sorunlar\u0131 Ankara\u2019ya iletilecek - Bati Ermenistan Ve Bati Ermenileri Sorunlari Ara\u015ftirmalar Merkezi","robots":{"index":"index","follow":"follow","max-snippet":"max-snippet:-1","max-image-preview":"max-image-preview:large","max-video-preview":"max-video-preview:-1"},"canonical":"https:\/\/akunq.net\/turkish\/2010\/04\/16\/vakif-sorunlari-ankaraya-iletilecek\/","og_locale":"en_US","og_type":"article","og_title":"Vak\u0131f sorunlar\u0131 Ankara\u2019ya iletilecek - Bati Ermenistan Ve Bati Ermenileri Sorunlari Ara\u015ftirmalar Merkezi","og_description":"\u2018Devlet tasarrufuna al\u0131nm\u0131\u015f ta\u015f\u0131nmazlar\u2019\u0131n iadesi i\u00e7in yap\u0131lan \u00e7al\u0131\u015fmalara \u00f6nderlik etmek i\u00e7in 2008\u2019de kurulan Ortak Emlak Komisyonu\u2019nun \u00fcyeleri, vak\u0131flara ula\u015fan sonu\u00e7lar\u0131 de\u011ferlendirmek \u00fczere, 31 Mart \u00c7ar\u015famba ak\u015fam\u0131, VAD\u0130P \u00fcyeleri ve Cemaat Vak\u0131flar\u0131 Temsilcisi Laki Vingas\u2019la T\u00fcrkiye Ermeni Patrikhanesi\u2019nde bir araya geldi. Patriklik Ruhani Kurulu Ba\u015fkan\u0131 Ba\u015fepiskopos Aram Ate\u015fyan\u2019\u0131n da haz\u0131r bulundu\u011fu toplant\u0131da var\u0131lan ortak kan\u0131, sonu\u00e7lar\u0131n [&hellip;]","og_url":"https:\/\/akunq.net\/turkish\/2010\/04\/16\/vakif-sorunlari-ankaraya-iletilecek\/","og_site_name":"Bati Ermenistan Ve Bati Ermenileri Sorunlari Ara\u015ftirmalar Merkezi","article_published_time":"2010-04-16T15:25:25+00:00","author":"kalem","twitter_card":"summary_large_image","twitter_misc":{"Written by":"kalem","Est. reading time":"3 minutes"},"schema":{"@context":"https:\/\/schema.org","@graph":[{"@type":"Article","@id":"https:\/\/akunq.net\/turkish\/2010\/04\/16\/vakif-sorunlari-ankaraya-iletilecek\/#article","isPartOf":{"@id":"https:\/\/akunq.net\/turkish\/2010\/04\/16\/vakif-sorunlari-ankaraya-iletilecek\/"},"author":{"name":"kalem","@id":"https:\/\/akunq.net\/turkish\/#\/schema\/person\/135e7923d1aeb8887890799619969a6c"},"headline":"Vak\u0131f sorunlar\u0131 Ankara\u2019ya iletilecek","datePublished":"2010-04-16T15:25:25+00:00","mainEntityOfPage":{"@id":"https:\/\/akunq.net\/turkish\/2010\/04\/16\/vakif-sorunlari-ankaraya-iletilecek\/"},"wordCount":515,"articleSection":["Haberler"],"inLanguage":"en-US"},{"@type":"WebPage","@id":"https:\/\/akunq.net\/turkish\/2010\/04\/16\/vakif-sorunlari-ankaraya-iletilecek\/","url":"https:\/\/akunq.net\/turkish\/2010\/04\/16\/vakif-sorunlari-ankaraya-iletilecek\/","name":"Vak\u0131f sorunlar\u0131 Ankara\u2019ya iletilecek - Bati Ermenistan Ve Bati Ermenileri Sorunlari Ara\u015ftirmalar Merkezi","isPartOf":{"@id":"https:\/\/akunq.net\/turkish\/#website"},"datePublished":"2010-04-16T15:25:25+00:00","author":{"@id":"https:\/\/akunq.net\/turkish\/#\/schema\/person\/135e7923d1aeb8887890799619969a6c"},"breadcrumb":{"@id":"https:\/\/akunq.net\/turkish\/2010\/04\/16\/vakif-sorunlari-ankaraya-iletilecek\/#breadcrumb"},"inLanguage":"en-US","potentialAction":[{"@type":"ReadAction","target":["https:\/\/akunq.net\/turkish\/2010\/04\/16\/vakif-sorunlari-ankaraya-iletilecek\/"]}]},{"@type":"BreadcrumbList","@id":"https:\/\/akunq.net\/turkish\/2010\/04\/16\/vakif-sorunlari-ankaraya-iletilecek\/#breadcrumb","itemListElement":[{"@type":"ListItem","position":1,"name":"Home","item":"https:\/\/akunq.net\/turkish\/"},{"@type":"ListItem","position":2,"name":"Vak\u0131f sorunlar\u0131 Ankara\u2019ya iletilecek"}]},{"@type":"WebSite","@id":"https:\/\/akunq.net\/turkish\/#website","url":"https:\/\/akunq.net\/turkish\/","name":"Bati Ermenistan Ve Bati Ermenileri Sorunlari Ara\u015ftirmalar Merkezi","description":"","potentialAction":[{"@type":"SearchAction","target":{"@type":"EntryPoint","urlTemplate":"https:\/\/akunq.net\/turkish\/?s={search_term_string}"},"query-input":{"@type":"PropertyValueSpecification","valueRequired":true,"valueName":"search_term_string"}}],"inLanguage":"en-US"},{"@type":"Person","@id":"https:\/\/akunq.net\/turkish\/#\/schema\/person\/135e7923d1aeb8887890799619969a6c","name":"kalem","image":{"@type":"ImageObject","inLanguage":"en-US","@id":"https:\/\/secure.gravatar.com\/avatar\/a06875e4b25feb5674296adf8e8a7ae1e587cebce2493fe63c456109967e27d3?s=96&d=mm&r=g","url":"https:\/\/secure.gravatar.com\/avatar\/a06875e4b25feb5674296adf8e8a7ae1e587cebce2493fe63c456109967e27d3?s=96&d=mm&r=g","contentUrl":"https:\/\/secure.gravatar.com\/avatar\/a06875e4b25feb5674296adf8e8a7ae1e587cebce2493fe63c456109967e27d3?s=96&d=mm&r=g","caption":"kalem"},"url":"https:\/\/akunq.net\/turkish\/author\/kalem\/"}]}},"_links":{"self":[{"href":"https:\/\/akunq.net\/turkish\/wp-json\/wp\/v2\/posts\/321","targetHints":{"allow":["GET"]}}],"collection":[{"href":"https:\/\/akunq.net\/turkish\/wp-json\/wp\/v2\/posts"}],"about":[{"href":"https:\/\/akunq.net\/turkish\/wp-json\/wp\/v2\/types\/post"}],"author":[{"embeddable":true,"href":"https:\/\/akunq.net\/turkish\/wp-json\/wp\/v2\/users\/3"}],"replies":[{"embeddable":true,"href":"https:\/\/akunq.net\/turkish\/wp-json\/wp\/v2\/comments?post=321"}],"version-history":[{"count":0,"href":"https:\/\/akunq.net\/turkish\/wp-json\/wp\/v2\/posts\/321\/revisions"}],"wp:attachment":[{"href":"https:\/\/akunq.net\/turkish\/wp-json\/wp\/v2\/media?parent=321"}],"wp:term":[{"taxonomy":"category","embeddable":true,"href":"https:\/\/akunq.net\/turkish\/wp-json\/wp\/v2\/categories?post=321"},{"taxonomy":"post_tag","embeddable":true,"href":"https:\/\/akunq.net\/turkish\/wp-json\/wp\/v2\/tags?post=321"}],"curies":[{"name":"wp","href":"https:\/\/api.w.org\/{rel}","templated":true}]}}