{"id":3207,"date":"2010-12-10T03:12:40","date_gmt":"2010-12-10T08:12:40","guid":{"rendered":"http:\/\/akunq.net\/tr\/?p=3207"},"modified":"2010-12-10T03:12:40","modified_gmt":"2010-12-10T08:12:40","slug":"evet-sayin-davutoglu-haklisiniz-fakat","status":"publish","type":"post","link":"https:\/\/akunq.net\/turkish\/2010\/12\/10\/evet-sayin-davutoglu-haklisiniz-fakat\/","title":{"rendered":"Evet Say\u0131n Davuto\u011flu, hakl\u0131s\u0131n\u0131z fakat&#8230;"},"content":{"rendered":"<p style=\"text-align: justify\"><em><a rel=\"attachment wp-att-3209\" href=\"http:\/\/akunq.net\/tr\/?attachment_id=3209\"><img loading=\"lazy\" decoding=\"async\" class=\"alignleft size-full wp-image-3209\" title=\"\u0540\u0561\u0575\u056f \u0534\u0565\u0574\u0578\u0575\u0561\u0576\" src=\"http:\/\/akunq.net\/tr\/wp-content\/uploads\/2010\/12\/\u0540\u0561\u0575\u056f-\u0534\u0565\u0574\u0578\u0575\u0561\u0576.jpg\" alt=\"\" width=\"270\" height=\"180\" \/><\/a><\/em><\/p>\n<p style=\"text-align: right\">HAYK DEMOYAN<\/p>\n<p style=\"text-align: justify\"><em>\u00a0<\/em><\/p>\n<p style=\"text-align: justify\">\u00a0<\/p>\n<p style=\"text-align: justify\"><em>Say\u0131n Davuto\u011flu, ge\u00e7mi\u015fe dair yanl\u0131 yorumlardan ka\u00e7\u0131nmak gerekti\u011finde hakl\u0131s\u0131n\u0131z ama siz de hatalarla ilgili sarih bir mesaj vermelisiniz.<\/em><\/p>\n<p style=\"text-align: justify\"><em>Erivan\u2019daki Ermeni Soyk\u0131r\u0131m\u0131 M\u00fczesi\u2019nin Direkt\u00f6r\u00fc Hayk Demoyan, D\u0131\u015fi\u015fleri Bakan\u0131 Ahmet Davuto\u011flu\u2019nun 29 Kas\u0131m\u2019da Brookings Enstit\u00fcs\u00fc\u2019nde yapt\u0131\u011f\u0131 konu\u015fmada T\u00fcrkiye-Ermenistan ili\u015fkilerine dair bir soruya verdi\u011fi cevab\u0131 ele\u015ftirdi:<\/em><\/p>\n<p style=\"text-align: justify\">Evet, Say\u0131n Davuto\u011flu, T\u00fcrk toplumunda bir\u00e7ok \u015feyin de\u011fi\u015fti\u011fi ve 1915\u2019teki \u2018trajik olaylar\u0131n\u2019 \u015fu an tart\u0131\u015f\u0131ld\u0131\u011f\u0131 konusunda size tamamen kat\u0131l\u0131yorum, fakat insan bu olaylar\u0131n ink\u00e2r\u0131n\u0131n niye devam etti\u011fini sormadan edemiyor ve T\u00fcrk D\u0131\u015fi\u015fleri\u2019nin internet sitesindeki b\u00fct\u00fcn o ink\u00e2rc\u0131 belge ve yay\u0131nlar\u0131n k\u0131sa s\u00fcre sonra kald\u0131r\u0131laca\u011f\u0131n\u0131 hayal bile etmek imk\u00e2ns\u0131z. Na\u00e7izane bir te\u015fhiste bulunay\u0131m: Belki de T\u00fcrkiye\u2019nin yeni ve eski tabular, sendromlar ve kompleksler olmaks\u0131z\u0131n tarihiyle y\u00fczle\u015fmesi i\u00e7in bir 10 y\u0131l daha gerekiyor.<\/p>\n<p style=\"text-align: justify\">Evet Say\u0131n Davuto\u011flu, devletin Ermenilere ve di\u011fer H\u0131ristiyan az\u0131nl\u0131klara y\u00f6nelik planlad\u0131\u011f\u0131 ve y\u00fcr\u00fctt\u00fc\u011f\u00fc soyk\u0131r\u0131m politikas\u0131n\u0131n nedenleri konusunda, Osmanl\u0131\u2019n\u0131n \u00e7\u00f6k\u00fc\u015f d\u00f6neminde milliyet\u00e7i hareketlerin g\u00fc\u00e7lenmesi sorumlu tutulabilir. Fakat \u015funu sormama izin verin: Hrant Dink\u2019i \u00f6ld\u00fcren katile karakolda niye kahraman muamelesi yap\u0131ld\u0131 ve \u015fu ana dek kimse ceza almad\u0131? Bence siz de cevab\u0131 \u00e7ok iyi biliyorsunuz. Size o \u2018bilinmeyen\u2019 milliyet\u00e7ili\u011fi de sormak isterim. O milliyet\u00e7ilik ki, 3 binden fazla eski Ermeni yap\u0131s\u0131n\u0131n ve an\u0131t\u0131n\u0131n y\u0131k\u0131m\u0131ndan sorumludur. 1960\u2019lar ve 70\u2019lerde bu an\u0131tlar dinamitlendi veya tank talimleri i\u00e7in hedef olarak kullan\u0131ld\u0131; b\u00fct\u00fcn bunlar cumhuriyet T\u00fcrkiyesi\u2019nde yap\u0131ld\u0131.\u00a0<\/p>\n<p><strong>1915 T\u00fcrkler i\u00e7in de \u00f6nemli <\/strong><\/p>\n<p style=\"text-align: justify\">Evet Say\u0131n Davuto\u011flu, 1914\u2019te Ermeniler Osmanl\u0131\u2019da baz\u0131 y\u00fcksek mevkilerdeydi, fakat Talat Pa\u015fa\u2019n\u0131n 1914\u2019teki \u2018trajik sava\u015f\u2019\u0131n \u00f6ncesinde, 1910\u2019da Danimarkal\u0131 \u015farkiyat\u00e7\u0131 Johannes Ostrup\u2019a s\u00f6yledi\u011fi s\u00f6zleri tekrarlamak isterim: \u201cG\u00f6r\u00fcyorsunuz, bizimle bu insanlar aras\u0131nda bar\u0131\u015f\u00e7\u0131 yoldan \u00e7\u00f6z\u00fclemeyecek bir uyumsuzluk var; ya onlar bizi tamamen \u00e7\u00f6kertecek ya da biz onlar\u0131 yok etmek zorunda kalaca\u011f\u0131z. G\u00fcn\u00fcn birinde iktidara gelirsem, b\u00fct\u00fcn g\u00fcc\u00fcm\u00fc Ermenileri imha etmek i\u00e7in kullanaca\u011f\u0131m.\u201d (Johannes Ostrup, Erindringer, Copenhagen: H. Hirschprungs Forlag 1937, s. 118.) San\u0131r\u0131m bu al\u0131nt\u0131 her \u015feyi anlat\u0131yor.<\/p>\n<p style=\"text-align: justify\">Evet Say\u0131n Davuto\u011flu, 1915 Ermeniler i\u00e7in \u00f6nemli bir tarih, fakat T\u00fcrkler i\u00e7in de \u00f6nemli olmal\u0131, zira Ermeni Soyk\u0131r\u0131m\u0131\u2019n\u0131n tarihi T\u00fcrk tarihinin ve belle\u011finin de ayr\u0131lmaz bir par\u00e7as\u0131d\u0131r ve par\u00e7as\u0131 olmal\u0131d\u0131r.\u00a0<\/p>\n<p><strong>Sarkis Torosyan\u2019\u0131 hat\u0131rlayan var m\u0131? <\/strong><\/p>\n<p style=\"text-align: justify\">Evet Say\u0131n Davuto\u011flu, bir sava\u015f d\u00f6nemiydi ve T\u00fcrkiye\u2019deki siyasi d\u00fczen belki zay\u0131ft\u0131, fakat 1915-24 aras\u0131nda Ermenilerin tehciri ve m\u00fclklerine el konulmas\u0131 s\u00fcrecinde Osmanl\u0131 ve T\u00fcrk yasalar\u0131 ve emirleri s\u00fcreklilik ta\u015f\u0131maktayd\u0131; bunlar kay\u0131ts\u0131z \u015farts\u0131z uyguland\u0131.<\/p>\n<p style=\"text-align: justify\">Evet Say\u0131n Davuto\u011flu, \u00c7anakkale Sava\u015f\u0131 Osmanl\u0131 T\u00fcrkiye\u2019sinin en kanl\u0131 sava\u015f\u0131yd\u0131. \u00c7eyrek milyon kay\u0131p verildi, fakat kurbanlar T\u00fcrklerden ibaret de\u011fildi. Y\u00fczlerce Ermeni de Osmanl\u0131 vatanseverleri olarak bu sava\u015fa kat\u0131ld\u0131. \u00d6len 250 bin ki\u015fi aras\u0131nda Araplar, K\u00fcrtler, Ermeniler ve di\u011fer milliyetlerden insanlar da vard\u0131. T\u00fcrkler \u00c7anakkale\u2019de ilk d\u00fc\u015fman sava\u015f gemisini imha eden Sarkis Torosyan\u2019\u0131 ve ona \u2018\u00c7anakkale\u2019nin Ermeni kahraman\u0131\u2019 dendi\u011fini biliyor mu? Dedelerinizle birlikte sava\u015fan, isimleri unutulmu\u015f Avedis \u00c7epeciyan, Vahram Papazyan ve bir\u00e7ok ba\u015fka Ermeni\u2019yi hat\u0131rl\u0131yor musunuz? Oradan sa\u011f \u00e7\u0131kan o Ermeniler sonradan sevdiklerinin Arap \u00e7\u00f6llerine g\u00f6nderilip katledildi\u011fini \u00f6\u011frendi.<\/p>\n<p style=\"text-align: justify\">Evet Say\u0131n Davuto\u011flu, ge\u00e7mi\u015fe y\u00f6nelik tek yanl\u0131 de\u011ferlendirme ve yorumlardan ka\u00e7\u0131nmam\u0131z gerekti\u011finde hakl\u0131s\u0131n\u0131z, fakat korkar\u0131m siz de sadece T\u00fcrk bak\u0131\u015f a\u00e7\u0131s\u0131n\u0131 \u00f6ne s\u00fcrd\u00fcn\u00fcz. Dahas\u0131, \u00c7anakkale\u2019yle Ermeni Soyk\u0131r\u0131m\u0131\u2019n\u0131 ba\u011flant\u0131land\u0131rman\u0131n mant\u0131\u011f\u0131n\u0131 da hi\u00e7 anlam\u0131yorum. Bir ba\u011f varsa, o da \u015fu tarihtir: 24 Nisan 1915.<\/p>\n<p style=\"text-align: justify\">Evet Say\u0131n Davuto\u011flu, T\u00fcrkler ve Ermenilerin dokuz bu\u00e7uk as\u0131r bir arada ya\u015fad\u0131\u011f\u0131 bir d\u00f6nem vard\u0131, fakat Ermenilere \u2018millet-i sad\u0131ka\u2019 denildi\u011fi kadar \u2018g\u00e2vur\u2019 da deniyordu. San\u0131r\u0131m \u2018g\u00e2vur\u2019 olmak, e\u015fit olmamak anlam\u0131na gelir. Veya bir topluluk di\u011ferine \u2018millet-i sad\u0131ka\u2019 diyorsa, bu da insan haklar\u0131 konusunda e\u015fit d\u00fczeyde olmamalar\u0131 demektir.<\/p>\n<p style=\"text-align: justify\">Evet Say\u0131n Davuto\u011flu, \u201cHatalar yap\u0131ld\u0131ysa s\u00f6ylenmeli\u201d \u015feklindeki s\u00f6zlerinize kat\u0131l\u0131yorum, fakat bana \u00f6yle geliyor ki, son 90 y\u0131l i\u00e7inde T\u00fcrkiye sadece ge\u00e7mi\u015fteki hatalar\u0131nda \u0131srar etti ve onlar\u0131 me\u015fru g\u00f6sterdi, bir y\u0131\u011f\u0131n da yeni hata yapt\u0131.<br \/>\nEvet Say\u0131n Davuto\u011flu, ileriye gitmek i\u00e7in ac\u0131lar\u0131 payla\u015fmaya haz\u0131r olmal\u0131y\u0131z, fakat tarihin utan\u00e7 verici k\u0131s\u0131mlar\u0131n\u0131 gizleyen daha fazla \u015fa\u015faal\u0131 lafa da ihtiyac\u0131m\u0131z yok.<\/p>\n<p style=\"text-align: justify\">Evet Say\u0131n Davuto\u011flu, Ermenistan\u2019la T\u00fcrkiye aras\u0131ndaki ili\u015fkileri normalle\u015ftirmek y\u00f6n\u00fcndeki son ba\u015far\u0131s\u0131z giri\u015fim -ki Erivan\u2019\u0131n att\u0131\u011f\u0131 bir ad\u0131md\u0131 bu- s\u0131ras\u0131nda Ermenistan Anayasa Mahkemesi protokoller konusunda bir karar alarak bir ad\u0131m att\u0131, fakat Ermeni mahkemesini \u2018T\u00fcrkiye i\u00e7in \u00f6nemli olan tarih\u00e7iler komisyonunun kurulmas\u0131n\u0131 d\u0131\u015flad\u0131\u011f\u0131\u2019 i\u00e7in su\u00e7lanmak hatad\u0131r. \u2018Ac\u0131lar\u0131m\u0131z\u0131 payla\u015fmak\u2019 i\u00e7in tarih\u00e7iler komisyonuna m\u0131 ihtiyac\u0131n\u0131z var?\u00a0<\/p>\n<p><strong>Tek se\u00e7enek uzla\u015fma <\/strong><\/p>\n<p style=\"text-align: justify\">Evet Say\u0131n Davuto\u011flu, s\u0131n\u0131r\u0131 a\u00e7\u0131k veya kapal\u0131 tutmak ve Karaba\u011f sorunu \u00e7\u00f6z\u00fclmeden protokollerin onaylanmas\u0131nda ilerleme olmayaca\u011f\u0131n\u0131 s\u00f6yleyerek \u00f6n\u015fart koymak T\u00fcrkiye\u2019nin alaca\u011f\u0131 bir karar. Fakat bu iddiayla daha \u00f6nceki a\u00e7\u0131klamalar\u0131n\u0131z\u0131 yalanl\u0131yor ve T\u00fcrkiye\u2019nin de\u011fi\u015fimlere haz\u0131r olmad\u0131\u011f\u0131n\u0131 teyit ediyorsunuz&#8230;<\/p>\n<p style=\"text-align: justify\">Evet Say\u0131n Davuto\u011flu, b\u00f6lgesel bar\u0131\u015f ve \u00e7etin sorunlar\u0131 \u00e7\u00f6zmek i\u00e7in esasl\u0131 yakla\u015f\u0131mlar gerekiyor. Fakat Suriye, Gazze ve L\u00fcbnan politikalar\u0131n\u0131 \u2018tek millet, iki-\u00fc\u00e7 devlet\u2019 \u015fiar\u0131na g\u00f6re mi y\u00fcr\u00fct\u00fcyor?<\/p>\n<p style=\"text-align: justify\">Evet Say\u0131n Davuto\u011flu, Karaba\u011f\u2019\u0131 \u00e7\u00f6zmeliyiz ama i\u015fgal hakk\u0131nda size \u015funu hat\u0131rlatmama izin verin: Sizin \u00fclkeniz de K\u0131br\u0131s\u2019\u0131n bir par\u00e7as\u0131n\u0131 36 y\u0131ld\u0131r i\u015fgal alt\u0131nda tutuyor. Fakat siz sadece Azerbaycan\u2019daki \u2018Ermeni i\u015fgali\u2019nden s\u00f6z ediyorsunuz.<\/p>\n<p style=\"text-align: justify\">Evet Say\u0131n Ahmet Bey, bir arada ya\u015fad\u0131k ve gelecekte de birlikte ya\u015famak ve sorunlar\u0131 a\u015fmak d\u0131\u015f\u0131nda bir se\u00e7ene\u011fimiz olmad\u0131\u011f\u0131na inan\u0131yorum. Fakat bence sizin de mu\u011flak ve temkinli konu\u015fmak yerine, T\u00fcrk toplumunun kar\u015f\u0131s\u0131na ge\u00e7mi\u015f hatalarla ilgili sarih mesajlarla ortaya \u00e7\u0131kmak gibi bir sorumlulu\u011funuz var. Ge\u00e7mi\u015fteki hatalar ancak bu \u015fekilde tekerr\u00fcr etmeyecektir.<\/p>\n<p style=\"text-align: justify\"><em>The Armenian Weekly<\/em><\/p>\n<p style=\"text-align: justify\">(ABD\u2019de yay\u0131mlanan haftal\u0131k Ermeni gazetesi, 4 Aral\u0131k 2010)<\/p>\n<p style=\"text-align: justify\">10\/12\/2010 2:00<\/p>\n<p style=\"text-align: justify\">http:\/\/www.radikal.com.tr\/Radikal.aspx?aType=RadikalHaberDetay&#038;ArticleID=1032084&#038;Date=10.12.2010&#038;CategoryID=99<\/p>\n","protected":false},"excerpt":{"rendered":"<p>HAYK DEMOYAN \u00a0 \u00a0 Say\u0131n Davuto\u011flu, ge\u00e7mi\u015fe dair yanl\u0131 yorumlardan ka\u00e7\u0131nmak gerekti\u011finde hakl\u0131s\u0131n\u0131z ama siz de hatalarla ilgili sarih bir mesaj vermelisiniz. Erivan\u2019daki Ermeni Soyk\u0131r\u0131m\u0131 M\u00fczesi\u2019nin Direkt\u00f6r\u00fc Hayk Demoyan, D\u0131\u015fi\u015fleri Bakan\u0131 Ahmet Davuto\u011flu\u2019nun 29 Kas\u0131m\u2019da Brookings Enstit\u00fcs\u00fc\u2019nde yapt\u0131\u011f\u0131 konu\u015fmada T\u00fcrkiye-Ermenistan ili\u015fkilerine dair bir soruya verdi\u011fi cevab\u0131 ele\u015ftirdi: Evet, Say\u0131n Davuto\u011flu, T\u00fcrk toplumunda bir\u00e7ok \u015feyin de\u011fi\u015fti\u011fi [&hellip;]<\/p>\n","protected":false},"author":3,"featured_media":0,"comment_status":"open","ping_status":"open","sticky":false,"template":"","format":"standard","meta":{"footnotes":""},"categories":[6,14],"tags":[],"class_list":["post-3207","post","type-post","status-publish","format-standard","hentry","category-ermeni-soykirimi","category-haberler"],"yoast_head":"<!-- This site is optimized with the Yoast SEO plugin v26.6 - https:\/\/yoast.com\/wordpress\/plugins\/seo\/ -->\n<title>Evet Say\u0131n Davuto\u011flu, hakl\u0131s\u0131n\u0131z fakat... - Bati Ermenistan Ve Bati Ermenileri Sorunlari Ara\u015ftirmalar Merkezi<\/title>\n<meta name=\"robots\" content=\"index, follow, max-snippet:-1, max-image-preview:large, max-video-preview:-1\" \/>\n<link rel=\"canonical\" href=\"https:\/\/akunq.net\/turkish\/2010\/12\/10\/evet-sayin-davutoglu-haklisiniz-fakat\/\" \/>\n<meta property=\"og:locale\" content=\"en_US\" \/>\n<meta property=\"og:type\" content=\"article\" \/>\n<meta property=\"og:title\" content=\"Evet Say\u0131n Davuto\u011flu, hakl\u0131s\u0131n\u0131z fakat... - Bati Ermenistan Ve Bati Ermenileri Sorunlari Ara\u015ftirmalar Merkezi\" \/>\n<meta property=\"og:description\" content=\"HAYK DEMOYAN \u00a0 \u00a0 Say\u0131n Davuto\u011flu, ge\u00e7mi\u015fe dair yanl\u0131 yorumlardan ka\u00e7\u0131nmak gerekti\u011finde hakl\u0131s\u0131n\u0131z ama siz de hatalarla ilgili sarih bir mesaj vermelisiniz. Erivan\u2019daki Ermeni Soyk\u0131r\u0131m\u0131 M\u00fczesi\u2019nin Direkt\u00f6r\u00fc Hayk Demoyan, D\u0131\u015fi\u015fleri Bakan\u0131 Ahmet Davuto\u011flu\u2019nun 29 Kas\u0131m\u2019da Brookings Enstit\u00fcs\u00fc\u2019nde yapt\u0131\u011f\u0131 konu\u015fmada T\u00fcrkiye-Ermenistan ili\u015fkilerine dair bir soruya verdi\u011fi cevab\u0131 ele\u015ftirdi: Evet, Say\u0131n Davuto\u011flu, T\u00fcrk toplumunda bir\u00e7ok \u015feyin de\u011fi\u015fti\u011fi [&hellip;]\" \/>\n<meta property=\"og:url\" content=\"https:\/\/akunq.net\/turkish\/2010\/12\/10\/evet-sayin-davutoglu-haklisiniz-fakat\/\" \/>\n<meta property=\"og:site_name\" content=\"Bati Ermenistan Ve Bati Ermenileri Sorunlari Ara\u015ftirmalar Merkezi\" \/>\n<meta property=\"article:published_time\" content=\"2010-12-10T08:12:40+00:00\" \/>\n<meta name=\"author\" content=\"kalem\" \/>\n<meta name=\"twitter:card\" content=\"summary_large_image\" \/>\n<meta name=\"twitter:label1\" content=\"Written by\" \/>\n\t<meta name=\"twitter:data1\" content=\"kalem\" \/>\n\t<meta name=\"twitter:label2\" content=\"Est. reading time\" \/>\n\t<meta name=\"twitter:data2\" content=\"6 minutes\" \/>\n<script type=\"application\/ld+json\" class=\"yoast-schema-graph\">{\"@context\":\"https:\/\/schema.org\",\"@graph\":[{\"@type\":\"WebPage\",\"@id\":\"https:\/\/akunq.net\/turkish\/2010\/12\/10\/evet-sayin-davutoglu-haklisiniz-fakat\/\",\"url\":\"https:\/\/akunq.net\/turkish\/2010\/12\/10\/evet-sayin-davutoglu-haklisiniz-fakat\/\",\"name\":\"Evet Say\u0131n Davuto\u011flu, hakl\u0131s\u0131n\u0131z fakat... - Bati Ermenistan Ve Bati Ermenileri Sorunlari Ara\u015ftirmalar Merkezi\",\"isPartOf\":{\"@id\":\"https:\/\/akunq.net\/turkish\/#website\"},\"datePublished\":\"2010-12-10T08:12:40+00:00\",\"author\":{\"@id\":\"https:\/\/akunq.net\/turkish\/#\/schema\/person\/135e7923d1aeb8887890799619969a6c\"},\"breadcrumb\":{\"@id\":\"https:\/\/akunq.net\/turkish\/2010\/12\/10\/evet-sayin-davutoglu-haklisiniz-fakat\/#breadcrumb\"},\"inLanguage\":\"en-US\",\"potentialAction\":[{\"@type\":\"ReadAction\",\"target\":[\"https:\/\/akunq.net\/turkish\/2010\/12\/10\/evet-sayin-davutoglu-haklisiniz-fakat\/\"]}]},{\"@type\":\"BreadcrumbList\",\"@id\":\"https:\/\/akunq.net\/turkish\/2010\/12\/10\/evet-sayin-davutoglu-haklisiniz-fakat\/#breadcrumb\",\"itemListElement\":[{\"@type\":\"ListItem\",\"position\":1,\"name\":\"Home\",\"item\":\"https:\/\/akunq.net\/turkish\/\"},{\"@type\":\"ListItem\",\"position\":2,\"name\":\"Evet Say\u0131n Davuto\u011flu, hakl\u0131s\u0131n\u0131z fakat&#8230;\"}]},{\"@type\":\"WebSite\",\"@id\":\"https:\/\/akunq.net\/turkish\/#website\",\"url\":\"https:\/\/akunq.net\/turkish\/\",\"name\":\"Bati Ermenistan Ve Bati Ermenileri Sorunlari Ara\u015ftirmalar Merkezi\",\"description\":\"\",\"potentialAction\":[{\"@type\":\"SearchAction\",\"target\":{\"@type\":\"EntryPoint\",\"urlTemplate\":\"https:\/\/akunq.net\/turkish\/?s={search_term_string}\"},\"query-input\":{\"@type\":\"PropertyValueSpecification\",\"valueRequired\":true,\"valueName\":\"search_term_string\"}}],\"inLanguage\":\"en-US\"},{\"@type\":\"Person\",\"@id\":\"https:\/\/akunq.net\/turkish\/#\/schema\/person\/135e7923d1aeb8887890799619969a6c\",\"name\":\"kalem\",\"image\":{\"@type\":\"ImageObject\",\"inLanguage\":\"en-US\",\"@id\":\"https:\/\/akunq.net\/turkish\/#\/schema\/person\/image\/\",\"url\":\"https:\/\/secure.gravatar.com\/avatar\/a06875e4b25feb5674296adf8e8a7ae1e587cebce2493fe63c456109967e27d3?s=96&d=mm&r=g\",\"contentUrl\":\"https:\/\/secure.gravatar.com\/avatar\/a06875e4b25feb5674296adf8e8a7ae1e587cebce2493fe63c456109967e27d3?s=96&d=mm&r=g\",\"caption\":\"kalem\"},\"url\":\"https:\/\/akunq.net\/turkish\/author\/kalem\/\"}]}<\/script>\n<!-- \/ Yoast SEO plugin. -->","yoast_head_json":{"title":"Evet Say\u0131n Davuto\u011flu, hakl\u0131s\u0131n\u0131z fakat... - Bati Ermenistan Ve Bati Ermenileri Sorunlari Ara\u015ftirmalar Merkezi","robots":{"index":"index","follow":"follow","max-snippet":"max-snippet:-1","max-image-preview":"max-image-preview:large","max-video-preview":"max-video-preview:-1"},"canonical":"https:\/\/akunq.net\/turkish\/2010\/12\/10\/evet-sayin-davutoglu-haklisiniz-fakat\/","og_locale":"en_US","og_type":"article","og_title":"Evet Say\u0131n Davuto\u011flu, hakl\u0131s\u0131n\u0131z fakat... - Bati Ermenistan Ve Bati Ermenileri Sorunlari Ara\u015ftirmalar Merkezi","og_description":"HAYK DEMOYAN \u00a0 \u00a0 Say\u0131n Davuto\u011flu, ge\u00e7mi\u015fe dair yanl\u0131 yorumlardan ka\u00e7\u0131nmak gerekti\u011finde hakl\u0131s\u0131n\u0131z ama siz de hatalarla ilgili sarih bir mesaj vermelisiniz. Erivan\u2019daki Ermeni Soyk\u0131r\u0131m\u0131 M\u00fczesi\u2019nin Direkt\u00f6r\u00fc Hayk Demoyan, D\u0131\u015fi\u015fleri Bakan\u0131 Ahmet Davuto\u011flu\u2019nun 29 Kas\u0131m\u2019da Brookings Enstit\u00fcs\u00fc\u2019nde yapt\u0131\u011f\u0131 konu\u015fmada T\u00fcrkiye-Ermenistan ili\u015fkilerine dair bir soruya verdi\u011fi cevab\u0131 ele\u015ftirdi: Evet, Say\u0131n Davuto\u011flu, T\u00fcrk toplumunda bir\u00e7ok \u015feyin de\u011fi\u015fti\u011fi [&hellip;]","og_url":"https:\/\/akunq.net\/turkish\/2010\/12\/10\/evet-sayin-davutoglu-haklisiniz-fakat\/","og_site_name":"Bati Ermenistan Ve Bati Ermenileri Sorunlari Ara\u015ftirmalar Merkezi","article_published_time":"2010-12-10T08:12:40+00:00","author":"kalem","twitter_card":"summary_large_image","twitter_misc":{"Written by":"kalem","Est. reading time":"6 minutes"},"schema":{"@context":"https:\/\/schema.org","@graph":[{"@type":"WebPage","@id":"https:\/\/akunq.net\/turkish\/2010\/12\/10\/evet-sayin-davutoglu-haklisiniz-fakat\/","url":"https:\/\/akunq.net\/turkish\/2010\/12\/10\/evet-sayin-davutoglu-haklisiniz-fakat\/","name":"Evet Say\u0131n Davuto\u011flu, hakl\u0131s\u0131n\u0131z fakat... - Bati Ermenistan Ve Bati Ermenileri Sorunlari Ara\u015ftirmalar Merkezi","isPartOf":{"@id":"https:\/\/akunq.net\/turkish\/#website"},"datePublished":"2010-12-10T08:12:40+00:00","author":{"@id":"https:\/\/akunq.net\/turkish\/#\/schema\/person\/135e7923d1aeb8887890799619969a6c"},"breadcrumb":{"@id":"https:\/\/akunq.net\/turkish\/2010\/12\/10\/evet-sayin-davutoglu-haklisiniz-fakat\/#breadcrumb"},"inLanguage":"en-US","potentialAction":[{"@type":"ReadAction","target":["https:\/\/akunq.net\/turkish\/2010\/12\/10\/evet-sayin-davutoglu-haklisiniz-fakat\/"]}]},{"@type":"BreadcrumbList","@id":"https:\/\/akunq.net\/turkish\/2010\/12\/10\/evet-sayin-davutoglu-haklisiniz-fakat\/#breadcrumb","itemListElement":[{"@type":"ListItem","position":1,"name":"Home","item":"https:\/\/akunq.net\/turkish\/"},{"@type":"ListItem","position":2,"name":"Evet Say\u0131n Davuto\u011flu, hakl\u0131s\u0131n\u0131z fakat&#8230;"}]},{"@type":"WebSite","@id":"https:\/\/akunq.net\/turkish\/#website","url":"https:\/\/akunq.net\/turkish\/","name":"Bati Ermenistan Ve Bati Ermenileri Sorunlari Ara\u015ftirmalar Merkezi","description":"","potentialAction":[{"@type":"SearchAction","target":{"@type":"EntryPoint","urlTemplate":"https:\/\/akunq.net\/turkish\/?s={search_term_string}"},"query-input":{"@type":"PropertyValueSpecification","valueRequired":true,"valueName":"search_term_string"}}],"inLanguage":"en-US"},{"@type":"Person","@id":"https:\/\/akunq.net\/turkish\/#\/schema\/person\/135e7923d1aeb8887890799619969a6c","name":"kalem","image":{"@type":"ImageObject","inLanguage":"en-US","@id":"https:\/\/akunq.net\/turkish\/#\/schema\/person\/image\/","url":"https:\/\/secure.gravatar.com\/avatar\/a06875e4b25feb5674296adf8e8a7ae1e587cebce2493fe63c456109967e27d3?s=96&d=mm&r=g","contentUrl":"https:\/\/secure.gravatar.com\/avatar\/a06875e4b25feb5674296adf8e8a7ae1e587cebce2493fe63c456109967e27d3?s=96&d=mm&r=g","caption":"kalem"},"url":"https:\/\/akunq.net\/turkish\/author\/kalem\/"}]}},"_links":{"self":[{"href":"https:\/\/akunq.net\/turkish\/wp-json\/wp\/v2\/posts\/3207","targetHints":{"allow":["GET"]}}],"collection":[{"href":"https:\/\/akunq.net\/turkish\/wp-json\/wp\/v2\/posts"}],"about":[{"href":"https:\/\/akunq.net\/turkish\/wp-json\/wp\/v2\/types\/post"}],"author":[{"embeddable":true,"href":"https:\/\/akunq.net\/turkish\/wp-json\/wp\/v2\/users\/3"}],"replies":[{"embeddable":true,"href":"https:\/\/akunq.net\/turkish\/wp-json\/wp\/v2\/comments?post=3207"}],"version-history":[{"count":0,"href":"https:\/\/akunq.net\/turkish\/wp-json\/wp\/v2\/posts\/3207\/revisions"}],"wp:attachment":[{"href":"https:\/\/akunq.net\/turkish\/wp-json\/wp\/v2\/media?parent=3207"}],"wp:term":[{"taxonomy":"category","embeddable":true,"href":"https:\/\/akunq.net\/turkish\/wp-json\/wp\/v2\/categories?post=3207"},{"taxonomy":"post_tag","embeddable":true,"href":"https:\/\/akunq.net\/turkish\/wp-json\/wp\/v2\/tags?post=3207"}],"curies":[{"name":"wp","href":"https:\/\/api.w.org\/{rel}","templated":true}]}}