{"id":318,"date":"2010-03-16T09:17:01","date_gmt":"2010-03-16T14:17:01","guid":{"rendered":"http:\/\/akunq.net\/tr\/?p=318"},"modified":"2010-03-16T09:17:01","modified_gmt":"2010-03-16T14:17:01","slug":"kurt-mu-ermeni-mi","status":"publish","type":"post","link":"https:\/\/akunq.net\/turkish\/2010\/03\/16\/kurt-mu-ermeni-mi\/","title":{"rendered":"K\u00fcrt m\u00fc, Ermeni mi?"},"content":{"rendered":"<p style=\"text-align: justify\">T\u00fcrk Tarih Kurumu`nun eski ba\u015fkan\u0131 Yusuf Hala\u00e7o\u011flu, son derece iddial\u0131 konu\u015fuyor:<\/p>\n<p style=\"text-align: justify\">&#8211; PKK i\u00e7inde y\u00fczde 60 ile 80 aras\u0131nda Ermeni var.<\/p>\n<p style=\"text-align: justify\">Kendisini aray\u0131p, `Bunu neye dayanarak s\u00f6yl\u00fcyorsunuz?` dedim. Dayanaklar\u0131n\u0131n sa\u011flam oldu\u011funu ifade etti:<\/p>\n<p style=\"text-align: justify\">&#8211; Belgeler var. Biri \u00e7\u0131ks\u0131n, bana `Sen yalan s\u00f6yl\u00fcyorsun` desin. \u0130stedi\u011fi televizyonda tart\u0131\u015fal\u0131m.<\/p>\n<p style=\"text-align: justify\">Hala\u00e7o\u011flu devam etti:<\/p>\n<p style=\"text-align: justify\">&#8211; Ama bana belgelerin ne oldu\u011funu kimse sormuyor. Bir televizyon program\u0131nda Murat Bardak\u00e7\u0131 ile Fatih Altayl\u0131`ya g\u00f6sterdim. O da sadece belgelerden bir tanesiydi. \u0130tiraz etmediler.<\/p>\n<p style=\"text-align: justify\">Peki, Hala\u00e7o\u011flu bu iddian\u0131n \u00fczerinde neden \u0131srarla duruyor?<\/p>\n<p style=\"text-align: justify\">Uzun uzun anlatt\u0131. `Bug\u00fcn T\u00fcrkiye`nin \u00f6n\u00fcndeki en b\u00fcy\u00fck problem ne?` diye sorup, cevab\u0131n\u0131 da kendisi verdi:<\/p>\n<p style=\"text-align: justify\">&#8211; B\u00f6l\u00fcnme ve par\u00e7alanma meselesidir. T\u00fcrkiye, T\u00fcrk-K\u00fcrt \u00e7at\u0131\u015fmas\u0131na do\u011fru g\u00f6t\u00fcr\u00fclmek isteniyor. Bunu da PKK yapmak istiyor. Ben ise, PKK`n\u0131n ne oldu\u011funu ve kimlerden olu\u015ftu\u011funu anlatmaya \u00e7al\u0131\u015f\u0131yorum.<br \/>\nSon olarak bir noktan\u0131n alt\u0131n\u0131 \u00f6zellikle \u00e7izdi:<\/p>\n<p style=\"text-align: justify\">&#8211; Sen, hem K\u00fcrt oldu\u011funu, hem K\u00fcrtler i\u00e7in m\u00fccadele etti\u011fini iddia edeceksin. Buna kar\u015f\u0131l\u0131k, K\u00fcrt k\u00f6ylerine girip, \u00e7oluk-\u00e7ocuk demeden \u00f6ld\u00fcreceksin. B\u00f6yle \u015fey olmaz!<\/p>\n<p style=\"text-align: justify\">*** Ahmet \u00c7a\u011flayan, 60 ya\u015f\u0131n \u00fczerinde bir isim. Do\u011fma b\u00fcy\u00fcme Diyarbak\u0131rl\u0131. Uzun s\u00fcre Bismil`de ikamet etmi\u015f. O da Hala\u00e7o\u011flu ile ayn\u0131 g\u00f6r\u00fc\u015fte.<\/p>\n<p style=\"text-align: justify\">\u00d6nce, `Ne olur benden faydalan\u0131n karde\u015fim. B\u00fct\u00fcn bas\u0131na da \u00e7a\u011fr\u0131 yap\u0131yorum, benden faydalans\u0131nlar` dedi.<\/p>\n<p style=\"text-align: justify\">Ard\u0131ndan da tespitlerini anlatmaya ba\u015flad\u0131&#8230; `Ben Bismil`de \u00f6zellikle ara\u015ft\u0131rd\u0131m` dedi:<\/p>\n<p style=\"text-align: justify\">&#8211; Oturdu\u011fum sokakta 16 tane ev vard\u0131. Bu evlerin 11`inde K\u00fcrt oldu\u011funu s\u00f6yleyen, ancak aslen<\/p>\n<p style=\"text-align: justify\">Ermeni olan aileler oturuyordu.<\/p>\n<p style=\"text-align: justify\">Sordum:- Bunu nereden biliyorsunuz?<\/p>\n<p style=\"text-align: justify\">Cevap verdi: &#8211; Tek tek g\u00f6r\u00fc\u015ft\u00fcm, bana kendileri itiraf ettiler. Ermeni d\u00f6nmesi olduklar\u0131n\u0131, ancak kendilerine `K\u00fcrt` dediklerini s\u00f6ylediler.<\/p>\n<p style=\"text-align: justify\">Ahmet \u00c7a\u011flayan, Do\u011fu ve G\u00fcneydo\u011fu`da bu t\u00fcr pek \u00e7ok aile bulundu\u011funu s\u00f6yledi.<\/p>\n<p style=\"text-align: justify\">B\u00f6lgede \u00e7ok say\u0131da `Ermeni d\u00f6nmesi bulundu\u011funu` iddia etti:<\/p>\n<p style=\"text-align: justify\">&#8211; Mesela ben K\u00fcrt k\u00f6kenliyim. \u015eimdi, T\u00fcrk oldu\u011fumu s\u00f6ylesem olmaz. Bir insan inanc\u0131n\u0131 de\u011fi\u015ftirebilir, ancak \u0131rk\u0131n\u0131 de\u011fi\u015ftiremez. Bunlar ise, `K\u00fcrd\u00fcm` diyerek \u0131rklar\u0131n\u0131 de\u011fi\u015ftirdiklerini s\u00f6yl\u00fcyorlar.<\/p>\n<p style=\"text-align: justify\">*** \u00c7a\u011flayan`a bak\u0131l\u0131rsa, b\u00f6lgedeki tan\u0131nm\u0131\u015f baz\u0131 isimler aras\u0131nda bile aslen Ermeni olanlar var. Baz\u0131lar\u0131n\u0131 isim isim sayd\u0131. Ya annesinin ya da babas\u0131n\u0131n Ermeni oldu\u011funu s\u00f6yledi. `Ben hayat\u0131m\u0131 bu i\u015flere adad\u0131m` dedi:<\/p>\n<p style=\"text-align: justify\">-Tam 18 y\u0131ld\u0131r bunlarla m\u00fccadele ediyorum.<\/p>\n<p style=\"text-align: justify\">Diyarbak\u0131r`\u0131n yerlisi oldu\u011funu s\u00f6yleyen Ahmet \u00c7a\u011flayan, yetkililere bir de \u00e7a\u011fr\u0131 yapt\u0131:<\/p>\n<p style=\"text-align: justify\">&#8211; Bug\u00fcn Diyarbak\u0131rl\u0131 oldu\u011funu iddia edenlerin \u00e7o\u011fu Diyarbak\u0131r`a sonradan gelmi\u015f isimler. G\u00f6\u00e7 sonucu gelmi\u015fler. Ama ben Diyarbak\u0131r`\u0131n yerlisiyim. Bu konuda \u00e7ok ara\u015ft\u0131rma yapt\u0131m. Bana yard\u0131mc\u0131 olunsun, kimlerin Ermeni oldu\u011funu tek tek \u00e7\u0131karay\u0131m.<\/p>\n<p style=\"text-align: justify\">*** Biliyorum, itiraz edenler olacak. `K\u00fcrt olsalar ne olur, Ermeni olsalar ne fark eder` gibi ele\u015ftiriler yap\u0131lacak. \u0130nsanlar\u0131n etnik k\u00f6kenlerine g\u00f6re de\u011ferlendirilmelerinin do\u011fru olmad\u0131\u011f\u0131 s\u00f6ylenecek.<\/p>\n<p style=\"text-align: justify\">Do\u011fru, insanlar\u0131n etkin k\u00f6kenleri ile u\u011fra\u015fmak yanl\u0131\u015f. Ancak, burada durum da, dikkat \u00e7ekilmek istenen nokta da farkl\u0131. Ortada y\u0131llard\u0131r T\u00fcrkiye`nin m\u00fccadele etti\u011fi bir ter\u00f6r \u00f6rg\u00fct\u00fc var.<\/p>\n<p style=\"text-align: justify\">Biz bug\u00fcn sorunu nas\u0131l \u00e7\u00f6zece\u011fimizi tart\u0131\u015f\u0131yoruz.<\/p>\n<p style=\"text-align: justify\">Bunun i\u00e7in \u00f6nce onlar\u0131n kim oldu\u011funu bilmek gerekmez mi?<\/p>\n<p style=\"text-align: justify\"><strong>Emin Pazarc\u0131<\/strong> \u00a0takvim.com.tr, 02.4.2010<\/p>\n","protected":false},"excerpt":{"rendered":"<p>T\u00fcrk Tarih Kurumu`nun eski ba\u015fkan\u0131 Yusuf Hala\u00e7o\u011flu, son derece iddial\u0131 konu\u015fuyor: &#8211; PKK i\u00e7inde y\u00fczde 60 ile 80 aras\u0131nda Ermeni var. Kendisini aray\u0131p, `Bunu neye dayanarak s\u00f6yl\u00fcyorsunuz?` dedim. Dayanaklar\u0131n\u0131n sa\u011flam oldu\u011funu ifade etti: &#8211; Belgeler var. Biri \u00e7\u0131ks\u0131n, bana `Sen yalan s\u00f6yl\u00fcyorsun` desin. \u0130stedi\u011fi televizyonda tart\u0131\u015fal\u0131m. Hala\u00e7o\u011flu devam etti: &#8211; Ama bana belgelerin ne oldu\u011funu [&hellip;]<\/p>\n","protected":false},"author":3,"featured_media":0,"comment_status":"closed","ping_status":"open","sticky":false,"template":"","format":"standard","meta":{"footnotes":""},"categories":[12],"tags":[],"class_list":["post-318","post","type-post","status-publish","format-standard","hentry","category-gunumuzde-bati-ermenileri"],"yoast_head":"<!-- This site is optimized with the Yoast SEO plugin v27.4 - https:\/\/yoast.com\/product\/yoast-seo-wordpress\/ -->\n<title>K\u00fcrt m\u00fc, Ermeni mi? - Bati Ermenistan Ve Bati Ermenileri Sorunlari Ara\u015ftirmalar Merkezi<\/title>\n<meta name=\"robots\" content=\"index, follow, max-snippet:-1, max-image-preview:large, max-video-preview:-1\" \/>\n<link rel=\"canonical\" href=\"https:\/\/akunq.net\/turkish\/2010\/03\/16\/kurt-mu-ermeni-mi\/\" \/>\n<meta property=\"og:locale\" content=\"en_US\" \/>\n<meta property=\"og:type\" content=\"article\" \/>\n<meta property=\"og:title\" content=\"K\u00fcrt m\u00fc, Ermeni mi? - Bati Ermenistan Ve Bati Ermenileri Sorunlari Ara\u015ftirmalar Merkezi\" \/>\n<meta property=\"og:description\" content=\"T\u00fcrk Tarih Kurumu`nun eski ba\u015fkan\u0131 Yusuf Hala\u00e7o\u011flu, son derece iddial\u0131 konu\u015fuyor: &#8211; PKK i\u00e7inde y\u00fczde 60 ile 80 aras\u0131nda Ermeni var. Kendisini aray\u0131p, `Bunu neye dayanarak s\u00f6yl\u00fcyorsunuz?` dedim. Dayanaklar\u0131n\u0131n sa\u011flam oldu\u011funu ifade etti: &#8211; Belgeler var. Biri \u00e7\u0131ks\u0131n, bana `Sen yalan s\u00f6yl\u00fcyorsun` desin. \u0130stedi\u011fi televizyonda tart\u0131\u015fal\u0131m. Hala\u00e7o\u011flu devam etti: &#8211; Ama bana belgelerin ne oldu\u011funu [&hellip;]\" \/>\n<meta property=\"og:url\" content=\"https:\/\/akunq.net\/turkish\/2010\/03\/16\/kurt-mu-ermeni-mi\/\" \/>\n<meta property=\"og:site_name\" content=\"Bati Ermenistan Ve Bati Ermenileri Sorunlari Ara\u015ftirmalar Merkezi\" \/>\n<meta property=\"article:published_time\" content=\"2010-03-16T14:17:01+00:00\" \/>\n<meta name=\"author\" content=\"kalem\" \/>\n<meta name=\"twitter:card\" content=\"summary_large_image\" \/>\n<meta name=\"twitter:label1\" content=\"Written by\" \/>\n\t<meta name=\"twitter:data1\" content=\"kalem\" \/>\n\t<meta name=\"twitter:label2\" content=\"Est. reading time\" \/>\n\t<meta name=\"twitter:data2\" content=\"3 minutes\" \/>\n<script type=\"application\/ld+json\" class=\"yoast-schema-graph\">{\"@context\":\"https:\\\/\\\/schema.org\",\"@graph\":[{\"@type\":\"Article\",\"@id\":\"https:\\\/\\\/akunq.net\\\/turkish\\\/2010\\\/03\\\/16\\\/kurt-mu-ermeni-mi\\\/#article\",\"isPartOf\":{\"@id\":\"https:\\\/\\\/akunq.net\\\/turkish\\\/2010\\\/03\\\/16\\\/kurt-mu-ermeni-mi\\\/\"},\"author\":{\"name\":\"kalem\",\"@id\":\"https:\\\/\\\/akunq.net\\\/turkish\\\/#\\\/schema\\\/person\\\/135e7923d1aeb8887890799619969a6c\"},\"headline\":\"K\u00fcrt m\u00fc, Ermeni mi?\",\"datePublished\":\"2010-03-16T14:17:01+00:00\",\"mainEntityOfPage\":{\"@id\":\"https:\\\/\\\/akunq.net\\\/turkish\\\/2010\\\/03\\\/16\\\/kurt-mu-ermeni-mi\\\/\"},\"wordCount\":641,\"articleSection\":[\"G\u00fcn\u00fcm\u00fczde Bat\u0131 Ermenileri\"],\"inLanguage\":\"en-US\"},{\"@type\":\"WebPage\",\"@id\":\"https:\\\/\\\/akunq.net\\\/turkish\\\/2010\\\/03\\\/16\\\/kurt-mu-ermeni-mi\\\/\",\"url\":\"https:\\\/\\\/akunq.net\\\/turkish\\\/2010\\\/03\\\/16\\\/kurt-mu-ermeni-mi\\\/\",\"name\":\"K\u00fcrt m\u00fc, Ermeni mi? - Bati Ermenistan Ve Bati Ermenileri Sorunlari Ara\u015ftirmalar Merkezi\",\"isPartOf\":{\"@id\":\"https:\\\/\\\/akunq.net\\\/turkish\\\/#website\"},\"datePublished\":\"2010-03-16T14:17:01+00:00\",\"author\":{\"@id\":\"https:\\\/\\\/akunq.net\\\/turkish\\\/#\\\/schema\\\/person\\\/135e7923d1aeb8887890799619969a6c\"},\"breadcrumb\":{\"@id\":\"https:\\\/\\\/akunq.net\\\/turkish\\\/2010\\\/03\\\/16\\\/kurt-mu-ermeni-mi\\\/#breadcrumb\"},\"inLanguage\":\"en-US\",\"potentialAction\":[{\"@type\":\"ReadAction\",\"target\":[\"https:\\\/\\\/akunq.net\\\/turkish\\\/2010\\\/03\\\/16\\\/kurt-mu-ermeni-mi\\\/\"]}]},{\"@type\":\"BreadcrumbList\",\"@id\":\"https:\\\/\\\/akunq.net\\\/turkish\\\/2010\\\/03\\\/16\\\/kurt-mu-ermeni-mi\\\/#breadcrumb\",\"itemListElement\":[{\"@type\":\"ListItem\",\"position\":1,\"name\":\"Home\",\"item\":\"https:\\\/\\\/akunq.net\\\/turkish\\\/\"},{\"@type\":\"ListItem\",\"position\":2,\"name\":\"K\u00fcrt m\u00fc, Ermeni mi?\"}]},{\"@type\":\"WebSite\",\"@id\":\"https:\\\/\\\/akunq.net\\\/turkish\\\/#website\",\"url\":\"https:\\\/\\\/akunq.net\\\/turkish\\\/\",\"name\":\"Bati Ermenistan Ve Bati Ermenileri Sorunlari Ara\u015ftirmalar Merkezi\",\"description\":\"\",\"potentialAction\":[{\"@type\":\"SearchAction\",\"target\":{\"@type\":\"EntryPoint\",\"urlTemplate\":\"https:\\\/\\\/akunq.net\\\/turkish\\\/?s={search_term_string}\"},\"query-input\":{\"@type\":\"PropertyValueSpecification\",\"valueRequired\":true,\"valueName\":\"search_term_string\"}}],\"inLanguage\":\"en-US\"},{\"@type\":\"Person\",\"@id\":\"https:\\\/\\\/akunq.net\\\/turkish\\\/#\\\/schema\\\/person\\\/135e7923d1aeb8887890799619969a6c\",\"name\":\"kalem\",\"image\":{\"@type\":\"ImageObject\",\"inLanguage\":\"en-US\",\"@id\":\"https:\\\/\\\/secure.gravatar.com\\\/avatar\\\/a06875e4b25feb5674296adf8e8a7ae1e587cebce2493fe63c456109967e27d3?s=96&d=mm&r=g\",\"url\":\"https:\\\/\\\/secure.gravatar.com\\\/avatar\\\/a06875e4b25feb5674296adf8e8a7ae1e587cebce2493fe63c456109967e27d3?s=96&d=mm&r=g\",\"contentUrl\":\"https:\\\/\\\/secure.gravatar.com\\\/avatar\\\/a06875e4b25feb5674296adf8e8a7ae1e587cebce2493fe63c456109967e27d3?s=96&d=mm&r=g\",\"caption\":\"kalem\"},\"url\":\"https:\\\/\\\/akunq.net\\\/turkish\\\/author\\\/kalem\\\/\"}]}<\/script>\n<!-- \/ Yoast SEO plugin. -->","yoast_head_json":{"title":"K\u00fcrt m\u00fc, Ermeni mi? - Bati Ermenistan Ve Bati Ermenileri Sorunlari Ara\u015ftirmalar Merkezi","robots":{"index":"index","follow":"follow","max-snippet":"max-snippet:-1","max-image-preview":"max-image-preview:large","max-video-preview":"max-video-preview:-1"},"canonical":"https:\/\/akunq.net\/turkish\/2010\/03\/16\/kurt-mu-ermeni-mi\/","og_locale":"en_US","og_type":"article","og_title":"K\u00fcrt m\u00fc, Ermeni mi? - Bati Ermenistan Ve Bati Ermenileri Sorunlari Ara\u015ftirmalar Merkezi","og_description":"T\u00fcrk Tarih Kurumu`nun eski ba\u015fkan\u0131 Yusuf Hala\u00e7o\u011flu, son derece iddial\u0131 konu\u015fuyor: &#8211; PKK i\u00e7inde y\u00fczde 60 ile 80 aras\u0131nda Ermeni var. Kendisini aray\u0131p, `Bunu neye dayanarak s\u00f6yl\u00fcyorsunuz?` dedim. Dayanaklar\u0131n\u0131n sa\u011flam oldu\u011funu ifade etti: &#8211; Belgeler var. Biri \u00e7\u0131ks\u0131n, bana `Sen yalan s\u00f6yl\u00fcyorsun` desin. \u0130stedi\u011fi televizyonda tart\u0131\u015fal\u0131m. Hala\u00e7o\u011flu devam etti: &#8211; Ama bana belgelerin ne oldu\u011funu [&hellip;]","og_url":"https:\/\/akunq.net\/turkish\/2010\/03\/16\/kurt-mu-ermeni-mi\/","og_site_name":"Bati Ermenistan Ve Bati Ermenileri Sorunlari Ara\u015ftirmalar Merkezi","article_published_time":"2010-03-16T14:17:01+00:00","author":"kalem","twitter_card":"summary_large_image","twitter_misc":{"Written by":"kalem","Est. reading time":"3 minutes"},"schema":{"@context":"https:\/\/schema.org","@graph":[{"@type":"Article","@id":"https:\/\/akunq.net\/turkish\/2010\/03\/16\/kurt-mu-ermeni-mi\/#article","isPartOf":{"@id":"https:\/\/akunq.net\/turkish\/2010\/03\/16\/kurt-mu-ermeni-mi\/"},"author":{"name":"kalem","@id":"https:\/\/akunq.net\/turkish\/#\/schema\/person\/135e7923d1aeb8887890799619969a6c"},"headline":"K\u00fcrt m\u00fc, Ermeni mi?","datePublished":"2010-03-16T14:17:01+00:00","mainEntityOfPage":{"@id":"https:\/\/akunq.net\/turkish\/2010\/03\/16\/kurt-mu-ermeni-mi\/"},"wordCount":641,"articleSection":["G\u00fcn\u00fcm\u00fczde Bat\u0131 Ermenileri"],"inLanguage":"en-US"},{"@type":"WebPage","@id":"https:\/\/akunq.net\/turkish\/2010\/03\/16\/kurt-mu-ermeni-mi\/","url":"https:\/\/akunq.net\/turkish\/2010\/03\/16\/kurt-mu-ermeni-mi\/","name":"K\u00fcrt m\u00fc, Ermeni mi? - Bati Ermenistan Ve Bati Ermenileri Sorunlari Ara\u015ftirmalar Merkezi","isPartOf":{"@id":"https:\/\/akunq.net\/turkish\/#website"},"datePublished":"2010-03-16T14:17:01+00:00","author":{"@id":"https:\/\/akunq.net\/turkish\/#\/schema\/person\/135e7923d1aeb8887890799619969a6c"},"breadcrumb":{"@id":"https:\/\/akunq.net\/turkish\/2010\/03\/16\/kurt-mu-ermeni-mi\/#breadcrumb"},"inLanguage":"en-US","potentialAction":[{"@type":"ReadAction","target":["https:\/\/akunq.net\/turkish\/2010\/03\/16\/kurt-mu-ermeni-mi\/"]}]},{"@type":"BreadcrumbList","@id":"https:\/\/akunq.net\/turkish\/2010\/03\/16\/kurt-mu-ermeni-mi\/#breadcrumb","itemListElement":[{"@type":"ListItem","position":1,"name":"Home","item":"https:\/\/akunq.net\/turkish\/"},{"@type":"ListItem","position":2,"name":"K\u00fcrt m\u00fc, Ermeni mi?"}]},{"@type":"WebSite","@id":"https:\/\/akunq.net\/turkish\/#website","url":"https:\/\/akunq.net\/turkish\/","name":"Bati Ermenistan Ve Bati Ermenileri Sorunlari Ara\u015ftirmalar Merkezi","description":"","potentialAction":[{"@type":"SearchAction","target":{"@type":"EntryPoint","urlTemplate":"https:\/\/akunq.net\/turkish\/?s={search_term_string}"},"query-input":{"@type":"PropertyValueSpecification","valueRequired":true,"valueName":"search_term_string"}}],"inLanguage":"en-US"},{"@type":"Person","@id":"https:\/\/akunq.net\/turkish\/#\/schema\/person\/135e7923d1aeb8887890799619969a6c","name":"kalem","image":{"@type":"ImageObject","inLanguage":"en-US","@id":"https:\/\/secure.gravatar.com\/avatar\/a06875e4b25feb5674296adf8e8a7ae1e587cebce2493fe63c456109967e27d3?s=96&d=mm&r=g","url":"https:\/\/secure.gravatar.com\/avatar\/a06875e4b25feb5674296adf8e8a7ae1e587cebce2493fe63c456109967e27d3?s=96&d=mm&r=g","contentUrl":"https:\/\/secure.gravatar.com\/avatar\/a06875e4b25feb5674296adf8e8a7ae1e587cebce2493fe63c456109967e27d3?s=96&d=mm&r=g","caption":"kalem"},"url":"https:\/\/akunq.net\/turkish\/author\/kalem\/"}]}},"_links":{"self":[{"href":"https:\/\/akunq.net\/turkish\/wp-json\/wp\/v2\/posts\/318","targetHints":{"allow":["GET"]}}],"collection":[{"href":"https:\/\/akunq.net\/turkish\/wp-json\/wp\/v2\/posts"}],"about":[{"href":"https:\/\/akunq.net\/turkish\/wp-json\/wp\/v2\/types\/post"}],"author":[{"embeddable":true,"href":"https:\/\/akunq.net\/turkish\/wp-json\/wp\/v2\/users\/3"}],"replies":[{"embeddable":true,"href":"https:\/\/akunq.net\/turkish\/wp-json\/wp\/v2\/comments?post=318"}],"version-history":[{"count":0,"href":"https:\/\/akunq.net\/turkish\/wp-json\/wp\/v2\/posts\/318\/revisions"}],"wp:attachment":[{"href":"https:\/\/akunq.net\/turkish\/wp-json\/wp\/v2\/media?parent=318"}],"wp:term":[{"taxonomy":"category","embeddable":true,"href":"https:\/\/akunq.net\/turkish\/wp-json\/wp\/v2\/categories?post=318"},{"taxonomy":"post_tag","embeddable":true,"href":"https:\/\/akunq.net\/turkish\/wp-json\/wp\/v2\/tags?post=318"}],"curies":[{"name":"wp","href":"https:\/\/api.w.org\/{rel}","templated":true}]}}