{"id":3162,"date":"2010-12-07T05:55:58","date_gmt":"2010-12-07T10:55:58","guid":{"rendered":"http:\/\/akunq.net\/tr\/?p=3162"},"modified":"2010-12-07T05:55:58","modified_gmt":"2010-12-07T10:55:58","slug":"tum-ermeniler-katolikosu-ii-karekin-net-konustu-patriklik-makami-bos-kalmamali","status":"publish","type":"post","link":"https:\/\/akunq.net\/turkish\/2010\/12\/07\/tum-ermeniler-katolikosu-ii-karekin-net-konustu-patriklik-makami-bos-kalmamali\/","title":{"rendered":"T\u00fcm Ermeniler Katolikosu II. Karekin net konu\u015ftu: \u201cPatriklik makam\u0131 bo\u015f kalmamal\u0131\u201d"},"content":{"rendered":"<p style=\"text-align: justify\"><em><a rel=\"attachment wp-att-3173\" href=\"http:\/\/akunq.net\/tr\/?attachment_id=3173\"><img loading=\"lazy\" decoding=\"async\" class=\"alignnone size-full wp-image-3173\" title=\"TURKEY ARMENIAN CHURCH\" src=\"http:\/\/akunq.net\/tr\/wp-content\/uploads\/2010\/12\/Garegin-2-rd.jpg\" alt=\"\" width=\"600\" height=\"300\" srcset=\"https:\/\/akunq.net\/turkish\/wp-content\/uploads\/sites\/5\/2010\/12\/Garegin-2-rd.jpg 600w, https:\/\/akunq.net\/turkish\/wp-content\/uploads\/sites\/5\/2010\/12\/Garegin-2-rd-300x150.jpg 300w\" sizes=\"auto, (max-width: 600px) 100vw, 600px\" \/><\/a><\/em><\/p>\n<p style=\"text-align: justify\"><em>Resmi temaslarda bulunmak \u00fczere ge\u00e7ti\u011fimiz hafta Fransa\u2019n\u0131n ba\u015fkenti Paris\u2019e giden T\u00fcm Ermeniler Katolikosu II. Karekin, 28 Kas\u0131m Pazar g\u00fcn\u00fc Paris\u2019teki Surp Hovhannes Kilisesi\u2019nde d\u00fczenlenen ayine riyaset etti. Yap\u0131lan Surp Badarak\u2019\u0131n ard\u0131ndan Fransa Ermeni toplumuyla bir araya gelen T\u00fcm Ermeniler Katolikosu, ayn\u0131 tarihlerde Paris\u2019te bulunan Surp P\u0131rgi\u00e7 Hastanesi Vakf\u0131 Ba\u015fkan\u0131 Bedros \u015eirino\u011flu\u2019yla da g\u00f6r\u00fc\u015ft\u00fc.<\/em><\/p>\n<p style=\"text-align: justify\">\u00a0Jamanak gazetesinin haberine g\u00f6re, patrik se\u00e7imi meselesinin g\u00fcndeme geldi\u011fi g\u00f6r\u00fc\u015fmede, II. Karekin, konuya ili\u015fkin geli\u015fmeleri takip ettiklerini belirterek, ilkesel olarak \u00f6zel bir ilgi g\u00f6sterdikleri s\u00fcre\u00e7te, se\u00e7im yapman\u0131n \u015fart oldu\u011funu, Patriklik makam\u0131n\u0131n uzun s\u00fcre bo\u015f kalmamas\u0131 gerekti\u011fini s\u00f6yledi.\u00a0<\/p>\n<p style=\"text-align: justify\">G\u00f6sterdi\u011fi ilgiden \u00f6t\u00fcr\u00fc Vehapar\u2019a \u015f\u00fckranlar\u0131n\u0131 sunan Bedros \u015eirino\u011flu, T\u00fcrkiye Ermenilerinin din ve vicdan \u00f6zg\u00fcrl\u00fc\u011f\u00fc ve ibadet etme haklar\u0131n\u0131n yasalarla g\u00fcvence alt\u0131na al\u0131nd\u0131\u011f\u0131n\u0131 belirterek, gelenek ve team\u00fcllere uygun olarak se\u00e7im yap\u0131lmas\u0131 konusunda herhangi bir k\u0131s\u0131tlama ya da engel olmad\u0131\u011f\u0131n\u0131 \u00f6ne s\u00fcrd\u00fc. Toplumdaki g\u00f6r\u00fc\u015f ayr\u0131l\u0131klar\u0131n\u0131n se\u00e7im yap\u0131lmas\u0131n\u0131 engelledi\u011fini iddia eden \u015eirino\u011flu, se\u00e7ime ili\u015fkin olarak sadece ruhanilerin de\u011fil sivil bireylerin de g\u00f6r\u00fc\u015flerine ba\u015fvurulmas\u0131 gerekti\u011fini ifade etti.<\/p>\n<p style=\"text-align: justify\">Agos, Say\u0131:765<br \/>\n04 Aral\u0131k 2010<\/p>\n","protected":false},"excerpt":{"rendered":"<p>Resmi temaslarda bulunmak \u00fczere ge\u00e7ti\u011fimiz hafta Fransa\u2019n\u0131n ba\u015fkenti Paris\u2019e giden T\u00fcm Ermeniler Katolikosu II. Karekin, 28 Kas\u0131m Pazar g\u00fcn\u00fc Paris\u2019teki Surp Hovhannes Kilisesi\u2019nde d\u00fczenlenen ayine riyaset etti. Yap\u0131lan Surp Badarak\u2019\u0131n ard\u0131ndan Fransa Ermeni toplumuyla bir araya gelen T\u00fcm Ermeniler Katolikosu, ayn\u0131 tarihlerde Paris\u2019te bulunan Surp P\u0131rgi\u00e7 Hastanesi Vakf\u0131 Ba\u015fkan\u0131 Bedros \u015eirino\u011flu\u2019yla da g\u00f6r\u00fc\u015ft\u00fc. \u00a0Jamanak gazetesinin [&hellip;]<\/p>\n","protected":false},"author":3,"featured_media":0,"comment_status":"open","ping_status":"open","sticky":false,"template":"","format":"standard","meta":{"footnotes":""},"categories":[14],"tags":[],"class_list":["post-3162","post","type-post","status-publish","format-standard","hentry","category-haberler"],"yoast_head":"<!-- This site is optimized with the Yoast SEO plugin v26.6 - https:\/\/yoast.com\/wordpress\/plugins\/seo\/ -->\n<title>T\u00fcm Ermeniler Katolikosu II. Karekin net konu\u015ftu: \u201cPatriklik makam\u0131 bo\u015f kalmamal\u0131\u201d - Bati Ermenistan Ve Bati Ermenileri Sorunlari Ara\u015ftirmalar Merkezi<\/title>\n<meta name=\"robots\" content=\"index, follow, max-snippet:-1, max-image-preview:large, max-video-preview:-1\" \/>\n<link rel=\"canonical\" href=\"https:\/\/akunq.net\/turkish\/2010\/12\/07\/tum-ermeniler-katolikosu-ii-karekin-net-konustu-patriklik-makami-bos-kalmamali\/\" \/>\n<meta property=\"og:locale\" content=\"en_US\" \/>\n<meta property=\"og:type\" content=\"article\" \/>\n<meta property=\"og:title\" content=\"T\u00fcm Ermeniler Katolikosu II. Karekin net konu\u015ftu: \u201cPatriklik makam\u0131 bo\u015f kalmamal\u0131\u201d - Bati Ermenistan Ve Bati Ermenileri Sorunlari Ara\u015ftirmalar Merkezi\" \/>\n<meta property=\"og:description\" content=\"Resmi temaslarda bulunmak \u00fczere ge\u00e7ti\u011fimiz hafta Fransa\u2019n\u0131n ba\u015fkenti Paris\u2019e giden T\u00fcm Ermeniler Katolikosu II. Karekin, 28 Kas\u0131m Pazar g\u00fcn\u00fc Paris\u2019teki Surp Hovhannes Kilisesi\u2019nde d\u00fczenlenen ayine riyaset etti. Yap\u0131lan Surp Badarak\u2019\u0131n ard\u0131ndan Fransa Ermeni toplumuyla bir araya gelen T\u00fcm Ermeniler Katolikosu, ayn\u0131 tarihlerde Paris\u2019te bulunan Surp P\u0131rgi\u00e7 Hastanesi Vakf\u0131 Ba\u015fkan\u0131 Bedros \u015eirino\u011flu\u2019yla da g\u00f6r\u00fc\u015ft\u00fc. \u00a0Jamanak gazetesinin [&hellip;]\" \/>\n<meta property=\"og:url\" content=\"https:\/\/akunq.net\/turkish\/2010\/12\/07\/tum-ermeniler-katolikosu-ii-karekin-net-konustu-patriklik-makami-bos-kalmamali\/\" \/>\n<meta property=\"og:site_name\" content=\"Bati Ermenistan Ve Bati Ermenileri Sorunlari Ara\u015ftirmalar Merkezi\" \/>\n<meta property=\"article:published_time\" content=\"2010-12-07T10:55:58+00:00\" \/>\n<meta property=\"og:image\" content=\"https:\/\/akunq.net\/turkish\/wp-content\/uploads\/sites\/5\/2010\/12\/Garegin-2-rd.jpg\" \/>\n\t<meta property=\"og:image:width\" content=\"600\" \/>\n\t<meta property=\"og:image:height\" content=\"300\" \/>\n\t<meta property=\"og:image:type\" content=\"image\/jpeg\" \/>\n<meta name=\"author\" content=\"kalem\" \/>\n<meta name=\"twitter:card\" content=\"summary_large_image\" \/>\n<meta name=\"twitter:label1\" content=\"Written by\" \/>\n\t<meta name=\"twitter:data1\" content=\"kalem\" \/>\n\t<meta name=\"twitter:label2\" content=\"Est. reading time\" \/>\n\t<meta name=\"twitter:data2\" content=\"1 minute\" \/>\n<script type=\"application\/ld+json\" class=\"yoast-schema-graph\">{\"@context\":\"https:\/\/schema.org\",\"@graph\":[{\"@type\":\"WebPage\",\"@id\":\"https:\/\/akunq.net\/turkish\/2010\/12\/07\/tum-ermeniler-katolikosu-ii-karekin-net-konustu-patriklik-makami-bos-kalmamali\/\",\"url\":\"https:\/\/akunq.net\/turkish\/2010\/12\/07\/tum-ermeniler-katolikosu-ii-karekin-net-konustu-patriklik-makami-bos-kalmamali\/\",\"name\":\"T\u00fcm Ermeniler Katolikosu II. Karekin net konu\u015ftu: \u201cPatriklik makam\u0131 bo\u015f kalmamal\u0131\u201d - Bati Ermenistan Ve Bati Ermenileri Sorunlari Ara\u015ftirmalar Merkezi\",\"isPartOf\":{\"@id\":\"https:\/\/akunq.net\/turkish\/#website\"},\"primaryImageOfPage\":{\"@id\":\"https:\/\/akunq.net\/turkish\/2010\/12\/07\/tum-ermeniler-katolikosu-ii-karekin-net-konustu-patriklik-makami-bos-kalmamali\/#primaryimage\"},\"image\":{\"@id\":\"https:\/\/akunq.net\/turkish\/2010\/12\/07\/tum-ermeniler-katolikosu-ii-karekin-net-konustu-patriklik-makami-bos-kalmamali\/#primaryimage\"},\"thumbnailUrl\":\"http:\/\/akunq.net\/tr\/wp-content\/uploads\/2010\/12\/Garegin-2-rd.jpg\",\"datePublished\":\"2010-12-07T10:55:58+00:00\",\"author\":{\"@id\":\"https:\/\/akunq.net\/turkish\/#\/schema\/person\/135e7923d1aeb8887890799619969a6c\"},\"breadcrumb\":{\"@id\":\"https:\/\/akunq.net\/turkish\/2010\/12\/07\/tum-ermeniler-katolikosu-ii-karekin-net-konustu-patriklik-makami-bos-kalmamali\/#breadcrumb\"},\"inLanguage\":\"en-US\",\"potentialAction\":[{\"@type\":\"ReadAction\",\"target\":[\"https:\/\/akunq.net\/turkish\/2010\/12\/07\/tum-ermeniler-katolikosu-ii-karekin-net-konustu-patriklik-makami-bos-kalmamali\/\"]}]},{\"@type\":\"ImageObject\",\"inLanguage\":\"en-US\",\"@id\":\"https:\/\/akunq.net\/turkish\/2010\/12\/07\/tum-ermeniler-katolikosu-ii-karekin-net-konustu-patriklik-makami-bos-kalmamali\/#primaryimage\",\"url\":\"http:\/\/akunq.net\/tr\/wp-content\/uploads\/2010\/12\/Garegin-2-rd.jpg\",\"contentUrl\":\"http:\/\/akunq.net\/tr\/wp-content\/uploads\/2010\/12\/Garegin-2-rd.jpg\"},{\"@type\":\"BreadcrumbList\",\"@id\":\"https:\/\/akunq.net\/turkish\/2010\/12\/07\/tum-ermeniler-katolikosu-ii-karekin-net-konustu-patriklik-makami-bos-kalmamali\/#breadcrumb\",\"itemListElement\":[{\"@type\":\"ListItem\",\"position\":1,\"name\":\"Home\",\"item\":\"https:\/\/akunq.net\/turkish\/\"},{\"@type\":\"ListItem\",\"position\":2,\"name\":\"T\u00fcm Ermeniler Katolikosu II. Karekin net konu\u015ftu: \u201cPatriklik makam\u0131 bo\u015f kalmamal\u0131\u201d\"}]},{\"@type\":\"WebSite\",\"@id\":\"https:\/\/akunq.net\/turkish\/#website\",\"url\":\"https:\/\/akunq.net\/turkish\/\",\"name\":\"Bati Ermenistan Ve Bati Ermenileri Sorunlari Ara\u015ftirmalar Merkezi\",\"description\":\"\",\"potentialAction\":[{\"@type\":\"SearchAction\",\"target\":{\"@type\":\"EntryPoint\",\"urlTemplate\":\"https:\/\/akunq.net\/turkish\/?s={search_term_string}\"},\"query-input\":{\"@type\":\"PropertyValueSpecification\",\"valueRequired\":true,\"valueName\":\"search_term_string\"}}],\"inLanguage\":\"en-US\"},{\"@type\":\"Person\",\"@id\":\"https:\/\/akunq.net\/turkish\/#\/schema\/person\/135e7923d1aeb8887890799619969a6c\",\"name\":\"kalem\",\"image\":{\"@type\":\"ImageObject\",\"inLanguage\":\"en-US\",\"@id\":\"https:\/\/akunq.net\/turkish\/#\/schema\/person\/image\/\",\"url\":\"https:\/\/secure.gravatar.com\/avatar\/a06875e4b25feb5674296adf8e8a7ae1e587cebce2493fe63c456109967e27d3?s=96&d=mm&r=g\",\"contentUrl\":\"https:\/\/secure.gravatar.com\/avatar\/a06875e4b25feb5674296adf8e8a7ae1e587cebce2493fe63c456109967e27d3?s=96&d=mm&r=g\",\"caption\":\"kalem\"},\"url\":\"https:\/\/akunq.net\/turkish\/author\/kalem\/\"}]}<\/script>\n<!-- \/ Yoast SEO plugin. -->","yoast_head_json":{"title":"T\u00fcm Ermeniler Katolikosu II. Karekin net konu\u015ftu: \u201cPatriklik makam\u0131 bo\u015f kalmamal\u0131\u201d - Bati Ermenistan Ve Bati Ermenileri Sorunlari Ara\u015ftirmalar Merkezi","robots":{"index":"index","follow":"follow","max-snippet":"max-snippet:-1","max-image-preview":"max-image-preview:large","max-video-preview":"max-video-preview:-1"},"canonical":"https:\/\/akunq.net\/turkish\/2010\/12\/07\/tum-ermeniler-katolikosu-ii-karekin-net-konustu-patriklik-makami-bos-kalmamali\/","og_locale":"en_US","og_type":"article","og_title":"T\u00fcm Ermeniler Katolikosu II. Karekin net konu\u015ftu: \u201cPatriklik makam\u0131 bo\u015f kalmamal\u0131\u201d - Bati Ermenistan Ve Bati Ermenileri Sorunlari Ara\u015ftirmalar Merkezi","og_description":"Resmi temaslarda bulunmak \u00fczere ge\u00e7ti\u011fimiz hafta Fransa\u2019n\u0131n ba\u015fkenti Paris\u2019e giden T\u00fcm Ermeniler Katolikosu II. Karekin, 28 Kas\u0131m Pazar g\u00fcn\u00fc Paris\u2019teki Surp Hovhannes Kilisesi\u2019nde d\u00fczenlenen ayine riyaset etti. Yap\u0131lan Surp Badarak\u2019\u0131n ard\u0131ndan Fransa Ermeni toplumuyla bir araya gelen T\u00fcm Ermeniler Katolikosu, ayn\u0131 tarihlerde Paris\u2019te bulunan Surp P\u0131rgi\u00e7 Hastanesi Vakf\u0131 Ba\u015fkan\u0131 Bedros \u015eirino\u011flu\u2019yla da g\u00f6r\u00fc\u015ft\u00fc. \u00a0Jamanak gazetesinin [&hellip;]","og_url":"https:\/\/akunq.net\/turkish\/2010\/12\/07\/tum-ermeniler-katolikosu-ii-karekin-net-konustu-patriklik-makami-bos-kalmamali\/","og_site_name":"Bati Ermenistan Ve Bati Ermenileri Sorunlari Ara\u015ftirmalar Merkezi","article_published_time":"2010-12-07T10:55:58+00:00","og_image":[{"width":600,"height":300,"url":"https:\/\/akunq.net\/turkish\/wp-content\/uploads\/sites\/5\/2010\/12\/Garegin-2-rd.jpg","type":"image\/jpeg"}],"author":"kalem","twitter_card":"summary_large_image","twitter_misc":{"Written by":"kalem","Est. reading time":"1 minute"},"schema":{"@context":"https:\/\/schema.org","@graph":[{"@type":"WebPage","@id":"https:\/\/akunq.net\/turkish\/2010\/12\/07\/tum-ermeniler-katolikosu-ii-karekin-net-konustu-patriklik-makami-bos-kalmamali\/","url":"https:\/\/akunq.net\/turkish\/2010\/12\/07\/tum-ermeniler-katolikosu-ii-karekin-net-konustu-patriklik-makami-bos-kalmamali\/","name":"T\u00fcm Ermeniler Katolikosu II. Karekin net konu\u015ftu: \u201cPatriklik makam\u0131 bo\u015f kalmamal\u0131\u201d - Bati Ermenistan Ve Bati Ermenileri Sorunlari Ara\u015ftirmalar Merkezi","isPartOf":{"@id":"https:\/\/akunq.net\/turkish\/#website"},"primaryImageOfPage":{"@id":"https:\/\/akunq.net\/turkish\/2010\/12\/07\/tum-ermeniler-katolikosu-ii-karekin-net-konustu-patriklik-makami-bos-kalmamali\/#primaryimage"},"image":{"@id":"https:\/\/akunq.net\/turkish\/2010\/12\/07\/tum-ermeniler-katolikosu-ii-karekin-net-konustu-patriklik-makami-bos-kalmamali\/#primaryimage"},"thumbnailUrl":"http:\/\/akunq.net\/tr\/wp-content\/uploads\/2010\/12\/Garegin-2-rd.jpg","datePublished":"2010-12-07T10:55:58+00:00","author":{"@id":"https:\/\/akunq.net\/turkish\/#\/schema\/person\/135e7923d1aeb8887890799619969a6c"},"breadcrumb":{"@id":"https:\/\/akunq.net\/turkish\/2010\/12\/07\/tum-ermeniler-katolikosu-ii-karekin-net-konustu-patriklik-makami-bos-kalmamali\/#breadcrumb"},"inLanguage":"en-US","potentialAction":[{"@type":"ReadAction","target":["https:\/\/akunq.net\/turkish\/2010\/12\/07\/tum-ermeniler-katolikosu-ii-karekin-net-konustu-patriklik-makami-bos-kalmamali\/"]}]},{"@type":"ImageObject","inLanguage":"en-US","@id":"https:\/\/akunq.net\/turkish\/2010\/12\/07\/tum-ermeniler-katolikosu-ii-karekin-net-konustu-patriklik-makami-bos-kalmamali\/#primaryimage","url":"http:\/\/akunq.net\/tr\/wp-content\/uploads\/2010\/12\/Garegin-2-rd.jpg","contentUrl":"http:\/\/akunq.net\/tr\/wp-content\/uploads\/2010\/12\/Garegin-2-rd.jpg"},{"@type":"BreadcrumbList","@id":"https:\/\/akunq.net\/turkish\/2010\/12\/07\/tum-ermeniler-katolikosu-ii-karekin-net-konustu-patriklik-makami-bos-kalmamali\/#breadcrumb","itemListElement":[{"@type":"ListItem","position":1,"name":"Home","item":"https:\/\/akunq.net\/turkish\/"},{"@type":"ListItem","position":2,"name":"T\u00fcm Ermeniler Katolikosu II. Karekin net konu\u015ftu: \u201cPatriklik makam\u0131 bo\u015f kalmamal\u0131\u201d"}]},{"@type":"WebSite","@id":"https:\/\/akunq.net\/turkish\/#website","url":"https:\/\/akunq.net\/turkish\/","name":"Bati Ermenistan Ve Bati Ermenileri Sorunlari Ara\u015ftirmalar Merkezi","description":"","potentialAction":[{"@type":"SearchAction","target":{"@type":"EntryPoint","urlTemplate":"https:\/\/akunq.net\/turkish\/?s={search_term_string}"},"query-input":{"@type":"PropertyValueSpecification","valueRequired":true,"valueName":"search_term_string"}}],"inLanguage":"en-US"},{"@type":"Person","@id":"https:\/\/akunq.net\/turkish\/#\/schema\/person\/135e7923d1aeb8887890799619969a6c","name":"kalem","image":{"@type":"ImageObject","inLanguage":"en-US","@id":"https:\/\/akunq.net\/turkish\/#\/schema\/person\/image\/","url":"https:\/\/secure.gravatar.com\/avatar\/a06875e4b25feb5674296adf8e8a7ae1e587cebce2493fe63c456109967e27d3?s=96&d=mm&r=g","contentUrl":"https:\/\/secure.gravatar.com\/avatar\/a06875e4b25feb5674296adf8e8a7ae1e587cebce2493fe63c456109967e27d3?s=96&d=mm&r=g","caption":"kalem"},"url":"https:\/\/akunq.net\/turkish\/author\/kalem\/"}]}},"_links":{"self":[{"href":"https:\/\/akunq.net\/turkish\/wp-json\/wp\/v2\/posts\/3162","targetHints":{"allow":["GET"]}}],"collection":[{"href":"https:\/\/akunq.net\/turkish\/wp-json\/wp\/v2\/posts"}],"about":[{"href":"https:\/\/akunq.net\/turkish\/wp-json\/wp\/v2\/types\/post"}],"author":[{"embeddable":true,"href":"https:\/\/akunq.net\/turkish\/wp-json\/wp\/v2\/users\/3"}],"replies":[{"embeddable":true,"href":"https:\/\/akunq.net\/turkish\/wp-json\/wp\/v2\/comments?post=3162"}],"version-history":[{"count":0,"href":"https:\/\/akunq.net\/turkish\/wp-json\/wp\/v2\/posts\/3162\/revisions"}],"wp:attachment":[{"href":"https:\/\/akunq.net\/turkish\/wp-json\/wp\/v2\/media?parent=3162"}],"wp:term":[{"taxonomy":"category","embeddable":true,"href":"https:\/\/akunq.net\/turkish\/wp-json\/wp\/v2\/categories?post=3162"},{"taxonomy":"post_tag","embeddable":true,"href":"https:\/\/akunq.net\/turkish\/wp-json\/wp\/v2\/tags?post=3162"}],"curies":[{"name":"wp","href":"https:\/\/api.w.org\/{rel}","templated":true}]}}