{"id":31392,"date":"2014-09-02T02:22:34","date_gmt":"2014-09-02T07:22:34","guid":{"rendered":"http:\/\/akunq.net\/tr\/?p=31392"},"modified":"2014-09-02T02:22:34","modified_gmt":"2014-09-02T07:22:34","slug":"suryanilerin-86-yillik-okul-hasreti-sona-erdi","status":"publish","type":"post","link":"https:\/\/akunq.net\/turkish\/2014\/09\/02\/suryanilerin-86-yillik-okul-hasreti-sona-erdi\/","title":{"rendered":"S\u00fcryaniler&#8217;in 86 y\u0131ll\u0131k okul hasreti sona erdi"},"content":{"rendered":"<div>\n<p style=\"text-align: justify\"><strong><i><a href=\"http:\/\/akunq.net\/tr\/?attachment_id=31393\" rel=\"attachment wp-att-31393\"><img loading=\"lazy\" decoding=\"async\" class=\"alignright size-full wp-image-31393\" alt=\"okul\" src=\"http:\/\/akunq.net\/tr\/wp-content\/uploads\/2014\/09\/okul.jpg\" width=\"200\" height=\"200\" srcset=\"https:\/\/akunq.net\/turkish\/wp-content\/uploads\/sites\/5\/2014\/09\/okul.jpg 200w, https:\/\/akunq.net\/turkish\/wp-content\/uploads\/sites\/5\/2014\/09\/okul-150x150.jpg 150w\" sizes=\"auto, (max-width: 200px) 100vw, 200px\" \/><\/a>S\u00fcryaniler 1928&#8217;de okullar\u0131n\u0131n kapat\u0131lmas\u0131n\u0131n ard\u0131ndan 86 y\u0131l sonra okul kurma hakk\u0131 kazand\u0131. \u0130stanbul Ye\u015filk\u00f6y&#8217;de kurulan anaokulu, S\u00fcryanice m\u00fcfredata onay bekliyor<\/i><\/strong><\/p>\n<\/div>\n<p style=\"text-align: justify\">T\u00fcrkiyegenelinde 25 bine yak\u0131n n\u00fcfusu olan S\u00fcryaniler, 1928&#8217;de okullar\u0131n\u0131n kapanmas\u0131ndan 86 y\u0131l sonra Ankara 13. \u0130dare Mahkemesi karar\u0131yla okul kurma hakk\u0131n\u0131 tekrar elde etti. Milli E\u011fitim Bakanl\u0131\u011f\u0131 (MEB) S\u00fcryanilerin anaokulu a\u00e7ma ba\u015fvurusu \u00fczerine yeni m\u00fcfredat haz\u0131rlanmas\u0131n\u0131 istedi. Mardin Artuklu \u00dcniversitesi Ya\u015fayan Diller Enstit\u00fcs\u00fc S\u00fcryani Anabilim Dal\u0131 \u00d6\u011fretim \u00dcyesi Mehmet Sait Toprak, S\u00fcryani edebiyat\u0131ndan masallar ve d\u00fcnya \u00e7ocuk edebiyat\u0131ndan eserlerin S\u00fcryanice&#8217;ye \u00e7evrildi\u011fi m\u00fcfredat\u0131 haz\u0131rlad\u0131. S\u00fcryani Kadim Meryemana Kilisesi Vakf\u0131 da \u0130stanbul Ye\u015filk\u00f6y&#8217;de \u00fc\u00e7 katl\u0131 bina kiralad\u0131. 6&#8217;s\u0131 \u00f6\u011fretmen 8 ki\u015filik kadro olu\u015fturuldu. Okulun \u00f6n\u00fcm\u00fczdeki hafta e\u011fitime ba\u015flamas\u0131 i\u00e7in MEB&#8217;den onay bekleniyor.<br \/>\nKadim Meryemana Kilisesi Vakf\u0131 Ba\u015fkan\u0131 Sait Susin: T\u00fcrkiye&#8217;de son 10 y\u0131lda ya\u015fanan geli\u015fmeler bizi cesaretlendirdi. 10 &#8211; 15 y\u0131l \u00f6nce bunlar\u0131 konu\u015fmaya \u00e7ekiniyorduk. Konu\u015furken c\u00fcmleleri se\u00e7ti\u011fimiz, tepki almaktan korktu\u011fumuz d\u00f6nemleri a\u015ft\u0131k. Sorunlar\u0131m\u0131z\u0131 \u00e7ok rahatl\u0131kla ba\u015fbakan\u0131m\u0131zla, bakanlar\u0131m\u0131zla rahat rahat konu\u015fuyoruz. Bu ad\u0131m \u00e7ok \u00f6nemli. Bizi as\u0131l sevindiren, MEB avukatlar\u0131n\u0131n mahkeme karar\u0131n\u0131 temyiz etmemesi oldu. Okul a\u00e7mak istedi\u011fimizde kar\u015f\u0131m\u0131za hep y\u00f6netmelik \u00e7\u0131kar\u0131l\u0131yordu. \u00c7ok \u015f\u00fck\u00fcr, T\u00fcrkiye&#8217;de son 15 y\u0131lda ya\u015fanan de\u011fi\u015fimlerden biz de nasibimizi ald\u0131k.<\/p>\n<p><b>&#8216;EVDE AYRI, DI\u015eARIDA AYRI D\u0130L&#8217; <\/b><br \/>\nKadim Meryemana Kilisesi Vakf\u0131 Ba\u015fkan Yard\u0131mc\u0131s\u0131 Kenan G\u00fcrdal: S\u00fcryani \u00e7ocuklar\u0131 y\u0131llarca evde ayr\u0131, d\u0131\u015far\u0131da ayr\u0131 dili konu\u015ftuklar\u0131 i\u00e7in travma ya\u015fad\u0131. S\u00fcryani Dili ve Edebiyat\u0131&#8217;nda okuyan \u00f6\u011frenciler aras\u0131nda yap\u0131lar ara\u015ft\u0131rmada, \u00e7ocuklar okula ba\u015flad\u0131ktan sonra en az \u00fc\u00e7 y\u0131l neredeyse hi\u00e7bir \u015fey anlamad\u0131klar\u0131n\u0131 ifade etmi\u015fti. Y\u0131llard\u0131r u\u011fra\u015f\u0131n\u0131 verdi\u011fimiz sorunun \u00e7\u00f6z\u00fclmesinden sonra okul i\u00e7in bakanl\u0131k yetkilileri, b\u00fcrokratlar bizimle yak\u0131ndan ilgilendi. Okulda e\u011fitim verecek \u00f6\u011fretmenler S\u00fcryanice ve Aramice&#8217;nin yan\u0131 s\u0131ra \u0130ngilizce de biliyor ve bu kapsamda e\u011fitim verecekler. Bakanl\u0131\u011f\u0131n yan\u0131 s\u0131ra \u0130stanbul \u0130l Milli E\u011fitim ile Bak\u0131rk\u00f6y \u0130l\u00e7e Milli E\u011fitim M\u00fcd\u00fcrl\u00fc\u011f\u00fc yetkilileri de s\u00fcrecin k\u0131sa s\u00fcrede tamamlanmas\u0131 i\u00e7in bize yard\u0131mc\u0131 oluyorlar. 60 \u00f6\u011frencinin al\u0131naca\u011f\u0131 okula \u0130stanbul&#8217;un d\u0131\u015f\u0131ndan da talep geldi. Bakanl\u0131ktan gelecek onayla birlikte 86 y\u0131ll\u0131k r\u00fcyam\u0131za kavu\u015faca\u011f\u0131z.<\/p>\n<p style=\"text-align: justify\"><b><i>http:\/\/www.sabah.com.tr\/Yasam\/2014\/08\/28\/suryanilerin-86-yillik-okul-hasreti-sona-erdi<\/i><\/b><\/p>\n","protected":false},"excerpt":{"rendered":"<p>S\u00fcryaniler 1928&#8217;de okullar\u0131n\u0131n kapat\u0131lmas\u0131n\u0131n ard\u0131ndan 86 y\u0131l sonra okul kurma hakk\u0131 kazand\u0131. \u0130stanbul Ye\u015filk\u00f6y&#8217;de kurulan anaokulu, S\u00fcryanice m\u00fcfredata onay bekliyor T\u00fcrkiyegenelinde 25 bine yak\u0131n n\u00fcfusu olan S\u00fcryaniler, 1928&#8217;de okullar\u0131n\u0131n kapanmas\u0131ndan 86 y\u0131l sonra Ankara 13. \u0130dare Mahkemesi karar\u0131yla okul kurma hakk\u0131n\u0131 tekrar elde etti. Milli E\u011fitim Bakanl\u0131\u011f\u0131 (MEB) S\u00fcryanilerin anaokulu a\u00e7ma ba\u015fvurusu \u00fczerine yeni m\u00fcfredat [&hellip;]<\/p>\n","protected":false},"author":3,"featured_media":0,"comment_status":"open","ping_status":"open","sticky":false,"template":"","format":"standard","meta":{"footnotes":""},"categories":[14,42],"tags":[],"class_list":["post-31392","post","type-post","status-publish","format-standard","hentry","category-haberler","category-turkiyede-azinliklar"],"yoast_head":"<!-- This site is optimized with the Yoast SEO plugin v27.4 - https:\/\/yoast.com\/product\/yoast-seo-wordpress\/ -->\n<title>S\u00fcryaniler&#039;in 86 y\u0131ll\u0131k okul hasreti sona erdi - Bati Ermenistan Ve Bati Ermenileri Sorunlari Ara\u015ftirmalar Merkezi<\/title>\n<meta name=\"robots\" content=\"index, follow, max-snippet:-1, max-image-preview:large, max-video-preview:-1\" \/>\n<link rel=\"canonical\" href=\"https:\/\/akunq.net\/turkish\/2014\/09\/02\/suryanilerin-86-yillik-okul-hasreti-sona-erdi\/\" \/>\n<meta property=\"og:locale\" content=\"en_US\" \/>\n<meta property=\"og:type\" content=\"article\" \/>\n<meta property=\"og:title\" content=\"S\u00fcryaniler&#039;in 86 y\u0131ll\u0131k okul hasreti sona erdi - Bati Ermenistan Ve Bati Ermenileri Sorunlari Ara\u015ftirmalar Merkezi\" \/>\n<meta property=\"og:description\" content=\"S\u00fcryaniler 1928&#8217;de okullar\u0131n\u0131n kapat\u0131lmas\u0131n\u0131n ard\u0131ndan 86 y\u0131l sonra okul kurma hakk\u0131 kazand\u0131. \u0130stanbul Ye\u015filk\u00f6y&#8217;de kurulan anaokulu, S\u00fcryanice m\u00fcfredata onay bekliyor T\u00fcrkiyegenelinde 25 bine yak\u0131n n\u00fcfusu olan S\u00fcryaniler, 1928&#8217;de okullar\u0131n\u0131n kapanmas\u0131ndan 86 y\u0131l sonra Ankara 13. \u0130dare Mahkemesi karar\u0131yla okul kurma hakk\u0131n\u0131 tekrar elde etti. Milli E\u011fitim Bakanl\u0131\u011f\u0131 (MEB) S\u00fcryanilerin anaokulu a\u00e7ma ba\u015fvurusu \u00fczerine yeni m\u00fcfredat [&hellip;]\" \/>\n<meta property=\"og:url\" content=\"https:\/\/akunq.net\/turkish\/2014\/09\/02\/suryanilerin-86-yillik-okul-hasreti-sona-erdi\/\" \/>\n<meta property=\"og:site_name\" content=\"Bati Ermenistan Ve Bati Ermenileri Sorunlari Ara\u015ftirmalar Merkezi\" \/>\n<meta property=\"article:published_time\" content=\"2014-09-02T07:22:34+00:00\" \/>\n<meta property=\"og:image\" content=\"https:\/\/akunq.net\/turkish\/wp-content\/uploads\/sites\/5\/2014\/09\/okul.jpg\" \/>\n\t<meta property=\"og:image:width\" content=\"200\" \/>\n\t<meta property=\"og:image:height\" content=\"200\" \/>\n\t<meta property=\"og:image:type\" content=\"image\/jpeg\" \/>\n<meta name=\"author\" content=\"kalem\" \/>\n<meta name=\"twitter:card\" content=\"summary_large_image\" \/>\n<meta name=\"twitter:label1\" content=\"Written by\" \/>\n\t<meta name=\"twitter:data1\" content=\"kalem\" \/>\n\t<meta name=\"twitter:label2\" content=\"Est. reading time\" \/>\n\t<meta name=\"twitter:data2\" content=\"2 minutes\" \/>\n<script type=\"application\/ld+json\" class=\"yoast-schema-graph\">{\"@context\":\"https:\\\/\\\/schema.org\",\"@graph\":[{\"@type\":\"Article\",\"@id\":\"https:\\\/\\\/akunq.net\\\/turkish\\\/2014\\\/09\\\/02\\\/suryanilerin-86-yillik-okul-hasreti-sona-erdi\\\/#article\",\"isPartOf\":{\"@id\":\"https:\\\/\\\/akunq.net\\\/turkish\\\/2014\\\/09\\\/02\\\/suryanilerin-86-yillik-okul-hasreti-sona-erdi\\\/\"},\"author\":{\"name\":\"kalem\",\"@id\":\"https:\\\/\\\/akunq.net\\\/turkish\\\/#\\\/schema\\\/person\\\/135e7923d1aeb8887890799619969a6c\"},\"headline\":\"S\u00fcryaniler&#8217;in 86 y\u0131ll\u0131k okul hasreti sona erdi\",\"datePublished\":\"2014-09-02T07:22:34+00:00\",\"mainEntityOfPage\":{\"@id\":\"https:\\\/\\\/akunq.net\\\/turkish\\\/2014\\\/09\\\/02\\\/suryanilerin-86-yillik-okul-hasreti-sona-erdi\\\/\"},\"wordCount\":461,\"commentCount\":0,\"image\":{\"@id\":\"https:\\\/\\\/akunq.net\\\/turkish\\\/2014\\\/09\\\/02\\\/suryanilerin-86-yillik-okul-hasreti-sona-erdi\\\/#primaryimage\"},\"thumbnailUrl\":\"http:\\\/\\\/akunq.net\\\/tr\\\/wp-content\\\/uploads\\\/2014\\\/09\\\/okul.jpg\",\"articleSection\":[\"Haberler\",\"T\u00fcrkiye\u2019de Az\u0131nl\u0131klar\"],\"inLanguage\":\"en-US\",\"potentialAction\":[{\"@type\":\"CommentAction\",\"name\":\"Comment\",\"target\":[\"https:\\\/\\\/akunq.net\\\/turkish\\\/2014\\\/09\\\/02\\\/suryanilerin-86-yillik-okul-hasreti-sona-erdi\\\/#respond\"]}]},{\"@type\":\"WebPage\",\"@id\":\"https:\\\/\\\/akunq.net\\\/turkish\\\/2014\\\/09\\\/02\\\/suryanilerin-86-yillik-okul-hasreti-sona-erdi\\\/\",\"url\":\"https:\\\/\\\/akunq.net\\\/turkish\\\/2014\\\/09\\\/02\\\/suryanilerin-86-yillik-okul-hasreti-sona-erdi\\\/\",\"name\":\"S\u00fcryaniler'in 86 y\u0131ll\u0131k okul hasreti sona erdi - Bati Ermenistan Ve Bati Ermenileri Sorunlari Ara\u015ftirmalar Merkezi\",\"isPartOf\":{\"@id\":\"https:\\\/\\\/akunq.net\\\/turkish\\\/#website\"},\"primaryImageOfPage\":{\"@id\":\"https:\\\/\\\/akunq.net\\\/turkish\\\/2014\\\/09\\\/02\\\/suryanilerin-86-yillik-okul-hasreti-sona-erdi\\\/#primaryimage\"},\"image\":{\"@id\":\"https:\\\/\\\/akunq.net\\\/turkish\\\/2014\\\/09\\\/02\\\/suryanilerin-86-yillik-okul-hasreti-sona-erdi\\\/#primaryimage\"},\"thumbnailUrl\":\"http:\\\/\\\/akunq.net\\\/tr\\\/wp-content\\\/uploads\\\/2014\\\/09\\\/okul.jpg\",\"datePublished\":\"2014-09-02T07:22:34+00:00\",\"author\":{\"@id\":\"https:\\\/\\\/akunq.net\\\/turkish\\\/#\\\/schema\\\/person\\\/135e7923d1aeb8887890799619969a6c\"},\"breadcrumb\":{\"@id\":\"https:\\\/\\\/akunq.net\\\/turkish\\\/2014\\\/09\\\/02\\\/suryanilerin-86-yillik-okul-hasreti-sona-erdi\\\/#breadcrumb\"},\"inLanguage\":\"en-US\",\"potentialAction\":[{\"@type\":\"ReadAction\",\"target\":[\"https:\\\/\\\/akunq.net\\\/turkish\\\/2014\\\/09\\\/02\\\/suryanilerin-86-yillik-okul-hasreti-sona-erdi\\\/\"]}]},{\"@type\":\"ImageObject\",\"inLanguage\":\"en-US\",\"@id\":\"https:\\\/\\\/akunq.net\\\/turkish\\\/2014\\\/09\\\/02\\\/suryanilerin-86-yillik-okul-hasreti-sona-erdi\\\/#primaryimage\",\"url\":\"http:\\\/\\\/akunq.net\\\/tr\\\/wp-content\\\/uploads\\\/2014\\\/09\\\/okul.jpg\",\"contentUrl\":\"http:\\\/\\\/akunq.net\\\/tr\\\/wp-content\\\/uploads\\\/2014\\\/09\\\/okul.jpg\"},{\"@type\":\"BreadcrumbList\",\"@id\":\"https:\\\/\\\/akunq.net\\\/turkish\\\/2014\\\/09\\\/02\\\/suryanilerin-86-yillik-okul-hasreti-sona-erdi\\\/#breadcrumb\",\"itemListElement\":[{\"@type\":\"ListItem\",\"position\":1,\"name\":\"Home\",\"item\":\"https:\\\/\\\/akunq.net\\\/turkish\\\/\"},{\"@type\":\"ListItem\",\"position\":2,\"name\":\"S\u00fcryaniler&#8217;in 86 y\u0131ll\u0131k okul hasreti sona erdi\"}]},{\"@type\":\"WebSite\",\"@id\":\"https:\\\/\\\/akunq.net\\\/turkish\\\/#website\",\"url\":\"https:\\\/\\\/akunq.net\\\/turkish\\\/\",\"name\":\"Bati Ermenistan Ve Bati Ermenileri Sorunlari Ara\u015ftirmalar Merkezi\",\"description\":\"\",\"potentialAction\":[{\"@type\":\"SearchAction\",\"target\":{\"@type\":\"EntryPoint\",\"urlTemplate\":\"https:\\\/\\\/akunq.net\\\/turkish\\\/?s={search_term_string}\"},\"query-input\":{\"@type\":\"PropertyValueSpecification\",\"valueRequired\":true,\"valueName\":\"search_term_string\"}}],\"inLanguage\":\"en-US\"},{\"@type\":\"Person\",\"@id\":\"https:\\\/\\\/akunq.net\\\/turkish\\\/#\\\/schema\\\/person\\\/135e7923d1aeb8887890799619969a6c\",\"name\":\"kalem\",\"image\":{\"@type\":\"ImageObject\",\"inLanguage\":\"en-US\",\"@id\":\"https:\\\/\\\/secure.gravatar.com\\\/avatar\\\/a06875e4b25feb5674296adf8e8a7ae1e587cebce2493fe63c456109967e27d3?s=96&d=mm&r=g\",\"url\":\"https:\\\/\\\/secure.gravatar.com\\\/avatar\\\/a06875e4b25feb5674296adf8e8a7ae1e587cebce2493fe63c456109967e27d3?s=96&d=mm&r=g\",\"contentUrl\":\"https:\\\/\\\/secure.gravatar.com\\\/avatar\\\/a06875e4b25feb5674296adf8e8a7ae1e587cebce2493fe63c456109967e27d3?s=96&d=mm&r=g\",\"caption\":\"kalem\"},\"url\":\"https:\\\/\\\/akunq.net\\\/turkish\\\/author\\\/kalem\\\/\"}]}<\/script>\n<!-- \/ Yoast SEO plugin. -->","yoast_head_json":{"title":"S\u00fcryaniler'in 86 y\u0131ll\u0131k okul hasreti sona erdi - Bati Ermenistan Ve Bati Ermenileri Sorunlari Ara\u015ftirmalar Merkezi","robots":{"index":"index","follow":"follow","max-snippet":"max-snippet:-1","max-image-preview":"max-image-preview:large","max-video-preview":"max-video-preview:-1"},"canonical":"https:\/\/akunq.net\/turkish\/2014\/09\/02\/suryanilerin-86-yillik-okul-hasreti-sona-erdi\/","og_locale":"en_US","og_type":"article","og_title":"S\u00fcryaniler'in 86 y\u0131ll\u0131k okul hasreti sona erdi - Bati Ermenistan Ve Bati Ermenileri Sorunlari Ara\u015ftirmalar Merkezi","og_description":"S\u00fcryaniler 1928&#8217;de okullar\u0131n\u0131n kapat\u0131lmas\u0131n\u0131n ard\u0131ndan 86 y\u0131l sonra okul kurma hakk\u0131 kazand\u0131. \u0130stanbul Ye\u015filk\u00f6y&#8217;de kurulan anaokulu, S\u00fcryanice m\u00fcfredata onay bekliyor T\u00fcrkiyegenelinde 25 bine yak\u0131n n\u00fcfusu olan S\u00fcryaniler, 1928&#8217;de okullar\u0131n\u0131n kapanmas\u0131ndan 86 y\u0131l sonra Ankara 13. \u0130dare Mahkemesi karar\u0131yla okul kurma hakk\u0131n\u0131 tekrar elde etti. Milli E\u011fitim Bakanl\u0131\u011f\u0131 (MEB) S\u00fcryanilerin anaokulu a\u00e7ma ba\u015fvurusu \u00fczerine yeni m\u00fcfredat [&hellip;]","og_url":"https:\/\/akunq.net\/turkish\/2014\/09\/02\/suryanilerin-86-yillik-okul-hasreti-sona-erdi\/","og_site_name":"Bati Ermenistan Ve Bati Ermenileri Sorunlari Ara\u015ftirmalar Merkezi","article_published_time":"2014-09-02T07:22:34+00:00","og_image":[{"width":200,"height":200,"url":"https:\/\/akunq.net\/turkish\/wp-content\/uploads\/sites\/5\/2014\/09\/okul.jpg","type":"image\/jpeg"}],"author":"kalem","twitter_card":"summary_large_image","twitter_misc":{"Written by":"kalem","Est. reading time":"2 minutes"},"schema":{"@context":"https:\/\/schema.org","@graph":[{"@type":"Article","@id":"https:\/\/akunq.net\/turkish\/2014\/09\/02\/suryanilerin-86-yillik-okul-hasreti-sona-erdi\/#article","isPartOf":{"@id":"https:\/\/akunq.net\/turkish\/2014\/09\/02\/suryanilerin-86-yillik-okul-hasreti-sona-erdi\/"},"author":{"name":"kalem","@id":"https:\/\/akunq.net\/turkish\/#\/schema\/person\/135e7923d1aeb8887890799619969a6c"},"headline":"S\u00fcryaniler&#8217;in 86 y\u0131ll\u0131k okul hasreti sona erdi","datePublished":"2014-09-02T07:22:34+00:00","mainEntityOfPage":{"@id":"https:\/\/akunq.net\/turkish\/2014\/09\/02\/suryanilerin-86-yillik-okul-hasreti-sona-erdi\/"},"wordCount":461,"commentCount":0,"image":{"@id":"https:\/\/akunq.net\/turkish\/2014\/09\/02\/suryanilerin-86-yillik-okul-hasreti-sona-erdi\/#primaryimage"},"thumbnailUrl":"http:\/\/akunq.net\/tr\/wp-content\/uploads\/2014\/09\/okul.jpg","articleSection":["Haberler","T\u00fcrkiye\u2019de Az\u0131nl\u0131klar"],"inLanguage":"en-US","potentialAction":[{"@type":"CommentAction","name":"Comment","target":["https:\/\/akunq.net\/turkish\/2014\/09\/02\/suryanilerin-86-yillik-okul-hasreti-sona-erdi\/#respond"]}]},{"@type":"WebPage","@id":"https:\/\/akunq.net\/turkish\/2014\/09\/02\/suryanilerin-86-yillik-okul-hasreti-sona-erdi\/","url":"https:\/\/akunq.net\/turkish\/2014\/09\/02\/suryanilerin-86-yillik-okul-hasreti-sona-erdi\/","name":"S\u00fcryaniler'in 86 y\u0131ll\u0131k okul hasreti sona erdi - Bati Ermenistan Ve Bati Ermenileri Sorunlari Ara\u015ftirmalar Merkezi","isPartOf":{"@id":"https:\/\/akunq.net\/turkish\/#website"},"primaryImageOfPage":{"@id":"https:\/\/akunq.net\/turkish\/2014\/09\/02\/suryanilerin-86-yillik-okul-hasreti-sona-erdi\/#primaryimage"},"image":{"@id":"https:\/\/akunq.net\/turkish\/2014\/09\/02\/suryanilerin-86-yillik-okul-hasreti-sona-erdi\/#primaryimage"},"thumbnailUrl":"http:\/\/akunq.net\/tr\/wp-content\/uploads\/2014\/09\/okul.jpg","datePublished":"2014-09-02T07:22:34+00:00","author":{"@id":"https:\/\/akunq.net\/turkish\/#\/schema\/person\/135e7923d1aeb8887890799619969a6c"},"breadcrumb":{"@id":"https:\/\/akunq.net\/turkish\/2014\/09\/02\/suryanilerin-86-yillik-okul-hasreti-sona-erdi\/#breadcrumb"},"inLanguage":"en-US","potentialAction":[{"@type":"ReadAction","target":["https:\/\/akunq.net\/turkish\/2014\/09\/02\/suryanilerin-86-yillik-okul-hasreti-sona-erdi\/"]}]},{"@type":"ImageObject","inLanguage":"en-US","@id":"https:\/\/akunq.net\/turkish\/2014\/09\/02\/suryanilerin-86-yillik-okul-hasreti-sona-erdi\/#primaryimage","url":"http:\/\/akunq.net\/tr\/wp-content\/uploads\/2014\/09\/okul.jpg","contentUrl":"http:\/\/akunq.net\/tr\/wp-content\/uploads\/2014\/09\/okul.jpg"},{"@type":"BreadcrumbList","@id":"https:\/\/akunq.net\/turkish\/2014\/09\/02\/suryanilerin-86-yillik-okul-hasreti-sona-erdi\/#breadcrumb","itemListElement":[{"@type":"ListItem","position":1,"name":"Home","item":"https:\/\/akunq.net\/turkish\/"},{"@type":"ListItem","position":2,"name":"S\u00fcryaniler&#8217;in 86 y\u0131ll\u0131k okul hasreti sona erdi"}]},{"@type":"WebSite","@id":"https:\/\/akunq.net\/turkish\/#website","url":"https:\/\/akunq.net\/turkish\/","name":"Bati Ermenistan Ve Bati Ermenileri Sorunlari Ara\u015ftirmalar Merkezi","description":"","potentialAction":[{"@type":"SearchAction","target":{"@type":"EntryPoint","urlTemplate":"https:\/\/akunq.net\/turkish\/?s={search_term_string}"},"query-input":{"@type":"PropertyValueSpecification","valueRequired":true,"valueName":"search_term_string"}}],"inLanguage":"en-US"},{"@type":"Person","@id":"https:\/\/akunq.net\/turkish\/#\/schema\/person\/135e7923d1aeb8887890799619969a6c","name":"kalem","image":{"@type":"ImageObject","inLanguage":"en-US","@id":"https:\/\/secure.gravatar.com\/avatar\/a06875e4b25feb5674296adf8e8a7ae1e587cebce2493fe63c456109967e27d3?s=96&d=mm&r=g","url":"https:\/\/secure.gravatar.com\/avatar\/a06875e4b25feb5674296adf8e8a7ae1e587cebce2493fe63c456109967e27d3?s=96&d=mm&r=g","contentUrl":"https:\/\/secure.gravatar.com\/avatar\/a06875e4b25feb5674296adf8e8a7ae1e587cebce2493fe63c456109967e27d3?s=96&d=mm&r=g","caption":"kalem"},"url":"https:\/\/akunq.net\/turkish\/author\/kalem\/"}]}},"_links":{"self":[{"href":"https:\/\/akunq.net\/turkish\/wp-json\/wp\/v2\/posts\/31392","targetHints":{"allow":["GET"]}}],"collection":[{"href":"https:\/\/akunq.net\/turkish\/wp-json\/wp\/v2\/posts"}],"about":[{"href":"https:\/\/akunq.net\/turkish\/wp-json\/wp\/v2\/types\/post"}],"author":[{"embeddable":true,"href":"https:\/\/akunq.net\/turkish\/wp-json\/wp\/v2\/users\/3"}],"replies":[{"embeddable":true,"href":"https:\/\/akunq.net\/turkish\/wp-json\/wp\/v2\/comments?post=31392"}],"version-history":[{"count":0,"href":"https:\/\/akunq.net\/turkish\/wp-json\/wp\/v2\/posts\/31392\/revisions"}],"wp:attachment":[{"href":"https:\/\/akunq.net\/turkish\/wp-json\/wp\/v2\/media?parent=31392"}],"wp:term":[{"taxonomy":"category","embeddable":true,"href":"https:\/\/akunq.net\/turkish\/wp-json\/wp\/v2\/categories?post=31392"},{"taxonomy":"post_tag","embeddable":true,"href":"https:\/\/akunq.net\/turkish\/wp-json\/wp\/v2\/tags?post=31392"}],"curies":[{"name":"wp","href":"https:\/\/api.w.org\/{rel}","templated":true}]}}