{"id":30913,"date":"2014-07-21T02:35:11","date_gmt":"2014-07-21T07:35:11","guid":{"rendered":"http:\/\/akunq.net\/tr\/?p=30913"},"modified":"2014-07-21T02:35:11","modified_gmt":"2014-07-21T07:35:11","slug":"demirtastan-mazlum-filistin-halkina-destek-akpye-elestiri","status":"publish","type":"post","link":"https:\/\/akunq.net\/turkish\/2014\/07\/21\/demirtastan-mazlum-filistin-halkina-destek-akpye-elestiri\/","title":{"rendered":"Demirta\u015f&#8217;tan mazlum Filistin halk\u0131na destek, AKP&#8217;ye ele\u015ftiri"},"content":{"rendered":"<p style=\"text-align: justify\"><em><strong><a href=\"http:\/\/akunq.net\/tr\/?attachment_id=30914\" rel=\"attachment wp-att-30914\"><img loading=\"lazy\" decoding=\"async\" class=\"alignright size-full wp-image-30914\" alt=\"\u0534\u0565\u0574\u056b\u0580\u0569\u0561\u0577\" src=\"http:\/\/akunq.net\/tr\/wp-content\/uploads\/2014\/07\/\u0534\u0565\u0574\u056b\u0580\u0569\u0561\u05771.jpg\" width=\"200\" height=\"150\" \/><\/a>Cumhurba\u015fkan\u0131 aday\u0131 Selahattin Demirta\u015f, Almanya&#8217;n\u0131n K\u00f6ln \u015fehrinde d\u00fczenlenen mitingde yapt\u0131\u011f\u0131 konu\u015fmada, Filistin halk\u0131n\u0131n ve b\u00fct\u00fcn ezilen halklar\u0131n yan\u0131nda oldu\u011funu belirterek \u0130srail&#8217;in sald\u0131r\u0131lar\u0131n\u0131 k\u0131nad\u0131, AKP&#8217;yi ise ele\u015ftirdi.<\/strong><\/em><br \/>\nDemirta\u015f&#8217;\u0131 desteklemek amac\u0131yla Almanya&#8217;n\u0131n K\u00f6ln kentinde 40 \u00f6rg\u00fct ve kurumun organizesiyle bir miting d\u00fczenlendi.<br \/>\nDemirta\u015f, konu\u015fmas\u0131nda \u0130srail&#8217;in Filistin&#8217;e y\u00f6nelik sald\u0131r\u0131lar\u0131na de\u011finerek, &#8220;Mazlum Filistin halk\u0131n\u0131n \u00f6zg\u00fcrl\u00fck aray\u0131\u015f\u0131n\u0131n da yan\u0131nda oldu\u011fumuzu, b\u00fct\u00fcn ezilen halklar\u0131n yan\u0131nda oldu\u011fumuzu belirtmek istiyorum&#8221; diyerek, \u0130srail&#8217;in sald\u0131r\u0131lar\u0131n\u0131 durdurmas\u0131n\u0131 istedi.<br \/>\nAs\u0131l ele\u015ftirilmesi gerekenin de AKP h\u00fck\u00fcmetinin politikalar\u0131 oldu\u011funu ifade eden Demirta\u015f, Erdo\u011fan&#8217;\u0131n \u0130srail politikas\u0131n\u0131n &#8220;one minute&#8221;dan ibaret oldu\u011funu belirtti. Askeri anla\u015fmalar, ekonomik anla\u015fmalar, Malatya&#8217;daki \u00fcsse dikkat \u00e7eken Demirta\u015f, \u0130srail lehine cumhuriyet tarihi boyunca en yo\u011fun ili\u015fkiler geli\u015ftirildi\u011fini s\u00f6yledi.<br \/>\n<strong>AKP se\u00e7menine seslendi<\/strong><br \/>\nAKP se\u00e7menlerine seslenen Demirta\u015f, &#8220;Tayyip Erdo\u011fan&#8217;\u0131 sevenler, do\u011fru ki\u015fi benim ben. Onu Cumhurba\u015fkan\u0131 yaparsan\u0131z, yanl\u0131\u015f yapm\u0131\u015f olursunuz. \u00c7\u00fcnk\u00fc sizin hak ve hukukunuzu savunacak birine ihtiyac\u0131n\u0131z var. Siz AKP&#8217;liler olarak &#8216;bize yak\u0131n olan\u0131 se\u00e7elim&#8217; derseniz, T\u00fcrkiye&#8217;nin geri kalan\u0131na zulmedecek, yapmay\u0131n etmeyin&#8221; diye konu\u015ftu.<br \/>\n&#8220;Gelecek \u00f6zg\u00fcr g\u00fcnlerin garantisi biziz. Biz sadece K\u00fcrt, T\u00fcrk, Alevi de\u011filiz, biz hepsiyiz, tamam\u0131y\u0131z&#8221; diyen Demirta\u015f, Avrupa&#8217;daki se\u00e7menlerin de Cumhurba\u015fkan\u0131n\u0131 belirleyecek kadar oy potansiyeline sahip oldu\u011funun alt\u0131n\u0131 \u00e7izdi.<br \/>\n<em><strong>http:\/\/www.marksist.org\/haberler\/15453-demirtastan-mazlum-filistin-halkina-destek-akpye-elestiri<\/strong><\/em><\/p>\n","protected":false},"excerpt":{"rendered":"<p>Cumhurba\u015fkan\u0131 aday\u0131 Selahattin Demirta\u015f, Almanya&#8217;n\u0131n K\u00f6ln \u015fehrinde d\u00fczenlenen mitingde yapt\u0131\u011f\u0131 konu\u015fmada, Filistin halk\u0131n\u0131n ve b\u00fct\u00fcn ezilen halklar\u0131n yan\u0131nda oldu\u011funu belirterek \u0130srail&#8217;in sald\u0131r\u0131lar\u0131n\u0131 k\u0131nad\u0131, AKP&#8217;yi ise ele\u015ftirdi. Demirta\u015f&#8217;\u0131 desteklemek amac\u0131yla Almanya&#8217;n\u0131n K\u00f6ln kentinde 40 \u00f6rg\u00fct ve kurumun organizesiyle bir miting d\u00fczenlendi. Demirta\u015f, konu\u015fmas\u0131nda \u0130srail&#8217;in Filistin&#8217;e y\u00f6nelik sald\u0131r\u0131lar\u0131na de\u011finerek, &#8220;Mazlum Filistin halk\u0131n\u0131n \u00f6zg\u00fcrl\u00fck aray\u0131\u015f\u0131n\u0131n da yan\u0131nda oldu\u011fumuzu, [&hellip;]<\/p>\n","protected":false},"author":3,"featured_media":0,"comment_status":"open","ping_status":"open","sticky":false,"template":"","format":"standard","meta":{"footnotes":""},"categories":[14],"tags":[],"class_list":["post-30913","post","type-post","status-publish","format-standard","hentry","category-haberler"],"yoast_head":"<!-- This site is optimized with the Yoast SEO plugin v27.4 - https:\/\/yoast.com\/product\/yoast-seo-wordpress\/ -->\n<title>Demirta\u015f&#039;tan mazlum Filistin halk\u0131na destek, AKP&#039;ye ele\u015ftiri - Bati Ermenistan Ve Bati Ermenileri Sorunlari Ara\u015ftirmalar Merkezi<\/title>\n<meta name=\"robots\" content=\"index, follow, max-snippet:-1, max-image-preview:large, max-video-preview:-1\" \/>\n<link rel=\"canonical\" href=\"https:\/\/akunq.net\/turkish\/2014\/07\/21\/demirtastan-mazlum-filistin-halkina-destek-akpye-elestiri\/\" \/>\n<meta property=\"og:locale\" content=\"en_US\" \/>\n<meta property=\"og:type\" content=\"article\" \/>\n<meta property=\"og:title\" content=\"Demirta\u015f&#039;tan mazlum Filistin halk\u0131na destek, AKP&#039;ye ele\u015ftiri - Bati Ermenistan Ve Bati Ermenileri Sorunlari Ara\u015ftirmalar Merkezi\" \/>\n<meta property=\"og:description\" content=\"Cumhurba\u015fkan\u0131 aday\u0131 Selahattin Demirta\u015f, Almanya&#8217;n\u0131n K\u00f6ln \u015fehrinde d\u00fczenlenen mitingde yapt\u0131\u011f\u0131 konu\u015fmada, Filistin halk\u0131n\u0131n ve b\u00fct\u00fcn ezilen halklar\u0131n yan\u0131nda oldu\u011funu belirterek \u0130srail&#8217;in sald\u0131r\u0131lar\u0131n\u0131 k\u0131nad\u0131, AKP&#8217;yi ise ele\u015ftirdi. Demirta\u015f&#8217;\u0131 desteklemek amac\u0131yla Almanya&#8217;n\u0131n K\u00f6ln kentinde 40 \u00f6rg\u00fct ve kurumun organizesiyle bir miting d\u00fczenlendi. Demirta\u015f, konu\u015fmas\u0131nda \u0130srail&#8217;in Filistin&#8217;e y\u00f6nelik sald\u0131r\u0131lar\u0131na de\u011finerek, &#8220;Mazlum Filistin halk\u0131n\u0131n \u00f6zg\u00fcrl\u00fck aray\u0131\u015f\u0131n\u0131n da yan\u0131nda oldu\u011fumuzu, [&hellip;]\" \/>\n<meta property=\"og:url\" content=\"https:\/\/akunq.net\/turkish\/2014\/07\/21\/demirtastan-mazlum-filistin-halkina-destek-akpye-elestiri\/\" \/>\n<meta property=\"og:site_name\" content=\"Bati Ermenistan Ve Bati Ermenileri Sorunlari Ara\u015ftirmalar Merkezi\" \/>\n<meta property=\"article:published_time\" content=\"2014-07-21T07:35:11+00:00\" \/>\n<meta name=\"author\" content=\"kalem\" \/>\n<meta name=\"twitter:card\" content=\"summary_large_image\" \/>\n<meta name=\"twitter:label1\" content=\"Written by\" \/>\n\t<meta name=\"twitter:data1\" content=\"kalem\" \/>\n\t<meta name=\"twitter:label2\" content=\"Est. reading time\" \/>\n\t<meta name=\"twitter:data2\" content=\"1 minute\" \/>\n<script type=\"application\/ld+json\" class=\"yoast-schema-graph\">{\"@context\":\"https:\\\/\\\/schema.org\",\"@graph\":[{\"@type\":\"Article\",\"@id\":\"https:\\\/\\\/akunq.net\\\/turkish\\\/2014\\\/07\\\/21\\\/demirtastan-mazlum-filistin-halkina-destek-akpye-elestiri\\\/#article\",\"isPartOf\":{\"@id\":\"https:\\\/\\\/akunq.net\\\/turkish\\\/2014\\\/07\\\/21\\\/demirtastan-mazlum-filistin-halkina-destek-akpye-elestiri\\\/\"},\"author\":{\"name\":\"kalem\",\"@id\":\"https:\\\/\\\/akunq.net\\\/turkish\\\/#\\\/schema\\\/person\\\/135e7923d1aeb8887890799619969a6c\"},\"headline\":\"Demirta\u015f&#8217;tan mazlum Filistin halk\u0131na destek, AKP&#8217;ye ele\u015ftiri\",\"datePublished\":\"2014-07-21T07:35:11+00:00\",\"mainEntityOfPage\":{\"@id\":\"https:\\\/\\\/akunq.net\\\/turkish\\\/2014\\\/07\\\/21\\\/demirtastan-mazlum-filistin-halkina-destek-akpye-elestiri\\\/\"},\"wordCount\":285,\"commentCount\":0,\"articleSection\":[\"Haberler\"],\"inLanguage\":\"en-US\",\"potentialAction\":[{\"@type\":\"CommentAction\",\"name\":\"Comment\",\"target\":[\"https:\\\/\\\/akunq.net\\\/turkish\\\/2014\\\/07\\\/21\\\/demirtastan-mazlum-filistin-halkina-destek-akpye-elestiri\\\/#respond\"]}]},{\"@type\":\"WebPage\",\"@id\":\"https:\\\/\\\/akunq.net\\\/turkish\\\/2014\\\/07\\\/21\\\/demirtastan-mazlum-filistin-halkina-destek-akpye-elestiri\\\/\",\"url\":\"https:\\\/\\\/akunq.net\\\/turkish\\\/2014\\\/07\\\/21\\\/demirtastan-mazlum-filistin-halkina-destek-akpye-elestiri\\\/\",\"name\":\"Demirta\u015f'tan mazlum Filistin halk\u0131na destek, AKP'ye ele\u015ftiri - Bati Ermenistan Ve Bati Ermenileri Sorunlari Ara\u015ftirmalar Merkezi\",\"isPartOf\":{\"@id\":\"https:\\\/\\\/akunq.net\\\/turkish\\\/#website\"},\"datePublished\":\"2014-07-21T07:35:11+00:00\",\"author\":{\"@id\":\"https:\\\/\\\/akunq.net\\\/turkish\\\/#\\\/schema\\\/person\\\/135e7923d1aeb8887890799619969a6c\"},\"breadcrumb\":{\"@id\":\"https:\\\/\\\/akunq.net\\\/turkish\\\/2014\\\/07\\\/21\\\/demirtastan-mazlum-filistin-halkina-destek-akpye-elestiri\\\/#breadcrumb\"},\"inLanguage\":\"en-US\",\"potentialAction\":[{\"@type\":\"ReadAction\",\"target\":[\"https:\\\/\\\/akunq.net\\\/turkish\\\/2014\\\/07\\\/21\\\/demirtastan-mazlum-filistin-halkina-destek-akpye-elestiri\\\/\"]}]},{\"@type\":\"BreadcrumbList\",\"@id\":\"https:\\\/\\\/akunq.net\\\/turkish\\\/2014\\\/07\\\/21\\\/demirtastan-mazlum-filistin-halkina-destek-akpye-elestiri\\\/#breadcrumb\",\"itemListElement\":[{\"@type\":\"ListItem\",\"position\":1,\"name\":\"Home\",\"item\":\"https:\\\/\\\/akunq.net\\\/turkish\\\/\"},{\"@type\":\"ListItem\",\"position\":2,\"name\":\"Demirta\u015f&#8217;tan mazlum Filistin halk\u0131na destek, AKP&#8217;ye ele\u015ftiri\"}]},{\"@type\":\"WebSite\",\"@id\":\"https:\\\/\\\/akunq.net\\\/turkish\\\/#website\",\"url\":\"https:\\\/\\\/akunq.net\\\/turkish\\\/\",\"name\":\"Bati Ermenistan Ve Bati Ermenileri Sorunlari Ara\u015ftirmalar Merkezi\",\"description\":\"\",\"potentialAction\":[{\"@type\":\"SearchAction\",\"target\":{\"@type\":\"EntryPoint\",\"urlTemplate\":\"https:\\\/\\\/akunq.net\\\/turkish\\\/?s={search_term_string}\"},\"query-input\":{\"@type\":\"PropertyValueSpecification\",\"valueRequired\":true,\"valueName\":\"search_term_string\"}}],\"inLanguage\":\"en-US\"},{\"@type\":\"Person\",\"@id\":\"https:\\\/\\\/akunq.net\\\/turkish\\\/#\\\/schema\\\/person\\\/135e7923d1aeb8887890799619969a6c\",\"name\":\"kalem\",\"image\":{\"@type\":\"ImageObject\",\"inLanguage\":\"en-US\",\"@id\":\"https:\\\/\\\/secure.gravatar.com\\\/avatar\\\/a06875e4b25feb5674296adf8e8a7ae1e587cebce2493fe63c456109967e27d3?s=96&d=mm&r=g\",\"url\":\"https:\\\/\\\/secure.gravatar.com\\\/avatar\\\/a06875e4b25feb5674296adf8e8a7ae1e587cebce2493fe63c456109967e27d3?s=96&d=mm&r=g\",\"contentUrl\":\"https:\\\/\\\/secure.gravatar.com\\\/avatar\\\/a06875e4b25feb5674296adf8e8a7ae1e587cebce2493fe63c456109967e27d3?s=96&d=mm&r=g\",\"caption\":\"kalem\"},\"url\":\"https:\\\/\\\/akunq.net\\\/turkish\\\/author\\\/kalem\\\/\"}]}<\/script>\n<!-- \/ Yoast SEO plugin. -->","yoast_head_json":{"title":"Demirta\u015f'tan mazlum Filistin halk\u0131na destek, AKP'ye ele\u015ftiri - Bati Ermenistan Ve Bati Ermenileri Sorunlari Ara\u015ftirmalar Merkezi","robots":{"index":"index","follow":"follow","max-snippet":"max-snippet:-1","max-image-preview":"max-image-preview:large","max-video-preview":"max-video-preview:-1"},"canonical":"https:\/\/akunq.net\/turkish\/2014\/07\/21\/demirtastan-mazlum-filistin-halkina-destek-akpye-elestiri\/","og_locale":"en_US","og_type":"article","og_title":"Demirta\u015f'tan mazlum Filistin halk\u0131na destek, AKP'ye ele\u015ftiri - Bati Ermenistan Ve Bati Ermenileri Sorunlari Ara\u015ftirmalar Merkezi","og_description":"Cumhurba\u015fkan\u0131 aday\u0131 Selahattin Demirta\u015f, Almanya&#8217;n\u0131n K\u00f6ln \u015fehrinde d\u00fczenlenen mitingde yapt\u0131\u011f\u0131 konu\u015fmada, Filistin halk\u0131n\u0131n ve b\u00fct\u00fcn ezilen halklar\u0131n yan\u0131nda oldu\u011funu belirterek \u0130srail&#8217;in sald\u0131r\u0131lar\u0131n\u0131 k\u0131nad\u0131, AKP&#8217;yi ise ele\u015ftirdi. Demirta\u015f&#8217;\u0131 desteklemek amac\u0131yla Almanya&#8217;n\u0131n K\u00f6ln kentinde 40 \u00f6rg\u00fct ve kurumun organizesiyle bir miting d\u00fczenlendi. Demirta\u015f, konu\u015fmas\u0131nda \u0130srail&#8217;in Filistin&#8217;e y\u00f6nelik sald\u0131r\u0131lar\u0131na de\u011finerek, &#8220;Mazlum Filistin halk\u0131n\u0131n \u00f6zg\u00fcrl\u00fck aray\u0131\u015f\u0131n\u0131n da yan\u0131nda oldu\u011fumuzu, [&hellip;]","og_url":"https:\/\/akunq.net\/turkish\/2014\/07\/21\/demirtastan-mazlum-filistin-halkina-destek-akpye-elestiri\/","og_site_name":"Bati Ermenistan Ve Bati Ermenileri Sorunlari Ara\u015ftirmalar Merkezi","article_published_time":"2014-07-21T07:35:11+00:00","author":"kalem","twitter_card":"summary_large_image","twitter_misc":{"Written by":"kalem","Est. reading time":"1 minute"},"schema":{"@context":"https:\/\/schema.org","@graph":[{"@type":"Article","@id":"https:\/\/akunq.net\/turkish\/2014\/07\/21\/demirtastan-mazlum-filistin-halkina-destek-akpye-elestiri\/#article","isPartOf":{"@id":"https:\/\/akunq.net\/turkish\/2014\/07\/21\/demirtastan-mazlum-filistin-halkina-destek-akpye-elestiri\/"},"author":{"name":"kalem","@id":"https:\/\/akunq.net\/turkish\/#\/schema\/person\/135e7923d1aeb8887890799619969a6c"},"headline":"Demirta\u015f&#8217;tan mazlum Filistin halk\u0131na destek, AKP&#8217;ye ele\u015ftiri","datePublished":"2014-07-21T07:35:11+00:00","mainEntityOfPage":{"@id":"https:\/\/akunq.net\/turkish\/2014\/07\/21\/demirtastan-mazlum-filistin-halkina-destek-akpye-elestiri\/"},"wordCount":285,"commentCount":0,"articleSection":["Haberler"],"inLanguage":"en-US","potentialAction":[{"@type":"CommentAction","name":"Comment","target":["https:\/\/akunq.net\/turkish\/2014\/07\/21\/demirtastan-mazlum-filistin-halkina-destek-akpye-elestiri\/#respond"]}]},{"@type":"WebPage","@id":"https:\/\/akunq.net\/turkish\/2014\/07\/21\/demirtastan-mazlum-filistin-halkina-destek-akpye-elestiri\/","url":"https:\/\/akunq.net\/turkish\/2014\/07\/21\/demirtastan-mazlum-filistin-halkina-destek-akpye-elestiri\/","name":"Demirta\u015f'tan mazlum Filistin halk\u0131na destek, AKP'ye ele\u015ftiri - Bati Ermenistan Ve Bati Ermenileri Sorunlari Ara\u015ftirmalar Merkezi","isPartOf":{"@id":"https:\/\/akunq.net\/turkish\/#website"},"datePublished":"2014-07-21T07:35:11+00:00","author":{"@id":"https:\/\/akunq.net\/turkish\/#\/schema\/person\/135e7923d1aeb8887890799619969a6c"},"breadcrumb":{"@id":"https:\/\/akunq.net\/turkish\/2014\/07\/21\/demirtastan-mazlum-filistin-halkina-destek-akpye-elestiri\/#breadcrumb"},"inLanguage":"en-US","potentialAction":[{"@type":"ReadAction","target":["https:\/\/akunq.net\/turkish\/2014\/07\/21\/demirtastan-mazlum-filistin-halkina-destek-akpye-elestiri\/"]}]},{"@type":"BreadcrumbList","@id":"https:\/\/akunq.net\/turkish\/2014\/07\/21\/demirtastan-mazlum-filistin-halkina-destek-akpye-elestiri\/#breadcrumb","itemListElement":[{"@type":"ListItem","position":1,"name":"Home","item":"https:\/\/akunq.net\/turkish\/"},{"@type":"ListItem","position":2,"name":"Demirta\u015f&#8217;tan mazlum Filistin halk\u0131na destek, AKP&#8217;ye ele\u015ftiri"}]},{"@type":"WebSite","@id":"https:\/\/akunq.net\/turkish\/#website","url":"https:\/\/akunq.net\/turkish\/","name":"Bati Ermenistan Ve Bati Ermenileri Sorunlari Ara\u015ftirmalar Merkezi","description":"","potentialAction":[{"@type":"SearchAction","target":{"@type":"EntryPoint","urlTemplate":"https:\/\/akunq.net\/turkish\/?s={search_term_string}"},"query-input":{"@type":"PropertyValueSpecification","valueRequired":true,"valueName":"search_term_string"}}],"inLanguage":"en-US"},{"@type":"Person","@id":"https:\/\/akunq.net\/turkish\/#\/schema\/person\/135e7923d1aeb8887890799619969a6c","name":"kalem","image":{"@type":"ImageObject","inLanguage":"en-US","@id":"https:\/\/secure.gravatar.com\/avatar\/a06875e4b25feb5674296adf8e8a7ae1e587cebce2493fe63c456109967e27d3?s=96&d=mm&r=g","url":"https:\/\/secure.gravatar.com\/avatar\/a06875e4b25feb5674296adf8e8a7ae1e587cebce2493fe63c456109967e27d3?s=96&d=mm&r=g","contentUrl":"https:\/\/secure.gravatar.com\/avatar\/a06875e4b25feb5674296adf8e8a7ae1e587cebce2493fe63c456109967e27d3?s=96&d=mm&r=g","caption":"kalem"},"url":"https:\/\/akunq.net\/turkish\/author\/kalem\/"}]}},"_links":{"self":[{"href":"https:\/\/akunq.net\/turkish\/wp-json\/wp\/v2\/posts\/30913","targetHints":{"allow":["GET"]}}],"collection":[{"href":"https:\/\/akunq.net\/turkish\/wp-json\/wp\/v2\/posts"}],"about":[{"href":"https:\/\/akunq.net\/turkish\/wp-json\/wp\/v2\/types\/post"}],"author":[{"embeddable":true,"href":"https:\/\/akunq.net\/turkish\/wp-json\/wp\/v2\/users\/3"}],"replies":[{"embeddable":true,"href":"https:\/\/akunq.net\/turkish\/wp-json\/wp\/v2\/comments?post=30913"}],"version-history":[{"count":0,"href":"https:\/\/akunq.net\/turkish\/wp-json\/wp\/v2\/posts\/30913\/revisions"}],"wp:attachment":[{"href":"https:\/\/akunq.net\/turkish\/wp-json\/wp\/v2\/media?parent=30913"}],"wp:term":[{"taxonomy":"category","embeddable":true,"href":"https:\/\/akunq.net\/turkish\/wp-json\/wp\/v2\/categories?post=30913"},{"taxonomy":"post_tag","embeddable":true,"href":"https:\/\/akunq.net\/turkish\/wp-json\/wp\/v2\/tags?post=30913"}],"curies":[{"name":"wp","href":"https:\/\/api.w.org\/{rel}","templated":true}]}}