{"id":29828,"date":"2014-05-10T03:33:44","date_gmt":"2014-05-10T08:33:44","guid":{"rendered":"http:\/\/akunq.net\/tr\/?p=29828"},"modified":"2014-05-10T03:33:44","modified_gmt":"2014-05-10T08:33:44","slug":"arjantinde-ermeni-soykirimi-muzesi-aciliyor","status":"publish","type":"post","link":"https:\/\/akunq.net\/turkish\/2014\/05\/10\/arjantinde-ermeni-soykirimi-muzesi-aciliyor\/","title":{"rendered":"Arjantin\u2019de Ermeni soyk\u0131r\u0131m\u0131 m\u00fczesi a\u00e7\u0131l\u0131yor"},"content":{"rendered":"<h2 style=\"text-align: justify\"><i><a href=\"http:\/\/akunq.net\/tr\/?attachment_id=29829\" rel=\"attachment wp-att-29829\"><img loading=\"lazy\" decoding=\"async\" class=\"alignright size-medium wp-image-29829\" alt=\"\u0531\u0580\u056a\u0561\u0576\u0569\u056b\u0576\" src=\"http:\/\/akunq.net\/tr\/wp-content\/uploads\/2014\/05\/\u0531\u0580\u056a\u0561\u0576\u0569\u056b\u0576-300x167.jpg\" width=\"300\" height=\"167\" \/><\/a>Arjantin\u2019in ba\u015fkenti Buenos Aires\u2019te valilik, \u015fehir merkezindeki bir araziyi Ermeni Soyk\u0131r\u0131m\u0131 M\u00fczesi yap\u0131lmas\u0131 i\u00e7in Ermeni cemaatine hibe edildi\u011fini a\u00e7\u0131klad\u0131.<\/i><\/h2>\n<p style=\"text-align: justify\">Buenos Aires \u0130nsan Haklar\u0131 ve K\u00fclt\u00fcrel \u00c7o\u011fulculuk M\u00fcste\u015far\u0131 Claudio Avruj&#8217;un yapt\u0131\u011f\u0131 a\u00e7\u0131klamaya g\u00f6re, Palermo semtinde belediyeye ait bir arazi Ermeni toplumuna \u00e7e\u015fitli kurumlar\u0131n yan\u0131nda soyk\u0131r\u0131m m\u00fczesi yap\u0131lmas\u0131 i\u00e7in ba\u011f\u0131\u015flan\u0131yor.<\/p>\n<p style=\"text-align: justify\">Hibe t\u00f6reninde konu\u015fan Claudio Avruj, ulusal meclisin yan\u0131 s\u0131ra Buenos Aires \u015fehir meclisinin de soyk\u0131r\u0131m\u0131 tan\u0131d\u0131\u011f\u0131n\u0131 hat\u0131rlatarak, &#8220;Hem Ermeni toplumu hem de Buenos Aireslilerin yarar\u0131na bir giri\u015fim olacak&#8221; diye konu\u015ftu.<\/p>\n<p style=\"text-align: justify\">Uruguay&#8217;da da 24 Nisan g\u00fcn\u00fc E\u011fitim ve K\u00fclt\u00fcr Bakan\u0131&#8217;n\u0131n kat\u0131l\u0131m\u0131yla Ermeni Soyk\u0131r\u0131m\u0131 M\u00fczesi Vakf\u0131&#8217;n\u0131n a\u00e7\u0131l\u0131\u015f\u0131 yap\u0131lm\u0131\u015ft\u0131. Her iki m\u00fczenin de 24 Nisan 1915&#8217;te <i>(2015\u2019te-\u2018Akunq\u2019 web sayfas\u0131 y\u00f6neticileri) <\/i>resmi a\u00e7\u0131l\u0131\u015f\u0131n\u0131n yap\u0131lmas\u0131 bekleniyor.<\/p>\n<p style=\"text-align: justify\"><b><i>Canan KAYA, BUENOS A\u0130RES \/ DHA <\/i><\/b><\/p>\n<p style=\"text-align: justify\"><b><i>http:\/\/www.hurriyet.com.tr\/dunya\/26376185.asp<\/i><\/b><\/p>\n","protected":false},"excerpt":{"rendered":"<p>Arjantin\u2019in ba\u015fkenti Buenos Aires\u2019te valilik, \u015fehir merkezindeki bir araziyi Ermeni Soyk\u0131r\u0131m\u0131 M\u00fczesi yap\u0131lmas\u0131 i\u00e7in Ermeni cemaatine hibe edildi\u011fini a\u00e7\u0131klad\u0131. Buenos Aires \u0130nsan Haklar\u0131 ve K\u00fclt\u00fcrel \u00c7o\u011fulculuk M\u00fcste\u015far\u0131 Claudio Avruj&#8217;un yapt\u0131\u011f\u0131 a\u00e7\u0131klamaya g\u00f6re, Palermo semtinde belediyeye ait bir arazi Ermeni toplumuna \u00e7e\u015fitli kurumlar\u0131n yan\u0131nda soyk\u0131r\u0131m m\u00fczesi yap\u0131lmas\u0131 i\u00e7in ba\u011f\u0131\u015flan\u0131yor. Hibe t\u00f6reninde konu\u015fan Claudio Avruj, ulusal meclisin [&hellip;]<\/p>\n","protected":false},"author":3,"featured_media":0,"comment_status":"open","ping_status":"open","sticky":false,"template":"","format":"standard","meta":{"footnotes":""},"categories":[6,14],"tags":[],"class_list":["post-29828","post","type-post","status-publish","format-standard","hentry","category-ermeni-soykirimi","category-haberler"],"yoast_head":"<!-- This site is optimized with the Yoast SEO plugin v27.4 - https:\/\/yoast.com\/product\/yoast-seo-wordpress\/ -->\n<title>Arjantin\u2019de Ermeni soyk\u0131r\u0131m\u0131 m\u00fczesi a\u00e7\u0131l\u0131yor - Bati Ermenistan Ve Bati Ermenileri Sorunlari Ara\u015ftirmalar Merkezi<\/title>\n<meta name=\"robots\" content=\"index, follow, max-snippet:-1, max-image-preview:large, max-video-preview:-1\" \/>\n<link rel=\"canonical\" href=\"https:\/\/akunq.net\/turkish\/2014\/05\/10\/arjantinde-ermeni-soykirimi-muzesi-aciliyor\/\" \/>\n<meta property=\"og:locale\" content=\"en_US\" \/>\n<meta property=\"og:type\" content=\"article\" \/>\n<meta property=\"og:title\" content=\"Arjantin\u2019de Ermeni soyk\u0131r\u0131m\u0131 m\u00fczesi a\u00e7\u0131l\u0131yor - Bati Ermenistan Ve Bati Ermenileri Sorunlari Ara\u015ftirmalar Merkezi\" \/>\n<meta property=\"og:description\" content=\"Arjantin\u2019in ba\u015fkenti Buenos Aires\u2019te valilik, \u015fehir merkezindeki bir araziyi Ermeni Soyk\u0131r\u0131m\u0131 M\u00fczesi yap\u0131lmas\u0131 i\u00e7in Ermeni cemaatine hibe edildi\u011fini a\u00e7\u0131klad\u0131. Buenos Aires \u0130nsan Haklar\u0131 ve K\u00fclt\u00fcrel \u00c7o\u011fulculuk M\u00fcste\u015far\u0131 Claudio Avruj&#8217;un yapt\u0131\u011f\u0131 a\u00e7\u0131klamaya g\u00f6re, Palermo semtinde belediyeye ait bir arazi Ermeni toplumuna \u00e7e\u015fitli kurumlar\u0131n yan\u0131nda soyk\u0131r\u0131m m\u00fczesi yap\u0131lmas\u0131 i\u00e7in ba\u011f\u0131\u015flan\u0131yor. Hibe t\u00f6reninde konu\u015fan Claudio Avruj, ulusal meclisin [&hellip;]\" \/>\n<meta property=\"og:url\" content=\"https:\/\/akunq.net\/turkish\/2014\/05\/10\/arjantinde-ermeni-soykirimi-muzesi-aciliyor\/\" \/>\n<meta property=\"og:site_name\" content=\"Bati Ermenistan Ve Bati Ermenileri Sorunlari Ara\u015ftirmalar Merkezi\" \/>\n<meta property=\"article:published_time\" content=\"2014-05-10T08:33:44+00:00\" \/>\n<meta name=\"author\" content=\"kalem\" \/>\n<meta name=\"twitter:card\" content=\"summary_large_image\" \/>\n<meta name=\"twitter:label1\" content=\"Written by\" \/>\n\t<meta name=\"twitter:data1\" content=\"kalem\" \/>\n\t<meta name=\"twitter:label2\" content=\"Est. reading time\" \/>\n\t<meta name=\"twitter:data2\" content=\"1 minute\" \/>\n<script type=\"application\/ld+json\" class=\"yoast-schema-graph\">{\"@context\":\"https:\\\/\\\/schema.org\",\"@graph\":[{\"@type\":\"Article\",\"@id\":\"https:\\\/\\\/akunq.net\\\/turkish\\\/2014\\\/05\\\/10\\\/arjantinde-ermeni-soykirimi-muzesi-aciliyor\\\/#article\",\"isPartOf\":{\"@id\":\"https:\\\/\\\/akunq.net\\\/turkish\\\/2014\\\/05\\\/10\\\/arjantinde-ermeni-soykirimi-muzesi-aciliyor\\\/\"},\"author\":{\"name\":\"kalem\",\"@id\":\"https:\\\/\\\/akunq.net\\\/turkish\\\/#\\\/schema\\\/person\\\/135e7923d1aeb8887890799619969a6c\"},\"headline\":\"Arjantin\u2019de Ermeni soyk\u0131r\u0131m\u0131 m\u00fczesi a\u00e7\u0131l\u0131yor\",\"datePublished\":\"2014-05-10T08:33:44+00:00\",\"mainEntityOfPage\":{\"@id\":\"https:\\\/\\\/akunq.net\\\/turkish\\\/2014\\\/05\\\/10\\\/arjantinde-ermeni-soykirimi-muzesi-aciliyor\\\/\"},\"wordCount\":193,\"commentCount\":0,\"articleSection\":[\"Ermeni Soyk\u0131r\u0131m\u0131\",\"Haberler\"],\"inLanguage\":\"en-US\",\"potentialAction\":[{\"@type\":\"CommentAction\",\"name\":\"Comment\",\"target\":[\"https:\\\/\\\/akunq.net\\\/turkish\\\/2014\\\/05\\\/10\\\/arjantinde-ermeni-soykirimi-muzesi-aciliyor\\\/#respond\"]}]},{\"@type\":\"WebPage\",\"@id\":\"https:\\\/\\\/akunq.net\\\/turkish\\\/2014\\\/05\\\/10\\\/arjantinde-ermeni-soykirimi-muzesi-aciliyor\\\/\",\"url\":\"https:\\\/\\\/akunq.net\\\/turkish\\\/2014\\\/05\\\/10\\\/arjantinde-ermeni-soykirimi-muzesi-aciliyor\\\/\",\"name\":\"Arjantin\u2019de Ermeni soyk\u0131r\u0131m\u0131 m\u00fczesi a\u00e7\u0131l\u0131yor - Bati Ermenistan Ve Bati Ermenileri Sorunlari Ara\u015ftirmalar Merkezi\",\"isPartOf\":{\"@id\":\"https:\\\/\\\/akunq.net\\\/turkish\\\/#website\"},\"datePublished\":\"2014-05-10T08:33:44+00:00\",\"author\":{\"@id\":\"https:\\\/\\\/akunq.net\\\/turkish\\\/#\\\/schema\\\/person\\\/135e7923d1aeb8887890799619969a6c\"},\"breadcrumb\":{\"@id\":\"https:\\\/\\\/akunq.net\\\/turkish\\\/2014\\\/05\\\/10\\\/arjantinde-ermeni-soykirimi-muzesi-aciliyor\\\/#breadcrumb\"},\"inLanguage\":\"en-US\",\"potentialAction\":[{\"@type\":\"ReadAction\",\"target\":[\"https:\\\/\\\/akunq.net\\\/turkish\\\/2014\\\/05\\\/10\\\/arjantinde-ermeni-soykirimi-muzesi-aciliyor\\\/\"]}]},{\"@type\":\"BreadcrumbList\",\"@id\":\"https:\\\/\\\/akunq.net\\\/turkish\\\/2014\\\/05\\\/10\\\/arjantinde-ermeni-soykirimi-muzesi-aciliyor\\\/#breadcrumb\",\"itemListElement\":[{\"@type\":\"ListItem\",\"position\":1,\"name\":\"Home\",\"item\":\"https:\\\/\\\/akunq.net\\\/turkish\\\/\"},{\"@type\":\"ListItem\",\"position\":2,\"name\":\"Arjantin\u2019de Ermeni soyk\u0131r\u0131m\u0131 m\u00fczesi a\u00e7\u0131l\u0131yor\"}]},{\"@type\":\"WebSite\",\"@id\":\"https:\\\/\\\/akunq.net\\\/turkish\\\/#website\",\"url\":\"https:\\\/\\\/akunq.net\\\/turkish\\\/\",\"name\":\"Bati Ermenistan Ve Bati Ermenileri Sorunlari Ara\u015ftirmalar Merkezi\",\"description\":\"\",\"potentialAction\":[{\"@type\":\"SearchAction\",\"target\":{\"@type\":\"EntryPoint\",\"urlTemplate\":\"https:\\\/\\\/akunq.net\\\/turkish\\\/?s={search_term_string}\"},\"query-input\":{\"@type\":\"PropertyValueSpecification\",\"valueRequired\":true,\"valueName\":\"search_term_string\"}}],\"inLanguage\":\"en-US\"},{\"@type\":\"Person\",\"@id\":\"https:\\\/\\\/akunq.net\\\/turkish\\\/#\\\/schema\\\/person\\\/135e7923d1aeb8887890799619969a6c\",\"name\":\"kalem\",\"image\":{\"@type\":\"ImageObject\",\"inLanguage\":\"en-US\",\"@id\":\"https:\\\/\\\/secure.gravatar.com\\\/avatar\\\/a06875e4b25feb5674296adf8e8a7ae1e587cebce2493fe63c456109967e27d3?s=96&d=mm&r=g\",\"url\":\"https:\\\/\\\/secure.gravatar.com\\\/avatar\\\/a06875e4b25feb5674296adf8e8a7ae1e587cebce2493fe63c456109967e27d3?s=96&d=mm&r=g\",\"contentUrl\":\"https:\\\/\\\/secure.gravatar.com\\\/avatar\\\/a06875e4b25feb5674296adf8e8a7ae1e587cebce2493fe63c456109967e27d3?s=96&d=mm&r=g\",\"caption\":\"kalem\"},\"url\":\"https:\\\/\\\/akunq.net\\\/turkish\\\/author\\\/kalem\\\/\"}]}<\/script>\n<!-- \/ Yoast SEO plugin. -->","yoast_head_json":{"title":"Arjantin\u2019de Ermeni soyk\u0131r\u0131m\u0131 m\u00fczesi a\u00e7\u0131l\u0131yor - Bati Ermenistan Ve Bati Ermenileri Sorunlari Ara\u015ftirmalar Merkezi","robots":{"index":"index","follow":"follow","max-snippet":"max-snippet:-1","max-image-preview":"max-image-preview:large","max-video-preview":"max-video-preview:-1"},"canonical":"https:\/\/akunq.net\/turkish\/2014\/05\/10\/arjantinde-ermeni-soykirimi-muzesi-aciliyor\/","og_locale":"en_US","og_type":"article","og_title":"Arjantin\u2019de Ermeni soyk\u0131r\u0131m\u0131 m\u00fczesi a\u00e7\u0131l\u0131yor - Bati Ermenistan Ve Bati Ermenileri Sorunlari Ara\u015ftirmalar Merkezi","og_description":"Arjantin\u2019in ba\u015fkenti Buenos Aires\u2019te valilik, \u015fehir merkezindeki bir araziyi Ermeni Soyk\u0131r\u0131m\u0131 M\u00fczesi yap\u0131lmas\u0131 i\u00e7in Ermeni cemaatine hibe edildi\u011fini a\u00e7\u0131klad\u0131. Buenos Aires \u0130nsan Haklar\u0131 ve K\u00fclt\u00fcrel \u00c7o\u011fulculuk M\u00fcste\u015far\u0131 Claudio Avruj&#8217;un yapt\u0131\u011f\u0131 a\u00e7\u0131klamaya g\u00f6re, Palermo semtinde belediyeye ait bir arazi Ermeni toplumuna \u00e7e\u015fitli kurumlar\u0131n yan\u0131nda soyk\u0131r\u0131m m\u00fczesi yap\u0131lmas\u0131 i\u00e7in ba\u011f\u0131\u015flan\u0131yor. Hibe t\u00f6reninde konu\u015fan Claudio Avruj, ulusal meclisin [&hellip;]","og_url":"https:\/\/akunq.net\/turkish\/2014\/05\/10\/arjantinde-ermeni-soykirimi-muzesi-aciliyor\/","og_site_name":"Bati Ermenistan Ve Bati Ermenileri Sorunlari Ara\u015ftirmalar Merkezi","article_published_time":"2014-05-10T08:33:44+00:00","author":"kalem","twitter_card":"summary_large_image","twitter_misc":{"Written by":"kalem","Est. reading time":"1 minute"},"schema":{"@context":"https:\/\/schema.org","@graph":[{"@type":"Article","@id":"https:\/\/akunq.net\/turkish\/2014\/05\/10\/arjantinde-ermeni-soykirimi-muzesi-aciliyor\/#article","isPartOf":{"@id":"https:\/\/akunq.net\/turkish\/2014\/05\/10\/arjantinde-ermeni-soykirimi-muzesi-aciliyor\/"},"author":{"name":"kalem","@id":"https:\/\/akunq.net\/turkish\/#\/schema\/person\/135e7923d1aeb8887890799619969a6c"},"headline":"Arjantin\u2019de Ermeni soyk\u0131r\u0131m\u0131 m\u00fczesi a\u00e7\u0131l\u0131yor","datePublished":"2014-05-10T08:33:44+00:00","mainEntityOfPage":{"@id":"https:\/\/akunq.net\/turkish\/2014\/05\/10\/arjantinde-ermeni-soykirimi-muzesi-aciliyor\/"},"wordCount":193,"commentCount":0,"articleSection":["Ermeni Soyk\u0131r\u0131m\u0131","Haberler"],"inLanguage":"en-US","potentialAction":[{"@type":"CommentAction","name":"Comment","target":["https:\/\/akunq.net\/turkish\/2014\/05\/10\/arjantinde-ermeni-soykirimi-muzesi-aciliyor\/#respond"]}]},{"@type":"WebPage","@id":"https:\/\/akunq.net\/turkish\/2014\/05\/10\/arjantinde-ermeni-soykirimi-muzesi-aciliyor\/","url":"https:\/\/akunq.net\/turkish\/2014\/05\/10\/arjantinde-ermeni-soykirimi-muzesi-aciliyor\/","name":"Arjantin\u2019de Ermeni soyk\u0131r\u0131m\u0131 m\u00fczesi a\u00e7\u0131l\u0131yor - Bati Ermenistan Ve Bati Ermenileri Sorunlari Ara\u015ftirmalar Merkezi","isPartOf":{"@id":"https:\/\/akunq.net\/turkish\/#website"},"datePublished":"2014-05-10T08:33:44+00:00","author":{"@id":"https:\/\/akunq.net\/turkish\/#\/schema\/person\/135e7923d1aeb8887890799619969a6c"},"breadcrumb":{"@id":"https:\/\/akunq.net\/turkish\/2014\/05\/10\/arjantinde-ermeni-soykirimi-muzesi-aciliyor\/#breadcrumb"},"inLanguage":"en-US","potentialAction":[{"@type":"ReadAction","target":["https:\/\/akunq.net\/turkish\/2014\/05\/10\/arjantinde-ermeni-soykirimi-muzesi-aciliyor\/"]}]},{"@type":"BreadcrumbList","@id":"https:\/\/akunq.net\/turkish\/2014\/05\/10\/arjantinde-ermeni-soykirimi-muzesi-aciliyor\/#breadcrumb","itemListElement":[{"@type":"ListItem","position":1,"name":"Home","item":"https:\/\/akunq.net\/turkish\/"},{"@type":"ListItem","position":2,"name":"Arjantin\u2019de Ermeni soyk\u0131r\u0131m\u0131 m\u00fczesi a\u00e7\u0131l\u0131yor"}]},{"@type":"WebSite","@id":"https:\/\/akunq.net\/turkish\/#website","url":"https:\/\/akunq.net\/turkish\/","name":"Bati Ermenistan Ve Bati Ermenileri Sorunlari Ara\u015ftirmalar Merkezi","description":"","potentialAction":[{"@type":"SearchAction","target":{"@type":"EntryPoint","urlTemplate":"https:\/\/akunq.net\/turkish\/?s={search_term_string}"},"query-input":{"@type":"PropertyValueSpecification","valueRequired":true,"valueName":"search_term_string"}}],"inLanguage":"en-US"},{"@type":"Person","@id":"https:\/\/akunq.net\/turkish\/#\/schema\/person\/135e7923d1aeb8887890799619969a6c","name":"kalem","image":{"@type":"ImageObject","inLanguage":"en-US","@id":"https:\/\/secure.gravatar.com\/avatar\/a06875e4b25feb5674296adf8e8a7ae1e587cebce2493fe63c456109967e27d3?s=96&d=mm&r=g","url":"https:\/\/secure.gravatar.com\/avatar\/a06875e4b25feb5674296adf8e8a7ae1e587cebce2493fe63c456109967e27d3?s=96&d=mm&r=g","contentUrl":"https:\/\/secure.gravatar.com\/avatar\/a06875e4b25feb5674296adf8e8a7ae1e587cebce2493fe63c456109967e27d3?s=96&d=mm&r=g","caption":"kalem"},"url":"https:\/\/akunq.net\/turkish\/author\/kalem\/"}]}},"_links":{"self":[{"href":"https:\/\/akunq.net\/turkish\/wp-json\/wp\/v2\/posts\/29828","targetHints":{"allow":["GET"]}}],"collection":[{"href":"https:\/\/akunq.net\/turkish\/wp-json\/wp\/v2\/posts"}],"about":[{"href":"https:\/\/akunq.net\/turkish\/wp-json\/wp\/v2\/types\/post"}],"author":[{"embeddable":true,"href":"https:\/\/akunq.net\/turkish\/wp-json\/wp\/v2\/users\/3"}],"replies":[{"embeddable":true,"href":"https:\/\/akunq.net\/turkish\/wp-json\/wp\/v2\/comments?post=29828"}],"version-history":[{"count":0,"href":"https:\/\/akunq.net\/turkish\/wp-json\/wp\/v2\/posts\/29828\/revisions"}],"wp:attachment":[{"href":"https:\/\/akunq.net\/turkish\/wp-json\/wp\/v2\/media?parent=29828"}],"wp:term":[{"taxonomy":"category","embeddable":true,"href":"https:\/\/akunq.net\/turkish\/wp-json\/wp\/v2\/categories?post=29828"},{"taxonomy":"post_tag","embeddable":true,"href":"https:\/\/akunq.net\/turkish\/wp-json\/wp\/v2\/tags?post=29828"}],"curies":[{"name":"wp","href":"https:\/\/api.w.org\/{rel}","templated":true}]}}