{"id":29761,"date":"2014-05-06T02:32:10","date_gmt":"2014-05-06T07:32:10","guid":{"rendered":"http:\/\/akunq.net\/tr\/?p=29761"},"modified":"2014-05-06T02:32:10","modified_gmt":"2014-05-06T07:32:10","slug":"acik-arsivler-sorunlu-genelkurmay-arsivi-fiilen-kapali","status":"publish","type":"post","link":"https:\/\/akunq.net\/turkish\/2014\/05\/06\/acik-arsivler-sorunlu-genelkurmay-arsivi-fiilen-kapali\/","title":{"rendered":"&#8221;A\u00e7\u0131k Ar\u015fivler Sorunlu, Genelkurmay Ar\u015fivi Fiilen Kapal\u0131&#8221;"},"content":{"rendered":"<p style=\"text-align: justify\"><b><a href=\"http:\/\/akunq.net\/tr\/?attachment_id=29762\" rel=\"attachment wp-att-29762\"><img loading=\"lazy\" decoding=\"async\" class=\"alignright size-full wp-image-29762\" alt=\"\u0544\u0565\u0570\u0574\u0565\u057f \u0553\u0578\u056c\u0561\u057f\u0565\u056c\" src=\"http:\/\/akunq.net\/tr\/wp-content\/uploads\/2014\/05\/\u0544\u0565\u0570\u0574\u0565\u057f-\u0553\u0578\u056c\u0561\u057f\u0565\u056c.jpg\" width=\"300\" height=\"300\" srcset=\"https:\/\/akunq.net\/turkish\/wp-content\/uploads\/sites\/5\/2014\/05\/\u0544\u0565\u0570\u0574\u0565\u057f-\u0553\u0578\u056c\u0561\u057f\u0565\u056c.jpg 300w, https:\/\/akunq.net\/turkish\/wp-content\/uploads\/sites\/5\/2014\/05\/\u0544\u0565\u0570\u0574\u0565\u057f-\u0553\u0578\u056c\u0561\u057f\u0565\u056c-150x150.jpg 150w\" sizes=\"auto, (max-width: 300px) 100vw, 300px\" \/><\/a><a href=\"http:\/\/www.bianet.org\/yazar\/nilay-vardar?sec=bianet\">Nilay Vardar <\/a><\/b><\/p>\n<p style=\"text-align: justify\"><b><i>Ara\u015ft\u0131rmac\u0131 Polatel, Erdo\u011fan&#8217;\u0131n Ermeni soyk\u0131r\u0131m\u0131yla ilgili &#8220;ar\u015fivlerin a\u00e7\u0131k&#8221; oldu\u011fu a\u00e7\u0131klamas\u0131na kar\u015f\u0131 Osmanl\u0131 ve Cumhuriyet d\u00f6nemi ar\u015fivlerindeki belgelerin gizlendi\u011fi, yok edildi\u011fi ya da tasniflenmedi\u011fini s\u00f6yl\u00fcyor. <\/i><\/b><\/p>\n<p style=\"text-align: justify\">Ba\u015fbakan Recep Tayyip Erdo\u011fan&#8217;\u0131n 1915 Ermeni soyk\u0131r\u0131m\u0131 ile ilgili a\u00e7\u0131klamas\u0131nda &#8220;ar\u015fivlerin a\u00e7\u0131k&#8221; oldu\u011funa dair s\u00f6zlerine ara\u015ft\u0131rmac\u0131lardan yan\u0131t geldi. \u00a0<\/p>\n<p style=\"text-align: justify\">Bo\u011fazi\u00e7i \u00dcniversitesi doktora \u00f6\u011frencisi Mehmet Polatel, Genelkurmay ar\u015fivlerinin ka\u011f\u0131t \u00fcst\u00fcnde a\u00e7\u0131k ancak fiilen kapal\u0131 oldu\u011funu s\u00f6yledi. Ayr\u0131ca a\u00e7\u0131k olan ar\u015fivlerde de tasnif, belge eksikli\u011fi nedeniyle sorunlar ya\u015fand\u0131\u011f\u0131na dikkat \u00e7ekti.<\/p>\n<p style=\"text-align: justify\">Atat\u00fcrk \u0130lkeleri ve \u0130nk\u0131lap Tarihi Enstit\u00fcs\u00fc\u2019nde doktora yapan Polatel Osmanl\u0131\u2019da toprak meselesi ve soyk\u0131r\u0131m s\u00fcrecinde Ermenilerin el konan m\u00fclkleri \u00fczerine \u00e7al\u0131\u015f\u0131yor.<\/p>\n<h2 style=\"text-align: justify\">&#8220;Telgraf var ama cevab\u0131 yok&#8221;<\/h2>\n<p style=\"text-align: justify\">Polatel, ara\u015ft\u0131rmaya a\u00e7\u0131k ar\u015fivlerde dahi b\u00fct\u00fcn belgelerin yer almad\u0131\u011f\u0131n\u0131 s\u00f6yledi.<\/p>\n<p style=\"text-align: justify\">&#8220;\u015eu an Ba\u015fbakanl\u0131k Devlet Ar\u015fivleri i\u00e7erisinde yer alan Osmanl\u0131 ve Cumhuriyet ar\u015fivlerine ula\u015fabiliyoruz. Bu ar\u015fivlerde tasnif edilmemi\u015f belgeler olmakla birlikte soyk\u0131r\u0131m d\u00f6nemini ilgilendiren \u00f6zellikle Dahiliye Nezareti\u2019ne (\u015fimdiki \u0130\u00e7i\u015fleri Bakanl\u0131\u011f\u0131) ait belgeleri g\u00f6rebiliyoruz.<\/p>\n<p style=\"text-align: justify\">&#8220;Ar\u015fivlerin a\u00e7\u0131k olmas\u0131ndan b\u00fct\u00fcn belgelerin orada yer ald\u0131\u011f\u0131 anlam\u0131 \u00e7\u0131kmas\u0131n. Birinci D\u00fcnya Sava\u015f\u0131\u2019n\u0131n sonundan itibaren, Cumhuriyet boyunca ar\u015fivlerdeki belgeler ya yok edilmi\u015f ya da gizlenmi\u015f.<\/p>\n<p style=\"text-align: justify\">&#8220;\u00d6rne\u011fin, merkezden valilere ve kaymakamlara g\u00f6nderilen telgraflar mevcut iken, onlardan gelen cevaplar\u0131 ar\u015fivde bulam\u0131yoruz. Bu t\u00fcr m\u00fcdahaleler ara\u015ft\u0131rmac\u0131lara fazlas\u0131yla zorluk ya\u015fat\u0131yor. Bu nedenle, di\u011fer ar\u015fivlerle kar\u015f\u0131la\u015ft\u0131rmal\u0131 olarak soyk\u0131r\u0131m\u0131 \u00e7al\u0131\u015fmak bir zaruret halini al\u0131yor.&#8221;<\/p>\n<h2 style=\"text-align: justify\">&#8220;Genelkurmay ar\u015fivleri fiilen kapal\u0131&#8221;<\/h2>\n<p style=\"text-align: justify\">Genelkurmay\u2019\u0131n ar\u015fivinin fiili olarak kapal\u0131 oldu\u011funu belirten Polatel, Ba\u015fbakan&#8217;\u0131n son a\u00e7\u0131klamas\u0131ndan sonra bu ar\u015fivlerin a\u00e7\u0131lmas\u0131n\u0131 umdu\u011funu belirtti.<\/p>\n<p style=\"text-align: justify\">&#8220;Genelkurmay ar\u015fivleri ka\u011f\u0131t \u00fczerinde ara\u015ft\u0131rmac\u0131lara a\u00e7\u0131k g\u00f6z\u00fck\u00fcyor. \u015e\u00f6yle ki, ar\u015five ara\u015ft\u0131rma yapmak i\u00e7in ba\u015fvuru yap\u0131yorsunuz, bir ayl\u0131k de\u011ferlendirme s\u00fcrecinden sonra size geri d\u00f6n\u00fc\u015f yap\u0131yorlar. \u00c7al\u0131\u015ft\u0131\u011f\u0131n\u0131z konu veyahut g\u00f6r\u00fc\u015fleriniz ret edilme ihtimalini do\u011frudan etkiliyor. Ret edilenlere hi\u00e7bir gerek\u00e7e sunulmuyor.<\/p>\n<h2 style=\"text-align: justify\">&#8220;G\u00f6revli istemezse belgeyi g\u00f6stermez&#8221;<\/h2>\n<p style=\"text-align: justify\">&#8220;Ara\u015ft\u0131rma yapmaya kabul edilirseniz yaln\u0131zca \u00e7al\u0131\u015ft\u0131\u011f\u0131n\u0131z konuyla ilgili belgeleri g\u00f6rmenize izin veriliyor. Orada bulunan g\u00f6revli, talep ettiniz belgenin konunuzla alakal\u0131 olmad\u0131\u011f\u0131na kanaat getirir ise onu g\u00f6remeyebilirsiniz. Oysa, ar\u015fiv taramas\u0131nda hi\u00e7 beklemedi\u011finiz dosyadan do\u011frudan i\u015finize yarayacak belge \u00e7\u0131kabilir. D\u00fcnyan\u0131n bir\u00e7ok yerinde ar\u015fivler bu \u015fekilde. Osmanl\u0131 ar\u015fivindeki en \u00f6nemli geli\u015fme de bu konudaki s\u0131n\u0131rland\u0131rman\u0131n ortadan kalkm\u0131\u015f olmas\u0131.<\/p>\n<p style=\"text-align: justify\">&#8220;\u0130kincisi, Genelkurmay ar\u015fivi tamamen tasnif edilmemi\u015f ve belge \u00f6zetlerinin de yer ald\u0131\u011f\u0131 katalog sistemi kamuya kapal\u0131. Bu nedenle, orada ne t\u00fcr belgeler oldu\u011funu orada ara\u015ft\u0131rma yapmay\u0131 ba\u015farabilmi\u015fler yoluyla bilebiliyoruz. Normalde bunlar\u0131n online bir \u015fekilde herkese a\u00e7\u0131k olmas\u0131 gerekir. Hatta oradaki Osmanl\u0131 d\u00f6nemine ait b\u00fct\u00fcn belgelerin Osmanl\u0131 ar\u015fivine aktar\u0131lmal\u0131. Ar\u015fivlerin bu kadar b\u00f6l\u00fcnmesi ara\u015ft\u0131rma s\u00fcre\u00e7lerini zorla\u015ft\u0131r\u0131yor.&#8221;<\/p>\n<h2 style=\"text-align: justify\">&#8220;\u0130ngiltere&#8217;de her belgeye ula\u015fabilirsin&#8221;<\/h2>\n<p style=\"text-align: justify\">\u0130ngiliz devlet ar\u015fivlerinde de ara\u015ft\u0131rma yapan Polatel \u015f\u00f6yle konu\u015ftu:<\/p>\n<p style=\"text-align: justify\">&#8220;\u0130ngiliz ar\u015fivi hem daha organize hem de tasnif edilmi\u015f belge say\u0131s\u0131 fazla olmas\u0131 dolay\u0131s\u0131yla T\u00fcrkiye\u2019deki ar\u015fivlerden daha zengin. Belge talep etmek konusunda herhangi bir s\u0131n\u0131rlama mevcut de\u011fil. \u0130stedi\u011finiz belgeyi g\u00f6rebilirsiniz. Belgelerin foto\u011fraflar\u0131n\u0131 \u00fccretsiz \u00e7ekebiliyorsunuz. T\u00fcrkiye\u2019de ise \u00e7ekti\u011finiz her foto\u011fraf i\u00e7in \u00fccret \u00f6d\u00fcyorsunuz.&#8221;<\/p>\n<p style=\"text-align: justify\"><i>* Mehmet Polatel&#8217;in \u201cConfiscation and Destruction: The Young Turk Seizure of Armenian Properties\u201d (U\u011fur \u00dc. \u00dcng\u00f6r ile, Continuum, 2011) (El koyma ve Y\u0131k\u0131m: J\u00f6n T\u00fcrklerin Ermeni M\u00fclklerini Gasp\u0131) ve <\/i><a href=\"http:\/\/www.bianet.org\/bianet\/azinliklar\/142447-kendi-mulkunde-kiraci-bir-okuldu\" target=\"_blank\"><i>\u201c2012 Beyannamesi: \u0130stanbul Ermeni Vak\u0131flar\u0131n\u0131n El Konan M\u00fclkleri\u201d <\/i><\/a><i>(N. Mildano\u011flu, \u00d6. L. Eren, M. At\u0131lgan ile, Hrant Dink Vakf\u0131, 2012) ba\u015fl\u0131kl\u0131 kitaplar\u0131 var.<\/i><\/p>\n<p style=\"text-align: justify\"><b><i>http:\/\/www.bianet.org\/bianet\/toplum\/155294-acik-arsivler-sorunlu-genelkurmay-arsivi-fiilen-kapali<\/i><\/b><\/p>\n","protected":false},"excerpt":{"rendered":"<p>Nilay Vardar Ara\u015ft\u0131rmac\u0131 Polatel, Erdo\u011fan&#8217;\u0131n Ermeni soyk\u0131r\u0131m\u0131yla ilgili &#8220;ar\u015fivlerin a\u00e7\u0131k&#8221; oldu\u011fu a\u00e7\u0131klamas\u0131na kar\u015f\u0131 Osmanl\u0131 ve Cumhuriyet d\u00f6nemi ar\u015fivlerindeki belgelerin gizlendi\u011fi, yok edildi\u011fi ya da tasniflenmedi\u011fini s\u00f6yl\u00fcyor. Ba\u015fbakan Recep Tayyip Erdo\u011fan&#8217;\u0131n 1915 Ermeni soyk\u0131r\u0131m\u0131 ile ilgili a\u00e7\u0131klamas\u0131nda &#8220;ar\u015fivlerin a\u00e7\u0131k&#8221; oldu\u011funa dair s\u00f6zlerine ara\u015ft\u0131rmac\u0131lardan yan\u0131t geldi. \u00a0 Bo\u011fazi\u00e7i \u00dcniversitesi doktora \u00f6\u011frencisi Mehmet Polatel, Genelkurmay ar\u015fivlerinin ka\u011f\u0131t \u00fcst\u00fcnde [&hellip;]<\/p>\n","protected":false},"author":3,"featured_media":0,"comment_status":"open","ping_status":"open","sticky":false,"template":"","format":"standard","meta":{"footnotes":""},"categories":[6,14],"tags":[],"class_list":["post-29761","post","type-post","status-publish","format-standard","hentry","category-ermeni-soykirimi","category-haberler"],"yoast_head":"<!-- This site is optimized with the Yoast SEO plugin v27.4 - https:\/\/yoast.com\/product\/yoast-seo-wordpress\/ -->\n<title>&#039;&#039;A\u00e7\u0131k Ar\u015fivler Sorunlu, Genelkurmay Ar\u015fivi Fiilen Kapal\u0131&#039;&#039; - Bati Ermenistan Ve Bati Ermenileri Sorunlari Ara\u015ftirmalar Merkezi<\/title>\n<meta name=\"robots\" content=\"index, follow, max-snippet:-1, max-image-preview:large, max-video-preview:-1\" \/>\n<link rel=\"canonical\" href=\"https:\/\/akunq.net\/turkish\/2014\/05\/06\/acik-arsivler-sorunlu-genelkurmay-arsivi-fiilen-kapali\/\" \/>\n<meta property=\"og:locale\" content=\"en_US\" \/>\n<meta property=\"og:type\" content=\"article\" \/>\n<meta property=\"og:title\" content=\"&#039;&#039;A\u00e7\u0131k Ar\u015fivler Sorunlu, Genelkurmay Ar\u015fivi Fiilen Kapal\u0131&#039;&#039; - Bati Ermenistan Ve Bati Ermenileri Sorunlari Ara\u015ftirmalar Merkezi\" \/>\n<meta property=\"og:description\" content=\"Nilay Vardar Ara\u015ft\u0131rmac\u0131 Polatel, Erdo\u011fan&#8217;\u0131n Ermeni soyk\u0131r\u0131m\u0131yla ilgili &#8220;ar\u015fivlerin a\u00e7\u0131k&#8221; oldu\u011fu a\u00e7\u0131klamas\u0131na kar\u015f\u0131 Osmanl\u0131 ve Cumhuriyet d\u00f6nemi ar\u015fivlerindeki belgelerin gizlendi\u011fi, yok edildi\u011fi ya da tasniflenmedi\u011fini s\u00f6yl\u00fcyor. Ba\u015fbakan Recep Tayyip Erdo\u011fan&#8217;\u0131n 1915 Ermeni soyk\u0131r\u0131m\u0131 ile ilgili a\u00e7\u0131klamas\u0131nda &#8220;ar\u015fivlerin a\u00e7\u0131k&#8221; oldu\u011funa dair s\u00f6zlerine ara\u015ft\u0131rmac\u0131lardan yan\u0131t geldi. \u00a0 Bo\u011fazi\u00e7i \u00dcniversitesi doktora \u00f6\u011frencisi Mehmet Polatel, Genelkurmay ar\u015fivlerinin ka\u011f\u0131t \u00fcst\u00fcnde [&hellip;]\" \/>\n<meta property=\"og:url\" content=\"https:\/\/akunq.net\/turkish\/2014\/05\/06\/acik-arsivler-sorunlu-genelkurmay-arsivi-fiilen-kapali\/\" \/>\n<meta property=\"og:site_name\" content=\"Bati Ermenistan Ve Bati Ermenileri Sorunlari Ara\u015ftirmalar Merkezi\" \/>\n<meta property=\"article:published_time\" content=\"2014-05-06T07:32:10+00:00\" \/>\n<meta name=\"author\" content=\"kalem\" \/>\n<meta name=\"twitter:card\" content=\"summary_large_image\" \/>\n<meta name=\"twitter:label1\" content=\"Written by\" \/>\n\t<meta name=\"twitter:data1\" content=\"kalem\" \/>\n\t<meta name=\"twitter:label2\" content=\"Est. reading time\" \/>\n\t<meta name=\"twitter:data2\" content=\"4 minutes\" \/>\n<script type=\"application\/ld+json\" class=\"yoast-schema-graph\">{\"@context\":\"https:\\\/\\\/schema.org\",\"@graph\":[{\"@type\":\"Article\",\"@id\":\"https:\\\/\\\/akunq.net\\\/turkish\\\/2014\\\/05\\\/06\\\/acik-arsivler-sorunlu-genelkurmay-arsivi-fiilen-kapali\\\/#article\",\"isPartOf\":{\"@id\":\"https:\\\/\\\/akunq.net\\\/turkish\\\/2014\\\/05\\\/06\\\/acik-arsivler-sorunlu-genelkurmay-arsivi-fiilen-kapali\\\/\"},\"author\":{\"name\":\"kalem\",\"@id\":\"https:\\\/\\\/akunq.net\\\/turkish\\\/#\\\/schema\\\/person\\\/135e7923d1aeb8887890799619969a6c\"},\"headline\":\"&#8221;A\u00e7\u0131k Ar\u015fivler Sorunlu, Genelkurmay Ar\u015fivi Fiilen Kapal\u0131&#8221;\",\"datePublished\":\"2014-05-06T07:32:10+00:00\",\"mainEntityOfPage\":{\"@id\":\"https:\\\/\\\/akunq.net\\\/turkish\\\/2014\\\/05\\\/06\\\/acik-arsivler-sorunlu-genelkurmay-arsivi-fiilen-kapali\\\/\"},\"wordCount\":731,\"commentCount\":0,\"articleSection\":[\"Ermeni Soyk\u0131r\u0131m\u0131\",\"Haberler\"],\"inLanguage\":\"en-US\",\"potentialAction\":[{\"@type\":\"CommentAction\",\"name\":\"Comment\",\"target\":[\"https:\\\/\\\/akunq.net\\\/turkish\\\/2014\\\/05\\\/06\\\/acik-arsivler-sorunlu-genelkurmay-arsivi-fiilen-kapali\\\/#respond\"]}]},{\"@type\":\"WebPage\",\"@id\":\"https:\\\/\\\/akunq.net\\\/turkish\\\/2014\\\/05\\\/06\\\/acik-arsivler-sorunlu-genelkurmay-arsivi-fiilen-kapali\\\/\",\"url\":\"https:\\\/\\\/akunq.net\\\/turkish\\\/2014\\\/05\\\/06\\\/acik-arsivler-sorunlu-genelkurmay-arsivi-fiilen-kapali\\\/\",\"name\":\"''A\u00e7\u0131k Ar\u015fivler Sorunlu, Genelkurmay Ar\u015fivi Fiilen Kapal\u0131'' - Bati Ermenistan Ve Bati Ermenileri Sorunlari Ara\u015ftirmalar Merkezi\",\"isPartOf\":{\"@id\":\"https:\\\/\\\/akunq.net\\\/turkish\\\/#website\"},\"datePublished\":\"2014-05-06T07:32:10+00:00\",\"author\":{\"@id\":\"https:\\\/\\\/akunq.net\\\/turkish\\\/#\\\/schema\\\/person\\\/135e7923d1aeb8887890799619969a6c\"},\"breadcrumb\":{\"@id\":\"https:\\\/\\\/akunq.net\\\/turkish\\\/2014\\\/05\\\/06\\\/acik-arsivler-sorunlu-genelkurmay-arsivi-fiilen-kapali\\\/#breadcrumb\"},\"inLanguage\":\"en-US\",\"potentialAction\":[{\"@type\":\"ReadAction\",\"target\":[\"https:\\\/\\\/akunq.net\\\/turkish\\\/2014\\\/05\\\/06\\\/acik-arsivler-sorunlu-genelkurmay-arsivi-fiilen-kapali\\\/\"]}]},{\"@type\":\"BreadcrumbList\",\"@id\":\"https:\\\/\\\/akunq.net\\\/turkish\\\/2014\\\/05\\\/06\\\/acik-arsivler-sorunlu-genelkurmay-arsivi-fiilen-kapali\\\/#breadcrumb\",\"itemListElement\":[{\"@type\":\"ListItem\",\"position\":1,\"name\":\"Home\",\"item\":\"https:\\\/\\\/akunq.net\\\/turkish\\\/\"},{\"@type\":\"ListItem\",\"position\":2,\"name\":\"&#8221;A\u00e7\u0131k Ar\u015fivler Sorunlu, Genelkurmay Ar\u015fivi Fiilen Kapal\u0131&#8221;\"}]},{\"@type\":\"WebSite\",\"@id\":\"https:\\\/\\\/akunq.net\\\/turkish\\\/#website\",\"url\":\"https:\\\/\\\/akunq.net\\\/turkish\\\/\",\"name\":\"Bati Ermenistan Ve Bati Ermenileri Sorunlari Ara\u015ftirmalar Merkezi\",\"description\":\"\",\"potentialAction\":[{\"@type\":\"SearchAction\",\"target\":{\"@type\":\"EntryPoint\",\"urlTemplate\":\"https:\\\/\\\/akunq.net\\\/turkish\\\/?s={search_term_string}\"},\"query-input\":{\"@type\":\"PropertyValueSpecification\",\"valueRequired\":true,\"valueName\":\"search_term_string\"}}],\"inLanguage\":\"en-US\"},{\"@type\":\"Person\",\"@id\":\"https:\\\/\\\/akunq.net\\\/turkish\\\/#\\\/schema\\\/person\\\/135e7923d1aeb8887890799619969a6c\",\"name\":\"kalem\",\"image\":{\"@type\":\"ImageObject\",\"inLanguage\":\"en-US\",\"@id\":\"https:\\\/\\\/secure.gravatar.com\\\/avatar\\\/a06875e4b25feb5674296adf8e8a7ae1e587cebce2493fe63c456109967e27d3?s=96&d=mm&r=g\",\"url\":\"https:\\\/\\\/secure.gravatar.com\\\/avatar\\\/a06875e4b25feb5674296adf8e8a7ae1e587cebce2493fe63c456109967e27d3?s=96&d=mm&r=g\",\"contentUrl\":\"https:\\\/\\\/secure.gravatar.com\\\/avatar\\\/a06875e4b25feb5674296adf8e8a7ae1e587cebce2493fe63c456109967e27d3?s=96&d=mm&r=g\",\"caption\":\"kalem\"},\"url\":\"https:\\\/\\\/akunq.net\\\/turkish\\\/author\\\/kalem\\\/\"}]}<\/script>\n<!-- \/ Yoast SEO plugin. -->","yoast_head_json":{"title":"''A\u00e7\u0131k Ar\u015fivler Sorunlu, Genelkurmay Ar\u015fivi Fiilen Kapal\u0131'' - Bati Ermenistan Ve Bati Ermenileri Sorunlari Ara\u015ftirmalar Merkezi","robots":{"index":"index","follow":"follow","max-snippet":"max-snippet:-1","max-image-preview":"max-image-preview:large","max-video-preview":"max-video-preview:-1"},"canonical":"https:\/\/akunq.net\/turkish\/2014\/05\/06\/acik-arsivler-sorunlu-genelkurmay-arsivi-fiilen-kapali\/","og_locale":"en_US","og_type":"article","og_title":"''A\u00e7\u0131k Ar\u015fivler Sorunlu, Genelkurmay Ar\u015fivi Fiilen Kapal\u0131'' - Bati Ermenistan Ve Bati Ermenileri Sorunlari Ara\u015ftirmalar Merkezi","og_description":"Nilay Vardar Ara\u015ft\u0131rmac\u0131 Polatel, Erdo\u011fan&#8217;\u0131n Ermeni soyk\u0131r\u0131m\u0131yla ilgili &#8220;ar\u015fivlerin a\u00e7\u0131k&#8221; oldu\u011fu a\u00e7\u0131klamas\u0131na kar\u015f\u0131 Osmanl\u0131 ve Cumhuriyet d\u00f6nemi ar\u015fivlerindeki belgelerin gizlendi\u011fi, yok edildi\u011fi ya da tasniflenmedi\u011fini s\u00f6yl\u00fcyor. Ba\u015fbakan Recep Tayyip Erdo\u011fan&#8217;\u0131n 1915 Ermeni soyk\u0131r\u0131m\u0131 ile ilgili a\u00e7\u0131klamas\u0131nda &#8220;ar\u015fivlerin a\u00e7\u0131k&#8221; oldu\u011funa dair s\u00f6zlerine ara\u015ft\u0131rmac\u0131lardan yan\u0131t geldi. \u00a0 Bo\u011fazi\u00e7i \u00dcniversitesi doktora \u00f6\u011frencisi Mehmet Polatel, Genelkurmay ar\u015fivlerinin ka\u011f\u0131t \u00fcst\u00fcnde [&hellip;]","og_url":"https:\/\/akunq.net\/turkish\/2014\/05\/06\/acik-arsivler-sorunlu-genelkurmay-arsivi-fiilen-kapali\/","og_site_name":"Bati Ermenistan Ve Bati Ermenileri Sorunlari Ara\u015ftirmalar Merkezi","article_published_time":"2014-05-06T07:32:10+00:00","author":"kalem","twitter_card":"summary_large_image","twitter_misc":{"Written by":"kalem","Est. reading time":"4 minutes"},"schema":{"@context":"https:\/\/schema.org","@graph":[{"@type":"Article","@id":"https:\/\/akunq.net\/turkish\/2014\/05\/06\/acik-arsivler-sorunlu-genelkurmay-arsivi-fiilen-kapali\/#article","isPartOf":{"@id":"https:\/\/akunq.net\/turkish\/2014\/05\/06\/acik-arsivler-sorunlu-genelkurmay-arsivi-fiilen-kapali\/"},"author":{"name":"kalem","@id":"https:\/\/akunq.net\/turkish\/#\/schema\/person\/135e7923d1aeb8887890799619969a6c"},"headline":"&#8221;A\u00e7\u0131k Ar\u015fivler Sorunlu, Genelkurmay Ar\u015fivi Fiilen Kapal\u0131&#8221;","datePublished":"2014-05-06T07:32:10+00:00","mainEntityOfPage":{"@id":"https:\/\/akunq.net\/turkish\/2014\/05\/06\/acik-arsivler-sorunlu-genelkurmay-arsivi-fiilen-kapali\/"},"wordCount":731,"commentCount":0,"articleSection":["Ermeni Soyk\u0131r\u0131m\u0131","Haberler"],"inLanguage":"en-US","potentialAction":[{"@type":"CommentAction","name":"Comment","target":["https:\/\/akunq.net\/turkish\/2014\/05\/06\/acik-arsivler-sorunlu-genelkurmay-arsivi-fiilen-kapali\/#respond"]}]},{"@type":"WebPage","@id":"https:\/\/akunq.net\/turkish\/2014\/05\/06\/acik-arsivler-sorunlu-genelkurmay-arsivi-fiilen-kapali\/","url":"https:\/\/akunq.net\/turkish\/2014\/05\/06\/acik-arsivler-sorunlu-genelkurmay-arsivi-fiilen-kapali\/","name":"''A\u00e7\u0131k Ar\u015fivler Sorunlu, Genelkurmay Ar\u015fivi Fiilen Kapal\u0131'' - Bati Ermenistan Ve Bati Ermenileri Sorunlari Ara\u015ftirmalar Merkezi","isPartOf":{"@id":"https:\/\/akunq.net\/turkish\/#website"},"datePublished":"2014-05-06T07:32:10+00:00","author":{"@id":"https:\/\/akunq.net\/turkish\/#\/schema\/person\/135e7923d1aeb8887890799619969a6c"},"breadcrumb":{"@id":"https:\/\/akunq.net\/turkish\/2014\/05\/06\/acik-arsivler-sorunlu-genelkurmay-arsivi-fiilen-kapali\/#breadcrumb"},"inLanguage":"en-US","potentialAction":[{"@type":"ReadAction","target":["https:\/\/akunq.net\/turkish\/2014\/05\/06\/acik-arsivler-sorunlu-genelkurmay-arsivi-fiilen-kapali\/"]}]},{"@type":"BreadcrumbList","@id":"https:\/\/akunq.net\/turkish\/2014\/05\/06\/acik-arsivler-sorunlu-genelkurmay-arsivi-fiilen-kapali\/#breadcrumb","itemListElement":[{"@type":"ListItem","position":1,"name":"Home","item":"https:\/\/akunq.net\/turkish\/"},{"@type":"ListItem","position":2,"name":"&#8221;A\u00e7\u0131k Ar\u015fivler Sorunlu, Genelkurmay Ar\u015fivi Fiilen Kapal\u0131&#8221;"}]},{"@type":"WebSite","@id":"https:\/\/akunq.net\/turkish\/#website","url":"https:\/\/akunq.net\/turkish\/","name":"Bati Ermenistan Ve Bati Ermenileri Sorunlari Ara\u015ftirmalar Merkezi","description":"","potentialAction":[{"@type":"SearchAction","target":{"@type":"EntryPoint","urlTemplate":"https:\/\/akunq.net\/turkish\/?s={search_term_string}"},"query-input":{"@type":"PropertyValueSpecification","valueRequired":true,"valueName":"search_term_string"}}],"inLanguage":"en-US"},{"@type":"Person","@id":"https:\/\/akunq.net\/turkish\/#\/schema\/person\/135e7923d1aeb8887890799619969a6c","name":"kalem","image":{"@type":"ImageObject","inLanguage":"en-US","@id":"https:\/\/secure.gravatar.com\/avatar\/a06875e4b25feb5674296adf8e8a7ae1e587cebce2493fe63c456109967e27d3?s=96&d=mm&r=g","url":"https:\/\/secure.gravatar.com\/avatar\/a06875e4b25feb5674296adf8e8a7ae1e587cebce2493fe63c456109967e27d3?s=96&d=mm&r=g","contentUrl":"https:\/\/secure.gravatar.com\/avatar\/a06875e4b25feb5674296adf8e8a7ae1e587cebce2493fe63c456109967e27d3?s=96&d=mm&r=g","caption":"kalem"},"url":"https:\/\/akunq.net\/turkish\/author\/kalem\/"}]}},"_links":{"self":[{"href":"https:\/\/akunq.net\/turkish\/wp-json\/wp\/v2\/posts\/29761","targetHints":{"allow":["GET"]}}],"collection":[{"href":"https:\/\/akunq.net\/turkish\/wp-json\/wp\/v2\/posts"}],"about":[{"href":"https:\/\/akunq.net\/turkish\/wp-json\/wp\/v2\/types\/post"}],"author":[{"embeddable":true,"href":"https:\/\/akunq.net\/turkish\/wp-json\/wp\/v2\/users\/3"}],"replies":[{"embeddable":true,"href":"https:\/\/akunq.net\/turkish\/wp-json\/wp\/v2\/comments?post=29761"}],"version-history":[{"count":0,"href":"https:\/\/akunq.net\/turkish\/wp-json\/wp\/v2\/posts\/29761\/revisions"}],"wp:attachment":[{"href":"https:\/\/akunq.net\/turkish\/wp-json\/wp\/v2\/media?parent=29761"}],"wp:term":[{"taxonomy":"category","embeddable":true,"href":"https:\/\/akunq.net\/turkish\/wp-json\/wp\/v2\/categories?post=29761"},{"taxonomy":"post_tag","embeddable":true,"href":"https:\/\/akunq.net\/turkish\/wp-json\/wp\/v2\/tags?post=29761"}],"curies":[{"name":"wp","href":"https:\/\/api.w.org\/{rel}","templated":true}]}}