{"id":29755,"date":"2014-05-06T02:08:02","date_gmt":"2014-05-06T07:08:02","guid":{"rendered":"http:\/\/akunq.net\/tr\/?p=29755"},"modified":"2014-05-06T02:08:02","modified_gmt":"2014-05-06T07:08:02","slug":"ermenistan-meclis-bsk-yard-dan-turkiye-disisleri-bakanina-ermeni-soykirimi-osmanli-imparatorlugunun-rezaletidir","status":"publish","type":"post","link":"https:\/\/akunq.net\/turkish\/2014\/05\/06\/ermenistan-meclis-bsk-yard-dan-turkiye-disisleri-bakanina-ermeni-soykirimi-osmanli-imparatorlugunun-rezaletidir\/","title":{"rendered":"Ermenistan Meclis B\u015fk. yard.\u2019dan T\u00fcrkiye D\u0131\u015fi\u015fleri bakan\u0131na: Ermeni Soyk\u0131r\u0131m\u0131 Osmanl\u0131 \u0130mparatorlu\u011fu\u2019nun rezaletidir"},"content":{"rendered":"<p style=\"text-align: justify\"><b><i><a href=\"http:\/\/akunq.net\/tr\/?attachment_id=29756\" rel=\"attachment wp-att-29756\"><img loading=\"lazy\" decoding=\"async\" class=\"alignright size-medium wp-image-29756\" alt=\"\u0537\u0564\u0578\u0582\u0561\u0580\u0564 \u0547\u0561\u0580\u0574\u0561\u0566\u0561\u0576\u0578\u057e\" src=\"http:\/\/akunq.net\/tr\/wp-content\/uploads\/2014\/05\/\u0537\u0564\u0578\u0582\u0561\u0580\u0564-\u0547\u0561\u0580\u0574\u0561\u0566\u0561\u0576\u0578\u057e-300x226.jpg\" width=\"300\" height=\"226\" \/><\/a>Halk\u0131n ac\u0131lar\u0131n\u0131 g\u00f6mmek de\u011fil aksine sa\u011faltmak ve sonu\u00e7lar\u0131n\u0131 gidermek gerek. Ermeni Soyk\u0131r\u0131m\u0131 Ermeni ve T\u00fcrk halklar\u0131n\u0131n ortak ac\u0131s\u0131 de\u011fil, insanl\u0131k trajedisi ve Osmanl\u0131 \u0130mparatorlu\u011fu\u2019nun rezaletidir. <\/i><\/b><a href=\"http:\/\/news.am\/\"><b><i>NEWS.am<\/i><\/b><\/a><b><i> muhabirine a\u00e7\u0131klama, T\u00fcrkiye D\u0131\u015fi\u015fleri bakan\u0131 Ahmet Davuto\u011flu\u2019nun makalesini yorumlayan\u00a0 Ermenistan Millet Meclisi B\u015fk. yard., Ermenistan Cumhuriyet\u00e7i Parti Bas\u0131n s\u00f6zc\u00fcs\u00fc Eduard \u015earmazanov\u2019dan geldi.<\/i><\/b><\/p>\n<p style=\"text-align: justify\">\u015earmazanov ac\u0131n\u0131n sa\u011falt\u0131m\u0131 ve sonu\u00e7lar\u0131n\u0131n giderilmesi i\u00e7in T\u00fcrkiye\u2019nin \u015fekli mahiyet ta\u015f\u0131yan a\u00e7\u0131klamalar yerine, Almanya \u00f6rne\u011fini takip ederek, Ermeni halk\u0131n\u0131n kendi \u00fclkesi sath\u0131nda Soyk\u0131r\u0131m kurban\u0131na d\u00f6n\u00fc\u015ft\u00fc\u011f\u00fcn\u00fc alg\u0131lamas\u0131 gerekti\u011fini belirterek \u2033T\u00fcrkiye, bunun Ermeniler i\u00e7in yurt kayb\u0131 oldu\u011funu alg\u0131lamal\u0131 ve kom\u015fularla \u00fcltimatomlar diliyle konu\u015fmaya son vermelidir. Ve en \u00f6nemlisi T\u00fcrkiye, Ermeni Soyk\u0131r\u0131m\u0131 tarihi ger\u00e7ekli\u011fini \u015f\u00fcphe alt\u0131nda b\u0131rakmaya son vermelidir. Uluslararas\u0131 toplum bunu \u00e7oktan kabul etmi\u015ftir\u2033 dedi.<\/p>\n<p style=\"text-align: justify\">\u015earmazanov, T\u00fcrkiye D\u0131\u015fi\u015fleri bakan\u0131na, Osmanl\u0131 Mahkemesinin, Ermeni Soyk\u0131r\u0131m\u0131 tertip\u00e7ilerini idama mahkum etme karar\u0131 ald\u0131\u011f\u0131n\u0131 hat\u0131rlatt\u0131 ve bunun \u00abNemesis\u00bb \u00f6rg\u00fct\u00fc taraf\u0131ndan hayata ge\u00e7irildi\u011fini belirtti.<\/p>\n<p style=\"text-align: justify\">Hat\u0131rlatal\u0131m: Davuto\u011flu taraf\u0131ndan kaleme al\u0131nan ve \u0130ngiliz The Guardian gazetesinin internet sitesinde yay\u0131mlanan &#8220;T\u00fcrkler ve Ermeniler &#8211; Ba\u015fbakan Erdo\u011fan&#8217;\u0131n Liderli\u011fini Takip Etmeli ve Ortak Ac\u0131m\u0131z\u0131 G\u00f6mmeliyiz&#8221; ba\u015fl\u0131kl\u0131 makalede, T\u00fcrkler ve Ermeniler aras\u0131ndaki ili\u015fkilerin y\u00fczy\u0131llara dayand\u0131\u011f\u0131n\u0131 kaydetti.<\/p>\n<p style=\"text-align: justify\">Osmanl\u0131 \u0130mparatorlu\u011fu\u2019nun g\u00fcc\u00fcn\u00fcn 19. y\u00fczy\u0131lda s\u00fcrekli olarak azald\u0131\u011f\u0131n\u0131 ve ortalama 5 milyon Osmanl\u0131 vatanda\u015f\u0131n\u0131n Balkanlar, Kafkaslar ve Anadolu&#8217;daki yurtlar\u0131ndan uzakla\u015ft\u0131r\u0131ld\u0131\u011f\u0131n\u0131 belirten Davuto\u011flu, &#8220;Ayn\u0131 d\u00f6nemde Ermenilerin de b\u00fcy\u00fck \u00f6l\u00e7\u00fcde ac\u0131 \u00e7ekti\u011fi yads\u0131namaz bir ger\u00e7ek. Ermeni toplumunun b\u00fcy\u00fck bir k\u0131sm\u0131n\u0131n tehcir edilmesinin sonu\u00e7lar\u0131 kabul edilemez ve insanl\u0131k d\u0131\u015f\u0131&#8221; ifadesine yer verdi.<\/p>\n<p style=\"text-align: justify\">Davuto\u011flu, Ermeni trajedisinin ni\u00e7in ve nas\u0131l oldu\u011fu tart\u0131\u015fmas\u0131n\u0131n, T\u00fcrklere ve Ermenilere bug\u00fcn de \u00fcz\u00fcnt\u00fc vermeye devam etti\u011fini belirterek &#8220;Bir ac\u0131n\u0131n haf\u0131zalardaki ortak ve ulusal an\u0131lar\u0131, \u0131st\u0131rap, mahrumiyet ve devasa can kayb\u0131, Ermeni ve T\u00fcrk halk\u0131n\u0131 birbirinden uzak tutmaya devam ediyor. 1915 olaylar\u0131 hakk\u0131ndaki rekabet\u00e7i ve uzla\u015fmaya varamayan hikayeler, bu travman\u0131n iyile\u015fmesine engel oluyor. Bizim payla\u015ft\u0131\u011f\u0131m\u0131z \u015fey, dedelerimizden bize miras kalan ortak ac\u0131&#8221; de\u011ferlendirmesinde bulundu.<\/p>\n<p style=\"text-align: justify\">Osmanl\u0131 Ermenilerinin torunlar\u0131na \u015fefkat ve sayg\u0131yla taziyeler sunman\u0131n bir insanl\u0131k g\u00f6revi oldu\u011funu kaydeden Davuto\u011flu, &#8220;Neredeyse y\u00fczy\u0131l s\u00fcren kar\u015f\u0131 kar\u015f\u0131ya gelme, \u015funu kan\u0131tlad\u0131 ki: Birbirimizi dinlemeye ve anlamaya ba\u015flamad\u0131\u011f\u0131m\u0131z s\u00fcrece, sorunu \u00e7\u00f6zemeyiz. Ayr\u0131ca, \u0131st\u0131raplar\u0131m\u0131z\u0131 k\u0131yaslamadan, kategorize etmeden sayg\u0131 g\u00f6stermeyi \u00f6\u011frenmeliyiz&#8221; ifadesini kulland\u0131.<\/p>\n<p style=\"text-align: justify\">&#8220;Ben herkese T\u00fcrk-Ermeni ili\u015fkilerinde daha iyi bir gelece\u011fin yeni ba\u015ftan kurulmas\u0131 i\u00e7in bu an\u0131 yakalamas\u0131 ve bize kat\u0131lmas\u0131 \u00e7a\u011fr\u0131s\u0131nda bulunuyorum&#8221; ifadesini kullanan Davuto\u011flu, Ba\u015fbakan Recep Tayyip Erdo\u011fan &#8216;\u0131n a\u00e7\u0131klamas\u0131n\u0131, &#8220;bu y\u00f6nde at\u0131lan e\u015fi benzeri g\u00f6r\u00fclmemi\u015f ve y\u00fcrekli bir ad\u0131md\u0131r&#8221; diye tan\u0131mlad\u0131.<\/p>\n<p style=\"text-align: justify\">Davuto\u011flu, zaman\u0131n bu ili\u015fki \u00fczerine yat\u0131r\u0131m yapma zaman\u0131 oldu\u011funa inand\u0131\u011f\u0131n\u0131 belirterek &#8220;Ancak biz bunu, bu \u00e7aban\u0131n uzla\u015fma \u00fczerinde daha geni\u015f bir kat\u0131l\u0131mc\u0131 iste\u011fiyle kucakland\u0131\u011f\u0131 s\u00fcrece ba\u015farabiliriz. T\u00fcrkiye haz\u0131r bekliyor&#8221; ifadesini kulland\u0131.<\/p>\n<p style=\"text-align: justify\"><b><i>http:\/\/news.am\/tur\/news\/207703.html<\/i><\/b><\/p>\n","protected":false},"excerpt":{"rendered":"<p>Halk\u0131n ac\u0131lar\u0131n\u0131 g\u00f6mmek de\u011fil aksine sa\u011faltmak ve sonu\u00e7lar\u0131n\u0131 gidermek gerek. Ermeni Soyk\u0131r\u0131m\u0131 Ermeni ve T\u00fcrk halklar\u0131n\u0131n ortak ac\u0131s\u0131 de\u011fil, insanl\u0131k trajedisi ve Osmanl\u0131 \u0130mparatorlu\u011fu\u2019nun rezaletidir. NEWS.am muhabirine a\u00e7\u0131klama, T\u00fcrkiye D\u0131\u015fi\u015fleri bakan\u0131 Ahmet Davuto\u011flu\u2019nun makalesini yorumlayan\u00a0 Ermenistan Millet Meclisi B\u015fk. yard., Ermenistan Cumhuriyet\u00e7i Parti Bas\u0131n s\u00f6zc\u00fcs\u00fc Eduard \u015earmazanov\u2019dan geldi. \u015earmazanov ac\u0131n\u0131n sa\u011falt\u0131m\u0131 ve sonu\u00e7lar\u0131n\u0131n giderilmesi i\u00e7in [&hellip;]<\/p>\n","protected":false},"author":3,"featured_media":0,"comment_status":"open","ping_status":"open","sticky":false,"template":"","format":"standard","meta":{"footnotes":""},"categories":[6,14],"tags":[],"class_list":["post-29755","post","type-post","status-publish","format-standard","hentry","category-ermeni-soykirimi","category-haberler"],"yoast_head":"<!-- This site is optimized with the Yoast SEO plugin v27.4 - https:\/\/yoast.com\/product\/yoast-seo-wordpress\/ -->\n<title>Ermenistan Meclis B\u015fk. yard.\u2019dan T\u00fcrkiye D\u0131\u015fi\u015fleri bakan\u0131na: Ermeni Soyk\u0131r\u0131m\u0131 Osmanl\u0131 \u0130mparatorlu\u011fu\u2019nun rezaletidir - Bati Ermenistan Ve Bati Ermenileri Sorunlari Ara\u015ftirmalar Merkezi<\/title>\n<meta name=\"robots\" content=\"index, follow, max-snippet:-1, max-image-preview:large, max-video-preview:-1\" \/>\n<link rel=\"canonical\" href=\"https:\/\/akunq.net\/turkish\/2014\/05\/06\/ermenistan-meclis-bsk-yard-dan-turkiye-disisleri-bakanina-ermeni-soykirimi-osmanli-imparatorlugunun-rezaletidir\/\" \/>\n<meta property=\"og:locale\" content=\"en_US\" \/>\n<meta property=\"og:type\" content=\"article\" \/>\n<meta property=\"og:title\" content=\"Ermenistan Meclis B\u015fk. yard.\u2019dan T\u00fcrkiye D\u0131\u015fi\u015fleri bakan\u0131na: Ermeni Soyk\u0131r\u0131m\u0131 Osmanl\u0131 \u0130mparatorlu\u011fu\u2019nun rezaletidir - Bati Ermenistan Ve Bati Ermenileri Sorunlari Ara\u015ftirmalar Merkezi\" \/>\n<meta property=\"og:description\" content=\"Halk\u0131n ac\u0131lar\u0131n\u0131 g\u00f6mmek de\u011fil aksine sa\u011faltmak ve sonu\u00e7lar\u0131n\u0131 gidermek gerek. Ermeni Soyk\u0131r\u0131m\u0131 Ermeni ve T\u00fcrk halklar\u0131n\u0131n ortak ac\u0131s\u0131 de\u011fil, insanl\u0131k trajedisi ve Osmanl\u0131 \u0130mparatorlu\u011fu\u2019nun rezaletidir. NEWS.am muhabirine a\u00e7\u0131klama, T\u00fcrkiye D\u0131\u015fi\u015fleri bakan\u0131 Ahmet Davuto\u011flu\u2019nun makalesini yorumlayan\u00a0 Ermenistan Millet Meclisi B\u015fk. yard., Ermenistan Cumhuriyet\u00e7i Parti Bas\u0131n s\u00f6zc\u00fcs\u00fc Eduard \u015earmazanov\u2019dan geldi. \u015earmazanov ac\u0131n\u0131n sa\u011falt\u0131m\u0131 ve sonu\u00e7lar\u0131n\u0131n giderilmesi i\u00e7in [&hellip;]\" \/>\n<meta property=\"og:url\" content=\"https:\/\/akunq.net\/turkish\/2014\/05\/06\/ermenistan-meclis-bsk-yard-dan-turkiye-disisleri-bakanina-ermeni-soykirimi-osmanli-imparatorlugunun-rezaletidir\/\" \/>\n<meta property=\"og:site_name\" content=\"Bati Ermenistan Ve Bati Ermenileri Sorunlari Ara\u015ftirmalar Merkezi\" \/>\n<meta property=\"article:published_time\" content=\"2014-05-06T07:08:02+00:00\" \/>\n<meta name=\"author\" content=\"kalem\" \/>\n<meta name=\"twitter:card\" content=\"summary_large_image\" \/>\n<meta name=\"twitter:label1\" content=\"Written by\" \/>\n\t<meta name=\"twitter:data1\" content=\"kalem\" \/>\n\t<meta name=\"twitter:label2\" content=\"Est. reading time\" \/>\n\t<meta name=\"twitter:data2\" content=\"3 minutes\" \/>\n<script type=\"application\/ld+json\" class=\"yoast-schema-graph\">{\"@context\":\"https:\\\/\\\/schema.org\",\"@graph\":[{\"@type\":\"Article\",\"@id\":\"https:\\\/\\\/akunq.net\\\/turkish\\\/2014\\\/05\\\/06\\\/ermenistan-meclis-bsk-yard-dan-turkiye-disisleri-bakanina-ermeni-soykirimi-osmanli-imparatorlugunun-rezaletidir\\\/#article\",\"isPartOf\":{\"@id\":\"https:\\\/\\\/akunq.net\\\/turkish\\\/2014\\\/05\\\/06\\\/ermenistan-meclis-bsk-yard-dan-turkiye-disisleri-bakanina-ermeni-soykirimi-osmanli-imparatorlugunun-rezaletidir\\\/\"},\"author\":{\"name\":\"kalem\",\"@id\":\"https:\\\/\\\/akunq.net\\\/turkish\\\/#\\\/schema\\\/person\\\/135e7923d1aeb8887890799619969a6c\"},\"headline\":\"Ermenistan Meclis B\u015fk. yard.\u2019dan T\u00fcrkiye D\u0131\u015fi\u015fleri bakan\u0131na: Ermeni Soyk\u0131r\u0131m\u0131 Osmanl\u0131 \u0130mparatorlu\u011fu\u2019nun rezaletidir\",\"datePublished\":\"2014-05-06T07:08:02+00:00\",\"mainEntityOfPage\":{\"@id\":\"https:\\\/\\\/akunq.net\\\/turkish\\\/2014\\\/05\\\/06\\\/ermenistan-meclis-bsk-yard-dan-turkiye-disisleri-bakanina-ermeni-soykirimi-osmanli-imparatorlugunun-rezaletidir\\\/\"},\"wordCount\":645,\"commentCount\":0,\"articleSection\":[\"Ermeni Soyk\u0131r\u0131m\u0131\",\"Haberler\"],\"inLanguage\":\"en-US\",\"potentialAction\":[{\"@type\":\"CommentAction\",\"name\":\"Comment\",\"target\":[\"https:\\\/\\\/akunq.net\\\/turkish\\\/2014\\\/05\\\/06\\\/ermenistan-meclis-bsk-yard-dan-turkiye-disisleri-bakanina-ermeni-soykirimi-osmanli-imparatorlugunun-rezaletidir\\\/#respond\"]}]},{\"@type\":\"WebPage\",\"@id\":\"https:\\\/\\\/akunq.net\\\/turkish\\\/2014\\\/05\\\/06\\\/ermenistan-meclis-bsk-yard-dan-turkiye-disisleri-bakanina-ermeni-soykirimi-osmanli-imparatorlugunun-rezaletidir\\\/\",\"url\":\"https:\\\/\\\/akunq.net\\\/turkish\\\/2014\\\/05\\\/06\\\/ermenistan-meclis-bsk-yard-dan-turkiye-disisleri-bakanina-ermeni-soykirimi-osmanli-imparatorlugunun-rezaletidir\\\/\",\"name\":\"Ermenistan Meclis B\u015fk. yard.\u2019dan T\u00fcrkiye D\u0131\u015fi\u015fleri bakan\u0131na: Ermeni Soyk\u0131r\u0131m\u0131 Osmanl\u0131 \u0130mparatorlu\u011fu\u2019nun rezaletidir - Bati Ermenistan Ve Bati Ermenileri Sorunlari Ara\u015ftirmalar Merkezi\",\"isPartOf\":{\"@id\":\"https:\\\/\\\/akunq.net\\\/turkish\\\/#website\"},\"datePublished\":\"2014-05-06T07:08:02+00:00\",\"author\":{\"@id\":\"https:\\\/\\\/akunq.net\\\/turkish\\\/#\\\/schema\\\/person\\\/135e7923d1aeb8887890799619969a6c\"},\"breadcrumb\":{\"@id\":\"https:\\\/\\\/akunq.net\\\/turkish\\\/2014\\\/05\\\/06\\\/ermenistan-meclis-bsk-yard-dan-turkiye-disisleri-bakanina-ermeni-soykirimi-osmanli-imparatorlugunun-rezaletidir\\\/#breadcrumb\"},\"inLanguage\":\"en-US\",\"potentialAction\":[{\"@type\":\"ReadAction\",\"target\":[\"https:\\\/\\\/akunq.net\\\/turkish\\\/2014\\\/05\\\/06\\\/ermenistan-meclis-bsk-yard-dan-turkiye-disisleri-bakanina-ermeni-soykirimi-osmanli-imparatorlugunun-rezaletidir\\\/\"]}]},{\"@type\":\"BreadcrumbList\",\"@id\":\"https:\\\/\\\/akunq.net\\\/turkish\\\/2014\\\/05\\\/06\\\/ermenistan-meclis-bsk-yard-dan-turkiye-disisleri-bakanina-ermeni-soykirimi-osmanli-imparatorlugunun-rezaletidir\\\/#breadcrumb\",\"itemListElement\":[{\"@type\":\"ListItem\",\"position\":1,\"name\":\"Home\",\"item\":\"https:\\\/\\\/akunq.net\\\/turkish\\\/\"},{\"@type\":\"ListItem\",\"position\":2,\"name\":\"Ermenistan Meclis B\u015fk. yard.\u2019dan T\u00fcrkiye D\u0131\u015fi\u015fleri bakan\u0131na: Ermeni Soyk\u0131r\u0131m\u0131 Osmanl\u0131 \u0130mparatorlu\u011fu\u2019nun rezaletidir\"}]},{\"@type\":\"WebSite\",\"@id\":\"https:\\\/\\\/akunq.net\\\/turkish\\\/#website\",\"url\":\"https:\\\/\\\/akunq.net\\\/turkish\\\/\",\"name\":\"Bati Ermenistan Ve Bati Ermenileri Sorunlari Ara\u015ftirmalar Merkezi\",\"description\":\"\",\"potentialAction\":[{\"@type\":\"SearchAction\",\"target\":{\"@type\":\"EntryPoint\",\"urlTemplate\":\"https:\\\/\\\/akunq.net\\\/turkish\\\/?s={search_term_string}\"},\"query-input\":{\"@type\":\"PropertyValueSpecification\",\"valueRequired\":true,\"valueName\":\"search_term_string\"}}],\"inLanguage\":\"en-US\"},{\"@type\":\"Person\",\"@id\":\"https:\\\/\\\/akunq.net\\\/turkish\\\/#\\\/schema\\\/person\\\/135e7923d1aeb8887890799619969a6c\",\"name\":\"kalem\",\"image\":{\"@type\":\"ImageObject\",\"inLanguage\":\"en-US\",\"@id\":\"https:\\\/\\\/secure.gravatar.com\\\/avatar\\\/a06875e4b25feb5674296adf8e8a7ae1e587cebce2493fe63c456109967e27d3?s=96&d=mm&r=g\",\"url\":\"https:\\\/\\\/secure.gravatar.com\\\/avatar\\\/a06875e4b25feb5674296adf8e8a7ae1e587cebce2493fe63c456109967e27d3?s=96&d=mm&r=g\",\"contentUrl\":\"https:\\\/\\\/secure.gravatar.com\\\/avatar\\\/a06875e4b25feb5674296adf8e8a7ae1e587cebce2493fe63c456109967e27d3?s=96&d=mm&r=g\",\"caption\":\"kalem\"},\"url\":\"https:\\\/\\\/akunq.net\\\/turkish\\\/author\\\/kalem\\\/\"}]}<\/script>\n<!-- \/ Yoast SEO plugin. -->","yoast_head_json":{"title":"Ermenistan Meclis B\u015fk. yard.\u2019dan T\u00fcrkiye D\u0131\u015fi\u015fleri bakan\u0131na: Ermeni Soyk\u0131r\u0131m\u0131 Osmanl\u0131 \u0130mparatorlu\u011fu\u2019nun rezaletidir - Bati Ermenistan Ve Bati Ermenileri Sorunlari Ara\u015ftirmalar Merkezi","robots":{"index":"index","follow":"follow","max-snippet":"max-snippet:-1","max-image-preview":"max-image-preview:large","max-video-preview":"max-video-preview:-1"},"canonical":"https:\/\/akunq.net\/turkish\/2014\/05\/06\/ermenistan-meclis-bsk-yard-dan-turkiye-disisleri-bakanina-ermeni-soykirimi-osmanli-imparatorlugunun-rezaletidir\/","og_locale":"en_US","og_type":"article","og_title":"Ermenistan Meclis B\u015fk. yard.\u2019dan T\u00fcrkiye D\u0131\u015fi\u015fleri bakan\u0131na: Ermeni Soyk\u0131r\u0131m\u0131 Osmanl\u0131 \u0130mparatorlu\u011fu\u2019nun rezaletidir - Bati Ermenistan Ve Bati Ermenileri Sorunlari Ara\u015ftirmalar Merkezi","og_description":"Halk\u0131n ac\u0131lar\u0131n\u0131 g\u00f6mmek de\u011fil aksine sa\u011faltmak ve sonu\u00e7lar\u0131n\u0131 gidermek gerek. Ermeni Soyk\u0131r\u0131m\u0131 Ermeni ve T\u00fcrk halklar\u0131n\u0131n ortak ac\u0131s\u0131 de\u011fil, insanl\u0131k trajedisi ve Osmanl\u0131 \u0130mparatorlu\u011fu\u2019nun rezaletidir. NEWS.am muhabirine a\u00e7\u0131klama, T\u00fcrkiye D\u0131\u015fi\u015fleri bakan\u0131 Ahmet Davuto\u011flu\u2019nun makalesini yorumlayan\u00a0 Ermenistan Millet Meclisi B\u015fk. yard., Ermenistan Cumhuriyet\u00e7i Parti Bas\u0131n s\u00f6zc\u00fcs\u00fc Eduard \u015earmazanov\u2019dan geldi. \u015earmazanov ac\u0131n\u0131n sa\u011falt\u0131m\u0131 ve sonu\u00e7lar\u0131n\u0131n giderilmesi i\u00e7in [&hellip;]","og_url":"https:\/\/akunq.net\/turkish\/2014\/05\/06\/ermenistan-meclis-bsk-yard-dan-turkiye-disisleri-bakanina-ermeni-soykirimi-osmanli-imparatorlugunun-rezaletidir\/","og_site_name":"Bati Ermenistan Ve Bati Ermenileri Sorunlari Ara\u015ftirmalar Merkezi","article_published_time":"2014-05-06T07:08:02+00:00","author":"kalem","twitter_card":"summary_large_image","twitter_misc":{"Written by":"kalem","Est. reading time":"3 minutes"},"schema":{"@context":"https:\/\/schema.org","@graph":[{"@type":"Article","@id":"https:\/\/akunq.net\/turkish\/2014\/05\/06\/ermenistan-meclis-bsk-yard-dan-turkiye-disisleri-bakanina-ermeni-soykirimi-osmanli-imparatorlugunun-rezaletidir\/#article","isPartOf":{"@id":"https:\/\/akunq.net\/turkish\/2014\/05\/06\/ermenistan-meclis-bsk-yard-dan-turkiye-disisleri-bakanina-ermeni-soykirimi-osmanli-imparatorlugunun-rezaletidir\/"},"author":{"name":"kalem","@id":"https:\/\/akunq.net\/turkish\/#\/schema\/person\/135e7923d1aeb8887890799619969a6c"},"headline":"Ermenistan Meclis B\u015fk. yard.\u2019dan T\u00fcrkiye D\u0131\u015fi\u015fleri bakan\u0131na: Ermeni Soyk\u0131r\u0131m\u0131 Osmanl\u0131 \u0130mparatorlu\u011fu\u2019nun rezaletidir","datePublished":"2014-05-06T07:08:02+00:00","mainEntityOfPage":{"@id":"https:\/\/akunq.net\/turkish\/2014\/05\/06\/ermenistan-meclis-bsk-yard-dan-turkiye-disisleri-bakanina-ermeni-soykirimi-osmanli-imparatorlugunun-rezaletidir\/"},"wordCount":645,"commentCount":0,"articleSection":["Ermeni Soyk\u0131r\u0131m\u0131","Haberler"],"inLanguage":"en-US","potentialAction":[{"@type":"CommentAction","name":"Comment","target":["https:\/\/akunq.net\/turkish\/2014\/05\/06\/ermenistan-meclis-bsk-yard-dan-turkiye-disisleri-bakanina-ermeni-soykirimi-osmanli-imparatorlugunun-rezaletidir\/#respond"]}]},{"@type":"WebPage","@id":"https:\/\/akunq.net\/turkish\/2014\/05\/06\/ermenistan-meclis-bsk-yard-dan-turkiye-disisleri-bakanina-ermeni-soykirimi-osmanli-imparatorlugunun-rezaletidir\/","url":"https:\/\/akunq.net\/turkish\/2014\/05\/06\/ermenistan-meclis-bsk-yard-dan-turkiye-disisleri-bakanina-ermeni-soykirimi-osmanli-imparatorlugunun-rezaletidir\/","name":"Ermenistan Meclis B\u015fk. yard.\u2019dan T\u00fcrkiye D\u0131\u015fi\u015fleri bakan\u0131na: Ermeni Soyk\u0131r\u0131m\u0131 Osmanl\u0131 \u0130mparatorlu\u011fu\u2019nun rezaletidir - Bati Ermenistan Ve Bati Ermenileri Sorunlari Ara\u015ftirmalar Merkezi","isPartOf":{"@id":"https:\/\/akunq.net\/turkish\/#website"},"datePublished":"2014-05-06T07:08:02+00:00","author":{"@id":"https:\/\/akunq.net\/turkish\/#\/schema\/person\/135e7923d1aeb8887890799619969a6c"},"breadcrumb":{"@id":"https:\/\/akunq.net\/turkish\/2014\/05\/06\/ermenistan-meclis-bsk-yard-dan-turkiye-disisleri-bakanina-ermeni-soykirimi-osmanli-imparatorlugunun-rezaletidir\/#breadcrumb"},"inLanguage":"en-US","potentialAction":[{"@type":"ReadAction","target":["https:\/\/akunq.net\/turkish\/2014\/05\/06\/ermenistan-meclis-bsk-yard-dan-turkiye-disisleri-bakanina-ermeni-soykirimi-osmanli-imparatorlugunun-rezaletidir\/"]}]},{"@type":"BreadcrumbList","@id":"https:\/\/akunq.net\/turkish\/2014\/05\/06\/ermenistan-meclis-bsk-yard-dan-turkiye-disisleri-bakanina-ermeni-soykirimi-osmanli-imparatorlugunun-rezaletidir\/#breadcrumb","itemListElement":[{"@type":"ListItem","position":1,"name":"Home","item":"https:\/\/akunq.net\/turkish\/"},{"@type":"ListItem","position":2,"name":"Ermenistan Meclis B\u015fk. yard.\u2019dan T\u00fcrkiye D\u0131\u015fi\u015fleri bakan\u0131na: Ermeni Soyk\u0131r\u0131m\u0131 Osmanl\u0131 \u0130mparatorlu\u011fu\u2019nun rezaletidir"}]},{"@type":"WebSite","@id":"https:\/\/akunq.net\/turkish\/#website","url":"https:\/\/akunq.net\/turkish\/","name":"Bati Ermenistan Ve Bati Ermenileri Sorunlari Ara\u015ftirmalar Merkezi","description":"","potentialAction":[{"@type":"SearchAction","target":{"@type":"EntryPoint","urlTemplate":"https:\/\/akunq.net\/turkish\/?s={search_term_string}"},"query-input":{"@type":"PropertyValueSpecification","valueRequired":true,"valueName":"search_term_string"}}],"inLanguage":"en-US"},{"@type":"Person","@id":"https:\/\/akunq.net\/turkish\/#\/schema\/person\/135e7923d1aeb8887890799619969a6c","name":"kalem","image":{"@type":"ImageObject","inLanguage":"en-US","@id":"https:\/\/secure.gravatar.com\/avatar\/a06875e4b25feb5674296adf8e8a7ae1e587cebce2493fe63c456109967e27d3?s=96&d=mm&r=g","url":"https:\/\/secure.gravatar.com\/avatar\/a06875e4b25feb5674296adf8e8a7ae1e587cebce2493fe63c456109967e27d3?s=96&d=mm&r=g","contentUrl":"https:\/\/secure.gravatar.com\/avatar\/a06875e4b25feb5674296adf8e8a7ae1e587cebce2493fe63c456109967e27d3?s=96&d=mm&r=g","caption":"kalem"},"url":"https:\/\/akunq.net\/turkish\/author\/kalem\/"}]}},"_links":{"self":[{"href":"https:\/\/akunq.net\/turkish\/wp-json\/wp\/v2\/posts\/29755","targetHints":{"allow":["GET"]}}],"collection":[{"href":"https:\/\/akunq.net\/turkish\/wp-json\/wp\/v2\/posts"}],"about":[{"href":"https:\/\/akunq.net\/turkish\/wp-json\/wp\/v2\/types\/post"}],"author":[{"embeddable":true,"href":"https:\/\/akunq.net\/turkish\/wp-json\/wp\/v2\/users\/3"}],"replies":[{"embeddable":true,"href":"https:\/\/akunq.net\/turkish\/wp-json\/wp\/v2\/comments?post=29755"}],"version-history":[{"count":0,"href":"https:\/\/akunq.net\/turkish\/wp-json\/wp\/v2\/posts\/29755\/revisions"}],"wp:attachment":[{"href":"https:\/\/akunq.net\/turkish\/wp-json\/wp\/v2\/media?parent=29755"}],"wp:term":[{"taxonomy":"category","embeddable":true,"href":"https:\/\/akunq.net\/turkish\/wp-json\/wp\/v2\/categories?post=29755"},{"taxonomy":"post_tag","embeddable":true,"href":"https:\/\/akunq.net\/turkish\/wp-json\/wp\/v2\/tags?post=29755"}],"curies":[{"name":"wp","href":"https:\/\/api.w.org\/{rel}","templated":true}]}}